{"id":487644,"date":"2025-11-04T09:50:11","date_gmt":"2025-11-04T08:50:11","guid":{"rendered":"https:\/\/www.ecinews.fr\/?p=487644"},"modified":"2025-11-04T09:50:11","modified_gmt":"2025-11-04T08:50:11","slug":"atos-ouvre-un-nouveau-msoc-de-cybersecurite-en-espagne","status":"publish","type":"post","link":"https:\/\/www.ecinews.fr\/fr\/atos-ouvre-un-nouveau-msoc-de-cybersecurite-en-espagne\/","title":{"rendered":"Atos ouvre un nouveau MSOC de cybers\u00e9curit\u00e9 en Espagne"},"content":{"rendered":"<p data-start=\"50\" data-end=\"363\">Atos a inaugur\u00e9 un nouveau centre op\u00e9rationnel de s\u00e9curit\u00e9 moderne (MSOC) \u00e0 S\u00e9ville, en Espagne, \u00e9largissant ainsi son r\u00e9seau mondial d&rsquo;installations de <a href=\"https:\/\/www.eenewseurope.com\/en\/tags\/cybersecurity\">cybers\u00e9curit\u00e9<\/a> interconnect\u00e9es. Le centre, d\u00e9j\u00e0 en service 24\/7, est con\u00e7u pour am\u00e9liorer la d\u00e9tection, la r\u00e9ponse et la gestion des cyberincidents dans les infrastructures IT, OT et <a href=\"https:\/\/www.eenewseurope.com\/en\/tags\/IoT\">IoT<\/a>.<\/p>\n<p data-start=\"365\" data-end=\"656\">Cet investissement souligne la croissance continue de la demande en cybers\u00e9curit\u00e9 dans les entreprises et les secteurs industriels europ\u00e9ens, ainsi que l&rsquo;int\u00e9gration d&rsquo;outils SOC pilot\u00e9s par l&rsquo;IA qui sont de plus en plus pertinents pour la fabrication de haute technologie et les op\u00e9rateurs d&rsquo;infrastructures critiques.<\/p>\n<h2 data-start=\"658\" data-end=\"696\"><strong data-start=\"658\" data-end=\"696\">Extension du r\u00e9seau mondial SOC d&rsquo;Atos<\/strong><\/h2>\n<p data-start=\"698\" data-end=\"1008\">Cette nouvelle installation devient le 18e SOC d&rsquo;Atos dans le monde et renforce la strat\u00e9gie de l&rsquo;entreprise visant \u00e0 fournir des services de cybers\u00e9curit\u00e9 g\u00e9r\u00e9s \u00e9volutifs et adaptables. Le MSOC combine une surveillance continue, des espaces de coordination de crise, des laboratoires de cybers\u00e9curit\u00e9 et un centre de formation d\u00e9di\u00e9 visant \u00e0 d\u00e9velopper les talents nationaux.<\/p>\n<p data-start=\"1010\" data-end=\"1812\">Jorge Paradela, ministre de l&rsquo;industrie, de l&rsquo;\u00e9nergie et des mines de la r\u00e9gion, a dirig\u00e9 la c\u00e9r\u00e9monie d&rsquo;ouverture. M. Paradela a soulign\u00e9 l&rsquo;importance de l&rsquo;innovation entre les secteurs public et priv\u00e9 pour renforcer les capacit\u00e9s en mati\u00e8re de cybers\u00e9curit\u00e9. Il a d\u00e9clar\u00e9 que \u00ab\u00a0l&rsquo;avenir de la cybers\u00e9curit\u00e9 en Andalousie r\u00e9side dans la consolidation d&rsquo;un \u00e9cosyst\u00e8me qui combine la force institutionnelle de l&rsquo;Agence num\u00e9rique andalouse, l&rsquo;excellence technique de nos professionnels et l&rsquo;innovation du secteur priv\u00e9\u00a0\u00bb. Il a salu\u00e9 l&rsquo;investissement d&rsquo;Atos comme \u00ab\u00a0un pas en avant dans la consolidation de la r\u00e9gion andalouse en tant que r\u00e9f\u00e9rence nationale et internationale en mati\u00e8re de protection num\u00e9rique, d&rsquo;innovation et de collaboration public-priv\u00e9, tout en renfor\u00e7ant nos capacit\u00e9s collectives, en encourageant les talents locaux et en multipliant les opportunit\u00e9s d&rsquo;innovation\u00a0\u00bb.<\/p>\n<h2 data-start=\"1814\" data-end=\"1844\"><strong data-start=\"1814\" data-end=\"1844\">Capacit\u00e9s SOC bas\u00e9es sur l&rsquo;IA<\/strong><\/h2>\n<p data-start=\"1846\" data-end=\"2129\">Le MSOC de S\u00e9ville fait partie de la strat\u00e9gie d&rsquo;Atos visant \u00e0 int\u00e9grer \u00e0 ses services de s\u00e9curit\u00e9 des analyses avanc\u00e9es, des renseignements centralis\u00e9s sur les menaces, des playbooks automatis\u00e9s et une assistance SOC virtuelle aliment\u00e9e par l&rsquo;IA. Il renforce la pr\u00e9cision des pr\u00e9dictions, la d\u00e9tection des menaces et la vitesse de r\u00e9action face aux nouveaux cyber-risques.<\/p>\n<p data-start=\"2131\" data-end=\"2589\">Selon Arancha Jim\u00e9nez, vice-pr\u00e9sident de la cybers\u00e9curit\u00e9 chez Atos Iberia, \u00a0\u00bb l&rsquo;int\u00e9gration des derni\u00e8res innovations d&rsquo;Atos dont les agents autonomes d&rsquo;IA dans les op\u00e9rations du SOC repr\u00e9sente une avanc\u00e9e significative. Au centre de S\u00e9ville, cette technologie am\u00e9liore l&rsquo;efficacit\u00e9 analytique et renforce nos capacit\u00e9s de r\u00e9ponse en temps r\u00e9el aux cybermenaces. \u00a0\u00bb Elle ajoute que le nouveau centre favorise une r\u00e9ponse aux incidents plus rapide et plus efficace gr\u00e2ce \u00e0 des solutions adaptatives et s\u00e9curis\u00e9es.<\/p>\n<p data-start=\"2591\" data-end=\"2717\" data-is-last-node=\"\" data-is-only-node=\"\">L&rsquo;installation renforce le soutien \u00e0 la cybers\u00e9curit\u00e9 pour les entreprises et les clients du secteur public dans toute la p\u00e9ninsule ib\u00e9rique et au-del\u00e0.<\/p>\n<p><a href=\"https:\/\/atos.net\">Atos<\/a><\/p>\n","protected":false},"excerpt":{"rendered":"<p>Atos a inaugur\u00e9 un nouveau centre op\u00e9rationnel de s\u00e9curit\u00e9 moderne (MSOC) \u00e0 S\u00e9ville, en Espagne, \u00e9largissant ainsi son r\u00e9seau mondial d&rsquo;installations de cybers\u00e9curit\u00e9 interconnect\u00e9es. Le centre, d\u00e9j\u00e0 en service 24\/7, est con\u00e7u pour am\u00e9liorer la d\u00e9tection, la r\u00e9ponse et la gestion des cyberincidents dans les infrastructures IT, OT et IoT. Cet investissement souligne la croissance [&hellip;]<\/p>\n","protected":false},"author":34,"featured_media":487614,"comment_status":"closed","ping_status":"closed","sticky":false,"template":"","format":"standard","meta":{"_acf_changed":false,"footnotes":""},"categories":[3669],"tags":[8281,1069,919],"domains":[47],"ppma_author":[10490,1153],"class_list":["post-487644","post","type-post","status-publish","format-standard","has-post-thumbnail","hentry","category-nouvelles","tag-atos","tag-cybersecurite","tag-iot-fr","domains-electronique-eci"],"acf":[],"yoast_head":"<title>Atos ouvre un nouveau MSOC de cybers\u00e9curit\u00e9 en Espagne ...<\/title>\n<meta name=\"description\" content=\"Atos ouvre un nouveau MSOC de cybers\u00e9curit\u00e9 en Espagne, \u00e9largissant ainsi son r\u00e9seau et stimulant la cyberd\u00e9fense pilot\u00e9e par l&#039;IA\" \/>\n<meta name=\"robots\" content=\"index, follow, max-snippet:-1, max-image-preview:large, max-video-preview:-1\" \/>\n<link rel=\"canonical\" href=\"https:\/\/www.ecinews.fr\/fr\/wp-json\/wp\/v2\/posts\/487644\/\" \/>\n<meta property=\"og:locale\" content=\"fr_FR\" \/>\n<meta property=\"og:type\" content=\"article\" \/>\n<meta property=\"og:title\" content=\"Atos ouvre un nouveau MSOC de cybers\u00e9curit\u00e9 en Espagne\" \/>\n<meta property=\"og:description\" content=\"Atos ouvre un nouveau MSOC de cybers\u00e9curit\u00e9 en Espagne, \u00e9largissant ainsi son r\u00e9seau et stimulant la cyberd\u00e9fense pilot\u00e9e par l&#039;IA\" \/>\n<meta property=\"og:url\" content=\"https:\/\/www.ecinews.fr\/fr\/wp-json\/wp\/v2\/posts\/487644\/\" \/>\n<meta property=\"og:site_name\" content=\"EENewsEurope\" \/>\n<meta property=\"article:published_time\" content=\"2025-11-04T08:50:11+00:00\" \/>\n<meta property=\"og:image\" content=\"https:\/\/www.eenewseurope.com\/wp-content\/uploads\/2025\/11\/Asma.png\" \/>\n\t<meta property=\"og:image:width\" content=\"1280\" \/>\n\t<meta property=\"og:image:height\" content=\"720\" \/>\n\t<meta property=\"og:image:type\" content=\"image\/png\" \/>\n<meta name=\"author\" content=\"Asma Adhimi, A Delapalisse\" \/>\n<meta name=\"twitter:card\" content=\"summary_large_image\" \/>\n<meta name=\"twitter:label1\" content=\"Written by\" \/>\n\t<meta name=\"twitter:data1\" content=\"A Delapalisse\" \/>\n\t<meta name=\"twitter:label2\" content=\"Est. reading time\" \/>\n\t<meta name=\"twitter:data2\" content=\"2 minutes\" \/>\n<script type=\"application\/ld+json\" class=\"yoast-schema-graph\">{\"@context\":\"https:\/\/schema.org\",\"@graph\":[{\"@type\":\"Article\",\"@id\":\"https:\/\/www.eenewseurope.com\/fr\/atos-ouvre-un-nouveau-msoc-de-cybersecurite-en-espagne\/#article\",\"isPartOf\":{\"@id\":\"https:\/\/www.eenewseurope.com\/fr\/atos-ouvre-un-nouveau-msoc-de-cybersecurite-en-espagne\/\"},\"author\":{\"name\":\"A Delapalisse\",\"@id\":\"https:\/\/www.ecinews.fr\/fr\/#\/schema\/person\/0aa2cfb0bd8949724a68cbac8d8321b4\"},\"headline\":\"Atos ouvre un nouveau MSOC de cybers\u00e9curit\u00e9 en Espagne\",\"datePublished\":\"2025-11-04T08:50:11+00:00\",\"dateModified\":\"2025-11-04T08:50:11+00:00\",\"mainEntityOfPage\":{\"@id\":\"https:\/\/www.eenewseurope.com\/fr\/atos-ouvre-un-nouveau-msoc-de-cybersecurite-en-espagne\/\"},\"wordCount\":549,\"publisher\":{\"@id\":\"https:\/\/www.ecinews.fr\/fr\/#organization\"},\"keywords\":[\"Atos\",\"Cybers\u00e9curit\u00e9\",\"IoT\"],\"articleSection\":[\"Nouvelles\"],\"inLanguage\":\"fr-FR\"},{\"@type\":\"WebPage\",\"@id\":\"https:\/\/www.eenewseurope.com\/fr\/atos-ouvre-un-nouveau-msoc-de-cybersecurite-en-espagne\/\",\"url\":\"https:\/\/www.eenewseurope.com\/fr\/atos-ouvre-un-nouveau-msoc-de-cybersecurite-en-espagne\/\",\"name\":\"Atos ouvre un nouveau MSOC de cybers\u00e9curit\u00e9 en Espagne -\",\"isPartOf\":{\"@id\":\"https:\/\/www.ecinews.fr\/fr\/#website\"},\"datePublished\":\"2025-11-04T08:50:11+00:00\",\"dateModified\":\"2025-11-04T08:50:11+00:00\",\"description\":\"Atos ouvre un nouveau MSOC de cybers\u00e9curit\u00e9 en Espagne, \u00e9largissant ainsi son r\u00e9seau et stimulant la cyberd\u00e9fense pilot\u00e9e par l'IA\",\"breadcrumb\":{\"@id\":\"https:\/\/www.eenewseurope.com\/fr\/atos-ouvre-un-nouveau-msoc-de-cybersecurite-en-espagne\/#breadcrumb\"},\"inLanguage\":\"fr-FR\",\"potentialAction\":[{\"@type\":\"ReadAction\",\"target\":[\"https:\/\/www.eenewseurope.com\/fr\/atos-ouvre-un-nouveau-msoc-de-cybersecurite-en-espagne\/\"]}]},{\"@type\":\"BreadcrumbList\",\"@id\":\"https:\/\/www.eenewseurope.com\/fr\/atos-ouvre-un-nouveau-msoc-de-cybersecurite-en-espagne\/#breadcrumb\",\"itemListElement\":[{\"@type\":\"ListItem\",\"position\":1,\"name\":\"Home\",\"item\":\"https:\/\/www.ecinews.fr\/fr\/\"},{\"@type\":\"ListItem\",\"position\":2,\"name\":\"Atos ouvre un nouveau MSOC de cybers\u00e9curit\u00e9 en Espagne\"}]},{\"@type\":\"WebSite\",\"@id\":\"https:\/\/www.ecinews.fr\/fr\/#website\",\"url\":\"https:\/\/www.ecinews.fr\/fr\/\",\"name\":\"EENewsEurope\",\"description\":\"Just another WordPress site\",\"publisher\":{\"@id\":\"https:\/\/www.ecinews.fr\/fr\/#organization\"},\"potentialAction\":[{\"@type\":\"SearchAction\",\"target\":{\"@type\":\"EntryPoint\",\"urlTemplate\":\"https:\/\/www.ecinews.fr\/fr\/?s={search_term_string}\"},\"query-input\":\"required name=search_term_string\"}],\"inLanguage\":\"fr-FR\"},{\"@type\":\"Organization\",\"@id\":\"https:\/\/www.ecinews.fr\/fr\/#organization\",\"name\":\"EENewsEurope\",\"url\":\"https:\/\/www.ecinews.fr\/fr\/\",\"logo\":{\"@type\":\"ImageObject\",\"inLanguage\":\"fr-FR\",\"@id\":\"https:\/\/www.ecinews.fr\/fr\/#\/schema\/logo\/image\/\",\"url\":\"https:\/\/www.ecinews.fr\/wp-content\/uploads\/2022\/02\/logo-1.jpg\",\"contentUrl\":\"https:\/\/www.ecinews.fr\/wp-content\/uploads\/2022\/02\/logo-1.jpg\",\"width\":283,\"height\":113,\"caption\":\"EENewsEurope\"},\"image\":{\"@id\":\"https:\/\/www.ecinews.fr\/fr\/#\/schema\/logo\/image\/\"}},{\"@type\":\"Person\",\"@id\":\"https:\/\/www.ecinews.fr\/fr\/#\/schema\/person\/0aa2cfb0bd8949724a68cbac8d8321b4\",\"name\":\"A Delapalisse\",\"image\":{\"@type\":\"ImageObject\",\"inLanguage\":\"fr-FR\",\"@id\":\"https:\/\/www.ecinews.fr\/fr\/#\/schema\/person\/image\/211ac42237c2e9683c0964086c393cb4\",\"url\":\"https:\/\/secure.gravatar.com\/avatar\/ad45a8c5da24bc9c7c4940dd1c48a695?s=96&d=mm&r=g\",\"contentUrl\":\"https:\/\/secure.gravatar.com\/avatar\/ad45a8c5da24bc9c7c4940dd1c48a695?s=96&d=mm&r=g\",\"caption\":\"A Delapalisse\"},\"sameAs\":[\"http:\/\/ECI\"]}]}<\/script>","yoast_head_json":{"title":"Atos ouvre un nouveau MSOC de cybers\u00e9curit\u00e9 en Espagne ...","description":"Atos ouvre un nouveau MSOC de cybers\u00e9curit\u00e9 en Espagne, \u00e9largissant ainsi son r\u00e9seau et stimulant la cyberd\u00e9fense pilot\u00e9e par l'IA","robots":{"index":"index","follow":"follow","max-snippet":"max-snippet:-1","max-image-preview":"max-image-preview:large","max-video-preview":"max-video-preview:-1"},"canonical":"https:\/\/www.ecinews.fr\/fr\/wp-json\/wp\/v2\/posts\/487644\/","og_locale":"fr_FR","og_type":"article","og_title":"Atos ouvre un nouveau MSOC de cybers\u00e9curit\u00e9 en Espagne","og_description":"Atos ouvre un nouveau MSOC de cybers\u00e9curit\u00e9 en Espagne, \u00e9largissant ainsi son r\u00e9seau et stimulant la cyberd\u00e9fense pilot\u00e9e par l'IA","og_url":"https:\/\/www.ecinews.fr\/fr\/wp-json\/wp\/v2\/posts\/487644\/","og_site_name":"EENewsEurope","article_published_time":"2025-11-04T08:50:11+00:00","og_image":[{"width":1280,"height":720,"url":"https:\/\/www.eenewseurope.com\/wp-content\/uploads\/2025\/11\/Asma.png","type":"image\/png"}],"author":"Asma Adhimi, A Delapalisse","twitter_card":"summary_large_image","twitter_misc":{"Written by":"A Delapalisse","Est. reading time":"2 minutes"},"schema":{"@context":"https:\/\/schema.org","@graph":[{"@type":"Article","@id":"https:\/\/www.eenewseurope.com\/fr\/atos-ouvre-un-nouveau-msoc-de-cybersecurite-en-espagne\/#article","isPartOf":{"@id":"https:\/\/www.eenewseurope.com\/fr\/atos-ouvre-un-nouveau-msoc-de-cybersecurite-en-espagne\/"},"author":{"name":"A Delapalisse","@id":"https:\/\/www.ecinews.fr\/fr\/#\/schema\/person\/0aa2cfb0bd8949724a68cbac8d8321b4"},"headline":"Atos ouvre un nouveau MSOC de cybers\u00e9curit\u00e9 en Espagne","datePublished":"2025-11-04T08:50:11+00:00","dateModified":"2025-11-04T08:50:11+00:00","mainEntityOfPage":{"@id":"https:\/\/www.eenewseurope.com\/fr\/atos-ouvre-un-nouveau-msoc-de-cybersecurite-en-espagne\/"},"wordCount":549,"publisher":{"@id":"https:\/\/www.ecinews.fr\/fr\/#organization"},"keywords":["Atos","Cybers\u00e9curit\u00e9","IoT"],"articleSection":["Nouvelles"],"inLanguage":"fr-FR"},{"@type":"WebPage","@id":"https:\/\/www.eenewseurope.com\/fr\/atos-ouvre-un-nouveau-msoc-de-cybersecurite-en-espagne\/","url":"https:\/\/www.eenewseurope.com\/fr\/atos-ouvre-un-nouveau-msoc-de-cybersecurite-en-espagne\/","name":"Atos ouvre un nouveau MSOC de cybers\u00e9curit\u00e9 en Espagne -","isPartOf":{"@id":"https:\/\/www.ecinews.fr\/fr\/#website"},"datePublished":"2025-11-04T08:50:11+00:00","dateModified":"2025-11-04T08:50:11+00:00","description":"Atos ouvre un nouveau MSOC de cybers\u00e9curit\u00e9 en Espagne, \u00e9largissant ainsi son r\u00e9seau et stimulant la cyberd\u00e9fense pilot\u00e9e par l'IA","breadcrumb":{"@id":"https:\/\/www.eenewseurope.com\/fr\/atos-ouvre-un-nouveau-msoc-de-cybersecurite-en-espagne\/#breadcrumb"},"inLanguage":"fr-FR","potentialAction":[{"@type":"ReadAction","target":["https:\/\/www.eenewseurope.com\/fr\/atos-ouvre-un-nouveau-msoc-de-cybersecurite-en-espagne\/"]}]},{"@type":"BreadcrumbList","@id":"https:\/\/www.eenewseurope.com\/fr\/atos-ouvre-un-nouveau-msoc-de-cybersecurite-en-espagne\/#breadcrumb","itemListElement":[{"@type":"ListItem","position":1,"name":"Home","item":"https:\/\/www.ecinews.fr\/fr\/"},{"@type":"ListItem","position":2,"name":"Atos ouvre un nouveau MSOC de cybers\u00e9curit\u00e9 en Espagne"}]},{"@type":"WebSite","@id":"https:\/\/www.ecinews.fr\/fr\/#website","url":"https:\/\/www.ecinews.fr\/fr\/","name":"EENewsEurope","description":"Just another WordPress site","publisher":{"@id":"https:\/\/www.ecinews.fr\/fr\/#organization"},"potentialAction":[{"@type":"SearchAction","target":{"@type":"EntryPoint","urlTemplate":"https:\/\/www.ecinews.fr\/fr\/?s={search_term_string}"},"query-input":"required name=search_term_string"}],"inLanguage":"fr-FR"},{"@type":"Organization","@id":"https:\/\/www.ecinews.fr\/fr\/#organization","name":"EENewsEurope","url":"https:\/\/www.ecinews.fr\/fr\/","logo":{"@type":"ImageObject","inLanguage":"fr-FR","@id":"https:\/\/www.ecinews.fr\/fr\/#\/schema\/logo\/image\/","url":"https:\/\/www.ecinews.fr\/wp-content\/uploads\/2022\/02\/logo-1.jpg","contentUrl":"https:\/\/www.ecinews.fr\/wp-content\/uploads\/2022\/02\/logo-1.jpg","width":283,"height":113,"caption":"EENewsEurope"},"image":{"@id":"https:\/\/www.ecinews.fr\/fr\/#\/schema\/logo\/image\/"}},{"@type":"Person","@id":"https:\/\/www.ecinews.fr\/fr\/#\/schema\/person\/0aa2cfb0bd8949724a68cbac8d8321b4","name":"A Delapalisse","image":{"@type":"ImageObject","inLanguage":"fr-FR","@id":"https:\/\/www.ecinews.fr\/fr\/#\/schema\/person\/image\/211ac42237c2e9683c0964086c393cb4","url":"https:\/\/secure.gravatar.com\/avatar\/ad45a8c5da24bc9c7c4940dd1c48a695?s=96&d=mm&r=g","contentUrl":"https:\/\/secure.gravatar.com\/avatar\/ad45a8c5da24bc9c7c4940dd1c48a695?s=96&d=mm&r=g","caption":"A Delapalisse"},"sameAs":["http:\/\/ECI"]}]}},"authors":[{"term_id":10490,"user_id":0,"is_guest":1,"slug":"asma-adhimi","display_name":"Asma Adhimi","avatar_url":"https:\/\/secure.gravatar.com\/avatar\/?s=96&d=mm&r=g","0":null,"1":"","2":"","3":"","4":"","5":"","6":"","7":"","8":""},{"term_id":1153,"user_id":34,"is_guest":0,"slug":"adelapalisse","display_name":"A Delapalisse","avatar_url":"https:\/\/secure.gravatar.com\/avatar\/ad45a8c5da24bc9c7c4940dd1c48a695?s=96&d=mm&r=g","0":null,"1":"","2":"","3":"","4":"","5":"","6":"","7":"","8":""}],"_links":{"self":[{"href":"https:\/\/www.ecinews.fr\/fr\/wp-json\/wp\/v2\/posts\/487644"}],"collection":[{"href":"https:\/\/www.ecinews.fr\/fr\/wp-json\/wp\/v2\/posts"}],"about":[{"href":"https:\/\/www.ecinews.fr\/fr\/wp-json\/wp\/v2\/types\/post"}],"author":[{"embeddable":true,"href":"https:\/\/www.ecinews.fr\/fr\/wp-json\/wp\/v2\/users\/34"}],"replies":[{"embeddable":true,"href":"https:\/\/www.ecinews.fr\/fr\/wp-json\/wp\/v2\/comments?post=487644"}],"version-history":[{"count":0,"href":"https:\/\/www.ecinews.fr\/fr\/wp-json\/wp\/v2\/posts\/487644\/revisions"}],"wp:featuredmedia":[{"embeddable":true,"href":"https:\/\/www.ecinews.fr\/fr\/wp-json\/wp\/v2\/media\/487614"}],"wp:attachment":[{"href":"https:\/\/www.ecinews.fr\/fr\/wp-json\/wp\/v2\/media?parent=487644"}],"wp:term":[{"taxonomy":"category","embeddable":true,"href":"https:\/\/www.ecinews.fr\/fr\/wp-json\/wp\/v2\/categories?post=487644"},{"taxonomy":"post_tag","embeddable":true,"href":"https:\/\/www.ecinews.fr\/fr\/wp-json\/wp\/v2\/tags?post=487644"},{"taxonomy":"domains","embeddable":true,"href":"https:\/\/www.ecinews.fr\/fr\/wp-json\/wp\/v2\/domains?post=487644"},{"taxonomy":"author","embeddable":true,"href":"https:\/\/www.ecinews.fr\/fr\/wp-json\/wp\/v2\/ppma_author?post=487644"}],"curies":[{"name":"wp","href":"https:\/\/api.w.org\/{rel}","templated":true}]}}