{"id":487514,"date":"2025-10-30T20:17:57","date_gmt":"2025-10-30T19:17:57","guid":{"rendered":"https:\/\/www.eenewseurope.com\/?p=487514"},"modified":"2025-10-30T20:17:57","modified_gmt":"2025-10-30T19:17:57","slug":"accord-stategique-entre-ampere-et-startus-materials-dans-les-batteries","status":"publish","type":"post","link":"https:\/\/www.ecinews.fr\/fr\/accord-stategique-entre-ampere-et-startus-materials-dans-les-batteries\/","title":{"rendered":"Accord stat\u00e9gique entre Amp\u00e8re et Startus Materials dans les batteries\u00a0"},"content":{"rendered":"<p><strong>Ampere, l\u2019entit\u00e9 d\u00e9di\u00e9e aux v\u00e9hicules \u00e9lectriques et aux logiciels de Renault Group, a sign\u00e9 un accord de d\u00e9veloppement\u00a0 avec l&rsquo;am\u00e9ricain\u00a0 Stratus Materials\u00a0 d\u00e9veloppeur de premier plan de mat\u00e9riaux actifs de cathode (CAM) \u00e0 haute \u00e9nergie sans cobalt LXMO<sup>TM<\/sup>\u00a0pour batteries lithium-ion avanc\u00e9es. <\/strong><\/p>\n<p>Cet accord marque une premi\u00e8re \u00e9tape dans l\u2019\u00e9valuation de la pertinence de l\u2019int\u00e9gration de la technologie LXMO<sup>TM<\/sup> sans cobalt de Stratus Materials dans la flotte de v\u00e9hicules \u00e9lectriques de Renault Group. Il vise \u00e0 d\u00e9montrer les hautes performances de ce mat\u00e9riau dans des cellules de batterie au format v\u00e9hicule \u00e9lectrique. Cette nouvelle technologie sera test\u00e9e dans le Laboratoire Innovation Cellule Batterie d\u2019Ampere \u00e0 Lardy.<\/p>\n<p><strong>Une technologie prometteuse<\/strong><\/p>\n<p>La technologie des batteries bas\u00e9es sur la technologie LXMO<sup>TM\u00a0 \u00a0 <\/sup>est particuli\u00e8rement prometteuse, pour offrir une densit\u00e9 \u00e9nerg\u00e9tique \u00e9lev\u00e9e, comparable voire sup\u00e9rieure \u00e0 celle des batteries NMC (Nickel, Mangan\u00e8se, Cobalt) en offrant une r\u00e9duction de co\u00fbt et une similarit\u00e9 avec les batteries LFP (Lithium, Fer, Phosphate). \u00c0 l\u2019\u00e9chelle du syst\u00e8me, la combinaison d\u2019une meilleure tol\u00e9rance aux d\u00e9fauts permet d\u2019atteindre des densit\u00e9s \u00e9nerg\u00e9tiques au niveau du pack jusqu\u2019\u00e0 deux fois sup\u00e9rieures \u00e0 celles des packs de batteries bas\u00e9s sur des chimies NMC ou LFP. Il est \u00e9vident que Cela se traduit par des avantages significatifs en mati\u00e8re de conception et d\u2019\u00e9conomie pour Ampere. La promesse est all\u00e9chante avec des v\u00e9hicules moins co\u00fbteux, ayant une plus grande autonomie et une meilleure s\u00e9curit\u00e9.<\/p>\n<p>La technologie sans cobalt repr\u00e9sente la troisi\u00e8me \u00e9tape de la strat\u00e9gie batterie d\u2019Ampere, apr\u00e8s les batteries NMC pour leur haute densit\u00e9 \u00e9nerg\u00e9tique, et les batteries LFP qui seront int\u00e9gr\u00e9es aux v\u00e9hicules Renault \u00e0 partir de 2026.<\/p>\n<p>Nicolas Racquet, Directeur Ing\u00e9nierie V\u00e9hicule et Powertrain, Ampere a d\u00e9clar\u00e9 :\u201cAmpere s\u2019int\u00e9resse de pr\u00e8s aux mat\u00e9riaux \u00e0 haute densit\u00e9 \u00e9nerg\u00e9tique sans cobalt, en raison de leurs avantages potentiels par rapport aux mat\u00e9riaux de cathode traditionnels. Les mat\u00e9riaux actifs de cathode LXMO<sup>TM\u00a0<\/sup>de Stratus ont retenu l\u2019attention d\u2019Ampere gr\u00e2ce \u00e0 leur combinaison unique et convaincante de performance, de co\u00fbt, de s\u00e9curit\u00e9 et de dur\u00e9e de vie.\u201d<\/p>\n<p>De son c\u00f4t\u00e9, Jay Whitacre, CEO de Stratus a comment\u00e9:<em>\u201c <\/em>Nous sommes ravis que la technologie LXMO<sup>TM<\/sup> ait \u00e9t\u00e9 s\u00e9lectionn\u00e9e par Ampere et Renault Group comme candidate pour une int\u00e9gration dans leur future gamme de v\u00e9hicules. Les progr\u00e8s r\u00e9alis\u00e9s jusqu\u2019\u00e0 pr\u00e9sent avec Ampere sont prometteurs. Avec cet accord, le d\u00e9veloppement commun (JDA) en cours va nous permettre d\u2019avancer ensemble vers une mise en \u0153uvre \u00e0 grande \u00e9chelle dans les v\u00e9hicules.<em>\u201d<\/em><\/p>\n<p>Dans un contexte o\u00f9 les mat\u00e9riaux de batterie avanc\u00e9s, les cellules et les packs jouent un r\u00f4le essentiel dans les v\u00e9hicules \u00e9lectriques, cette annonce illustre la volont\u00e9 d\u2019Ampere de s\u2019imposer comme un acteur de r\u00e9f\u00e9rence dans les technologies EV.\u00a0<\/p>\n","protected":false},"excerpt":{"rendered":"<p>Ampere, l\u2019entit\u00e9 d\u00e9di\u00e9e aux v\u00e9hicules \u00e9lectriques et aux logiciels de Renault Group, a sign\u00e9 un accord de d\u00e9veloppement\u00a0 avec l&rsquo;am\u00e9ricain\u00a0 Stratus Materials\u00a0 d\u00e9veloppeur de premier plan de mat\u00e9riaux actifs de cathode (CAM) \u00e0 haute \u00e9nergie sans cobalt LXMOTM\u00a0pour batteries lithium-ion avanc\u00e9es. Cet accord marque une premi\u00e8re \u00e9tape dans l\u2019\u00e9valuation de la pertinence de l\u2019int\u00e9gration de [&hellip;]<\/p>\n","protected":false},"author":11,"featured_media":487516,"comment_status":"closed","ping_status":"closed","sticky":true,"template":"","format":"standard","meta":{"_acf_changed":false,"footnotes":""},"categories":[886,883],"tags":[1640,5196,10685],"domains":[47],"ppma_author":[1143],"class_list":["post-487514","post","type-post","status-publish","format-standard","has-post-thumbnail","hentry","category-news-fr","category-technologies","tag-automobile","tag-batterie-fr","tag-nouveau-materiau","domains-electronique-eci"],"acf":[],"yoast_head":"<title>Accord stat\u00e9gique entre Amp\u00e8re et Startus Materials dans les ...<\/title>\n<meta name=\"description\" content=\"Ampere, a sign\u00e9 un accord de d\u00e9veloppement\u00a0 avec l&#039;am\u00e9ricain\u00a0 Stratus Materials\u00a0\" \/>\n<meta name=\"robots\" content=\"index, follow, max-snippet:-1, max-image-preview:large, max-video-preview:-1\" \/>\n<link rel=\"canonical\" href=\"https:\/\/www.ecinews.fr\/fr\/wp-json\/wp\/v2\/posts\/487514\/\" \/>\n<meta property=\"og:locale\" content=\"fr_FR\" \/>\n<meta property=\"og:type\" content=\"article\" \/>\n<meta property=\"og:title\" content=\"Accord stat\u00e9gique entre Amp\u00e8re et Startus Materials dans les batteries\u00a0\" \/>\n<meta property=\"og:description\" content=\"Ampere, a sign\u00e9 un accord de d\u00e9veloppement\u00a0 avec l&#039;am\u00e9ricain\u00a0 Stratus Materials\u00a0\" \/>\n<meta property=\"og:url\" content=\"https:\/\/www.ecinews.fr\/fr\/wp-json\/wp\/v2\/posts\/487514\/\" \/>\n<meta property=\"og:site_name\" content=\"EENewsEurope\" \/>\n<meta property=\"article:published_time\" content=\"2025-10-30T19:17:57+00:00\" \/>\n<meta property=\"og:image\" content=\"https:\/\/www.ecinews.fr\/wp-content\/uploads\/2025\/10\/Ampere-Accord.jpg\" \/>\n\t<meta property=\"og:image:width\" content=\"600\" \/>\n\t<meta property=\"og:image:height\" content=\"413\" \/>\n\t<meta property=\"og:image:type\" content=\"image\/jpeg\" \/>\n<meta name=\"author\" content=\"Daniel Cardon\" \/>\n<meta name=\"twitter:card\" content=\"summary_large_image\" \/>\n<meta name=\"twitter:label1\" content=\"Written by\" \/>\n\t<meta name=\"twitter:data1\" content=\"Daniel Cardon\" \/>\n\t<meta name=\"twitter:label2\" content=\"Est. reading time\" \/>\n\t<meta name=\"twitter:data2\" content=\"3 minutes\" \/>\n<script type=\"application\/ld+json\" class=\"yoast-schema-graph\">{\"@context\":\"https:\/\/schema.org\",\"@graph\":[{\"@type\":\"Article\",\"@id\":\"https:\/\/www.ecinews.fr\/fr\/accord-stategique-entre-ampere-et-startus-materials-dans-les-batteries\/#article\",\"isPartOf\":{\"@id\":\"https:\/\/www.ecinews.fr\/fr\/accord-stategique-entre-ampere-et-startus-materials-dans-les-batteries\/\"},\"author\":{\"name\":\"Daniel Cardon\",\"@id\":\"https:\/\/www.eenewseurope.com\/en\/#\/schema\/person\/93c44cde463762f40a8236eaa44c1c17\"},\"headline\":\"Accord stat\u00e9gique entre Amp\u00e8re et Startus Materials dans les batteries\u00a0\",\"datePublished\":\"2025-10-30T19:17:57+00:00\",\"dateModified\":\"2025-10-30T19:17:57+00:00\",\"mainEntityOfPage\":{\"@id\":\"https:\/\/www.ecinews.fr\/fr\/accord-stategique-entre-ampere-et-startus-materials-dans-les-batteries\/\"},\"wordCount\":528,\"publisher\":{\"@id\":\"https:\/\/www.eenewseurope.com\/en\/#organization\"},\"keywords\":[\"Automobile\",\"batterie\",\"Nouveau Mat\u00e9riau\"],\"articleSection\":[\"Actualit\u00e9 g\u00e9n\u00e9rale\",\"Technologies\"],\"inLanguage\":\"fr-FR\"},{\"@type\":\"WebPage\",\"@id\":\"https:\/\/www.ecinews.fr\/fr\/accord-stategique-entre-ampere-et-startus-materials-dans-les-batteries\/\",\"url\":\"https:\/\/www.ecinews.fr\/fr\/accord-stategique-entre-ampere-et-startus-materials-dans-les-batteries\/\",\"name\":\"Accord stat\u00e9gique entre Amp\u00e8re et Startus Materials dans les batteries\u00a0 -\",\"isPartOf\":{\"@id\":\"https:\/\/www.eenewseurope.com\/en\/#website\"},\"datePublished\":\"2025-10-30T19:17:57+00:00\",\"dateModified\":\"2025-10-30T19:17:57+00:00\",\"description\":\"Ampere, a sign\u00e9 un accord de d\u00e9veloppement\u00a0 avec l'am\u00e9ricain\u00a0 Stratus Materials\u00a0\",\"breadcrumb\":{\"@id\":\"https:\/\/www.ecinews.fr\/fr\/accord-stategique-entre-ampere-et-startus-materials-dans-les-batteries\/#breadcrumb\"},\"inLanguage\":\"fr-FR\",\"potentialAction\":[{\"@type\":\"ReadAction\",\"target\":[\"https:\/\/www.ecinews.fr\/fr\/accord-stategique-entre-ampere-et-startus-materials-dans-les-batteries\/\"]}]},{\"@type\":\"BreadcrumbList\",\"@id\":\"https:\/\/www.ecinews.fr\/fr\/accord-stategique-entre-ampere-et-startus-materials-dans-les-batteries\/#breadcrumb\",\"itemListElement\":[{\"@type\":\"ListItem\",\"position\":1,\"name\":\"Home\",\"item\":\"https:\/\/www.ecinews.fr\/fr\/\"},{\"@type\":\"ListItem\",\"position\":2,\"name\":\"Accord stat\u00e9gique entre Amp\u00e8re et Startus Materials dans les batteries\u00a0\"}]},{\"@type\":\"WebSite\",\"@id\":\"https:\/\/www.eenewseurope.com\/en\/#website\",\"url\":\"https:\/\/www.eenewseurope.com\/en\/\",\"name\":\"EENewsEurope\",\"description\":\"Just another WordPress site\",\"publisher\":{\"@id\":\"https:\/\/www.eenewseurope.com\/en\/#organization\"},\"potentialAction\":[{\"@type\":\"SearchAction\",\"target\":{\"@type\":\"EntryPoint\",\"urlTemplate\":\"https:\/\/www.eenewseurope.com\/en\/?s={search_term_string}\"},\"query-input\":\"required name=search_term_string\"}],\"inLanguage\":\"fr-FR\"},{\"@type\":\"Organization\",\"@id\":\"https:\/\/www.eenewseurope.com\/en\/#organization\",\"name\":\"EENewsEurope\",\"url\":\"https:\/\/www.eenewseurope.com\/en\/\",\"logo\":{\"@type\":\"ImageObject\",\"inLanguage\":\"fr-FR\",\"@id\":\"https:\/\/www.eenewseurope.com\/en\/#\/schema\/logo\/image\/\",\"url\":\"https:\/\/www.ecinews.fr\/wp-content\/uploads\/2022\/02\/logo-1.jpg\",\"contentUrl\":\"https:\/\/www.ecinews.fr\/wp-content\/uploads\/2022\/02\/logo-1.jpg\",\"width\":283,\"height\":113,\"caption\":\"EENewsEurope\"},\"image\":{\"@id\":\"https:\/\/www.eenewseurope.com\/en\/#\/schema\/logo\/image\/\"}},{\"@type\":\"Person\",\"@id\":\"https:\/\/www.eenewseurope.com\/en\/#\/schema\/person\/93c44cde463762f40a8236eaa44c1c17\",\"name\":\"Daniel Cardon\",\"image\":{\"@type\":\"ImageObject\",\"inLanguage\":\"fr-FR\",\"@id\":\"https:\/\/www.eenewseurope.com\/en\/#\/schema\/person\/image\/2b243f6bcc1cff7d86aadfb2cd0bd870\",\"url\":\"https:\/\/secure.gravatar.com\/avatar\/de9edc136dfc061ad4778e04635baefa?s=96&d=mm&r=g\",\"contentUrl\":\"https:\/\/secure.gravatar.com\/avatar\/de9edc136dfc061ad4778e04635baefa?s=96&d=mm&r=g\",\"caption\":\"Daniel Cardon\"}}]}<\/script>","yoast_head_json":{"title":"Accord stat\u00e9gique entre Amp\u00e8re et Startus Materials dans les ...","description":"Ampere, a sign\u00e9 un accord de d\u00e9veloppement\u00a0 avec l'am\u00e9ricain\u00a0 Stratus Materials\u00a0","robots":{"index":"index","follow":"follow","max-snippet":"max-snippet:-1","max-image-preview":"max-image-preview:large","max-video-preview":"max-video-preview:-1"},"canonical":"https:\/\/www.ecinews.fr\/fr\/wp-json\/wp\/v2\/posts\/487514\/","og_locale":"fr_FR","og_type":"article","og_title":"Accord stat\u00e9gique entre Amp\u00e8re et Startus Materials dans les batteries\u00a0","og_description":"Ampere, a sign\u00e9 un accord de d\u00e9veloppement\u00a0 avec l'am\u00e9ricain\u00a0 Stratus Materials\u00a0","og_url":"https:\/\/www.ecinews.fr\/fr\/wp-json\/wp\/v2\/posts\/487514\/","og_site_name":"EENewsEurope","article_published_time":"2025-10-30T19:17:57+00:00","og_image":[{"width":600,"height":413,"url":"https:\/\/www.ecinews.fr\/wp-content\/uploads\/2025\/10\/Ampere-Accord.jpg","type":"image\/jpeg"}],"author":"Daniel Cardon","twitter_card":"summary_large_image","twitter_misc":{"Written by":"Daniel Cardon","Est. reading time":"3 minutes"},"schema":{"@context":"https:\/\/schema.org","@graph":[{"@type":"Article","@id":"https:\/\/www.ecinews.fr\/fr\/accord-stategique-entre-ampere-et-startus-materials-dans-les-batteries\/#article","isPartOf":{"@id":"https:\/\/www.ecinews.fr\/fr\/accord-stategique-entre-ampere-et-startus-materials-dans-les-batteries\/"},"author":{"name":"Daniel Cardon","@id":"https:\/\/www.eenewseurope.com\/en\/#\/schema\/person\/93c44cde463762f40a8236eaa44c1c17"},"headline":"Accord stat\u00e9gique entre Amp\u00e8re et Startus Materials dans les batteries\u00a0","datePublished":"2025-10-30T19:17:57+00:00","dateModified":"2025-10-30T19:17:57+00:00","mainEntityOfPage":{"@id":"https:\/\/www.ecinews.fr\/fr\/accord-stategique-entre-ampere-et-startus-materials-dans-les-batteries\/"},"wordCount":528,"publisher":{"@id":"https:\/\/www.eenewseurope.com\/en\/#organization"},"keywords":["Automobile","batterie","Nouveau Mat\u00e9riau"],"articleSection":["Actualit\u00e9 g\u00e9n\u00e9rale","Technologies"],"inLanguage":"fr-FR"},{"@type":"WebPage","@id":"https:\/\/www.ecinews.fr\/fr\/accord-stategique-entre-ampere-et-startus-materials-dans-les-batteries\/","url":"https:\/\/www.ecinews.fr\/fr\/accord-stategique-entre-ampere-et-startus-materials-dans-les-batteries\/","name":"Accord stat\u00e9gique entre Amp\u00e8re et Startus Materials dans les batteries\u00a0 -","isPartOf":{"@id":"https:\/\/www.eenewseurope.com\/en\/#website"},"datePublished":"2025-10-30T19:17:57+00:00","dateModified":"2025-10-30T19:17:57+00:00","description":"Ampere, a sign\u00e9 un accord de d\u00e9veloppement\u00a0 avec l'am\u00e9ricain\u00a0 Stratus Materials\u00a0","breadcrumb":{"@id":"https:\/\/www.ecinews.fr\/fr\/accord-stategique-entre-ampere-et-startus-materials-dans-les-batteries\/#breadcrumb"},"inLanguage":"fr-FR","potentialAction":[{"@type":"ReadAction","target":["https:\/\/www.ecinews.fr\/fr\/accord-stategique-entre-ampere-et-startus-materials-dans-les-batteries\/"]}]},{"@type":"BreadcrumbList","@id":"https:\/\/www.ecinews.fr\/fr\/accord-stategique-entre-ampere-et-startus-materials-dans-les-batteries\/#breadcrumb","itemListElement":[{"@type":"ListItem","position":1,"name":"Home","item":"https:\/\/www.ecinews.fr\/fr\/"},{"@type":"ListItem","position":2,"name":"Accord stat\u00e9gique entre Amp\u00e8re et Startus Materials dans les batteries\u00a0"}]},{"@type":"WebSite","@id":"https:\/\/www.eenewseurope.com\/en\/#website","url":"https:\/\/www.eenewseurope.com\/en\/","name":"EENewsEurope","description":"Just another WordPress site","publisher":{"@id":"https:\/\/www.eenewseurope.com\/en\/#organization"},"potentialAction":[{"@type":"SearchAction","target":{"@type":"EntryPoint","urlTemplate":"https:\/\/www.eenewseurope.com\/en\/?s={search_term_string}"},"query-input":"required name=search_term_string"}],"inLanguage":"fr-FR"},{"@type":"Organization","@id":"https:\/\/www.eenewseurope.com\/en\/#organization","name":"EENewsEurope","url":"https:\/\/www.eenewseurope.com\/en\/","logo":{"@type":"ImageObject","inLanguage":"fr-FR","@id":"https:\/\/www.eenewseurope.com\/en\/#\/schema\/logo\/image\/","url":"https:\/\/www.ecinews.fr\/wp-content\/uploads\/2022\/02\/logo-1.jpg","contentUrl":"https:\/\/www.ecinews.fr\/wp-content\/uploads\/2022\/02\/logo-1.jpg","width":283,"height":113,"caption":"EENewsEurope"},"image":{"@id":"https:\/\/www.eenewseurope.com\/en\/#\/schema\/logo\/image\/"}},{"@type":"Person","@id":"https:\/\/www.eenewseurope.com\/en\/#\/schema\/person\/93c44cde463762f40a8236eaa44c1c17","name":"Daniel Cardon","image":{"@type":"ImageObject","inLanguage":"fr-FR","@id":"https:\/\/www.eenewseurope.com\/en\/#\/schema\/person\/image\/2b243f6bcc1cff7d86aadfb2cd0bd870","url":"https:\/\/secure.gravatar.com\/avatar\/de9edc136dfc061ad4778e04635baefa?s=96&d=mm&r=g","contentUrl":"https:\/\/secure.gravatar.com\/avatar\/de9edc136dfc061ad4778e04635baefa?s=96&d=mm&r=g","caption":"Daniel Cardon"}}]}},"authors":[{"term_id":1143,"user_id":11,"is_guest":0,"slug":"danielcardon","display_name":"Daniel Cardon","avatar_url":"https:\/\/secure.gravatar.com\/avatar\/de9edc136dfc061ad4778e04635baefa?s=96&d=mm&r=g","0":null,"1":"","2":"","3":"","4":"","5":"","6":"","7":"","8":""}],"_links":{"self":[{"href":"https:\/\/www.ecinews.fr\/fr\/wp-json\/wp\/v2\/posts\/487514"}],"collection":[{"href":"https:\/\/www.ecinews.fr\/fr\/wp-json\/wp\/v2\/posts"}],"about":[{"href":"https:\/\/www.ecinews.fr\/fr\/wp-json\/wp\/v2\/types\/post"}],"author":[{"embeddable":true,"href":"https:\/\/www.ecinews.fr\/fr\/wp-json\/wp\/v2\/users\/11"}],"replies":[{"embeddable":true,"href":"https:\/\/www.ecinews.fr\/fr\/wp-json\/wp\/v2\/comments?post=487514"}],"version-history":[{"count":0,"href":"https:\/\/www.ecinews.fr\/fr\/wp-json\/wp\/v2\/posts\/487514\/revisions"}],"wp:featuredmedia":[{"embeddable":true,"href":"https:\/\/www.ecinews.fr\/fr\/wp-json\/wp\/v2\/media\/487516"}],"wp:attachment":[{"href":"https:\/\/www.ecinews.fr\/fr\/wp-json\/wp\/v2\/media?parent=487514"}],"wp:term":[{"taxonomy":"category","embeddable":true,"href":"https:\/\/www.ecinews.fr\/fr\/wp-json\/wp\/v2\/categories?post=487514"},{"taxonomy":"post_tag","embeddable":true,"href":"https:\/\/www.ecinews.fr\/fr\/wp-json\/wp\/v2\/tags?post=487514"},{"taxonomy":"domains","embeddable":true,"href":"https:\/\/www.ecinews.fr\/fr\/wp-json\/wp\/v2\/domains?post=487514"},{"taxonomy":"author","embeddable":true,"href":"https:\/\/www.ecinews.fr\/fr\/wp-json\/wp\/v2\/ppma_author?post=487514"}],"curies":[{"name":"wp","href":"https:\/\/api.w.org\/{rel}","templated":true}]}}