{"id":487334,"date":"2025-10-27T18:19:21","date_gmt":"2025-10-27T17:19:21","guid":{"rendered":"https:\/\/www.eenewseurope.com\/?p=487334"},"modified":"2025-10-27T18:19:21","modified_gmt":"2025-10-27T17:19:21","slug":"abb-finalise-lacquisition-de-la-societe-francaise-brightloop","status":"publish","type":"post","link":"https:\/\/www.ecinews.fr\/fr\/abb-finalise-lacquisition-de-la-societe-francaise-brightloop\/","title":{"rendered":"ABB finalise l\u2019acquisition de la soci\u00e9t\u00e9 fran\u00e7aise BrightLoop"},"content":{"rendered":"<h3><span style=\"font-size: 16px;\">Le groupe ABB annonce la finalisation de l\u2019acquisition de la soci\u00e9t\u00e9 BrightLoop, pionnier fran\u00e7ais de l\u2019\u00e9lectronique de puissance avanc\u00e9e, afin de renforcer son offre d\u2019\u00e9lectrification des solutions de mobilit\u00e9.<\/span><\/h3>\n<p>Cette acquisition, marque une avanc\u00e9e majeure dans l\u2019ambition du groupe ABB qui vise \u00e0 acc\u00e9l\u00e9rer l\u2019\u00e9lectrification des secteurs de l\u2019exploitation mini\u00e8re, de la mobilit\u00e9 industrielle et de la propulsion marine. La transaction conf\u00e8re \u00e0 ABB une participation majoritaire de 93 % dans BrightLoop, les 7 % restants devant \u00eatre acquis d\u2019ici 2028. Les modalit\u00e9s financi\u00e8res n\u2019ont pas \u00e9t\u00e9 divulgu\u00e9es.<\/p>\n<p><strong>La soci\u00e9t\u00e9 fran\u00e7aise <span style=\"font-size: 16px;\">BrightLoop<\/span><\/strong><\/p>\n<p>Fond\u00e9e en 2010\u00a0 la soci\u00e9t\u00e9 BrightLoop est r\u00e9put\u00e9e pour ses convertisseurs DC\/DC haute performance, d\u00e9velopp\u00e9s tout d&rsquo;abord pour le sport automobile et aujourd\u2019hui utilis\u00e9s dans l\u2019ensemble de la grille du championnat ABB FIA Formula E. La soci\u00e9t\u00e9 compte pr\u00e8s de 90 collaborateurs, r\u00e9partis sur trois sites : le si\u00e8ge et centre de R &amp; D \u00e0 Paris ainsi que deux sites de production situ\u00e9s \u00e0 Dourdan (91) et Lannion (22). Ses solutions compactes, fiables et \u00e9volutives sont d\u00e9sormais d\u00e9ploy\u00e9es dans de nombreux secteurs o\u00f9 la fiabilit\u00e9, l\u2019optimisation de l\u2019espace et de la masse sont d\u00e9terminants en mati\u00e8re de performance : l\u2019exploitation mini\u00e8re, le b\u00e2timent, le secteur maritime, l\u2019a\u00e9rospatiale, la mobilit\u00e9, l\u2019hydrog\u00e8ne et la d\u00e9fense.<\/p>\n<p>\u00a0<strong>Edgar Keller<\/strong>, Pr\u00e9sident de la division Traction du groupe ABB, d\u00e9clare\u00a0: \u00ab\u00a0Nous sommes tr\u00e8s heureux d\u2019accueillir BrightLoop au sein du groupe ABB. Cette acquisition renforce notre position dans le domaine de l\u2019\u00e9lectrification et nous apporte une expertise unique pour acc\u00e9l\u00e9rer la transition vers des syst\u00e8mes de transport plus durables et plus efficaces.\u00a0\u00bb<\/p>\n<p><strong>Florent Liffran<\/strong>, Pr\u00e9sident de BrightLoop a ajout\u00e9 :\u00ab C\u2019est un nouveau chapitre prometteur pour BrightLoop et ses 90 collaborateurs. L\u2019envergure mondiale du groupe ABB, combin\u00e9e \u00e0 notre engagement commun en faveur de l\u2019innovation, constituent un v\u00e9ritable levier pour poursuivre notre croissance et continuer \u00e0 fournir aux industries des solutions avanc\u00e9es d\u2019\u00e9lectronique de puissance. \u00bb<\/p>\n<p>En unissant leurs forces, le groupe ABB et la soci\u00e9t\u00e9 BrightLoop s\u2019engagent \u00e0 acc\u00e9l\u00e9rer la transition vers des syst\u00e8mes \u00e9nerg\u00e9tiques plus durables, plus intelligents et plus efficaces.<\/p>\n<p>ABB\u00a0 &#8211;\u00a0 BrightLoop<\/p>\n<p>&nbsp;<\/p>\n","protected":false},"excerpt":{"rendered":"<p>Le groupe ABB annonce la finalisation de l\u2019acquisition de la soci\u00e9t\u00e9 BrightLoop, pionnier fran\u00e7ais de l\u2019\u00e9lectronique de puissance avanc\u00e9e, afin de renforcer son offre d\u2019\u00e9lectrification des solutions de mobilit\u00e9. Cette acquisition, marque une avanc\u00e9e majeure dans l\u2019ambition du groupe ABB qui vise \u00e0 acc\u00e9l\u00e9rer l\u2019\u00e9lectrification des secteurs de l\u2019exploitation mini\u00e8re, de la mobilit\u00e9 industrielle et [&hellip;]<\/p>\n","protected":false},"author":11,"featured_media":487336,"comment_status":"closed","ping_status":"closed","sticky":true,"template":"","format":"standard","meta":{"_acf_changed":false,"footnotes":""},"categories":[886],"tags":[10668,10669],"domains":[47],"ppma_author":[1143],"class_list":["post-487334","post","type-post","status-publish","format-standard","has-post-thumbnail","hentry","category-news-fr","tag-abb","tag-brightloop","domains-electronique-eci"],"acf":[],"yoast_head":"<title>ABB finalise l\u2019acquisition de la soci\u00e9t\u00e9 fran\u00e7aise BrightL...<\/title>\n<meta name=\"description\" content=\"ABB finalisse l\u2019acquisition de BrightLoop, pionnier de l\u2019\u00e9lectronique de puissance et renforce son offre d\u2019\u00e9lectrification de la mobilit\u00e9.\" \/>\n<meta name=\"robots\" content=\"index, follow, max-snippet:-1, max-image-preview:large, max-video-preview:-1\" \/>\n<link rel=\"canonical\" href=\"https:\/\/www.ecinews.fr\/fr\/wp-json\/wp\/v2\/posts\/487334\/\" \/>\n<meta property=\"og:locale\" content=\"fr_FR\" \/>\n<meta property=\"og:type\" content=\"article\" \/>\n<meta property=\"og:title\" content=\"ABB finalise l\u2019acquisition de la soci\u00e9t\u00e9 fran\u00e7aise BrightLoop\" \/>\n<meta property=\"og:description\" content=\"ABB finalisse l\u2019acquisition de BrightLoop, pionnier de l\u2019\u00e9lectronique de puissance et renforce son offre d\u2019\u00e9lectrification de la mobilit\u00e9.\" \/>\n<meta property=\"og:url\" content=\"https:\/\/www.ecinews.fr\/fr\/wp-json\/wp\/v2\/posts\/487334\/\" \/>\n<meta property=\"og:site_name\" content=\"EENewsEurope\" \/>\n<meta property=\"article:published_time\" content=\"2025-10-27T17:19:21+00:00\" \/>\n<meta property=\"og:image\" content=\"https:\/\/www.ecinews.fr\/wp-content\/uploads\/2025\/10\/ABB-Braightloop.jpg\" \/>\n\t<meta property=\"og:image:width\" content=\"600\" \/>\n\t<meta property=\"og:image:height\" content=\"371\" \/>\n\t<meta property=\"og:image:type\" content=\"image\/jpeg\" \/>\n<meta name=\"author\" content=\"Daniel Cardon\" \/>\n<meta name=\"twitter:card\" content=\"summary_large_image\" \/>\n<meta name=\"twitter:label1\" content=\"Written by\" \/>\n\t<meta name=\"twitter:data1\" content=\"Daniel Cardon\" \/>\n\t<meta name=\"twitter:label2\" content=\"Est. reading time\" \/>\n\t<meta name=\"twitter:data2\" content=\"2 minutes\" \/>\n<script type=\"application\/ld+json\" class=\"yoast-schema-graph\">{\"@context\":\"https:\/\/schema.org\",\"@graph\":[{\"@type\":\"Article\",\"@id\":\"https:\/\/www.ecinews.fr\/fr\/abb-finalise-lacquisition-de-la-societe-francaise-brightloop\/#article\",\"isPartOf\":{\"@id\":\"https:\/\/www.ecinews.fr\/fr\/abb-finalise-lacquisition-de-la-societe-francaise-brightloop\/\"},\"author\":{\"name\":\"Daniel Cardon\",\"@id\":\"https:\/\/www.eenewseurope.com\/en\/#\/schema\/person\/93c44cde463762f40a8236eaa44c1c17\"},\"headline\":\"ABB finalise l\u2019acquisition de la soci\u00e9t\u00e9 fran\u00e7aise BrightLoop\",\"datePublished\":\"2025-10-27T17:19:21+00:00\",\"dateModified\":\"2025-10-27T17:19:21+00:00\",\"mainEntityOfPage\":{\"@id\":\"https:\/\/www.ecinews.fr\/fr\/abb-finalise-lacquisition-de-la-societe-francaise-brightloop\/\"},\"wordCount\":407,\"publisher\":{\"@id\":\"https:\/\/www.eenewseurope.com\/en\/#organization\"},\"keywords\":[\"ABB\",\"BrightLoop\"],\"articleSection\":[\"Actualit\u00e9 g\u00e9n\u00e9rale\"],\"inLanguage\":\"fr-FR\"},{\"@type\":\"WebPage\",\"@id\":\"https:\/\/www.ecinews.fr\/fr\/abb-finalise-lacquisition-de-la-societe-francaise-brightloop\/\",\"url\":\"https:\/\/www.ecinews.fr\/fr\/abb-finalise-lacquisition-de-la-societe-francaise-brightloop\/\",\"name\":\"ABB finalise l\u2019acquisition de la soci\u00e9t\u00e9 fran\u00e7aise BrightLoop -\",\"isPartOf\":{\"@id\":\"https:\/\/www.eenewseurope.com\/en\/#website\"},\"datePublished\":\"2025-10-27T17:19:21+00:00\",\"dateModified\":\"2025-10-27T17:19:21+00:00\",\"description\":\"ABB finalisse l\u2019acquisition de BrightLoop, pionnier de l\u2019\u00e9lectronique de puissance et renforce son offre d\u2019\u00e9lectrification de la mobilit\u00e9.\",\"breadcrumb\":{\"@id\":\"https:\/\/www.ecinews.fr\/fr\/abb-finalise-lacquisition-de-la-societe-francaise-brightloop\/#breadcrumb\"},\"inLanguage\":\"fr-FR\",\"potentialAction\":[{\"@type\":\"ReadAction\",\"target\":[\"https:\/\/www.ecinews.fr\/fr\/abb-finalise-lacquisition-de-la-societe-francaise-brightloop\/\"]}]},{\"@type\":\"BreadcrumbList\",\"@id\":\"https:\/\/www.ecinews.fr\/fr\/abb-finalise-lacquisition-de-la-societe-francaise-brightloop\/#breadcrumb\",\"itemListElement\":[{\"@type\":\"ListItem\",\"position\":1,\"name\":\"Home\",\"item\":\"https:\/\/www.ecinews.fr\/fr\/\"},{\"@type\":\"ListItem\",\"position\":2,\"name\":\"ABB finalise l\u2019acquisition de la soci\u00e9t\u00e9 fran\u00e7aise BrightLoop\"}]},{\"@type\":\"WebSite\",\"@id\":\"https:\/\/www.eenewseurope.com\/en\/#website\",\"url\":\"https:\/\/www.eenewseurope.com\/en\/\",\"name\":\"EENewsEurope\",\"description\":\"Just another WordPress site\",\"publisher\":{\"@id\":\"https:\/\/www.eenewseurope.com\/en\/#organization\"},\"potentialAction\":[{\"@type\":\"SearchAction\",\"target\":{\"@type\":\"EntryPoint\",\"urlTemplate\":\"https:\/\/www.eenewseurope.com\/en\/?s={search_term_string}\"},\"query-input\":\"required name=search_term_string\"}],\"inLanguage\":\"fr-FR\"},{\"@type\":\"Organization\",\"@id\":\"https:\/\/www.eenewseurope.com\/en\/#organization\",\"name\":\"EENewsEurope\",\"url\":\"https:\/\/www.eenewseurope.com\/en\/\",\"logo\":{\"@type\":\"ImageObject\",\"inLanguage\":\"fr-FR\",\"@id\":\"https:\/\/www.eenewseurope.com\/en\/#\/schema\/logo\/image\/\",\"url\":\"https:\/\/www.ecinews.fr\/wp-content\/uploads\/2022\/02\/logo-1.jpg\",\"contentUrl\":\"https:\/\/www.ecinews.fr\/wp-content\/uploads\/2022\/02\/logo-1.jpg\",\"width\":283,\"height\":113,\"caption\":\"EENewsEurope\"},\"image\":{\"@id\":\"https:\/\/www.eenewseurope.com\/en\/#\/schema\/logo\/image\/\"}},{\"@type\":\"Person\",\"@id\":\"https:\/\/www.eenewseurope.com\/en\/#\/schema\/person\/93c44cde463762f40a8236eaa44c1c17\",\"name\":\"Daniel Cardon\",\"image\":{\"@type\":\"ImageObject\",\"inLanguage\":\"fr-FR\",\"@id\":\"https:\/\/www.eenewseurope.com\/en\/#\/schema\/person\/image\/2b243f6bcc1cff7d86aadfb2cd0bd870\",\"url\":\"https:\/\/secure.gravatar.com\/avatar\/de9edc136dfc061ad4778e04635baefa?s=96&d=mm&r=g\",\"contentUrl\":\"https:\/\/secure.gravatar.com\/avatar\/de9edc136dfc061ad4778e04635baefa?s=96&d=mm&r=g\",\"caption\":\"Daniel Cardon\"}}]}<\/script>","yoast_head_json":{"title":"ABB finalise l\u2019acquisition de la soci\u00e9t\u00e9 fran\u00e7aise BrightL...","description":"ABB finalisse l\u2019acquisition de BrightLoop, pionnier de l\u2019\u00e9lectronique de puissance et renforce son offre d\u2019\u00e9lectrification de la mobilit\u00e9.","robots":{"index":"index","follow":"follow","max-snippet":"max-snippet:-1","max-image-preview":"max-image-preview:large","max-video-preview":"max-video-preview:-1"},"canonical":"https:\/\/www.ecinews.fr\/fr\/wp-json\/wp\/v2\/posts\/487334\/","og_locale":"fr_FR","og_type":"article","og_title":"ABB finalise l\u2019acquisition de la soci\u00e9t\u00e9 fran\u00e7aise BrightLoop","og_description":"ABB finalisse l\u2019acquisition de BrightLoop, pionnier de l\u2019\u00e9lectronique de puissance et renforce son offre d\u2019\u00e9lectrification de la mobilit\u00e9.","og_url":"https:\/\/www.ecinews.fr\/fr\/wp-json\/wp\/v2\/posts\/487334\/","og_site_name":"EENewsEurope","article_published_time":"2025-10-27T17:19:21+00:00","og_image":[{"width":600,"height":371,"url":"https:\/\/www.ecinews.fr\/wp-content\/uploads\/2025\/10\/ABB-Braightloop.jpg","type":"image\/jpeg"}],"author":"Daniel Cardon","twitter_card":"summary_large_image","twitter_misc":{"Written by":"Daniel Cardon","Est. reading time":"2 minutes"},"schema":{"@context":"https:\/\/schema.org","@graph":[{"@type":"Article","@id":"https:\/\/www.ecinews.fr\/fr\/abb-finalise-lacquisition-de-la-societe-francaise-brightloop\/#article","isPartOf":{"@id":"https:\/\/www.ecinews.fr\/fr\/abb-finalise-lacquisition-de-la-societe-francaise-brightloop\/"},"author":{"name":"Daniel Cardon","@id":"https:\/\/www.eenewseurope.com\/en\/#\/schema\/person\/93c44cde463762f40a8236eaa44c1c17"},"headline":"ABB finalise l\u2019acquisition de la soci\u00e9t\u00e9 fran\u00e7aise BrightLoop","datePublished":"2025-10-27T17:19:21+00:00","dateModified":"2025-10-27T17:19:21+00:00","mainEntityOfPage":{"@id":"https:\/\/www.ecinews.fr\/fr\/abb-finalise-lacquisition-de-la-societe-francaise-brightloop\/"},"wordCount":407,"publisher":{"@id":"https:\/\/www.eenewseurope.com\/en\/#organization"},"keywords":["ABB","BrightLoop"],"articleSection":["Actualit\u00e9 g\u00e9n\u00e9rale"],"inLanguage":"fr-FR"},{"@type":"WebPage","@id":"https:\/\/www.ecinews.fr\/fr\/abb-finalise-lacquisition-de-la-societe-francaise-brightloop\/","url":"https:\/\/www.ecinews.fr\/fr\/abb-finalise-lacquisition-de-la-societe-francaise-brightloop\/","name":"ABB finalise l\u2019acquisition de la soci\u00e9t\u00e9 fran\u00e7aise BrightLoop -","isPartOf":{"@id":"https:\/\/www.eenewseurope.com\/en\/#website"},"datePublished":"2025-10-27T17:19:21+00:00","dateModified":"2025-10-27T17:19:21+00:00","description":"ABB finalisse l\u2019acquisition de BrightLoop, pionnier de l\u2019\u00e9lectronique de puissance et renforce son offre d\u2019\u00e9lectrification de la mobilit\u00e9.","breadcrumb":{"@id":"https:\/\/www.ecinews.fr\/fr\/abb-finalise-lacquisition-de-la-societe-francaise-brightloop\/#breadcrumb"},"inLanguage":"fr-FR","potentialAction":[{"@type":"ReadAction","target":["https:\/\/www.ecinews.fr\/fr\/abb-finalise-lacquisition-de-la-societe-francaise-brightloop\/"]}]},{"@type":"BreadcrumbList","@id":"https:\/\/www.ecinews.fr\/fr\/abb-finalise-lacquisition-de-la-societe-francaise-brightloop\/#breadcrumb","itemListElement":[{"@type":"ListItem","position":1,"name":"Home","item":"https:\/\/www.ecinews.fr\/fr\/"},{"@type":"ListItem","position":2,"name":"ABB finalise l\u2019acquisition de la soci\u00e9t\u00e9 fran\u00e7aise BrightLoop"}]},{"@type":"WebSite","@id":"https:\/\/www.eenewseurope.com\/en\/#website","url":"https:\/\/www.eenewseurope.com\/en\/","name":"EENewsEurope","description":"Just another WordPress site","publisher":{"@id":"https:\/\/www.eenewseurope.com\/en\/#organization"},"potentialAction":[{"@type":"SearchAction","target":{"@type":"EntryPoint","urlTemplate":"https:\/\/www.eenewseurope.com\/en\/?s={search_term_string}"},"query-input":"required name=search_term_string"}],"inLanguage":"fr-FR"},{"@type":"Organization","@id":"https:\/\/www.eenewseurope.com\/en\/#organization","name":"EENewsEurope","url":"https:\/\/www.eenewseurope.com\/en\/","logo":{"@type":"ImageObject","inLanguage":"fr-FR","@id":"https:\/\/www.eenewseurope.com\/en\/#\/schema\/logo\/image\/","url":"https:\/\/www.ecinews.fr\/wp-content\/uploads\/2022\/02\/logo-1.jpg","contentUrl":"https:\/\/www.ecinews.fr\/wp-content\/uploads\/2022\/02\/logo-1.jpg","width":283,"height":113,"caption":"EENewsEurope"},"image":{"@id":"https:\/\/www.eenewseurope.com\/en\/#\/schema\/logo\/image\/"}},{"@type":"Person","@id":"https:\/\/www.eenewseurope.com\/en\/#\/schema\/person\/93c44cde463762f40a8236eaa44c1c17","name":"Daniel Cardon","image":{"@type":"ImageObject","inLanguage":"fr-FR","@id":"https:\/\/www.eenewseurope.com\/en\/#\/schema\/person\/image\/2b243f6bcc1cff7d86aadfb2cd0bd870","url":"https:\/\/secure.gravatar.com\/avatar\/de9edc136dfc061ad4778e04635baefa?s=96&d=mm&r=g","contentUrl":"https:\/\/secure.gravatar.com\/avatar\/de9edc136dfc061ad4778e04635baefa?s=96&d=mm&r=g","caption":"Daniel Cardon"}}]}},"authors":[{"term_id":1143,"user_id":11,"is_guest":0,"slug":"danielcardon","display_name":"Daniel Cardon","avatar_url":"https:\/\/secure.gravatar.com\/avatar\/de9edc136dfc061ad4778e04635baefa?s=96&d=mm&r=g","0":null,"1":"","2":"","3":"","4":"","5":"","6":"","7":"","8":""}],"_links":{"self":[{"href":"https:\/\/www.ecinews.fr\/fr\/wp-json\/wp\/v2\/posts\/487334"}],"collection":[{"href":"https:\/\/www.ecinews.fr\/fr\/wp-json\/wp\/v2\/posts"}],"about":[{"href":"https:\/\/www.ecinews.fr\/fr\/wp-json\/wp\/v2\/types\/post"}],"author":[{"embeddable":true,"href":"https:\/\/www.ecinews.fr\/fr\/wp-json\/wp\/v2\/users\/11"}],"replies":[{"embeddable":true,"href":"https:\/\/www.ecinews.fr\/fr\/wp-json\/wp\/v2\/comments?post=487334"}],"version-history":[{"count":0,"href":"https:\/\/www.ecinews.fr\/fr\/wp-json\/wp\/v2\/posts\/487334\/revisions"}],"wp:featuredmedia":[{"embeddable":true,"href":"https:\/\/www.ecinews.fr\/fr\/wp-json\/wp\/v2\/media\/487336"}],"wp:attachment":[{"href":"https:\/\/www.ecinews.fr\/fr\/wp-json\/wp\/v2\/media?parent=487334"}],"wp:term":[{"taxonomy":"category","embeddable":true,"href":"https:\/\/www.ecinews.fr\/fr\/wp-json\/wp\/v2\/categories?post=487334"},{"taxonomy":"post_tag","embeddable":true,"href":"https:\/\/www.ecinews.fr\/fr\/wp-json\/wp\/v2\/tags?post=487334"},{"taxonomy":"domains","embeddable":true,"href":"https:\/\/www.ecinews.fr\/fr\/wp-json\/wp\/v2\/domains?post=487334"},{"taxonomy":"author","embeddable":true,"href":"https:\/\/www.ecinews.fr\/fr\/wp-json\/wp\/v2\/ppma_author?post=487334"}],"curies":[{"name":"wp","href":"https:\/\/api.w.org\/{rel}","templated":true}]}}