{"id":487227,"date":"2025-10-23T21:15:16","date_gmt":"2025-10-23T19:15:16","guid":{"rendered":"https:\/\/www.eenewseurope.com\/?p=487227"},"modified":"2025-10-26T08:57:13","modified_gmt":"2025-10-26T07:57:13","slug":"cest-fait-airbus-leonardo-et-tales-creent-un-acteur-europeen-du-spatial","status":"publish","type":"post","link":"https:\/\/www.ecinews.fr\/fr\/cest-fait-airbus-leonardo-et-tales-creent-un-acteur-europeen-du-spatial\/","title":{"rendered":"C&rsquo;est fait ! Airbus, Leonardo et Thales cr\u00e9ent un acteur europ\u00e9en du spatial"},"content":{"rendered":"<p><strong>Airbus, Leonardo et Thales ont sign\u00e9 un protocole d&rsquo;accord visant \u00e0 regrouper leurs activit\u00e9s spatiales respectives au sein d&rsquo;une nouvelle soci\u00e9t\u00e9. Cet accord vise \u00e0 unifier et \u00e0 renforcer les capacit\u00e9s en combinant les trois activit\u00e9s de fabrication de satellites, de syst\u00e8mes spatiaux et de services spatiaux.<\/strong><\/p>\n<p><strong>Autonomie strat\u00e9gique de l&rsquo;Europe<\/strong><\/p>\n<p>En unissant leurs forces, Airbus, Leonardo et Thales visent \u00e0 renforcer l&rsquo;autonomie strat\u00e9gique de l&rsquo;Europe dans le domaine spatial. Cette nouvelle soci\u00e9t\u00e9 f\u00e9d\u00e9rera, construira et d\u00e9veloppera un portefeuille complet de technologies compl\u00e9mentaires et de solutions compl\u00e8tes, allant des infrastructures spatiales aux services (hors lanceurs spatiaux). Elle acc\u00e9l\u00e9rera l&rsquo;innovation sur ce march\u00e9 strat\u00e9gique, afin de cr\u00e9er un acteur spatial europ\u00e9en int\u00e9gr\u00e9 et r\u00e9silient, dot\u00e9 de la taille critique n\u00e9cessaire pour \u00eatre comp\u00e9titif \u00e0 l&rsquo;\u00e9chelle mondiale et cro\u00eetre \u00e0 l&rsquo;export. Qui plus est, Cette nouvelle entreprise entend \u00e9galement devenir le partenaire de confiance pour le d\u00e9veloppement et la mise en \u0153uvre des programmes spatiaux souverains nationaux.\u00a0<\/p>\n<p>Le projet devrait g\u00e9n\u00e9rer des revenus suppl\u00e9mentaires gr\u00e2ce \u00e0 un portefeuille \u00e9largi de produits et services complets, permettant ainsi une offre plus comp\u00e9titive et une plus grande port\u00e9e commerciale mondiale. L&rsquo;association des comp\u00e9tences ouvre \u00e9galement la voie \u00e0 de nouveaux programmes encore plus innovants pour renforcer le positionnement de la nouvelle entreprise sur le march\u00e9. De nouvelles synergies op\u00e9rationnelles, notamment en ing\u00e9nierie, en fabrication et en gestion de projet, devraient favoriser l&rsquo;efficacit\u00e9 et la cr\u00e9ation de valeur \u00e0 long terme. \u00c0 l&rsquo;issue de la transaction, cette nouvelle entreprise int\u00e9grera les contributions suivantes\u00a0:<\/p>\n<ul>\n<li><strong>Airbus<\/strong>\u00a0apportera sa contribution avec ses activit\u00e9s Space Systems et Space Digital, issues d&rsquo;\u00a0\u00a0<a href=\"https:\/\/www.airbus.com\/en\/products-services\/space\">Airbus Defence and Space<\/a>\u00a0.<\/li>\n<li><strong>Leonardo<\/strong>\u00a0apportera sa contribution avec sa division spatiale, notamment ses parts dans\u00a0\u00a0<a href=\"https:\/\/www.telespazio.com\/it\/home\">Telespazio<\/a>\u00a0et Thales Alenia Space.<\/li>\n<li><strong>Thales<\/strong>\u00a0apportera principalement ses parts dans\u00a0\u00a0<a href=\"https:\/\/www.thalesaleniaspace.com\/fr\">Thales Alenia Space<\/a>\u00a0, Telespazio et Thales SESO.<\/li>\n<\/ul>\n<p>L&rsquo;entit\u00e9 fusionn\u00e9e emploiera environ 25\u00a0000 personnes en Europe. Avec un chiffre d&rsquo;affaires annuel d&rsquo;environ 6,5 milliards d&rsquo;euros (fin 2024, pro forma) et un carnet de commandes repr\u00e9sentant plus de trois ans de ventes pr\u00e9vues, cette nouvelle soci\u00e9t\u00e9 constituera une entit\u00e9 robuste, innovante et comp\u00e9titive \u00e0 l&rsquo;\u00e9chelle mondiale.<\/p>\n<p>La propri\u00e9t\u00e9 de la nouvelle soci\u00e9t\u00e9 sera partag\u00e9e entre les soci\u00e9t\u00e9s m\u00e8res, Airbus, Leonardo et Thales d\u00e9tenant respectivement 35 %, 32,5 % et 32,5 % du capital. Elle op\u00e9rera sous contr\u00f4le conjoint, avec une structure de gouvernance \u00e9quilibr\u00e9e entre les actionnaires.<\/p>\n<p><a href=\"https:\/\/www.airbus.com\/fr\/about-us\/our-worldwide-presence\/airbus-in-europe\/airbus-en-france\">Airbus\u00a0<\/a> &#8211;\u00a0 <a href=\"https:\/\/www.leonardo.com\/en\/home\">Leonardo\u00a0<\/a> &#8211;\u00a0<a href=\"https:\/\/www.thalesgroup.com\/fr\"> Thales<\/a><\/p>\n","protected":false},"excerpt":{"rendered":"<p>Airbus, Leonardo et Thales ont sign\u00e9 un protocole d&rsquo;accord visant \u00e0 regrouper leurs activit\u00e9s spatiales respectives au sein d&rsquo;une nouvelle soci\u00e9t\u00e9. Cet accord vise \u00e0 unifier et \u00e0 renforcer les capacit\u00e9s en combinant les trois activit\u00e9s de fabrication de satellites, de syst\u00e8mes spatiaux et de services spatiaux. Autonomie strat\u00e9gique de l&rsquo;Europe En unissant leurs forces, [&hellip;]<\/p>\n","protected":false},"author":11,"featured_media":487229,"comment_status":"closed","ping_status":"closed","sticky":true,"template":"","format":"standard","meta":{"_acf_changed":false,"footnotes":""},"categories":[886],"tags":[3311],"domains":[47],"ppma_author":[1143],"class_list":["post-487227","post","type-post","status-publish","format-standard","has-post-thumbnail","hentry","category-news-fr","tag-spatial","domains-electronique-eci"],"acf":[],"yoast_head":"<title>C&#039;est fait ! Airbus, Leonardo et Thales cr\u00e9ent un acteur europ...<\/title>\n<meta name=\"description\" content=\"Airbus, Leonardo et Thales ont sign\u00e9 un protocole visant \u00e0 regrouper leurs activit\u00e9s spatiales respectives au sein d&#039;une nouvelle soci\u00e9t\u00e9\" \/>\n<meta name=\"robots\" content=\"index, follow, max-snippet:-1, max-image-preview:large, max-video-preview:-1\" \/>\n<link rel=\"canonical\" href=\"https:\/\/www.ecinews.fr\/fr\/wp-json\/wp\/v2\/posts\/487227\/\" \/>\n<meta property=\"og:locale\" content=\"fr_FR\" \/>\n<meta property=\"og:type\" content=\"article\" \/>\n<meta property=\"og:title\" content=\"C&#039;est fait ! Airbus, Leonardo et Thales cr\u00e9ent un acteur europ\u00e9en du spatial\" \/>\n<meta property=\"og:description\" content=\"Airbus, Leonardo et Thales ont sign\u00e9 un protocole visant \u00e0 regrouper leurs activit\u00e9s spatiales respectives au sein d&#039;une nouvelle soci\u00e9t\u00e9\" \/>\n<meta property=\"og:url\" content=\"https:\/\/www.ecinews.fr\/fr\/wp-json\/wp\/v2\/posts\/487227\/\" \/>\n<meta property=\"og:site_name\" content=\"EENewsEurope\" \/>\n<meta property=\"article:published_time\" content=\"2025-10-23T19:15:16+00:00\" \/>\n<meta property=\"article:modified_time\" content=\"2025-10-26T07:57:13+00:00\" \/>\n<meta property=\"og:image\" content=\"https:\/\/www.ecinews.fr\/wp-content\/uploads\/2025\/10\/Airbus-thales.jpg\" \/>\n\t<meta property=\"og:image:width\" content=\"600\" \/>\n\t<meta property=\"og:image:height\" content=\"384\" \/>\n\t<meta property=\"og:image:type\" content=\"image\/jpeg\" \/>\n<meta name=\"author\" content=\"Daniel Cardon\" \/>\n<meta name=\"twitter:card\" content=\"summary_large_image\" \/>\n<meta name=\"twitter:label1\" content=\"Written by\" \/>\n\t<meta name=\"twitter:data1\" content=\"Daniel Cardon\" \/>\n\t<meta name=\"twitter:label2\" content=\"Est. reading time\" \/>\n\t<meta name=\"twitter:data2\" content=\"2 minutes\" \/>\n<script type=\"application\/ld+json\" class=\"yoast-schema-graph\">{\"@context\":\"https:\/\/schema.org\",\"@graph\":[{\"@type\":\"Article\",\"@id\":\"https:\/\/www.ecinews.fr\/fr\/cest-fait-airbus-leonardo-et-tales-creent-un-acteur-europeen-du-spatial\/#article\",\"isPartOf\":{\"@id\":\"https:\/\/www.ecinews.fr\/fr\/cest-fait-airbus-leonardo-et-tales-creent-un-acteur-europeen-du-spatial\/\"},\"author\":{\"name\":\"Daniel Cardon\",\"@id\":\"https:\/\/www.eenewseurope.com\/en\/#\/schema\/person\/93c44cde463762f40a8236eaa44c1c17\"},\"headline\":\"C&rsquo;est fait ! Airbus, Leonardo et Thales cr\u00e9ent un acteur europ\u00e9en du spatial\",\"datePublished\":\"2025-10-23T19:15:16+00:00\",\"dateModified\":\"2025-10-26T07:57:13+00:00\",\"mainEntityOfPage\":{\"@id\":\"https:\/\/www.ecinews.fr\/fr\/cest-fait-airbus-leonardo-et-tales-creent-un-acteur-europeen-du-spatial\/\"},\"wordCount\":450,\"publisher\":{\"@id\":\"https:\/\/www.eenewseurope.com\/en\/#organization\"},\"keywords\":[\"Spatial\"],\"articleSection\":[\"Actualit\u00e9 g\u00e9n\u00e9rale\"],\"inLanguage\":\"fr-FR\"},{\"@type\":\"WebPage\",\"@id\":\"https:\/\/www.ecinews.fr\/fr\/cest-fait-airbus-leonardo-et-tales-creent-un-acteur-europeen-du-spatial\/\",\"url\":\"https:\/\/www.ecinews.fr\/fr\/cest-fait-airbus-leonardo-et-tales-creent-un-acteur-europeen-du-spatial\/\",\"name\":\"C'est fait ! Airbus, Leonardo et Thales cr\u00e9ent un acteur europ\u00e9en du spatial -\",\"isPartOf\":{\"@id\":\"https:\/\/www.eenewseurope.com\/en\/#website\"},\"datePublished\":\"2025-10-23T19:15:16+00:00\",\"dateModified\":\"2025-10-26T07:57:13+00:00\",\"description\":\"Airbus, Leonardo et Thales ont sign\u00e9 un protocole visant \u00e0 regrouper leurs activit\u00e9s spatiales respectives au sein d'une nouvelle soci\u00e9t\u00e9\",\"breadcrumb\":{\"@id\":\"https:\/\/www.ecinews.fr\/fr\/cest-fait-airbus-leonardo-et-tales-creent-un-acteur-europeen-du-spatial\/#breadcrumb\"},\"inLanguage\":\"fr-FR\",\"potentialAction\":[{\"@type\":\"ReadAction\",\"target\":[\"https:\/\/www.ecinews.fr\/fr\/cest-fait-airbus-leonardo-et-tales-creent-un-acteur-europeen-du-spatial\/\"]}]},{\"@type\":\"BreadcrumbList\",\"@id\":\"https:\/\/www.ecinews.fr\/fr\/cest-fait-airbus-leonardo-et-tales-creent-un-acteur-europeen-du-spatial\/#breadcrumb\",\"itemListElement\":[{\"@type\":\"ListItem\",\"position\":1,\"name\":\"Home\",\"item\":\"https:\/\/www.ecinews.fr\/fr\/\"},{\"@type\":\"ListItem\",\"position\":2,\"name\":\"C&rsquo;est fait ! Airbus, Leonardo et Thales cr\u00e9ent un acteur europ\u00e9en du spatial\"}]},{\"@type\":\"WebSite\",\"@id\":\"https:\/\/www.eenewseurope.com\/en\/#website\",\"url\":\"https:\/\/www.eenewseurope.com\/en\/\",\"name\":\"EENewsEurope\",\"description\":\"Just another WordPress site\",\"publisher\":{\"@id\":\"https:\/\/www.eenewseurope.com\/en\/#organization\"},\"potentialAction\":[{\"@type\":\"SearchAction\",\"target\":{\"@type\":\"EntryPoint\",\"urlTemplate\":\"https:\/\/www.eenewseurope.com\/en\/?s={search_term_string}\"},\"query-input\":\"required name=search_term_string\"}],\"inLanguage\":\"fr-FR\"},{\"@type\":\"Organization\",\"@id\":\"https:\/\/www.eenewseurope.com\/en\/#organization\",\"name\":\"EENewsEurope\",\"url\":\"https:\/\/www.eenewseurope.com\/en\/\",\"logo\":{\"@type\":\"ImageObject\",\"inLanguage\":\"fr-FR\",\"@id\":\"https:\/\/www.eenewseurope.com\/en\/#\/schema\/logo\/image\/\",\"url\":\"https:\/\/www.ecinews.fr\/wp-content\/uploads\/2022\/02\/logo-1.jpg\",\"contentUrl\":\"https:\/\/www.ecinews.fr\/wp-content\/uploads\/2022\/02\/logo-1.jpg\",\"width\":283,\"height\":113,\"caption\":\"EENewsEurope\"},\"image\":{\"@id\":\"https:\/\/www.eenewseurope.com\/en\/#\/schema\/logo\/image\/\"}},{\"@type\":\"Person\",\"@id\":\"https:\/\/www.eenewseurope.com\/en\/#\/schema\/person\/93c44cde463762f40a8236eaa44c1c17\",\"name\":\"Daniel Cardon\",\"image\":{\"@type\":\"ImageObject\",\"inLanguage\":\"fr-FR\",\"@id\":\"https:\/\/www.eenewseurope.com\/en\/#\/schema\/person\/image\/2b243f6bcc1cff7d86aadfb2cd0bd870\",\"url\":\"https:\/\/secure.gravatar.com\/avatar\/de9edc136dfc061ad4778e04635baefa?s=96&d=mm&r=g\",\"contentUrl\":\"https:\/\/secure.gravatar.com\/avatar\/de9edc136dfc061ad4778e04635baefa?s=96&d=mm&r=g\",\"caption\":\"Daniel Cardon\"}}]}<\/script>","yoast_head_json":{"title":"C'est fait ! Airbus, Leonardo et Thales cr\u00e9ent un acteur europ...","description":"Airbus, Leonardo et Thales ont sign\u00e9 un protocole visant \u00e0 regrouper leurs activit\u00e9s spatiales respectives au sein d'une nouvelle soci\u00e9t\u00e9","robots":{"index":"index","follow":"follow","max-snippet":"max-snippet:-1","max-image-preview":"max-image-preview:large","max-video-preview":"max-video-preview:-1"},"canonical":"https:\/\/www.ecinews.fr\/fr\/wp-json\/wp\/v2\/posts\/487227\/","og_locale":"fr_FR","og_type":"article","og_title":"C'est fait ! Airbus, Leonardo et Thales cr\u00e9ent un acteur europ\u00e9en du spatial","og_description":"Airbus, Leonardo et Thales ont sign\u00e9 un protocole visant \u00e0 regrouper leurs activit\u00e9s spatiales respectives au sein d'une nouvelle soci\u00e9t\u00e9","og_url":"https:\/\/www.ecinews.fr\/fr\/wp-json\/wp\/v2\/posts\/487227\/","og_site_name":"EENewsEurope","article_published_time":"2025-10-23T19:15:16+00:00","article_modified_time":"2025-10-26T07:57:13+00:00","og_image":[{"width":600,"height":384,"url":"https:\/\/www.ecinews.fr\/wp-content\/uploads\/2025\/10\/Airbus-thales.jpg","type":"image\/jpeg"}],"author":"Daniel Cardon","twitter_card":"summary_large_image","twitter_misc":{"Written by":"Daniel Cardon","Est. reading time":"2 minutes"},"schema":{"@context":"https:\/\/schema.org","@graph":[{"@type":"Article","@id":"https:\/\/www.ecinews.fr\/fr\/cest-fait-airbus-leonardo-et-tales-creent-un-acteur-europeen-du-spatial\/#article","isPartOf":{"@id":"https:\/\/www.ecinews.fr\/fr\/cest-fait-airbus-leonardo-et-tales-creent-un-acteur-europeen-du-spatial\/"},"author":{"name":"Daniel Cardon","@id":"https:\/\/www.eenewseurope.com\/en\/#\/schema\/person\/93c44cde463762f40a8236eaa44c1c17"},"headline":"C&rsquo;est fait ! Airbus, Leonardo et Thales cr\u00e9ent un acteur europ\u00e9en du spatial","datePublished":"2025-10-23T19:15:16+00:00","dateModified":"2025-10-26T07:57:13+00:00","mainEntityOfPage":{"@id":"https:\/\/www.ecinews.fr\/fr\/cest-fait-airbus-leonardo-et-tales-creent-un-acteur-europeen-du-spatial\/"},"wordCount":450,"publisher":{"@id":"https:\/\/www.eenewseurope.com\/en\/#organization"},"keywords":["Spatial"],"articleSection":["Actualit\u00e9 g\u00e9n\u00e9rale"],"inLanguage":"fr-FR"},{"@type":"WebPage","@id":"https:\/\/www.ecinews.fr\/fr\/cest-fait-airbus-leonardo-et-tales-creent-un-acteur-europeen-du-spatial\/","url":"https:\/\/www.ecinews.fr\/fr\/cest-fait-airbus-leonardo-et-tales-creent-un-acteur-europeen-du-spatial\/","name":"C'est fait ! Airbus, Leonardo et Thales cr\u00e9ent un acteur europ\u00e9en du spatial -","isPartOf":{"@id":"https:\/\/www.eenewseurope.com\/en\/#website"},"datePublished":"2025-10-23T19:15:16+00:00","dateModified":"2025-10-26T07:57:13+00:00","description":"Airbus, Leonardo et Thales ont sign\u00e9 un protocole visant \u00e0 regrouper leurs activit\u00e9s spatiales respectives au sein d'une nouvelle soci\u00e9t\u00e9","breadcrumb":{"@id":"https:\/\/www.ecinews.fr\/fr\/cest-fait-airbus-leonardo-et-tales-creent-un-acteur-europeen-du-spatial\/#breadcrumb"},"inLanguage":"fr-FR","potentialAction":[{"@type":"ReadAction","target":["https:\/\/www.ecinews.fr\/fr\/cest-fait-airbus-leonardo-et-tales-creent-un-acteur-europeen-du-spatial\/"]}]},{"@type":"BreadcrumbList","@id":"https:\/\/www.ecinews.fr\/fr\/cest-fait-airbus-leonardo-et-tales-creent-un-acteur-europeen-du-spatial\/#breadcrumb","itemListElement":[{"@type":"ListItem","position":1,"name":"Home","item":"https:\/\/www.ecinews.fr\/fr\/"},{"@type":"ListItem","position":2,"name":"C&rsquo;est fait ! Airbus, Leonardo et Thales cr\u00e9ent un acteur europ\u00e9en du spatial"}]},{"@type":"WebSite","@id":"https:\/\/www.eenewseurope.com\/en\/#website","url":"https:\/\/www.eenewseurope.com\/en\/","name":"EENewsEurope","description":"Just another WordPress site","publisher":{"@id":"https:\/\/www.eenewseurope.com\/en\/#organization"},"potentialAction":[{"@type":"SearchAction","target":{"@type":"EntryPoint","urlTemplate":"https:\/\/www.eenewseurope.com\/en\/?s={search_term_string}"},"query-input":"required name=search_term_string"}],"inLanguage":"fr-FR"},{"@type":"Organization","@id":"https:\/\/www.eenewseurope.com\/en\/#organization","name":"EENewsEurope","url":"https:\/\/www.eenewseurope.com\/en\/","logo":{"@type":"ImageObject","inLanguage":"fr-FR","@id":"https:\/\/www.eenewseurope.com\/en\/#\/schema\/logo\/image\/","url":"https:\/\/www.ecinews.fr\/wp-content\/uploads\/2022\/02\/logo-1.jpg","contentUrl":"https:\/\/www.ecinews.fr\/wp-content\/uploads\/2022\/02\/logo-1.jpg","width":283,"height":113,"caption":"EENewsEurope"},"image":{"@id":"https:\/\/www.eenewseurope.com\/en\/#\/schema\/logo\/image\/"}},{"@type":"Person","@id":"https:\/\/www.eenewseurope.com\/en\/#\/schema\/person\/93c44cde463762f40a8236eaa44c1c17","name":"Daniel Cardon","image":{"@type":"ImageObject","inLanguage":"fr-FR","@id":"https:\/\/www.eenewseurope.com\/en\/#\/schema\/person\/image\/2b243f6bcc1cff7d86aadfb2cd0bd870","url":"https:\/\/secure.gravatar.com\/avatar\/de9edc136dfc061ad4778e04635baefa?s=96&d=mm&r=g","contentUrl":"https:\/\/secure.gravatar.com\/avatar\/de9edc136dfc061ad4778e04635baefa?s=96&d=mm&r=g","caption":"Daniel Cardon"}}]}},"authors":[{"term_id":1143,"user_id":11,"is_guest":0,"slug":"danielcardon","display_name":"Daniel Cardon","avatar_url":"https:\/\/secure.gravatar.com\/avatar\/de9edc136dfc061ad4778e04635baefa?s=96&d=mm&r=g","0":null,"1":"","2":"","3":"","4":"","5":"","6":"","7":"","8":""}],"_links":{"self":[{"href":"https:\/\/www.ecinews.fr\/fr\/wp-json\/wp\/v2\/posts\/487227"}],"collection":[{"href":"https:\/\/www.ecinews.fr\/fr\/wp-json\/wp\/v2\/posts"}],"about":[{"href":"https:\/\/www.ecinews.fr\/fr\/wp-json\/wp\/v2\/types\/post"}],"author":[{"embeddable":true,"href":"https:\/\/www.ecinews.fr\/fr\/wp-json\/wp\/v2\/users\/11"}],"replies":[{"embeddable":true,"href":"https:\/\/www.ecinews.fr\/fr\/wp-json\/wp\/v2\/comments?post=487227"}],"version-history":[{"count":0,"href":"https:\/\/www.ecinews.fr\/fr\/wp-json\/wp\/v2\/posts\/487227\/revisions"}],"wp:featuredmedia":[{"embeddable":true,"href":"https:\/\/www.ecinews.fr\/fr\/wp-json\/wp\/v2\/media\/487229"}],"wp:attachment":[{"href":"https:\/\/www.ecinews.fr\/fr\/wp-json\/wp\/v2\/media?parent=487227"}],"wp:term":[{"taxonomy":"category","embeddable":true,"href":"https:\/\/www.ecinews.fr\/fr\/wp-json\/wp\/v2\/categories?post=487227"},{"taxonomy":"post_tag","embeddable":true,"href":"https:\/\/www.ecinews.fr\/fr\/wp-json\/wp\/v2\/tags?post=487227"},{"taxonomy":"domains","embeddable":true,"href":"https:\/\/www.ecinews.fr\/fr\/wp-json\/wp\/v2\/domains?post=487227"},{"taxonomy":"author","embeddable":true,"href":"https:\/\/www.ecinews.fr\/fr\/wp-json\/wp\/v2\/ppma_author?post=487227"}],"curies":[{"name":"wp","href":"https:\/\/api.w.org\/{rel}","templated":true}]}}