{"id":486800,"date":"2025-10-13T11:21:54","date_gmt":"2025-10-13T09:21:54","guid":{"rendered":"https:\/\/www.ecinews.fr\/?p=486800"},"modified":"2025-10-13T11:21:54","modified_gmt":"2025-10-13T09:21:54","slug":"le-marche-pour-les-fabs-300-mm-a-plus-de-374-milliards-en-3-ans","status":"publish","type":"post","link":"https:\/\/www.ecinews.fr\/fr\/le-marche-pour-les-fabs-300-mm-a-plus-de-374-milliards-en-3-ans\/","title":{"rendered":"Le march\u00e9 pour les fabs 300 mm \u00e0 plus de $374 milliards en 3 ans"},"content":{"rendered":"<p data-start=\"75\" data-end=\"409\">Selon le dernier rapport 300mm Fab Outlook publi\u00e9 par SEMI lors de SEMICON West, les d\u00e9penses mondiales en \u00e9quipements d&rsquo;usines de fabrication de 300 mm devraient atteindre 374 milliards de dollars entre 2026 et 2028. Cette hausse refl\u00e8te l&rsquo;expansion r\u00e9gionale des fabs, l&rsquo;explosion de la demande de <a href=\"https:\/\/www.eenewseurope.com\/en\/tags\/chip\">puces d&rsquo;<\/a> intelligence artificielle et la volont\u00e9 mondiale de parvenir \u00e0 l&rsquo;autosuffisance en mati\u00e8re de <a href=\"https:\/\/www.eenewseurope.com\/en\/tags\/semiconductor\">semi-conducteurs<\/a>.<\/p>\n<p data-start=\"411\" data-end=\"668\">Pour les lecteurs d&rsquo;ECInews, ces pr\u00e9visions soulignent vers o\u00f9 la capacit\u00e9 de fabrication de puces &#8211; et les opportunit\u00e9s d&rsquo;\u00e9quipement correspondantes &#8211; se d\u00e9veloppera ensuite, ce qui aura un impact sur les fournisseurs, les fonderies et les fournisseurs de mat\u00e9riaux dans l&rsquo;\u00e9cosyst\u00e8me croissant des semi-conducteurs en Europe.<\/p>\n<h2 data-start=\"670\" data-end=\"718\">L&rsquo;IA et la r\u00e9gionalisation stimulent l&rsquo;expansion des fabs<\/h2>\n<p data-start=\"720\" data-end=\"1067\">Selon SEMI, c&rsquo;est en 2025 que les d\u00e9penses mondiales d&rsquo;\u00e9quipement des fabs de 300 mm d\u00e9passeront pour la premi\u00e8re fois les $100 milliards, avec une augmentation de 7 % pour atteindre $107 milliards. L&rsquo;industrie devrait poursuivre son ascension avec 116 milliards de dollars en 2026, 120 milliards de dollars en 2027 et 138 milliards de dollars en 2028, refl\u00e9tant une dynamique soutenue dans les segments de la logique, de la m\u00e9moire et de la puissance.<\/p>\n<div id=\"attachment_486775\" style=\"width: 985px\" class=\"wp-caption alignnone\"><img decoding=\"async\" aria-describedby=\"caption-attachment-486775\" class=\"wp-image-486775 size-full lazyload\" data-src=\"https:\/\/www.eenewseurope.com\/wp-content\/uploads\/2025\/10\/image_689.jpeg\" alt=\"Les d\u00e9penses mondiales d'\u00e9quipement des fabriques de 300 mm atteindront 374 milliards de dollars\" width=\"975\" height=\"497\" data-srcset=\"https:\/\/www.ecinews.fr\/wp-content\/uploads\/2025\/10\/image_689.jpeg 975w, https:\/\/www.ecinews.fr\/wp-content\/uploads\/2025\/10\/image_689-300x153.jpeg 300w, https:\/\/www.ecinews.fr\/wp-content\/uploads\/2025\/10\/image_689-768x391.jpeg 768w\" data-sizes=\"(max-width: 975px) 100vw, 975px\" src=\"data:image\/svg+xml;base64,PHN2ZyB3aWR0aD0iMSIgaGVpZ2h0PSIxIiB4bWxucz0iaHR0cDovL3d3dy53My5vcmcvMjAwMC9zdmciPjwvc3ZnPg==\" style=\"--smush-placeholder-width: 975px; --smush-placeholder-aspect-ratio: 975\/497;\" \/><p id=\"caption-attachment-486775\" class=\"wp-caption-text\"><em>Perspectives des usines de 300 mm, mise \u00e0 jour du 3e trimestre 25 (source : <a href=\"https:\/\/www.semi.org\/en\/semi-press-release\/semi-reports-global-300mm-fab-equipment-spending-expected-to-total-374-billion-dollars-over-next-three-years\">semi)<\/a>.<\/em><\/p><\/div>\n<p data-start=\"1069\" data-end=\"1590\">\u00ab\u00a0L&rsquo;industrie des semi-conducteurs entre dans une \u00e8re charni\u00e8re de transformation, stimul\u00e9e par une demande sans pr\u00e9c\u00e9dent de technologies bas\u00e9es sur l&rsquo;IA et un regain d&rsquo;int\u00e9r\u00eat pour l&rsquo;autosuffisance r\u00e9gionale\u00a0\u00bb, a d\u00e9clar\u00e9 Ajit Manocha, pr\u00e9sident et directeur g\u00e9n\u00e9ral de SEMI. \u00ab\u00a0Les investissements strat\u00e9giques mondiaux et la collaboration favorisent des cha\u00eenes d&rsquo;approvisionnement robustes et avanc\u00e9es, ainsi qu&rsquo;un d\u00e9ploiement plus rapide des technologies de fabrication de semi-conducteurs de nouvelle g\u00e9n\u00e9ration. L&rsquo;expansion mondiale des fabs de 300 mm permettra de progresser dans les centres de donn\u00e9es, les appareils de pointe et l&rsquo;\u00e9conomie num\u00e9rique.\u00a0\u00bb<\/p>\n<p data-start=\"1592\" data-end=\"1981\">Le segment Logic &amp; Micro devrait mener la charge avec 175 milliards de dollars d&rsquo;investissements jusqu&rsquo;en 2028, gr\u00e2ce \u00e0 la construction de fonderies en dessous de 2nm et \u00e0 des technologies avanc\u00e9es telles que le gate-all-around (GAA) et la fourniture d&rsquo;\u00e9nergie par l&rsquo;arri\u00e8re. SEMI pr\u00e9voit que la technologie des processus \u00e0 1,4 nm entrera en production en volume d&rsquo;ici 2028-2029, ce qui acc\u00e9l\u00e9rera encore les gains de performance de l&rsquo;IA et des composants edge.<\/p>\n<p data-start=\"1983\" data-end=\"2424\">Dans le m\u00eame temps, le segment de la m\u00e9moire est pr\u00eat \u00e0 rebondir, totalisant 136 milliards de dollars de d\u00e9penses &#8211; dont 79 milliards de dollars pour la DRAM et 56 milliards de dollars pour la 3D NAND. Les charges de travail de l&rsquo;intelligence artificielle n\u00e9cessitant une m\u00e9moire \u00e0 large bande passante et \u00e0 faible latence continuent de stimuler la demande de stockage HBM et NAND, ce qui favorise les investissements \u00e0 long terme dans l&rsquo;ensemble de la cha\u00eene d&rsquo;approvisionnement. Les segments analogiques et li\u00e9s \u00e0 l&rsquo;alimentation contribueront \u00e0 hauteur de 41 milliards de dollars et 27 milliards de dollars suppl\u00e9mentaires, respectivement.<\/p>\n<h2 data-start=\"2426\" data-end=\"2460\">La Chine m\u00e8ne la danse, l&rsquo;Europe acc\u00e9l\u00e8re<\/h2>\n<p data-start=\"2462\" data-end=\"2766\">Au niveau r\u00e9gional, la Chine restera le pays le plus d\u00e9pensier avec 94 milliards de dollars investis entre 2026 et 2028, suivie par la Cor\u00e9e (86 milliards de dollars) et Ta\u00efwan (75 milliards de dollars). Les Am\u00e9riques devraient investir 60 milliards de dollars, refl\u00e9tant les efforts en cours pour localiser la production de puces et r\u00e9pondre \u00e0 la demande croissante li\u00e9e \u00e0 l&rsquo;IA.<\/p>\n<p data-start=\"2768\" data-end=\"3144\">Plus pr\u00e8s de nous, l&rsquo;Europe et le Moyen-Orient devraient investir 14 milliards de dollars, tandis que le Japon et l&rsquo;Asie du Sud-Est investiront respectivement 32 et 12 milliards de dollars. SEMI note que les incitations politiques stimulent la construction de fabs et les d\u00e9penses d&rsquo;\u00e9quipement dans les trois r\u00e9gions, les investissements devant augmenter de plus de 60 % d&rsquo;ici 2028 par rapport \u00e0 2024.<\/p>\n<p data-start=\"3146\" data-end=\"3313\">Le nouveau rapport SEMI, qui fait partie de la base de donn\u00e9es <em data-start=\"3179\" data-end=\"3199\">300mm Fab Forecast<\/em>, recense 391 fabs et lignes dans le monde, dont neuf nouvelles installations ajout\u00e9es depuis janvier 2025.<\/p>\n<p><a href=\"https:\/\/www.semi.org\/\">SEMI<\/a><\/p>\n","protected":false},"excerpt":{"rendered":"<p>Selon le dernier rapport 300mm Fab Outlook publi\u00e9 par SEMI lors de SEMICON West, les d\u00e9penses mondiales en \u00e9quipements d&rsquo;usines de fabrication de 300 mm devraient atteindre 374 milliards de dollars entre 2026 et 2028. Cette hausse refl\u00e8te l&rsquo;expansion r\u00e9gionale des fabs, l&rsquo;explosion de la demande de puces d&rsquo; intelligence artificielle et la volont\u00e9 mondiale [&hellip;]<\/p>\n","protected":false},"author":40,"featured_media":486776,"comment_status":"closed","ping_status":"closed","sticky":false,"template":"","format":"standard","meta":{"_acf_changed":false,"footnotes":""},"categories":[3669],"tags":[6759,2264],"domains":[47],"ppma_author":[10490,6199],"class_list":["post-486800","post","type-post","status-publish","format-standard","has-post-thumbnail","hentry","category-nouvelles","tag-equipements-et-processus","tag-fabs","domains-electronique-eci"],"acf":[],"yoast_head":"<title>Les d\u00e9penses d&#039;\u00e9quipement des fabriques de 300 mm devraient a...<\/title>\n<meta name=\"description\" content=\"SEMI pr\u00e9voit que les d\u00e9penses mondiales d&#039;\u00e9quipement des fabs de 300 mm atteindront $374 milliards de dollars d&#039;ici 2028\" \/>\n<meta name=\"robots\" content=\"index, follow, max-snippet:-1, max-image-preview:large, max-video-preview:-1\" \/>\n<link rel=\"canonical\" href=\"https:\/\/www.ecinews.fr\/fr\/wp-json\/wp\/v2\/posts\/486800\/\" \/>\n<meta property=\"og:locale\" content=\"fr_FR\" \/>\n<meta property=\"og:type\" content=\"article\" \/>\n<meta property=\"og:title\" content=\"Le march\u00e9 pour les fabs 300 mm \u00e0 plus de $374 milliards en 3 ans\" \/>\n<meta property=\"og:description\" content=\"SEMI pr\u00e9voit que les d\u00e9penses mondiales d&#039;\u00e9quipement des fabs de 300 mm atteindront $374 milliards de dollars d&#039;ici 2028\" \/>\n<meta property=\"og:url\" content=\"https:\/\/www.ecinews.fr\/fr\/wp-json\/wp\/v2\/posts\/486800\/\" \/>\n<meta property=\"og:site_name\" content=\"EENewsEurope\" \/>\n<meta property=\"article:published_time\" content=\"2025-10-13T09:21:54+00:00\" \/>\n<meta property=\"og:image\" content=\"https:\/\/www.ecinews.fr\/wp-content\/uploads\/2025\/10\/image_689.jpeg\" \/>\n\t<meta property=\"og:image:width\" content=\"975\" \/>\n\t<meta property=\"og:image:height\" content=\"497\" \/>\n\t<meta property=\"og:image:type\" content=\"image\/jpeg\" \/>\n<meta name=\"author\" content=\"Asma Adhimi, A Delapalisse\" \/>\n<meta name=\"twitter:card\" content=\"summary_large_image\" \/>\n<meta name=\"twitter:label1\" content=\"Written by\" \/>\n\t<meta name=\"twitter:data1\" content=\"A Delapalisse\" \/>\n\t<meta name=\"twitter:label2\" content=\"Est. reading time\" \/>\n\t<meta name=\"twitter:data2\" content=\"4 minutes\" \/>\n<script type=\"application\/ld+json\" class=\"yoast-schema-graph\">{\"@context\":\"https:\/\/schema.org\",\"@graph\":[{\"@type\":\"Article\",\"@id\":\"https:\/\/www.ecinews.fr\/fr\/le-marche-pour-les-fabs-300-mm-a-plus-de-374-milliards-en-3-ans\/#article\",\"isPartOf\":{\"@id\":\"https:\/\/www.ecinews.fr\/fr\/le-marche-pour-les-fabs-300-mm-a-plus-de-374-milliards-en-3-ans\/\"},\"author\":{\"name\":\"A Delapalisse\",\"@id\":\"https:\/\/www.ecinews.fr\/fr\/#\/schema\/person\/4b3db5ba5c953c5fddeb226df86d8635\"},\"headline\":\"Le march\u00e9 pour les fabs 300 mm \u00e0 plus de $374 milliards en 3 ans\",\"datePublished\":\"2025-10-13T09:21:54+00:00\",\"dateModified\":\"2025-10-13T09:21:54+00:00\",\"mainEntityOfPage\":{\"@id\":\"https:\/\/www.ecinews.fr\/fr\/le-marche-pour-les-fabs-300-mm-a-plus-de-374-milliards-en-3-ans\/\"},\"wordCount\":702,\"publisher\":{\"@id\":\"https:\/\/www.ecinews.fr\/fr\/#organization\"},\"keywords\":[\"Equipements et processus\",\"Fabs\"],\"articleSection\":[\"Nouvelles\"],\"inLanguage\":\"fr-FR\"},{\"@type\":\"WebPage\",\"@id\":\"https:\/\/www.ecinews.fr\/fr\/le-marche-pour-les-fabs-300-mm-a-plus-de-374-milliards-en-3-ans\/\",\"url\":\"https:\/\/www.ecinews.fr\/fr\/le-marche-pour-les-fabs-300-mm-a-plus-de-374-milliards-en-3-ans\/\",\"name\":\"Les d\u00e9penses d'\u00e9quipement des fabriques de 300 mm devraient atteindre 374 milliards de dollars d'ici 2028, selon SEMI\",\"isPartOf\":{\"@id\":\"https:\/\/www.ecinews.fr\/fr\/#website\"},\"datePublished\":\"2025-10-13T09:21:54+00:00\",\"dateModified\":\"2025-10-13T09:21:54+00:00\",\"description\":\"SEMI pr\u00e9voit que les d\u00e9penses mondiales d'\u00e9quipement des fabs de 300 mm atteindront $374 milliards de dollars d'ici 2028\",\"breadcrumb\":{\"@id\":\"https:\/\/www.ecinews.fr\/fr\/le-marche-pour-les-fabs-300-mm-a-plus-de-374-milliards-en-3-ans\/#breadcrumb\"},\"inLanguage\":\"fr-FR\",\"potentialAction\":[{\"@type\":\"ReadAction\",\"target\":[\"https:\/\/www.ecinews.fr\/fr\/le-marche-pour-les-fabs-300-mm-a-plus-de-374-milliards-en-3-ans\/\"]}]},{\"@type\":\"BreadcrumbList\",\"@id\":\"https:\/\/www.ecinews.fr\/fr\/le-marche-pour-les-fabs-300-mm-a-plus-de-374-milliards-en-3-ans\/#breadcrumb\",\"itemListElement\":[{\"@type\":\"ListItem\",\"position\":1,\"name\":\"Home\",\"item\":\"https:\/\/www.ecinews.fr\/fr\/\"},{\"@type\":\"ListItem\",\"position\":2,\"name\":\"Le march\u00e9 pour les fabs 300 mm \u00e0 plus de $374 milliards en 3 ans\"}]},{\"@type\":\"WebSite\",\"@id\":\"https:\/\/www.ecinews.fr\/fr\/#website\",\"url\":\"https:\/\/www.ecinews.fr\/fr\/\",\"name\":\"EENewsEurope\",\"description\":\"Just another WordPress site\",\"publisher\":{\"@id\":\"https:\/\/www.ecinews.fr\/fr\/#organization\"},\"potentialAction\":[{\"@type\":\"SearchAction\",\"target\":{\"@type\":\"EntryPoint\",\"urlTemplate\":\"https:\/\/www.ecinews.fr\/fr\/?s={search_term_string}\"},\"query-input\":\"required name=search_term_string\"}],\"inLanguage\":\"fr-FR\"},{\"@type\":\"Organization\",\"@id\":\"https:\/\/www.ecinews.fr\/fr\/#organization\",\"name\":\"EENewsEurope\",\"url\":\"https:\/\/www.ecinews.fr\/fr\/\",\"logo\":{\"@type\":\"ImageObject\",\"inLanguage\":\"fr-FR\",\"@id\":\"https:\/\/www.ecinews.fr\/fr\/#\/schema\/logo\/image\/\",\"url\":\"https:\/\/www.ecinews.fr\/wp-content\/uploads\/2022\/02\/logo-1.jpg\",\"contentUrl\":\"https:\/\/www.ecinews.fr\/wp-content\/uploads\/2022\/02\/logo-1.jpg\",\"width\":283,\"height\":113,\"caption\":\"EENewsEurope\"},\"image\":{\"@id\":\"https:\/\/www.ecinews.fr\/fr\/#\/schema\/logo\/image\/\"}},{\"@type\":\"Person\",\"@id\":\"https:\/\/www.ecinews.fr\/fr\/#\/schema\/person\/4b3db5ba5c953c5fddeb226df86d8635\",\"name\":\"A Delapalisse\",\"image\":{\"@type\":\"ImageObject\",\"inLanguage\":\"fr-FR\",\"@id\":\"https:\/\/www.ecinews.fr\/fr\/#\/schema\/person\/image\/09af0e1236b95ff53924b8dfe5af278e\",\"url\":\"https:\/\/secure.gravatar.com\/avatar\/010f811c0933b47aea7e9204117b17c6?s=96&d=mm&r=g\",\"contentUrl\":\"https:\/\/secure.gravatar.com\/avatar\/010f811c0933b47aea7e9204117b17c6?s=96&d=mm&r=g\",\"caption\":\"A Delapalisse\"}}]}<\/script>","yoast_head_json":{"title":"Les d\u00e9penses d'\u00e9quipement des fabriques de 300 mm devraient a...","description":"SEMI pr\u00e9voit que les d\u00e9penses mondiales d'\u00e9quipement des fabs de 300 mm atteindront $374 milliards de dollars d'ici 2028","robots":{"index":"index","follow":"follow","max-snippet":"max-snippet:-1","max-image-preview":"max-image-preview:large","max-video-preview":"max-video-preview:-1"},"canonical":"https:\/\/www.ecinews.fr\/fr\/wp-json\/wp\/v2\/posts\/486800\/","og_locale":"fr_FR","og_type":"article","og_title":"Le march\u00e9 pour les fabs 300 mm \u00e0 plus de $374 milliards en 3 ans","og_description":"SEMI pr\u00e9voit que les d\u00e9penses mondiales d'\u00e9quipement des fabs de 300 mm atteindront $374 milliards de dollars d'ici 2028","og_url":"https:\/\/www.ecinews.fr\/fr\/wp-json\/wp\/v2\/posts\/486800\/","og_site_name":"EENewsEurope","article_published_time":"2025-10-13T09:21:54+00:00","og_image":[{"width":975,"height":497,"url":"https:\/\/www.ecinews.fr\/wp-content\/uploads\/2025\/10\/image_689.jpeg","type":"image\/jpeg"}],"author":"Asma Adhimi, A Delapalisse","twitter_card":"summary_large_image","twitter_misc":{"Written by":"A Delapalisse","Est. reading time":"4 minutes"},"schema":{"@context":"https:\/\/schema.org","@graph":[{"@type":"Article","@id":"https:\/\/www.ecinews.fr\/fr\/le-marche-pour-les-fabs-300-mm-a-plus-de-374-milliards-en-3-ans\/#article","isPartOf":{"@id":"https:\/\/www.ecinews.fr\/fr\/le-marche-pour-les-fabs-300-mm-a-plus-de-374-milliards-en-3-ans\/"},"author":{"name":"A Delapalisse","@id":"https:\/\/www.ecinews.fr\/fr\/#\/schema\/person\/4b3db5ba5c953c5fddeb226df86d8635"},"headline":"Le march\u00e9 pour les fabs 300 mm \u00e0 plus de $374 milliards en 3 ans","datePublished":"2025-10-13T09:21:54+00:00","dateModified":"2025-10-13T09:21:54+00:00","mainEntityOfPage":{"@id":"https:\/\/www.ecinews.fr\/fr\/le-marche-pour-les-fabs-300-mm-a-plus-de-374-milliards-en-3-ans\/"},"wordCount":702,"publisher":{"@id":"https:\/\/www.ecinews.fr\/fr\/#organization"},"keywords":["Equipements et processus","Fabs"],"articleSection":["Nouvelles"],"inLanguage":"fr-FR"},{"@type":"WebPage","@id":"https:\/\/www.ecinews.fr\/fr\/le-marche-pour-les-fabs-300-mm-a-plus-de-374-milliards-en-3-ans\/","url":"https:\/\/www.ecinews.fr\/fr\/le-marche-pour-les-fabs-300-mm-a-plus-de-374-milliards-en-3-ans\/","name":"Les d\u00e9penses d'\u00e9quipement des fabriques de 300 mm devraient atteindre 374 milliards de dollars d'ici 2028, selon SEMI","isPartOf":{"@id":"https:\/\/www.ecinews.fr\/fr\/#website"},"datePublished":"2025-10-13T09:21:54+00:00","dateModified":"2025-10-13T09:21:54+00:00","description":"SEMI pr\u00e9voit que les d\u00e9penses mondiales d'\u00e9quipement des fabs de 300 mm atteindront $374 milliards de dollars d'ici 2028","breadcrumb":{"@id":"https:\/\/www.ecinews.fr\/fr\/le-marche-pour-les-fabs-300-mm-a-plus-de-374-milliards-en-3-ans\/#breadcrumb"},"inLanguage":"fr-FR","potentialAction":[{"@type":"ReadAction","target":["https:\/\/www.ecinews.fr\/fr\/le-marche-pour-les-fabs-300-mm-a-plus-de-374-milliards-en-3-ans\/"]}]},{"@type":"BreadcrumbList","@id":"https:\/\/www.ecinews.fr\/fr\/le-marche-pour-les-fabs-300-mm-a-plus-de-374-milliards-en-3-ans\/#breadcrumb","itemListElement":[{"@type":"ListItem","position":1,"name":"Home","item":"https:\/\/www.ecinews.fr\/fr\/"},{"@type":"ListItem","position":2,"name":"Le march\u00e9 pour les fabs 300 mm \u00e0 plus de $374 milliards en 3 ans"}]},{"@type":"WebSite","@id":"https:\/\/www.ecinews.fr\/fr\/#website","url":"https:\/\/www.ecinews.fr\/fr\/","name":"EENewsEurope","description":"Just another WordPress site","publisher":{"@id":"https:\/\/www.ecinews.fr\/fr\/#organization"},"potentialAction":[{"@type":"SearchAction","target":{"@type":"EntryPoint","urlTemplate":"https:\/\/www.ecinews.fr\/fr\/?s={search_term_string}"},"query-input":"required name=search_term_string"}],"inLanguage":"fr-FR"},{"@type":"Organization","@id":"https:\/\/www.ecinews.fr\/fr\/#organization","name":"EENewsEurope","url":"https:\/\/www.ecinews.fr\/fr\/","logo":{"@type":"ImageObject","inLanguage":"fr-FR","@id":"https:\/\/www.ecinews.fr\/fr\/#\/schema\/logo\/image\/","url":"https:\/\/www.ecinews.fr\/wp-content\/uploads\/2022\/02\/logo-1.jpg","contentUrl":"https:\/\/www.ecinews.fr\/wp-content\/uploads\/2022\/02\/logo-1.jpg","width":283,"height":113,"caption":"EENewsEurope"},"image":{"@id":"https:\/\/www.ecinews.fr\/fr\/#\/schema\/logo\/image\/"}},{"@type":"Person","@id":"https:\/\/www.ecinews.fr\/fr\/#\/schema\/person\/4b3db5ba5c953c5fddeb226df86d8635","name":"A Delapalisse","image":{"@type":"ImageObject","inLanguage":"fr-FR","@id":"https:\/\/www.ecinews.fr\/fr\/#\/schema\/person\/image\/09af0e1236b95ff53924b8dfe5af278e","url":"https:\/\/secure.gravatar.com\/avatar\/010f811c0933b47aea7e9204117b17c6?s=96&d=mm&r=g","contentUrl":"https:\/\/secure.gravatar.com\/avatar\/010f811c0933b47aea7e9204117b17c6?s=96&d=mm&r=g","caption":"A Delapalisse"}}]}},"authors":[{"term_id":10490,"user_id":0,"is_guest":1,"slug":"asma-adhimi","display_name":"Asma Adhimi","avatar_url":"https:\/\/secure.gravatar.com\/avatar\/?s=96&d=mm&r=g","0":null,"1":"","2":"","3":"","4":"","5":"","6":"","7":"","8":""},{"term_id":6199,"user_id":40,"is_guest":0,"slug":"andre-rousselotemisys-com","display_name":"A Delapalisse","avatar_url":"https:\/\/secure.gravatar.com\/avatar\/010f811c0933b47aea7e9204117b17c6?s=96&d=mm&r=g","0":null,"1":"","2":"","3":"","4":"","5":"","6":"","7":"","8":""}],"_links":{"self":[{"href":"https:\/\/www.ecinews.fr\/fr\/wp-json\/wp\/v2\/posts\/486800"}],"collection":[{"href":"https:\/\/www.ecinews.fr\/fr\/wp-json\/wp\/v2\/posts"}],"about":[{"href":"https:\/\/www.ecinews.fr\/fr\/wp-json\/wp\/v2\/types\/post"}],"author":[{"embeddable":true,"href":"https:\/\/www.ecinews.fr\/fr\/wp-json\/wp\/v2\/users\/40"}],"replies":[{"embeddable":true,"href":"https:\/\/www.ecinews.fr\/fr\/wp-json\/wp\/v2\/comments?post=486800"}],"version-history":[{"count":0,"href":"https:\/\/www.ecinews.fr\/fr\/wp-json\/wp\/v2\/posts\/486800\/revisions"}],"wp:featuredmedia":[{"embeddable":true,"href":"https:\/\/www.ecinews.fr\/fr\/wp-json\/wp\/v2\/media\/486776"}],"wp:attachment":[{"href":"https:\/\/www.ecinews.fr\/fr\/wp-json\/wp\/v2\/media?parent=486800"}],"wp:term":[{"taxonomy":"category","embeddable":true,"href":"https:\/\/www.ecinews.fr\/fr\/wp-json\/wp\/v2\/categories?post=486800"},{"taxonomy":"post_tag","embeddable":true,"href":"https:\/\/www.ecinews.fr\/fr\/wp-json\/wp\/v2\/tags?post=486800"},{"taxonomy":"domains","embeddable":true,"href":"https:\/\/www.ecinews.fr\/fr\/wp-json\/wp\/v2\/domains?post=486800"},{"taxonomy":"author","embeddable":true,"href":"https:\/\/www.ecinews.fr\/fr\/wp-json\/wp\/v2\/ppma_author?post=486800"}],"curies":[{"name":"wp","href":"https:\/\/api.w.org\/{rel}","templated":true}]}}