{"id":486694,"date":"2025-10-09T12:37:42","date_gmt":"2025-10-09T10:37:42","guid":{"rendered":"https:\/\/www.ecinews.fr\/?p=486694"},"modified":"2025-10-09T12:37:42","modified_gmt":"2025-10-09T10:37:42","slug":"la-croissance-du-marche-des-semi-conducteurs-atteint-217","status":"publish","type":"post","link":"https:\/\/www.ecinews.fr\/fr\/la-croissance-du-marche-des-semi-conducteurs-atteint-217\/","title":{"rendered":"La croissance du march\u00e9 des semi-conducteurs atteint 21,7 %"},"content":{"rendered":"<p data-start=\"56\" data-end=\"446\">Les ventes mondiales de <a href=\"https:\/\/www.eenewseurope.com\/en\/tags\/semiconductor\">semi-conducteurs<\/a> ont atteint 64,9 milliards de dollars en ao\u00fbt 2025, ce qui repr\u00e9sente une augmentation de 21,7 % en glissement annuel et t\u00e9moigne d&rsquo;une forte croissance du march\u00e9 des <a href=\"https:\/\/www.eenewseurope.com\/en\/tags\/chip\">puces<\/a> dans le monde entier. Selon la Semiconductor Industry Association<a href=\"https:\/\/www.semiconductors.org\">(SIA)<\/a>, les ventes ont augment\u00e9 de 4,4 % par rapport aux 62,1 milliards de dollars du mois de juillet, poursuivant ainsi la reprise r\u00e9guli\u00e8re de l&rsquo;industrie, stimul\u00e9e par la demande de m\u00e9moires et de circuits logiques.<\/p>\n<p data-start=\"448\" data-end=\"650\">Cette croissance refl\u00e8te les dynamiques cl\u00e9s qui fa\u00e7onnent l&rsquo;approvisionnement en composants, la fixation des prix et le d\u00e9veloppement technologique tout au long de la cha\u00eene de valeur des semi-conducteurs en Europe, de la conception \u00e0 la fabrication.<\/p>\n<div id=\"attachment_486672\" style=\"width: 1034px\" class=\"wp-caption alignnone\"><img decoding=\"async\" aria-describedby=\"caption-attachment-486672\" class=\"wp-image-486672 size-full lazyload\" data-src=\"https:\/\/www.eenewseurope.com\/wp-content\/uploads\/2025\/10\/Screenshot-2025-10-02-at-10.36.59-AM-1024x777-1.png\" alt=\"La croissance du march\u00e9 des semi-conducteurs atteint 21,7 % en glissement annuel en ao\u00fbt\" width=\"1024\" height=\"777\" data-srcset=\"https:\/\/www.ecinews.fr\/wp-content\/uploads\/2025\/10\/Screenshot-2025-10-02-at-10.36.59-AM-1024x777-1.png 1024w, https:\/\/www.ecinews.fr\/wp-content\/uploads\/2025\/10\/Screenshot-2025-10-02-at-10.36.59-AM-1024x777-1-300x228.png 300w, https:\/\/www.ecinews.fr\/wp-content\/uploads\/2025\/10\/Screenshot-2025-10-02-at-10.36.59-AM-1024x777-1-768x583.png 768w\" data-sizes=\"(max-width: 1024px) 100vw, 1024px\" src=\"data:image\/svg+xml;base64,PHN2ZyB3aWR0aD0iMSIgaGVpZ2h0PSIxIiB4bWxucz0iaHR0cDovL3d3dy53My5vcmcvMjAwMC9zdmciPjwvc3ZnPg==\" style=\"--smush-placeholder-width: 1024px; --smush-placeholder-aspect-ratio: 1024\/777;\" \/><p id=\"caption-attachment-486672\" class=\"wp-caption-text\"><em>Les ventes mondiales de semi-conducteurs ont augment\u00e9 de 21,7 % en ao\u00fbt, en glissement annuel (source : <a href=\"https:\/\/www.wsts.org\">WSTS)<\/a><\/em><\/p><\/div>\n<h2 data-start=\"652\" data-end=\"699\">L&rsquo;Asie-Pacifique et les Am\u00e9riques en t\u00eate<\/h2>\n<p data-start=\"701\" data-end=\"1028\">Selon la SIA, la croissance des ventes a \u00e9t\u00e9 particuli\u00e8rement forte dans la r\u00e9gion Asie-Pacifique\/Autres r\u00e9gions, qui a fait un bond de 43,1 % d&rsquo;une ann\u00e9e sur l&rsquo;autre, suivie par les Am\u00e9riques avec une croissance de 25,5 %. La Chine a \u00e9galement enregistr\u00e9 une solide progression de 12,4 %, tandis que l&rsquo;Europe a connu une modeste augmentation de 4,4 %. Le Japon, quant \u00e0 lui, a enregistr\u00e9 une baisse de 6,9 %.<\/p>\n<p data-start=\"1030\" data-end=\"1210\">En outre, d&rsquo;un mois sur l&rsquo;autre, les ventes ont augment\u00e9 dans toutes les grandes r\u00e9gions : Asie-Pacifique\/Tous les autres (6,9%), Am\u00e9riques (4,3%), Chine (3,3%), Japon (2,0%) et Europe (1,0%).<\/p>\n<p data-start=\"1212\" data-end=\"1504\">\u00ab\u00a0Les ventes mondiales de semi-conducteurs ont continu\u00e9 \u00e0 cro\u00eetre en ao\u00fbt, d\u00e9passant de loin les ventes du mois d&rsquo;ao\u00fbt de l&rsquo;ann\u00e9e derni\u00e8re\u00a0\u00bb, a d\u00e9clar\u00e9 John Neuffer, pr\u00e9sident et directeur g\u00e9n\u00e9ral de la SIA. \u00ab\u00a0Les ventes dans la r\u00e9gion Asie-Pacifique et dans les Am\u00e9riques continuent de stimuler la croissance, les ventes de m\u00e9moires et de puces logiques ayant notamment augment\u00e9.\u00a0\u00bb<\/p>\n<h2 data-start=\"1506\" data-end=\"1541\">De bonnes perspectives pour les fabricants de puces<\/h2>\n<p data-start=\"1543\" data-end=\"1755\">La reprise continue de la demande de semi-conducteurs laisse pr\u00e9sager une nouvelle dynamique d&rsquo;investissement dans l&rsquo;industrie mondiale des puces, les acteurs europ\u00e9ens b\u00e9n\u00e9ficiant d&rsquo;une croissance r\u00e9gionale stable et d&rsquo;une capacit\u00e9 mondiale en expansion.<\/p>\n<p data-start=\"1757\" data-end=\"1939\">La SIA repr\u00e9sente 99 % de l&rsquo;industrie am\u00e9ricaine des semi-conducteurs en termes de chiffre d&rsquo;affaires et pr\u00e8s de deux tiers des entreprises de puces non am\u00e9ricaines, ce qui lui permet d&rsquo;avoir une vue d&rsquo;ensemble des tendances du march\u00e9 mondial.<\/p>\n<p data-start=\"1941\" data-end=\"2078\" data-is-last-node=\"\" data-is-only-node=\"\">Pour des pr\u00e9visions et des donn\u00e9es d\u00e9taill\u00e9es sur le WSTS, SIA recommande le WSTS Subscription Package et le SIA Databook pour des informations approfondies sur le march\u00e9.<\/p>\n","protected":false},"excerpt":{"rendered":"<p>Les ventes mondiales de semi-conducteurs ont atteint 64,9 milliards de dollars en ao\u00fbt 2025, ce qui repr\u00e9sente une augmentation de 21,7 % en glissement annuel et t\u00e9moigne d&rsquo;une forte croissance du march\u00e9 des puces dans le monde entier. Selon la Semiconductor Industry Association(SIA), les ventes ont augment\u00e9 de 4,4 % par rapport aux 62,1 milliards [&hellip;]<\/p>\n","protected":false},"author":40,"featured_media":486673,"comment_status":"closed","ping_status":"closed","sticky":false,"template":"","format":"standard","meta":{"_acf_changed":false,"footnotes":""},"categories":[888,3669],"tags":[6384],"domains":[47],"ppma_author":[10490,6199],"class_list":["post-486694","post","type-post","status-publish","format-standard","has-post-thumbnail","hentry","category-marche","category-nouvelles","tag-semi-conducteurs","domains-electronique-eci"],"acf":[],"yoast_head":"<title>La croissance du march\u00e9 des semi-conducteurs atteint 21,7 % ...<\/title>\n<meta name=\"description\" content=\"Les ventes mondiales de semi-conducteurs ont augment\u00e9 de 21,7 % en ao\u00fbt 2025, signe d&#039;une forte croissance tir\u00e9e par l&#039;Asie et les Am\u00e9riques\" \/>\n<meta name=\"robots\" content=\"index, follow, max-snippet:-1, max-image-preview:large, max-video-preview:-1\" \/>\n<link rel=\"canonical\" href=\"https:\/\/www.ecinews.fr\/fr\/wp-json\/wp\/v2\/posts\/486694\/\" \/>\n<meta property=\"og:locale\" content=\"fr_FR\" \/>\n<meta property=\"og:type\" content=\"article\" \/>\n<meta property=\"og:title\" content=\"La croissance du march\u00e9 des semi-conducteurs atteint 21,7 %\" \/>\n<meta property=\"og:description\" content=\"Les ventes mondiales de semi-conducteurs ont augment\u00e9 de 21,7 % en ao\u00fbt 2025, signe d&#039;une forte croissance tir\u00e9e par l&#039;Asie et les Am\u00e9riques\" \/>\n<meta property=\"og:url\" content=\"https:\/\/www.ecinews.fr\/fr\/wp-json\/wp\/v2\/posts\/486694\/\" \/>\n<meta property=\"og:site_name\" content=\"EENewsEurope\" \/>\n<meta property=\"article:published_time\" content=\"2025-10-09T10:37:42+00:00\" \/>\n<meta property=\"og:image\" content=\"https:\/\/cdn.eenewseurope.com\/wp-content\/uploads\/2025\/10\/Screenshot-2025-10-02-at-10.36.59-AM-1024x777-1.png\" \/>\n\t<meta property=\"og:image:width\" content=\"1024\" \/>\n\t<meta property=\"og:image:height\" content=\"777\" \/>\n\t<meta property=\"og:image:type\" content=\"image\/png\" \/>\n<meta name=\"author\" content=\"Asma Adhimi, A Delapalisse\" \/>\n<meta name=\"twitter:card\" content=\"summary_large_image\" \/>\n<meta name=\"twitter:label1\" content=\"Written by\" \/>\n\t<meta name=\"twitter:data1\" content=\"A Delapalisse\" \/>\n\t<meta name=\"twitter:label2\" content=\"Est. reading time\" \/>\n\t<meta name=\"twitter:data2\" content=\"2 minutes\" \/>\n<script type=\"application\/ld+json\" class=\"yoast-schema-graph\">{\"@context\":\"https:\/\/schema.org\",\"@graph\":[{\"@type\":\"Article\",\"@id\":\"https:\/\/cdn.eenewseurope.com\/fr\/la-croissance-du-marche-des-semi-conducteurs-atteint-217\/#article\",\"isPartOf\":{\"@id\":\"https:\/\/cdn.eenewseurope.com\/fr\/la-croissance-du-marche-des-semi-conducteurs-atteint-217\/\"},\"author\":{\"name\":\"A Delapalisse\",\"@id\":\"https:\/\/www.ecinews.fr\/fr\/#\/schema\/person\/4b3db5ba5c953c5fddeb226df86d8635\"},\"headline\":\"La croissance du march\u00e9 des semi-conducteurs atteint 21,7 %\",\"datePublished\":\"2025-10-09T10:37:42+00:00\",\"dateModified\":\"2025-10-09T10:37:42+00:00\",\"mainEntityOfPage\":{\"@id\":\"https:\/\/cdn.eenewseurope.com\/fr\/la-croissance-du-marche-des-semi-conducteurs-atteint-217\/\"},\"wordCount\":459,\"publisher\":{\"@id\":\"https:\/\/www.ecinews.fr\/fr\/#organization\"},\"keywords\":[\"Semi-conducteurs\"],\"articleSection\":[\"March\u00e9\",\"Nouvelles\"],\"inLanguage\":\"fr-FR\"},{\"@type\":\"WebPage\",\"@id\":\"https:\/\/cdn.eenewseurope.com\/fr\/la-croissance-du-marche-des-semi-conducteurs-atteint-217\/\",\"url\":\"https:\/\/cdn.eenewseurope.com\/fr\/la-croissance-du-marche-des-semi-conducteurs-atteint-217\/\",\"name\":\"La croissance du march\u00e9 des semi-conducteurs atteint 21,7 % -\",\"isPartOf\":{\"@id\":\"https:\/\/www.ecinews.fr\/fr\/#website\"},\"datePublished\":\"2025-10-09T10:37:42+00:00\",\"dateModified\":\"2025-10-09T10:37:42+00:00\",\"description\":\"Les ventes mondiales de semi-conducteurs ont augment\u00e9 de 21,7 % en ao\u00fbt 2025, signe d'une forte croissance tir\u00e9e par l'Asie et les Am\u00e9riques\",\"breadcrumb\":{\"@id\":\"https:\/\/cdn.eenewseurope.com\/fr\/la-croissance-du-marche-des-semi-conducteurs-atteint-217\/#breadcrumb\"},\"inLanguage\":\"fr-FR\",\"potentialAction\":[{\"@type\":\"ReadAction\",\"target\":[\"https:\/\/cdn.eenewseurope.com\/fr\/la-croissance-du-marche-des-semi-conducteurs-atteint-217\/\"]}]},{\"@type\":\"BreadcrumbList\",\"@id\":\"https:\/\/cdn.eenewseurope.com\/fr\/la-croissance-du-marche-des-semi-conducteurs-atteint-217\/#breadcrumb\",\"itemListElement\":[{\"@type\":\"ListItem\",\"position\":1,\"name\":\"Home\",\"item\":\"https:\/\/www.ecinews.fr\/fr\/\"},{\"@type\":\"ListItem\",\"position\":2,\"name\":\"La croissance du march\u00e9 des semi-conducteurs atteint 21,7 %\"}]},{\"@type\":\"WebSite\",\"@id\":\"https:\/\/www.ecinews.fr\/fr\/#website\",\"url\":\"https:\/\/www.ecinews.fr\/fr\/\",\"name\":\"EENewsEurope\",\"description\":\"Just another WordPress site\",\"publisher\":{\"@id\":\"https:\/\/www.ecinews.fr\/fr\/#organization\"},\"potentialAction\":[{\"@type\":\"SearchAction\",\"target\":{\"@type\":\"EntryPoint\",\"urlTemplate\":\"https:\/\/www.ecinews.fr\/fr\/?s={search_term_string}\"},\"query-input\":\"required name=search_term_string\"}],\"inLanguage\":\"fr-FR\"},{\"@type\":\"Organization\",\"@id\":\"https:\/\/www.ecinews.fr\/fr\/#organization\",\"name\":\"EENewsEurope\",\"url\":\"https:\/\/www.ecinews.fr\/fr\/\",\"logo\":{\"@type\":\"ImageObject\",\"inLanguage\":\"fr-FR\",\"@id\":\"https:\/\/www.ecinews.fr\/fr\/#\/schema\/logo\/image\/\",\"url\":\"https:\/\/www.ecinews.fr\/wp-content\/uploads\/2022\/02\/logo-1.jpg\",\"contentUrl\":\"https:\/\/www.ecinews.fr\/wp-content\/uploads\/2022\/02\/logo-1.jpg\",\"width\":283,\"height\":113,\"caption\":\"EENewsEurope\"},\"image\":{\"@id\":\"https:\/\/www.ecinews.fr\/fr\/#\/schema\/logo\/image\/\"}},{\"@type\":\"Person\",\"@id\":\"https:\/\/www.ecinews.fr\/fr\/#\/schema\/person\/4b3db5ba5c953c5fddeb226df86d8635\",\"name\":\"A Delapalisse\",\"image\":{\"@type\":\"ImageObject\",\"inLanguage\":\"fr-FR\",\"@id\":\"https:\/\/www.ecinews.fr\/fr\/#\/schema\/person\/image\/09af0e1236b95ff53924b8dfe5af278e\",\"url\":\"https:\/\/secure.gravatar.com\/avatar\/010f811c0933b47aea7e9204117b17c6?s=96&d=mm&r=g\",\"contentUrl\":\"https:\/\/secure.gravatar.com\/avatar\/010f811c0933b47aea7e9204117b17c6?s=96&d=mm&r=g\",\"caption\":\"A Delapalisse\"}}]}<\/script>","yoast_head_json":{"title":"La croissance du march\u00e9 des semi-conducteurs atteint 21,7 % ...","description":"Les ventes mondiales de semi-conducteurs ont augment\u00e9 de 21,7 % en ao\u00fbt 2025, signe d'une forte croissance tir\u00e9e par l'Asie et les Am\u00e9riques","robots":{"index":"index","follow":"follow","max-snippet":"max-snippet:-1","max-image-preview":"max-image-preview:large","max-video-preview":"max-video-preview:-1"},"canonical":"https:\/\/www.ecinews.fr\/fr\/wp-json\/wp\/v2\/posts\/486694\/","og_locale":"fr_FR","og_type":"article","og_title":"La croissance du march\u00e9 des semi-conducteurs atteint 21,7 %","og_description":"Les ventes mondiales de semi-conducteurs ont augment\u00e9 de 21,7 % en ao\u00fbt 2025, signe d'une forte croissance tir\u00e9e par l'Asie et les Am\u00e9riques","og_url":"https:\/\/www.ecinews.fr\/fr\/wp-json\/wp\/v2\/posts\/486694\/","og_site_name":"EENewsEurope","article_published_time":"2025-10-09T10:37:42+00:00","og_image":[{"width":1024,"height":777,"url":"https:\/\/cdn.eenewseurope.com\/wp-content\/uploads\/2025\/10\/Screenshot-2025-10-02-at-10.36.59-AM-1024x777-1.png","type":"image\/png"}],"author":"Asma Adhimi, A Delapalisse","twitter_card":"summary_large_image","twitter_misc":{"Written by":"A Delapalisse","Est. reading time":"2 minutes"},"schema":{"@context":"https:\/\/schema.org","@graph":[{"@type":"Article","@id":"https:\/\/cdn.eenewseurope.com\/fr\/la-croissance-du-marche-des-semi-conducteurs-atteint-217\/#article","isPartOf":{"@id":"https:\/\/cdn.eenewseurope.com\/fr\/la-croissance-du-marche-des-semi-conducteurs-atteint-217\/"},"author":{"name":"A Delapalisse","@id":"https:\/\/www.ecinews.fr\/fr\/#\/schema\/person\/4b3db5ba5c953c5fddeb226df86d8635"},"headline":"La croissance du march\u00e9 des semi-conducteurs atteint 21,7 %","datePublished":"2025-10-09T10:37:42+00:00","dateModified":"2025-10-09T10:37:42+00:00","mainEntityOfPage":{"@id":"https:\/\/cdn.eenewseurope.com\/fr\/la-croissance-du-marche-des-semi-conducteurs-atteint-217\/"},"wordCount":459,"publisher":{"@id":"https:\/\/www.ecinews.fr\/fr\/#organization"},"keywords":["Semi-conducteurs"],"articleSection":["March\u00e9","Nouvelles"],"inLanguage":"fr-FR"},{"@type":"WebPage","@id":"https:\/\/cdn.eenewseurope.com\/fr\/la-croissance-du-marche-des-semi-conducteurs-atteint-217\/","url":"https:\/\/cdn.eenewseurope.com\/fr\/la-croissance-du-marche-des-semi-conducteurs-atteint-217\/","name":"La croissance du march\u00e9 des semi-conducteurs atteint 21,7 % -","isPartOf":{"@id":"https:\/\/www.ecinews.fr\/fr\/#website"},"datePublished":"2025-10-09T10:37:42+00:00","dateModified":"2025-10-09T10:37:42+00:00","description":"Les ventes mondiales de semi-conducteurs ont augment\u00e9 de 21,7 % en ao\u00fbt 2025, signe d'une forte croissance tir\u00e9e par l'Asie et les Am\u00e9riques","breadcrumb":{"@id":"https:\/\/cdn.eenewseurope.com\/fr\/la-croissance-du-marche-des-semi-conducteurs-atteint-217\/#breadcrumb"},"inLanguage":"fr-FR","potentialAction":[{"@type":"ReadAction","target":["https:\/\/cdn.eenewseurope.com\/fr\/la-croissance-du-marche-des-semi-conducteurs-atteint-217\/"]}]},{"@type":"BreadcrumbList","@id":"https:\/\/cdn.eenewseurope.com\/fr\/la-croissance-du-marche-des-semi-conducteurs-atteint-217\/#breadcrumb","itemListElement":[{"@type":"ListItem","position":1,"name":"Home","item":"https:\/\/www.ecinews.fr\/fr\/"},{"@type":"ListItem","position":2,"name":"La croissance du march\u00e9 des semi-conducteurs atteint 21,7 %"}]},{"@type":"WebSite","@id":"https:\/\/www.ecinews.fr\/fr\/#website","url":"https:\/\/www.ecinews.fr\/fr\/","name":"EENewsEurope","description":"Just another WordPress site","publisher":{"@id":"https:\/\/www.ecinews.fr\/fr\/#organization"},"potentialAction":[{"@type":"SearchAction","target":{"@type":"EntryPoint","urlTemplate":"https:\/\/www.ecinews.fr\/fr\/?s={search_term_string}"},"query-input":"required name=search_term_string"}],"inLanguage":"fr-FR"},{"@type":"Organization","@id":"https:\/\/www.ecinews.fr\/fr\/#organization","name":"EENewsEurope","url":"https:\/\/www.ecinews.fr\/fr\/","logo":{"@type":"ImageObject","inLanguage":"fr-FR","@id":"https:\/\/www.ecinews.fr\/fr\/#\/schema\/logo\/image\/","url":"https:\/\/www.ecinews.fr\/wp-content\/uploads\/2022\/02\/logo-1.jpg","contentUrl":"https:\/\/www.ecinews.fr\/wp-content\/uploads\/2022\/02\/logo-1.jpg","width":283,"height":113,"caption":"EENewsEurope"},"image":{"@id":"https:\/\/www.ecinews.fr\/fr\/#\/schema\/logo\/image\/"}},{"@type":"Person","@id":"https:\/\/www.ecinews.fr\/fr\/#\/schema\/person\/4b3db5ba5c953c5fddeb226df86d8635","name":"A Delapalisse","image":{"@type":"ImageObject","inLanguage":"fr-FR","@id":"https:\/\/www.ecinews.fr\/fr\/#\/schema\/person\/image\/09af0e1236b95ff53924b8dfe5af278e","url":"https:\/\/secure.gravatar.com\/avatar\/010f811c0933b47aea7e9204117b17c6?s=96&d=mm&r=g","contentUrl":"https:\/\/secure.gravatar.com\/avatar\/010f811c0933b47aea7e9204117b17c6?s=96&d=mm&r=g","caption":"A Delapalisse"}}]}},"authors":[{"term_id":10490,"user_id":0,"is_guest":1,"slug":"asma-adhimi","display_name":"Asma Adhimi","avatar_url":"https:\/\/secure.gravatar.com\/avatar\/?s=96&d=mm&r=g","0":null,"1":"","2":"","3":"","4":"","5":"","6":"","7":"","8":""},{"term_id":6199,"user_id":40,"is_guest":0,"slug":"andre-rousselotemisys-com","display_name":"A Delapalisse","avatar_url":"https:\/\/secure.gravatar.com\/avatar\/010f811c0933b47aea7e9204117b17c6?s=96&d=mm&r=g","0":null,"1":"","2":"","3":"","4":"","5":"","6":"","7":"","8":""}],"_links":{"self":[{"href":"https:\/\/www.ecinews.fr\/fr\/wp-json\/wp\/v2\/posts\/486694"}],"collection":[{"href":"https:\/\/www.ecinews.fr\/fr\/wp-json\/wp\/v2\/posts"}],"about":[{"href":"https:\/\/www.ecinews.fr\/fr\/wp-json\/wp\/v2\/types\/post"}],"author":[{"embeddable":true,"href":"https:\/\/www.ecinews.fr\/fr\/wp-json\/wp\/v2\/users\/40"}],"replies":[{"embeddable":true,"href":"https:\/\/www.ecinews.fr\/fr\/wp-json\/wp\/v2\/comments?post=486694"}],"version-history":[{"count":0,"href":"https:\/\/www.ecinews.fr\/fr\/wp-json\/wp\/v2\/posts\/486694\/revisions"}],"wp:featuredmedia":[{"embeddable":true,"href":"https:\/\/www.ecinews.fr\/fr\/wp-json\/wp\/v2\/media\/486673"}],"wp:attachment":[{"href":"https:\/\/www.ecinews.fr\/fr\/wp-json\/wp\/v2\/media?parent=486694"}],"wp:term":[{"taxonomy":"category","embeddable":true,"href":"https:\/\/www.ecinews.fr\/fr\/wp-json\/wp\/v2\/categories?post=486694"},{"taxonomy":"post_tag","embeddable":true,"href":"https:\/\/www.ecinews.fr\/fr\/wp-json\/wp\/v2\/tags?post=486694"},{"taxonomy":"domains","embeddable":true,"href":"https:\/\/www.ecinews.fr\/fr\/wp-json\/wp\/v2\/domains?post=486694"},{"taxonomy":"author","embeddable":true,"href":"https:\/\/www.ecinews.fr\/fr\/wp-json\/wp\/v2\/ppma_author?post=486694"}],"curies":[{"name":"wp","href":"https:\/\/api.w.org\/{rel}","templated":true}]}}