{"id":486606,"date":"2025-10-07T23:30:44","date_gmt":"2025-10-07T21:30:44","guid":{"rendered":"https:\/\/www.eenewseurope.com\/?p=486606"},"modified":"2025-10-07T23:33:27","modified_gmt":"2025-10-07T21:33:27","slug":"ampere-se-projette-dans-le-futur-des-batteries","status":"publish","type":"post","link":"https:\/\/www.ecinews.fr\/fr\/ampere-se-projette-dans-le-futur-des-batteries\/","title":{"rendered":"Ampere se projette dans le futur des batteries au Centre Technique de Lardy"},"content":{"rendered":"<p><strong>Un nouveau laboratoire pour anticiper les ruptures technologiques est op\u00e9rationnel depuis le 30 septembre 2025 au Centre Technique de Lardy en r\u00e9gion parisienne, ce laboratoire de pointe est enti\u00e8rement d\u00e9di\u00e9 au prototypage et \u00e0 l&rsquo;\u00e9valuation des cellules de batteries.<\/strong><\/p>\n<p>Ampere inaugure son Laboratoire Innovation Cellule Batterie, un centre d\u2019excellence con\u00e7u pour anticiper les ruptures technologiques et renforcer la comp\u00e9titivit\u00e9 de Renault Group dans le domaine du v\u00e9hicule \u00e9lectrique. Implant\u00e9 sur 3 000 m\u00b2 r\u00e9partis sur deux niveaux, le b\u00e2timent abrite plus de 120 \u00e9quipements de pointe, dont une salle anhydre de 600 m\u00b2. Il regroupe deux activit\u00e9s cl\u00e9s et compl\u00e9mentaires : le prototypage de cellules et la caract\u00e9risation \u00e9lectro-physico-chimique, permettant d\u2019\u00e9valuer les performances et le comportement des cellules (durabilit\u00e9, charge rapide, d\u00e9montage, analyse interne, etc.).\u00a0Ce laboratoire permettra \u00e0 Ampere d\u2019identifier en amont les technologies prometteuses et les partenaires strat\u00e9giques avec lesquels collaborer. Ceci, dans une logique de ma\u00eetrise de la cha\u00eene de valeur des batteries, de l\u2019amont \u00e0 l\u2019aval, en s\u2019appuyant sur un r\u00e9seau de partenaires de confiance.<\/p>\n<p><em>Josep Maria Recassens, CEO Ampere a d\u00e9clar\u00e9 :\u00ab Avec ce nouveau laboratoire, Ampere affirme pleinement son r\u00f4le au sein du groupe. Notre mission est d\u2019explorer les technologies de rupture, d\u2019identifier les bons partenaires et de s\u00e9curiser les choix technologiques qui feront la diff\u00e9rence demain. Dans un domaine aussi strat\u00e9gique que celui des batteries, cette capacit\u00e9 \u00e0 anticiper et \u00e0 orienter est essentielle pour garantir la comp\u00e9titivit\u00e9 et la durabilit\u00e9 de nos v\u00e9hicules \u00e9lectriques \u00bb<\/em><em><strong>.<\/strong><\/em><\/p>\n<p><strong>le Campus E-Tech de la ReKnow University<\/strong><\/p>\n<p>La cr\u00e9ation de ce nouveau laboratoire s\u2019inscrit pleinement dans la transformation du Centre Technique de Lardy en un \u00e9cosyst\u00e8me de r\u00e9f\u00e9rence pour les technologies du v\u00e9hicule \u00e9lectrique. En compl\u00e9ment,\u00a0le Campus E-Tech de la ReKnow University ouvrira prochainement ses portes\u00a0pour proposer aux collaborateurs d\u2019Ampere et de Renault Group \u2013 et \u00e0 terme \u00e0 d\u2019autres entreprises \u2013 des formations d\u00e9di\u00e9es aux technologies du v\u00e9hicule \u00e9lectrique.<\/p>\n<p><em>Nicolas Racquet, directeur ing\u00e9nierie v\u00e9hicule \u00e9lectrique Ampere ajoute :\u00ab Le Laboratoire Innovation Cellule Batterie est une composante essentielle de notre strat\u00e9gie batterie. Il nous permettra d\u2019\u00eatre plus performants et de renforcer nos capacit\u00e9s d\u2019\u00e9valuation en collaborant de fa\u00e7on renforc\u00e9e avec nos partenaires. Nous nous assurons de prendre de l\u2019avance dans la conception de nos v\u00e9hicules \u00e9lectriques et de faire en sorte qu\u2019ils anticipent les attentes de nos clients \u00bb.<\/em><\/p>\n<p><a href=\"https:\/\/www.ampere.cars\/\">Ampere<\/a><\/p>\n<p><a href=\"https:\/\/www.ampere.cars\/de-nouvelles-batteries-au-service-de-la-performance-des-vehicules-electriques\/\">Pour en savoir plus sur la chimie des batteries<\/a>\u00a0<\/p>\n<p>&nbsp;<\/p>\n<p>&nbsp;<\/p>\n","protected":false},"excerpt":{"rendered":"<p>Un nouveau laboratoire pour anticiper les ruptures technologiques est op\u00e9rationnel depuis le 30 septembre 2025 au Centre Technique de Lardy en r\u00e9gion parisienne, ce laboratoire de pointe est enti\u00e8rement d\u00e9di\u00e9 au prototypage et \u00e0 l&rsquo;\u00e9valuation des cellules de batteries. Ampere inaugure son Laboratoire Innovation Cellule Batterie, un centre d\u2019excellence con\u00e7u pour anticiper les ruptures technologiques [&hellip;]<\/p>\n","protected":false},"author":11,"featured_media":486608,"comment_status":"closed","ping_status":"closed","sticky":true,"template":"","format":"standard","meta":{"_acf_changed":false,"footnotes":""},"categories":[886,883],"tags":[5338,1640,5196],"domains":[47],"ppma_author":[1143],"class_list":["post-486606","post","type-post","status-publish","format-standard","has-post-thumbnail","hentry","category-news-fr","category-technologies","tag-ampere","tag-automobile","tag-batterie-fr","domains-electronique-eci"],"acf":[],"yoast_head":"<title>Ampere se projette dans le futur des batteries au Centre Techni...<\/title>\n<meta name=\"description\" content=\"Ampere inaugure son Laboratoire Innovation Cellule Batterie, un centre d\u2019excellence con\u00e7u pour renforcer la comp\u00e9titivit\u00e9 de Renault\" \/>\n<meta name=\"robots\" content=\"index, follow, max-snippet:-1, max-image-preview:large, max-video-preview:-1\" \/>\n<link rel=\"canonical\" href=\"https:\/\/www.ecinews.fr\/fr\/wp-json\/wp\/v2\/posts\/486606\/\" \/>\n<meta property=\"og:locale\" content=\"fr_FR\" \/>\n<meta property=\"og:type\" content=\"article\" \/>\n<meta property=\"og:title\" content=\"Ampere se projette dans le futur des batteries au Centre Technique de Lardy\" \/>\n<meta property=\"og:description\" content=\"Ampere inaugure son Laboratoire Innovation Cellule Batterie, un centre d\u2019excellence con\u00e7u pour renforcer la comp\u00e9titivit\u00e9 de Renault\" \/>\n<meta property=\"og:url\" content=\"https:\/\/www.ecinews.fr\/fr\/wp-json\/wp\/v2\/posts\/486606\/\" \/>\n<meta property=\"og:site_name\" content=\"EENewsEurope\" \/>\n<meta property=\"article:published_time\" content=\"2025-10-07T21:30:44+00:00\" \/>\n<meta property=\"article:modified_time\" content=\"2025-10-07T21:33:27+00:00\" \/>\n<meta property=\"og:image\" content=\"https:\/\/www.ecinews.fr\/wp-content\/uploads\/2025\/10\/Renault-Landy.jpg\" \/>\n\t<meta property=\"og:image:width\" content=\"600\" \/>\n\t<meta property=\"og:image:height\" content=\"431\" \/>\n\t<meta property=\"og:image:type\" content=\"image\/jpeg\" \/>\n<meta name=\"author\" content=\"Daniel Cardon\" \/>\n<meta name=\"twitter:card\" content=\"summary_large_image\" \/>\n<meta name=\"twitter:label1\" content=\"Written by\" \/>\n\t<meta name=\"twitter:data1\" content=\"Daniel Cardon\" \/>\n\t<meta name=\"twitter:label2\" content=\"Est. reading time\" \/>\n\t<meta name=\"twitter:data2\" content=\"2 minutes\" \/>\n<script type=\"application\/ld+json\" class=\"yoast-schema-graph\">{\"@context\":\"https:\/\/schema.org\",\"@graph\":[{\"@type\":\"Article\",\"@id\":\"https:\/\/www.ecinews.fr\/fr\/ampere-se-projette-dans-le-futur-des-batteries\/#article\",\"isPartOf\":{\"@id\":\"https:\/\/www.ecinews.fr\/fr\/ampere-se-projette-dans-le-futur-des-batteries\/\"},\"author\":{\"name\":\"Daniel Cardon\",\"@id\":\"https:\/\/www.eenewseurope.com\/en\/#\/schema\/person\/93c44cde463762f40a8236eaa44c1c17\"},\"headline\":\"Ampere se projette dans le futur des batteries au Centre Technique de Lardy\",\"datePublished\":\"2025-10-07T21:30:44+00:00\",\"dateModified\":\"2025-10-07T21:33:27+00:00\",\"mainEntityOfPage\":{\"@id\":\"https:\/\/www.ecinews.fr\/fr\/ampere-se-projette-dans-le-futur-des-batteries\/\"},\"wordCount\":446,\"publisher\":{\"@id\":\"https:\/\/www.eenewseurope.com\/en\/#organization\"},\"keywords\":[\"Ampere\",\"Automobile\",\"batterie\"],\"articleSection\":[\"Actualit\u00e9 g\u00e9n\u00e9rale\",\"Technologies\"],\"inLanguage\":\"fr-FR\"},{\"@type\":\"WebPage\",\"@id\":\"https:\/\/www.ecinews.fr\/fr\/ampere-se-projette-dans-le-futur-des-batteries\/\",\"url\":\"https:\/\/www.ecinews.fr\/fr\/ampere-se-projette-dans-le-futur-des-batteries\/\",\"name\":\"Ampere se projette dans le futur des batteries au Centre Technique de Lardy -\",\"isPartOf\":{\"@id\":\"https:\/\/www.eenewseurope.com\/en\/#website\"},\"datePublished\":\"2025-10-07T21:30:44+00:00\",\"dateModified\":\"2025-10-07T21:33:27+00:00\",\"description\":\"Ampere inaugure son Laboratoire Innovation Cellule Batterie, un centre d\u2019excellence con\u00e7u pour renforcer la comp\u00e9titivit\u00e9 de Renault\",\"breadcrumb\":{\"@id\":\"https:\/\/www.ecinews.fr\/fr\/ampere-se-projette-dans-le-futur-des-batteries\/#breadcrumb\"},\"inLanguage\":\"fr-FR\",\"potentialAction\":[{\"@type\":\"ReadAction\",\"target\":[\"https:\/\/www.ecinews.fr\/fr\/ampere-se-projette-dans-le-futur-des-batteries\/\"]}]},{\"@type\":\"BreadcrumbList\",\"@id\":\"https:\/\/www.ecinews.fr\/fr\/ampere-se-projette-dans-le-futur-des-batteries\/#breadcrumb\",\"itemListElement\":[{\"@type\":\"ListItem\",\"position\":1,\"name\":\"Home\",\"item\":\"https:\/\/www.ecinews.fr\/fr\/\"},{\"@type\":\"ListItem\",\"position\":2,\"name\":\"Ampere se projette dans le futur des batteries au Centre Technique de Lardy\"}]},{\"@type\":\"WebSite\",\"@id\":\"https:\/\/www.eenewseurope.com\/en\/#website\",\"url\":\"https:\/\/www.eenewseurope.com\/en\/\",\"name\":\"EENewsEurope\",\"description\":\"Just another WordPress site\",\"publisher\":{\"@id\":\"https:\/\/www.eenewseurope.com\/en\/#organization\"},\"potentialAction\":[{\"@type\":\"SearchAction\",\"target\":{\"@type\":\"EntryPoint\",\"urlTemplate\":\"https:\/\/www.eenewseurope.com\/en\/?s={search_term_string}\"},\"query-input\":\"required name=search_term_string\"}],\"inLanguage\":\"fr-FR\"},{\"@type\":\"Organization\",\"@id\":\"https:\/\/www.eenewseurope.com\/en\/#organization\",\"name\":\"EENewsEurope\",\"url\":\"https:\/\/www.eenewseurope.com\/en\/\",\"logo\":{\"@type\":\"ImageObject\",\"inLanguage\":\"fr-FR\",\"@id\":\"https:\/\/www.eenewseurope.com\/en\/#\/schema\/logo\/image\/\",\"url\":\"https:\/\/www.ecinews.fr\/wp-content\/uploads\/2022\/02\/logo-1.jpg\",\"contentUrl\":\"https:\/\/www.ecinews.fr\/wp-content\/uploads\/2022\/02\/logo-1.jpg\",\"width\":283,\"height\":113,\"caption\":\"EENewsEurope\"},\"image\":{\"@id\":\"https:\/\/www.eenewseurope.com\/en\/#\/schema\/logo\/image\/\"}},{\"@type\":\"Person\",\"@id\":\"https:\/\/www.eenewseurope.com\/en\/#\/schema\/person\/93c44cde463762f40a8236eaa44c1c17\",\"name\":\"Daniel Cardon\",\"image\":{\"@type\":\"ImageObject\",\"inLanguage\":\"fr-FR\",\"@id\":\"https:\/\/www.eenewseurope.com\/en\/#\/schema\/person\/image\/2b243f6bcc1cff7d86aadfb2cd0bd870\",\"url\":\"https:\/\/secure.gravatar.com\/avatar\/de9edc136dfc061ad4778e04635baefa?s=96&d=mm&r=g\",\"contentUrl\":\"https:\/\/secure.gravatar.com\/avatar\/de9edc136dfc061ad4778e04635baefa?s=96&d=mm&r=g\",\"caption\":\"Daniel Cardon\"}}]}<\/script>","yoast_head_json":{"title":"Ampere se projette dans le futur des batteries au Centre Techni...","description":"Ampere inaugure son Laboratoire Innovation Cellule Batterie, un centre d\u2019excellence con\u00e7u pour renforcer la comp\u00e9titivit\u00e9 de Renault","robots":{"index":"index","follow":"follow","max-snippet":"max-snippet:-1","max-image-preview":"max-image-preview:large","max-video-preview":"max-video-preview:-1"},"canonical":"https:\/\/www.ecinews.fr\/fr\/wp-json\/wp\/v2\/posts\/486606\/","og_locale":"fr_FR","og_type":"article","og_title":"Ampere se projette dans le futur des batteries au Centre Technique de Lardy","og_description":"Ampere inaugure son Laboratoire Innovation Cellule Batterie, un centre d\u2019excellence con\u00e7u pour renforcer la comp\u00e9titivit\u00e9 de Renault","og_url":"https:\/\/www.ecinews.fr\/fr\/wp-json\/wp\/v2\/posts\/486606\/","og_site_name":"EENewsEurope","article_published_time":"2025-10-07T21:30:44+00:00","article_modified_time":"2025-10-07T21:33:27+00:00","og_image":[{"width":600,"height":431,"url":"https:\/\/www.ecinews.fr\/wp-content\/uploads\/2025\/10\/Renault-Landy.jpg","type":"image\/jpeg"}],"author":"Daniel Cardon","twitter_card":"summary_large_image","twitter_misc":{"Written by":"Daniel Cardon","Est. reading time":"2 minutes"},"schema":{"@context":"https:\/\/schema.org","@graph":[{"@type":"Article","@id":"https:\/\/www.ecinews.fr\/fr\/ampere-se-projette-dans-le-futur-des-batteries\/#article","isPartOf":{"@id":"https:\/\/www.ecinews.fr\/fr\/ampere-se-projette-dans-le-futur-des-batteries\/"},"author":{"name":"Daniel Cardon","@id":"https:\/\/www.eenewseurope.com\/en\/#\/schema\/person\/93c44cde463762f40a8236eaa44c1c17"},"headline":"Ampere se projette dans le futur des batteries au Centre Technique de Lardy","datePublished":"2025-10-07T21:30:44+00:00","dateModified":"2025-10-07T21:33:27+00:00","mainEntityOfPage":{"@id":"https:\/\/www.ecinews.fr\/fr\/ampere-se-projette-dans-le-futur-des-batteries\/"},"wordCount":446,"publisher":{"@id":"https:\/\/www.eenewseurope.com\/en\/#organization"},"keywords":["Ampere","Automobile","batterie"],"articleSection":["Actualit\u00e9 g\u00e9n\u00e9rale","Technologies"],"inLanguage":"fr-FR"},{"@type":"WebPage","@id":"https:\/\/www.ecinews.fr\/fr\/ampere-se-projette-dans-le-futur-des-batteries\/","url":"https:\/\/www.ecinews.fr\/fr\/ampere-se-projette-dans-le-futur-des-batteries\/","name":"Ampere se projette dans le futur des batteries au Centre Technique de Lardy -","isPartOf":{"@id":"https:\/\/www.eenewseurope.com\/en\/#website"},"datePublished":"2025-10-07T21:30:44+00:00","dateModified":"2025-10-07T21:33:27+00:00","description":"Ampere inaugure son Laboratoire Innovation Cellule Batterie, un centre d\u2019excellence con\u00e7u pour renforcer la comp\u00e9titivit\u00e9 de Renault","breadcrumb":{"@id":"https:\/\/www.ecinews.fr\/fr\/ampere-se-projette-dans-le-futur-des-batteries\/#breadcrumb"},"inLanguage":"fr-FR","potentialAction":[{"@type":"ReadAction","target":["https:\/\/www.ecinews.fr\/fr\/ampere-se-projette-dans-le-futur-des-batteries\/"]}]},{"@type":"BreadcrumbList","@id":"https:\/\/www.ecinews.fr\/fr\/ampere-se-projette-dans-le-futur-des-batteries\/#breadcrumb","itemListElement":[{"@type":"ListItem","position":1,"name":"Home","item":"https:\/\/www.ecinews.fr\/fr\/"},{"@type":"ListItem","position":2,"name":"Ampere se projette dans le futur des batteries au Centre Technique de Lardy"}]},{"@type":"WebSite","@id":"https:\/\/www.eenewseurope.com\/en\/#website","url":"https:\/\/www.eenewseurope.com\/en\/","name":"EENewsEurope","description":"Just another WordPress site","publisher":{"@id":"https:\/\/www.eenewseurope.com\/en\/#organization"},"potentialAction":[{"@type":"SearchAction","target":{"@type":"EntryPoint","urlTemplate":"https:\/\/www.eenewseurope.com\/en\/?s={search_term_string}"},"query-input":"required name=search_term_string"}],"inLanguage":"fr-FR"},{"@type":"Organization","@id":"https:\/\/www.eenewseurope.com\/en\/#organization","name":"EENewsEurope","url":"https:\/\/www.eenewseurope.com\/en\/","logo":{"@type":"ImageObject","inLanguage":"fr-FR","@id":"https:\/\/www.eenewseurope.com\/en\/#\/schema\/logo\/image\/","url":"https:\/\/www.ecinews.fr\/wp-content\/uploads\/2022\/02\/logo-1.jpg","contentUrl":"https:\/\/www.ecinews.fr\/wp-content\/uploads\/2022\/02\/logo-1.jpg","width":283,"height":113,"caption":"EENewsEurope"},"image":{"@id":"https:\/\/www.eenewseurope.com\/en\/#\/schema\/logo\/image\/"}},{"@type":"Person","@id":"https:\/\/www.eenewseurope.com\/en\/#\/schema\/person\/93c44cde463762f40a8236eaa44c1c17","name":"Daniel Cardon","image":{"@type":"ImageObject","inLanguage":"fr-FR","@id":"https:\/\/www.eenewseurope.com\/en\/#\/schema\/person\/image\/2b243f6bcc1cff7d86aadfb2cd0bd870","url":"https:\/\/secure.gravatar.com\/avatar\/de9edc136dfc061ad4778e04635baefa?s=96&d=mm&r=g","contentUrl":"https:\/\/secure.gravatar.com\/avatar\/de9edc136dfc061ad4778e04635baefa?s=96&d=mm&r=g","caption":"Daniel Cardon"}}]}},"authors":[{"term_id":1143,"user_id":11,"is_guest":0,"slug":"danielcardon","display_name":"Daniel Cardon","avatar_url":"https:\/\/secure.gravatar.com\/avatar\/de9edc136dfc061ad4778e04635baefa?s=96&d=mm&r=g","0":null,"1":"","2":"","3":"","4":"","5":"","6":"","7":"","8":""}],"_links":{"self":[{"href":"https:\/\/www.ecinews.fr\/fr\/wp-json\/wp\/v2\/posts\/486606"}],"collection":[{"href":"https:\/\/www.ecinews.fr\/fr\/wp-json\/wp\/v2\/posts"}],"about":[{"href":"https:\/\/www.ecinews.fr\/fr\/wp-json\/wp\/v2\/types\/post"}],"author":[{"embeddable":true,"href":"https:\/\/www.ecinews.fr\/fr\/wp-json\/wp\/v2\/users\/11"}],"replies":[{"embeddable":true,"href":"https:\/\/www.ecinews.fr\/fr\/wp-json\/wp\/v2\/comments?post=486606"}],"version-history":[{"count":0,"href":"https:\/\/www.ecinews.fr\/fr\/wp-json\/wp\/v2\/posts\/486606\/revisions"}],"wp:featuredmedia":[{"embeddable":true,"href":"https:\/\/www.ecinews.fr\/fr\/wp-json\/wp\/v2\/media\/486608"}],"wp:attachment":[{"href":"https:\/\/www.ecinews.fr\/fr\/wp-json\/wp\/v2\/media?parent=486606"}],"wp:term":[{"taxonomy":"category","embeddable":true,"href":"https:\/\/www.ecinews.fr\/fr\/wp-json\/wp\/v2\/categories?post=486606"},{"taxonomy":"post_tag","embeddable":true,"href":"https:\/\/www.ecinews.fr\/fr\/wp-json\/wp\/v2\/tags?post=486606"},{"taxonomy":"domains","embeddable":true,"href":"https:\/\/www.ecinews.fr\/fr\/wp-json\/wp\/v2\/domains?post=486606"},{"taxonomy":"author","embeddable":true,"href":"https:\/\/www.ecinews.fr\/fr\/wp-json\/wp\/v2\/ppma_author?post=486606"}],"curies":[{"name":"wp","href":"https:\/\/api.w.org\/{rel}","templated":true}]}}