{"id":486493,"date":"2025-10-04T09:30:13","date_gmt":"2025-10-04T07:30:13","guid":{"rendered":"https:\/\/www.ecinews.fr\/?p=486493"},"modified":"2025-10-04T09:30:13","modified_gmt":"2025-10-04T07:30:13","slug":"bosch-mobility-va-supprimer-13-000-emplois-dici-a-2030","status":"publish","type":"post","link":"https:\/\/www.ecinews.fr\/fr\/bosch-mobility-va-supprimer-13-000-emplois-dici-a-2030\/","title":{"rendered":"Bosch Mobility va supprimer 13 000 emplois d&rsquo;ici \u00e0 2030"},"content":{"rendered":"<p data-start=\"146\" data-end=\"442\">Bosch Mobility a annonc\u00e9 un vaste programme de restructuration visant \u00e0 combler un d\u00e9ficit de co\u00fbts annuel de 2,5 milliards d&rsquo;euros. Selon Bosch, les suppressions d&#8217;emplois devraient s&rsquo;\u00e9lever \u00e0 environ 13 000 dans le monde d&rsquo;ici \u00e0 2030. Cette d\u00e9cision refl\u00e8te la pression constante qui s&rsquo;exerce sur le march\u00e9 automobile et la n\u00e9cessit\u00e9 de r\u00e9orienter les activit\u00e9s vers les technologies futures.<\/p>\n<p data-start=\"444\" data-end=\"678\">Pour les lecteurs d&rsquo;ECInews, cette annonce met en lumi\u00e8re les d\u00e9fis auxquels sont confront\u00e9s les fournisseurs <a href=\"https:\/\/www.eenewseurope.com\/en\/domain\/eenews-automotive\/\">automobiles<\/a> europ\u00e9ens. Les entreprises doivent trouver un \u00e9quilibre entre les lourds investissements en R&amp;D dans les domaines de l&rsquo;\u00e9lectrification et de l&rsquo;automatisation, d&rsquo;une part, et les pressions concurrentielles et l&rsquo;\u00e9volution de la demande mondiale, d&rsquo;autre part.<\/p>\n<h2 data-start=\"680\" data-end=\"721\">Pressions du march\u00e9, d\u00e9fis en mati\u00e8re de co\u00fbts<\/h2>\n<p data-start=\"723\" data-end=\"1042\">Bosch a cit\u00e9 de multiples facteurs \u00e0 l&rsquo;origine de la restructuration, tels que la faiblesse de la demande mondiale de v\u00e9hicules, l&rsquo;incertitude r\u00e9glementaire et l&rsquo;adoption plus lente que pr\u00e9vu de l&rsquo;\u00e9lectromobilit\u00e9 et de la conduite automatis\u00e9e. L&rsquo;entreprise a \u00e9galement not\u00e9 un d\u00e9placement de la demande en dehors de l&rsquo;Europe, ce qui intensifie la concurrence pour les installations bas\u00e9es en Europe.<\/p>\n<p data-start=\"1044\" data-end=\"1334\">Pour combler ce d\u00e9ficit de 2,5 milliards d&rsquo;euros, Bosch a indiqu\u00e9 qu&rsquo;il pr\u00e9voyait un ensemble de mesures comprenant une utilisation accrue de l&rsquo;IA dans la fabrication et l&rsquo;ing\u00e9nierie, des r\u00e9ductions des co\u00fbts des mat\u00e9riaux et des \u00e9quipements, ainsi qu&rsquo;une efficacit\u00e9 accrue de la logistique et de la cha\u00eene d&rsquo;approvisionnement. Toutefois, les dirigeants ont admis que des r\u00e9ductions de personnel \u00e9taient in\u00e9vitables.<\/p>\n<p data-start=\"1336\" data-end=\"1692\">\u00ab\u00a0Nous devons d&rsquo;urgence travailler sur notre comp\u00e9titivit\u00e9 dans le domaine de la mobilit\u00e9 et continuer \u00e0 r\u00e9duire nos co\u00fbts de mani\u00e8re permanente. Nous utilisons de nombreux leviers pour y parvenir. Malheureusement, nous ne pourrons pas \u00e9viter d&rsquo;autres suppressions d&#8217;emplois que celles d\u00e9j\u00e0 communiqu\u00e9es\u00a0\u00bb, a d\u00e9clar\u00e9 Stefan Grosch, membre du conseil d&rsquo;administration de Bosch et directeur des relations industrielles, dans le <a href=\"https:\/\/www.bosch-presse.de\/pressportal\/de\/en\/current-press-statement-on-recent-changes-at-bosch-mobility-279232.html\">communiqu\u00e9 de<\/a> l&rsquo;entreprise.<\/p>\n<h2 data-start=\"1694\" data-end=\"1727\">Impact au niveau du site en Allemagne<\/h2>\n<p data-start=\"1729\" data-end=\"1882\">Les suppressions d&#8217;emplois affecteront fortement les activit\u00e9s allemandes de Bosch, en particulier les divisions Power Solutions et Electrified Motion. Les principaux sites sont les suivants<\/p>\n<ul data-start=\"1884\" data-end=\"2467\">\n<li data-start=\"1884\" data-end=\"2044\">\n<p data-start=\"1886\" data-end=\"2044\"><strong data-start=\"1886\" data-end=\"1900\">Feuerbach :<\/strong> Environ 3 500 emplois seront supprim\u00e9s, dont 1 500 dans l&rsquo;usine de composants de la cha\u00eene cin\u00e9matique, en raison de la baisse de la demande de diesel et de la lenteur de la mont\u00e9e en puissance de l&rsquo;hydrog\u00e8ne.<\/p>\n<\/li>\n<li data-start=\"2045\" data-end=\"2153\">\n<p data-start=\"2047\" data-end=\"2153\"><strong data-start=\"2047\" data-end=\"2067\">Schwieberdingen :<\/strong> Environ 1 750 emplois dans les domaines de la vente, des achats, de l&rsquo;administration et du d\u00e9veloppement.<\/p>\n<\/li>\n<li data-start=\"2154\" data-end=\"2254\">\n<p data-start=\"2156\" data-end=\"2254\"><strong data-start=\"2156\" data-end=\"2171\">Waiblingen :<\/strong> La production de la technologie des connecteurs sera progressivement abandonn\u00e9e d&rsquo;ici \u00e0 2028, ce qui concerne 560 travailleurs.<\/p>\n<\/li>\n<li data-start=\"2255\" data-end=\"2355\">\n<p data-start=\"2257\" data-end=\"2355\"><strong data-start=\"2257\" data-end=\"2276\">B\u00fchl\/B\u00fchlertal :<\/strong> Environ 1 550 emplois dans le domaine du d\u00e9veloppement et de la production de moteurs \u00e9lectriques devraient \u00eatre supprim\u00e9s.<\/p>\n<\/li>\n<li data-start=\"2356\" data-end=\"2467\">\n<p data-start=\"2358\" data-end=\"2467\"><strong data-start=\"2358\" data-end=\"2370\">Hombourg :<\/strong> suppression de 1250 emplois et regroupement des activit\u00e9s au sein de la division Power Solutions.<\/p>\n<\/li>\n<\/ul>\n<p data-start=\"2469\" data-end=\"2663\">Malgr\u00e9 ces r\u00e9ductions, Bosch a r\u00e9it\u00e9r\u00e9 son engagement envers l&rsquo;Allemagne en tant que base industrielle centrale, notant que les gains d&rsquo;efficacit\u00e9 sont essentiels pour maintenir la comp\u00e9titivit\u00e9 et garantir les commandes futures.<\/p>\n<h2 data-start=\"2665\" data-end=\"2683\">Perspectives d&rsquo;avenir<\/h2>\n<p data-start=\"2685\" data-end=\"3064\">Les dirigeants de Bosch ont soulign\u00e9 l&rsquo;urgence de la restructuration, en insistant sur le fait que les retards pourraient aggraver la situation. \u00ab\u00a0Les d\u00e9veloppements g\u00e9opolitiques et les barri\u00e8res commerciales telles que les droits de douane entra\u00eenent une grande incertitude, \u00e0 laquelle nous devons faire face, comme toutes les entreprises. Nous pouvons nous attendre \u00e0 devoir faire face \u00e0 une concurrence encore plus intense\u00a0\u00bb, a d\u00e9clar\u00e9 Markus Heyn, membre du conseil d&rsquo;administration de Bosch.<\/p>\n<p data-start=\"2685\" data-end=\"3064\">\u00ab\u00a0Je suis convaincu que Bosch Mobility peut s&rsquo;imposer sur le march\u00e9 mondial hautement comp\u00e9titif. Mais nous devons pr\u00e9parer le terrain d\u00e8s maintenant et utiliser nos propres ressources pour garantir notre comp\u00e9titivit\u00e9, car le temps presse\u00a0\u00bb, a-t-il d\u00e9clar\u00e9.<\/p>\n","protected":false},"excerpt":{"rendered":"<p>Bosch Mobility a annonc\u00e9 un vaste programme de restructuration visant \u00e0 combler un d\u00e9ficit de co\u00fbts annuel de 2,5 milliards d&rsquo;euros. Selon Bosch, les suppressions d&#8217;emplois devraient s&rsquo;\u00e9lever \u00e0 environ 13 000 dans le monde d&rsquo;ici \u00e0 2030. Cette d\u00e9cision refl\u00e8te la pression constante qui s&rsquo;exerce sur le march\u00e9 automobile et la n\u00e9cessit\u00e9 de r\u00e9orienter [&hellip;]<\/p>\n","protected":false},"author":34,"featured_media":486483,"comment_status":"closed","ping_status":"closed","sticky":false,"template":"","format":"standard","meta":{"_acf_changed":false,"footnotes":""},"categories":[880],"tags":[1640,3289,4834],"domains":[47],"ppma_author":[9740,1153],"class_list":["post-486493","post","type-post","status-publish","format-standard","has-post-thumbnail","hentry","category-actualites-economiques","tag-automobile","tag-bosch","tag-mobilite","domains-electronique-eci"],"acf":[],"yoast_head":"<title>Bosch Mobility va supprimer 13 000 emplois d&#039;ici \u00e0 2030 ...<\/title>\n<meta name=\"description\" content=\"Bosch Mobility a annonc\u00e9 un programme de restructuration visant \u00e0 combler un d\u00e9ficit de co\u00fbts de 2,5 milliards d&#039;euros\" \/>\n<meta name=\"robots\" content=\"index, follow, max-snippet:-1, max-image-preview:large, max-video-preview:-1\" \/>\n<link rel=\"canonical\" href=\"https:\/\/www.ecinews.fr\/fr\/wp-json\/wp\/v2\/posts\/486493\/\" \/>\n<meta property=\"og:locale\" content=\"fr_FR\" \/>\n<meta property=\"og:type\" content=\"article\" \/>\n<meta property=\"og:title\" content=\"Bosch Mobility va supprimer 13 000 emplois d&#039;ici \u00e0 2030\" \/>\n<meta property=\"og:description\" content=\"Bosch Mobility a annonc\u00e9 un programme de restructuration visant \u00e0 combler un d\u00e9ficit de co\u00fbts de 2,5 milliards d&#039;euros\" \/>\n<meta property=\"og:url\" content=\"https:\/\/www.ecinews.fr\/fr\/wp-json\/wp\/v2\/posts\/486493\/\" \/>\n<meta property=\"og:site_name\" content=\"EENewsEurope\" \/>\n<meta property=\"article:published_time\" content=\"2025-10-04T07:30:13+00:00\" \/>\n<meta property=\"og:image\" content=\"https:\/\/www.ecinews.fr\/wp-content\/uploads\/2025\/10\/bosch-mobility-cuts.png\" \/>\n\t<meta property=\"og:image:width\" content=\"1600\" \/>\n\t<meta property=\"og:image:height\" content=\"929\" \/>\n\t<meta property=\"og:image:type\" content=\"image\/png\" \/>\n<meta name=\"author\" content=\"C.J. Abate, A Delapalisse\" \/>\n<meta name=\"twitter:card\" content=\"summary_large_image\" \/>\n<meta name=\"twitter:label1\" content=\"Written by\" \/>\n\t<meta name=\"twitter:data1\" content=\"A Delapalisse\" \/>\n\t<meta name=\"twitter:label2\" content=\"Est. reading time\" \/>\n\t<meta name=\"twitter:data2\" content=\"3 minutes\" \/>\n<script type=\"application\/ld+json\" class=\"yoast-schema-graph\">{\"@context\":\"https:\/\/schema.org\",\"@graph\":[{\"@type\":\"Article\",\"@id\":\"https:\/\/www.ecinews.fr\/fr\/bosch-mobility-va-supprimer-13-000-emplois-dici-a-2030\/#article\",\"isPartOf\":{\"@id\":\"https:\/\/www.ecinews.fr\/fr\/bosch-mobility-va-supprimer-13-000-emplois-dici-a-2030\/\"},\"author\":{\"name\":\"A Delapalisse\",\"@id\":\"https:\/\/www.ecinews.fr\/fr\/#\/schema\/person\/0aa2cfb0bd8949724a68cbac8d8321b4\"},\"headline\":\"Bosch Mobility va supprimer 13 000 emplois d&rsquo;ici \u00e0 2030\",\"datePublished\":\"2025-10-04T07:30:13+00:00\",\"dateModified\":\"2025-10-04T07:30:13+00:00\",\"mainEntityOfPage\":{\"@id\":\"https:\/\/www.ecinews.fr\/fr\/bosch-mobility-va-supprimer-13-000-emplois-dici-a-2030\/\"},\"wordCount\":680,\"publisher\":{\"@id\":\"https:\/\/www.ecinews.fr\/fr\/#organization\"},\"keywords\":[\"Automobile\",\"Bosch\",\"Mobilit\u00e9\"],\"articleSection\":[\"Actualit\u00e9s \u00e9conomiques\"],\"inLanguage\":\"fr-FR\"},{\"@type\":\"WebPage\",\"@id\":\"https:\/\/www.ecinews.fr\/fr\/bosch-mobility-va-supprimer-13-000-emplois-dici-a-2030\/\",\"url\":\"https:\/\/www.ecinews.fr\/fr\/bosch-mobility-va-supprimer-13-000-emplois-dici-a-2030\/\",\"name\":\"Bosch Mobility va supprimer 13 000 emplois d'ici \u00e0 2030 -\",\"isPartOf\":{\"@id\":\"https:\/\/www.ecinews.fr\/fr\/#website\"},\"datePublished\":\"2025-10-04T07:30:13+00:00\",\"dateModified\":\"2025-10-04T07:30:13+00:00\",\"description\":\"Bosch Mobility a annonc\u00e9 un programme de restructuration visant \u00e0 combler un d\u00e9ficit de co\u00fbts de 2,5 milliards d'euros\",\"breadcrumb\":{\"@id\":\"https:\/\/www.ecinews.fr\/fr\/bosch-mobility-va-supprimer-13-000-emplois-dici-a-2030\/#breadcrumb\"},\"inLanguage\":\"fr-FR\",\"potentialAction\":[{\"@type\":\"ReadAction\",\"target\":[\"https:\/\/www.ecinews.fr\/fr\/bosch-mobility-va-supprimer-13-000-emplois-dici-a-2030\/\"]}]},{\"@type\":\"BreadcrumbList\",\"@id\":\"https:\/\/www.ecinews.fr\/fr\/bosch-mobility-va-supprimer-13-000-emplois-dici-a-2030\/#breadcrumb\",\"itemListElement\":[{\"@type\":\"ListItem\",\"position\":1,\"name\":\"Home\",\"item\":\"https:\/\/www.ecinews.fr\/fr\/\"},{\"@type\":\"ListItem\",\"position\":2,\"name\":\"Bosch Mobility va supprimer 13 000 emplois d&rsquo;ici \u00e0 2030\"}]},{\"@type\":\"WebSite\",\"@id\":\"https:\/\/www.ecinews.fr\/fr\/#website\",\"url\":\"https:\/\/www.ecinews.fr\/fr\/\",\"name\":\"EENewsEurope\",\"description\":\"Just another WordPress site\",\"publisher\":{\"@id\":\"https:\/\/www.ecinews.fr\/fr\/#organization\"},\"potentialAction\":[{\"@type\":\"SearchAction\",\"target\":{\"@type\":\"EntryPoint\",\"urlTemplate\":\"https:\/\/www.ecinews.fr\/fr\/?s={search_term_string}\"},\"query-input\":\"required name=search_term_string\"}],\"inLanguage\":\"fr-FR\"},{\"@type\":\"Organization\",\"@id\":\"https:\/\/www.ecinews.fr\/fr\/#organization\",\"name\":\"EENewsEurope\",\"url\":\"https:\/\/www.ecinews.fr\/fr\/\",\"logo\":{\"@type\":\"ImageObject\",\"inLanguage\":\"fr-FR\",\"@id\":\"https:\/\/www.ecinews.fr\/fr\/#\/schema\/logo\/image\/\",\"url\":\"https:\/\/www.ecinews.fr\/wp-content\/uploads\/2022\/02\/logo-1.jpg\",\"contentUrl\":\"https:\/\/www.ecinews.fr\/wp-content\/uploads\/2022\/02\/logo-1.jpg\",\"width\":283,\"height\":113,\"caption\":\"EENewsEurope\"},\"image\":{\"@id\":\"https:\/\/www.ecinews.fr\/fr\/#\/schema\/logo\/image\/\"}},{\"@type\":\"Person\",\"@id\":\"https:\/\/www.ecinews.fr\/fr\/#\/schema\/person\/0aa2cfb0bd8949724a68cbac8d8321b4\",\"name\":\"A Delapalisse\",\"image\":{\"@type\":\"ImageObject\",\"inLanguage\":\"fr-FR\",\"@id\":\"https:\/\/www.ecinews.fr\/fr\/#\/schema\/person\/image\/211ac42237c2e9683c0964086c393cb4\",\"url\":\"https:\/\/secure.gravatar.com\/avatar\/ad45a8c5da24bc9c7c4940dd1c48a695?s=96&d=mm&r=g\",\"contentUrl\":\"https:\/\/secure.gravatar.com\/avatar\/ad45a8c5da24bc9c7c4940dd1c48a695?s=96&d=mm&r=g\",\"caption\":\"A Delapalisse\"},\"sameAs\":[\"http:\/\/ECI\"]}]}<\/script>","yoast_head_json":{"title":"Bosch Mobility va supprimer 13 000 emplois d'ici \u00e0 2030 ...","description":"Bosch Mobility a annonc\u00e9 un programme de restructuration visant \u00e0 combler un d\u00e9ficit de co\u00fbts de 2,5 milliards d'euros","robots":{"index":"index","follow":"follow","max-snippet":"max-snippet:-1","max-image-preview":"max-image-preview:large","max-video-preview":"max-video-preview:-1"},"canonical":"https:\/\/www.ecinews.fr\/fr\/wp-json\/wp\/v2\/posts\/486493\/","og_locale":"fr_FR","og_type":"article","og_title":"Bosch Mobility va supprimer 13 000 emplois d'ici \u00e0 2030","og_description":"Bosch Mobility a annonc\u00e9 un programme de restructuration visant \u00e0 combler un d\u00e9ficit de co\u00fbts de 2,5 milliards d'euros","og_url":"https:\/\/www.ecinews.fr\/fr\/wp-json\/wp\/v2\/posts\/486493\/","og_site_name":"EENewsEurope","article_published_time":"2025-10-04T07:30:13+00:00","og_image":[{"width":1600,"height":929,"url":"https:\/\/www.ecinews.fr\/wp-content\/uploads\/2025\/10\/bosch-mobility-cuts.png","type":"image\/png"}],"author":"C.J. Abate, A Delapalisse","twitter_card":"summary_large_image","twitter_misc":{"Written by":"A Delapalisse","Est. reading time":"3 minutes"},"schema":{"@context":"https:\/\/schema.org","@graph":[{"@type":"Article","@id":"https:\/\/www.ecinews.fr\/fr\/bosch-mobility-va-supprimer-13-000-emplois-dici-a-2030\/#article","isPartOf":{"@id":"https:\/\/www.ecinews.fr\/fr\/bosch-mobility-va-supprimer-13-000-emplois-dici-a-2030\/"},"author":{"name":"A Delapalisse","@id":"https:\/\/www.ecinews.fr\/fr\/#\/schema\/person\/0aa2cfb0bd8949724a68cbac8d8321b4"},"headline":"Bosch Mobility va supprimer 13 000 emplois d&rsquo;ici \u00e0 2030","datePublished":"2025-10-04T07:30:13+00:00","dateModified":"2025-10-04T07:30:13+00:00","mainEntityOfPage":{"@id":"https:\/\/www.ecinews.fr\/fr\/bosch-mobility-va-supprimer-13-000-emplois-dici-a-2030\/"},"wordCount":680,"publisher":{"@id":"https:\/\/www.ecinews.fr\/fr\/#organization"},"keywords":["Automobile","Bosch","Mobilit\u00e9"],"articleSection":["Actualit\u00e9s \u00e9conomiques"],"inLanguage":"fr-FR"},{"@type":"WebPage","@id":"https:\/\/www.ecinews.fr\/fr\/bosch-mobility-va-supprimer-13-000-emplois-dici-a-2030\/","url":"https:\/\/www.ecinews.fr\/fr\/bosch-mobility-va-supprimer-13-000-emplois-dici-a-2030\/","name":"Bosch Mobility va supprimer 13 000 emplois d'ici \u00e0 2030 -","isPartOf":{"@id":"https:\/\/www.ecinews.fr\/fr\/#website"},"datePublished":"2025-10-04T07:30:13+00:00","dateModified":"2025-10-04T07:30:13+00:00","description":"Bosch Mobility a annonc\u00e9 un programme de restructuration visant \u00e0 combler un d\u00e9ficit de co\u00fbts de 2,5 milliards d'euros","breadcrumb":{"@id":"https:\/\/www.ecinews.fr\/fr\/bosch-mobility-va-supprimer-13-000-emplois-dici-a-2030\/#breadcrumb"},"inLanguage":"fr-FR","potentialAction":[{"@type":"ReadAction","target":["https:\/\/www.ecinews.fr\/fr\/bosch-mobility-va-supprimer-13-000-emplois-dici-a-2030\/"]}]},{"@type":"BreadcrumbList","@id":"https:\/\/www.ecinews.fr\/fr\/bosch-mobility-va-supprimer-13-000-emplois-dici-a-2030\/#breadcrumb","itemListElement":[{"@type":"ListItem","position":1,"name":"Home","item":"https:\/\/www.ecinews.fr\/fr\/"},{"@type":"ListItem","position":2,"name":"Bosch Mobility va supprimer 13 000 emplois d&rsquo;ici \u00e0 2030"}]},{"@type":"WebSite","@id":"https:\/\/www.ecinews.fr\/fr\/#website","url":"https:\/\/www.ecinews.fr\/fr\/","name":"EENewsEurope","description":"Just another WordPress site","publisher":{"@id":"https:\/\/www.ecinews.fr\/fr\/#organization"},"potentialAction":[{"@type":"SearchAction","target":{"@type":"EntryPoint","urlTemplate":"https:\/\/www.ecinews.fr\/fr\/?s={search_term_string}"},"query-input":"required name=search_term_string"}],"inLanguage":"fr-FR"},{"@type":"Organization","@id":"https:\/\/www.ecinews.fr\/fr\/#organization","name":"EENewsEurope","url":"https:\/\/www.ecinews.fr\/fr\/","logo":{"@type":"ImageObject","inLanguage":"fr-FR","@id":"https:\/\/www.ecinews.fr\/fr\/#\/schema\/logo\/image\/","url":"https:\/\/www.ecinews.fr\/wp-content\/uploads\/2022\/02\/logo-1.jpg","contentUrl":"https:\/\/www.ecinews.fr\/wp-content\/uploads\/2022\/02\/logo-1.jpg","width":283,"height":113,"caption":"EENewsEurope"},"image":{"@id":"https:\/\/www.ecinews.fr\/fr\/#\/schema\/logo\/image\/"}},{"@type":"Person","@id":"https:\/\/www.ecinews.fr\/fr\/#\/schema\/person\/0aa2cfb0bd8949724a68cbac8d8321b4","name":"A Delapalisse","image":{"@type":"ImageObject","inLanguage":"fr-FR","@id":"https:\/\/www.ecinews.fr\/fr\/#\/schema\/person\/image\/211ac42237c2e9683c0964086c393cb4","url":"https:\/\/secure.gravatar.com\/avatar\/ad45a8c5da24bc9c7c4940dd1c48a695?s=96&d=mm&r=g","contentUrl":"https:\/\/secure.gravatar.com\/avatar\/ad45a8c5da24bc9c7c4940dd1c48a695?s=96&d=mm&r=g","caption":"A Delapalisse"},"sameAs":["http:\/\/ECI"]}]}},"authors":[{"term_id":9740,"user_id":0,"is_guest":1,"slug":"c-j-abate","display_name":"C.J. Abate","avatar_url":"https:\/\/secure.gravatar.com\/avatar\/?s=96&d=mm&r=g","0":null,"1":"","2":"","3":"","4":"","5":"","6":"","7":"","8":""},{"term_id":1153,"user_id":34,"is_guest":0,"slug":"adelapalisse","display_name":"A Delapalisse","avatar_url":"https:\/\/secure.gravatar.com\/avatar\/ad45a8c5da24bc9c7c4940dd1c48a695?s=96&d=mm&r=g","0":null,"1":"","2":"","3":"","4":"","5":"","6":"","7":"","8":""}],"_links":{"self":[{"href":"https:\/\/www.ecinews.fr\/fr\/wp-json\/wp\/v2\/posts\/486493"}],"collection":[{"href":"https:\/\/www.ecinews.fr\/fr\/wp-json\/wp\/v2\/posts"}],"about":[{"href":"https:\/\/www.ecinews.fr\/fr\/wp-json\/wp\/v2\/types\/post"}],"author":[{"embeddable":true,"href":"https:\/\/www.ecinews.fr\/fr\/wp-json\/wp\/v2\/users\/34"}],"replies":[{"embeddable":true,"href":"https:\/\/www.ecinews.fr\/fr\/wp-json\/wp\/v2\/comments?post=486493"}],"version-history":[{"count":0,"href":"https:\/\/www.ecinews.fr\/fr\/wp-json\/wp\/v2\/posts\/486493\/revisions"}],"wp:featuredmedia":[{"embeddable":true,"href":"https:\/\/www.ecinews.fr\/fr\/wp-json\/wp\/v2\/media\/486483"}],"wp:attachment":[{"href":"https:\/\/www.ecinews.fr\/fr\/wp-json\/wp\/v2\/media?parent=486493"}],"wp:term":[{"taxonomy":"category","embeddable":true,"href":"https:\/\/www.ecinews.fr\/fr\/wp-json\/wp\/v2\/categories?post=486493"},{"taxonomy":"post_tag","embeddable":true,"href":"https:\/\/www.ecinews.fr\/fr\/wp-json\/wp\/v2\/tags?post=486493"},{"taxonomy":"domains","embeddable":true,"href":"https:\/\/www.ecinews.fr\/fr\/wp-json\/wp\/v2\/domains?post=486493"},{"taxonomy":"author","embeddable":true,"href":"https:\/\/www.ecinews.fr\/fr\/wp-json\/wp\/v2\/ppma_author?post=486493"}],"curies":[{"name":"wp","href":"https:\/\/api.w.org\/{rel}","templated":true}]}}