{"id":486349,"date":"2025-09-30T16:20:00","date_gmt":"2025-09-30T14:20:00","guid":{"rendered":"https:\/\/www.ecinews.fr\/?p=486349"},"modified":"2025-10-01T17:03:50","modified_gmt":"2025-10-01T15:03:50","slug":"cotelec-mbs-maroc-lance-une-nouvelle-activite-de-fabrication-de-cables-electriques-et-electroniques","status":"publish","type":"post","link":"https:\/\/www.ecinews.fr\/fr\/cotelec-mbs-maroc-lance-une-nouvelle-activite-de-fabrication-de-cables-electriques-et-electroniques\/","title":{"rendered":"COTELEC MBS Maroc lance une nouvelle activit\u00e9 de fabrication de c\u00e2bles \u00e9lectriques et \u00e9lectroniques"},"content":{"rendered":"<h3>Dans une dynamique de croissance continue, COTELEC MBS Maroc, filiale du groupe COTELEC, annonce le lancement d\u2019une nouvelle activit\u00e9 industrielle d\u00e9di\u00e9e \u00e0 la fabrication de c\u00e2bles \u00e9lectriques et \u00e9lectroniques. Deux ans apr\u00e8s son implantation au Maroc, la filiale franchit une nouvelle \u00e9tape pour r\u00e9pondre aux besoins croissants du march\u00e9 nord-africain.<\/h3>\n<h3>Une offre compl\u00e8te et sur mesure pour le c\u00e2blage industriel<\/h3>\n<p>Forte de son expertise dans la distribution de composants technologiques (connecteurs, gaines, outillages de sertissage\u2026), COTELEC met d\u00e9sormais son savoir-faire au service de la production de c\u00e2bles de haute qualit\u00e9, adapt\u00e9s aux exigences des secteurs industriels les plus pointus.<\/p>\n<p>Gr\u00e2ce \u00e0 son atelier de c\u00e2blage r\u00e9cemment op\u00e9rationnel, COTELEC MBS Maroc est en mesure de proposer :<\/p>\n<ul>\n<li>C\u00e2bles sur mesure : adapt\u00e9s aux besoins sp\u00e9cifiques de chaque client et application.<\/li>\n<li>Assemblages complets : int\u00e9grant connecteurs, gaines, marquage et \u00e9tiquetage.<\/li>\n<li>Petites et grandes s\u00e9ries : flexibilit\u00e9 pour les prototypes, pr\u00e9-s\u00e9ries et productions en volume.<\/li>\n<li>Solutions cl\u00e9s en main : de la fourniture de composants \u00e0 l\u2019assemblage final test\u00e9.<\/li>\n<li>Tests de continuit\u00e9 et d\u2019isolement : pour garantir la fiabilit\u00e9 des c\u00e2bles produits.<\/li>\n<\/ul>\n<h3>Une r\u00e9ponse aux besoins du march\u00e9 nord-africain<\/h3>\n<p>Ce d\u00e9veloppement s\u2019inscrit dans la volont\u00e9 de COTELEC France d\u2019accompagner ses clients locaux avec plus de proximit\u00e9 et de r\u00e9activit\u00e9. Le succ\u00e8s commercial de la filiale au Maroc depuis deux ans confirme le potentiel de la r\u00e9gion, et justifie l\u2019investissement dans cette nouvelle activit\u00e9.<\/p>\n<p>COTELEC MBS Maroc cible tous les secteurs industriels, notamment :<\/p>\n<ul>\n<li>\u00c9lectronique industrielle<\/li>\n<li>\u00c9nergie et automatisme<\/li>\n<li>Automobile<\/li>\n<li>A\u00e9ronautique<\/li>\n<li>Et bien d\u2019autres domaines techniques<\/li>\n<\/ul>\n<h3>Une ambition affirm\u00e9e pour le march\u00e9 africain<\/h3>\n<p>Avec cette nouvelle activit\u00e9, COTELEC ambitionne de faire de sa filiale un acteur incontournable du c\u00e2blage industriel au Maroc et en Afrique du Nord. L\u2019entreprise souhaite offrir \u00e0 ses clients qualit\u00e9, innovation et proximit\u00e9, tout en capitalisant sur 38 ans de savoir-faire.<\/p>\n<p>\u00c0 l\u2019image de sa maison m\u00e8re, COTELEC MBS Maroc se positionne comme une plateforme de test et d\u2019\u00e9lectronique pour le Maroc, la Tunisie, l\u2019Alg\u00e9rie et les pays limitrophes, avec un service irr\u00e9prochable et des produits haut de gamme.<\/p>\n<p><a href=\"https:\/\/www.cotelec.fr\/\">COTELEC<\/a><\/p>\n","protected":false},"excerpt":{"rendered":"<p>Dans une dynamique de croissance continue, COTELEC MBS Maroc, filiale du groupe COTELEC, annonce le lancement d\u2019une nouvelle activit\u00e9 industrielle d\u00e9di\u00e9e \u00e0 la fabrication de c\u00e2bles \u00e9lectriques et \u00e9lectroniques. Deux ans apr\u00e8s son implantation au Maroc, la filiale franchit une nouvelle \u00e9tape pour r\u00e9pondre aux besoins croissants du march\u00e9 nord-africain. Une offre compl\u00e8te et sur [&hellip;]<\/p>\n","protected":false},"author":39,"featured_media":486350,"comment_status":"closed","ping_status":"closed","sticky":false,"template":"","format":"standard","meta":{"_acf_changed":false,"footnotes":""},"categories":[886],"tags":[6833],"domains":[47],"ppma_author":[6113],"class_list":["post-486349","post","type-post","status-publish","format-standard","has-post-thumbnail","hentry","category-news-fr","tag-cable","domains-electronique-eci"],"acf":[],"yoast_head":"<title>COTELEC MBS Maroc lance une nouvelle activit\u00e9 de fabrication d...<\/title>\n<meta name=\"description\" content=\"Dans une dynamique de croissance continue, COTELEC MBS Maroc, filiale du groupe COTELEC, annonce le lancement d\u2019une nouvelle activit\u00e9 industrielle...\" \/>\n<meta name=\"robots\" content=\"index, follow, max-snippet:-1, max-image-preview:large, max-video-preview:-1\" \/>\n<link rel=\"canonical\" href=\"https:\/\/www.ecinews.fr\/fr\/wp-json\/wp\/v2\/posts\/486349\/\" \/>\n<meta property=\"og:locale\" content=\"fr_FR\" \/>\n<meta property=\"og:type\" content=\"article\" \/>\n<meta property=\"og:title\" content=\"COTELEC MBS Maroc lance une nouvelle activit\u00e9 de fabrication de c\u00e2bles \u00e9lectriques et \u00e9lectroniques\" \/>\n<meta property=\"og:description\" content=\"Dans une dynamique de croissance continue, COTELEC MBS Maroc, filiale du groupe COTELEC, annonce le lancement d\u2019une nouvelle activit\u00e9 industrielle d\u00e9di\u00e9e \u00e0 la fabrication de c\u00e2bles \u00e9lectriques et \u00e9lectroniques.\" \/>\n<meta property=\"og:url\" content=\"https:\/\/www.ecinews.fr\/fr\/wp-json\/wp\/v2\/posts\/486349\/\" \/>\n<meta property=\"og:site_name\" content=\"EENewsEurope\" \/>\n<meta property=\"article:published_time\" content=\"2025-09-30T14:20:00+00:00\" \/>\n<meta property=\"article:modified_time\" content=\"2025-10-01T15:03:50+00:00\" \/>\n<meta property=\"og:image\" content=\"https:\/\/test.ecinews.fr\/wp-content\/uploads\/2025\/10\/ECI5143-Cp-Cotelec-MBS-Maroc-Fabrication-de-Cables-Sept25.jpeg\" \/>\n\t<meta property=\"og:image:width\" content=\"800\" \/>\n\t<meta property=\"og:image:height\" content=\"800\" \/>\n\t<meta property=\"og:image:type\" content=\"image\/jpeg\" \/>\n<meta name=\"author\" content=\"NicolasFeste\" \/>\n<meta name=\"twitter:card\" content=\"summary_large_image\" \/>\n<meta name=\"twitter:label1\" content=\"Written by\" \/>\n\t<meta name=\"twitter:data1\" content=\"NicolasFeste\" \/>\n\t<meta name=\"twitter:label2\" content=\"Est. reading time\" \/>\n\t<meta name=\"twitter:data2\" content=\"2 minutes\" \/>\n<script type=\"application\/ld+json\" class=\"yoast-schema-graph\">{\"@context\":\"https:\/\/schema.org\",\"@graph\":[{\"@type\":\"Article\",\"@id\":\"https:\/\/test.ecinews.fr\/fr\/cotelec-mbs-maroc-lance-une-nouvelle-activite-de-fabrication-de-cables-electriques-et-electroniques\/#article\",\"isPartOf\":{\"@id\":\"https:\/\/test.ecinews.fr\/fr\/cotelec-mbs-maroc-lance-une-nouvelle-activite-de-fabrication-de-cables-electriques-et-electroniques\/\"},\"author\":{\"name\":\"NicolasFeste\",\"@id\":\"https:\/\/www.eenewseurope.com\/en\/#\/schema\/person\/c7104a72b466a801f257e51481de0c43\"},\"headline\":\"COTELEC MBS Maroc lance une nouvelle activit\u00e9 de fabrication de c\u00e2bles \u00e9lectriques et \u00e9lectroniques\",\"datePublished\":\"2025-09-30T14:20:00+00:00\",\"dateModified\":\"2025-10-01T15:03:50+00:00\",\"mainEntityOfPage\":{\"@id\":\"https:\/\/test.ecinews.fr\/fr\/cotelec-mbs-maroc-lance-une-nouvelle-activite-de-fabrication-de-cables-electriques-et-electroniques\/\"},\"wordCount\":387,\"publisher\":{\"@id\":\"https:\/\/www.eenewseurope.com\/en\/#organization\"},\"keywords\":[\"C\u00e2ble\"],\"articleSection\":[\"Actualit\u00e9 g\u00e9n\u00e9rale\"],\"inLanguage\":\"fr-FR\"},{\"@type\":\"WebPage\",\"@id\":\"https:\/\/test.ecinews.fr\/fr\/cotelec-mbs-maroc-lance-une-nouvelle-activite-de-fabrication-de-cables-electriques-et-electroniques\/\",\"url\":\"https:\/\/test.ecinews.fr\/fr\/cotelec-mbs-maroc-lance-une-nouvelle-activite-de-fabrication-de-cables-electriques-et-electroniques\/\",\"name\":\"COTELEC MBS Maroc lance une nouvelle activit\u00e9 de fabrication de c\u00e2bles \u00e9lectriques et \u00e9lectroniques -\",\"isPartOf\":{\"@id\":\"https:\/\/www.eenewseurope.com\/en\/#website\"},\"datePublished\":\"2025-09-30T14:20:00+00:00\",\"dateModified\":\"2025-10-01T15:03:50+00:00\",\"description\":\"Dans une dynamique de croissance continue, COTELEC MBS Maroc, filiale du groupe COTELEC, annonce le lancement d\u2019une nouvelle activit\u00e9 industrielle d\u00e9di\u00e9e \u00e0 la fabrication de c\u00e2bles \u00e9lectriques et \u00e9lectroniques.\",\"breadcrumb\":{\"@id\":\"https:\/\/test.ecinews.fr\/fr\/cotelec-mbs-maroc-lance-une-nouvelle-activite-de-fabrication-de-cables-electriques-et-electroniques\/#breadcrumb\"},\"inLanguage\":\"fr-FR\",\"potentialAction\":[{\"@type\":\"ReadAction\",\"target\":[\"https:\/\/test.ecinews.fr\/fr\/cotelec-mbs-maroc-lance-une-nouvelle-activite-de-fabrication-de-cables-electriques-et-electroniques\/\"]}]},{\"@type\":\"BreadcrumbList\",\"@id\":\"https:\/\/test.ecinews.fr\/fr\/cotelec-mbs-maroc-lance-une-nouvelle-activite-de-fabrication-de-cables-electriques-et-electroniques\/#breadcrumb\",\"itemListElement\":[{\"@type\":\"ListItem\",\"position\":1,\"name\":\"Home\",\"item\":\"https:\/\/www.ecinews.fr\/fr\/\"},{\"@type\":\"ListItem\",\"position\":2,\"name\":\"COTELEC MBS Maroc lance une nouvelle activit\u00e9 de fabrication de c\u00e2bles \u00e9lectriques et \u00e9lectroniques\"}]},{\"@type\":\"WebSite\",\"@id\":\"https:\/\/www.eenewseurope.com\/en\/#website\",\"url\":\"https:\/\/www.eenewseurope.com\/en\/\",\"name\":\"EENewsEurope\",\"description\":\"Just another WordPress site\",\"publisher\":{\"@id\":\"https:\/\/www.eenewseurope.com\/en\/#organization\"},\"potentialAction\":[{\"@type\":\"SearchAction\",\"target\":{\"@type\":\"EntryPoint\",\"urlTemplate\":\"https:\/\/www.eenewseurope.com\/en\/?s={search_term_string}\"},\"query-input\":\"required name=search_term_string\"}],\"inLanguage\":\"fr-FR\"},{\"@type\":\"Organization\",\"@id\":\"https:\/\/www.eenewseurope.com\/en\/#organization\",\"name\":\"EENewsEurope\",\"url\":\"https:\/\/www.eenewseurope.com\/en\/\",\"logo\":{\"@type\":\"ImageObject\",\"inLanguage\":\"fr-FR\",\"@id\":\"https:\/\/www.eenewseurope.com\/en\/#\/schema\/logo\/image\/\",\"url\":\"https:\/\/www.ecinews.fr\/wp-content\/uploads\/2022\/02\/logo-1.jpg\",\"contentUrl\":\"https:\/\/www.ecinews.fr\/wp-content\/uploads\/2022\/02\/logo-1.jpg\",\"width\":283,\"height\":113,\"caption\":\"EENewsEurope\"},\"image\":{\"@id\":\"https:\/\/www.eenewseurope.com\/en\/#\/schema\/logo\/image\/\"}},{\"@type\":\"Person\",\"@id\":\"https:\/\/www.eenewseurope.com\/en\/#\/schema\/person\/c7104a72b466a801f257e51481de0c43\",\"name\":\"NicolasFeste\",\"image\":{\"@type\":\"ImageObject\",\"inLanguage\":\"fr-FR\",\"@id\":\"https:\/\/www.eenewseurope.com\/en\/#\/schema\/person\/image\/1ea421e7d03c1e96a9ea2bcf2705734a\",\"url\":\"https:\/\/secure.gravatar.com\/avatar\/2e187f4d96902933ba445ed6c760e11c?s=96&d=mm&r=g\",\"contentUrl\":\"https:\/\/secure.gravatar.com\/avatar\/2e187f4d96902933ba445ed6c760e11c?s=96&d=mm&r=g\",\"caption\":\"NicolasFeste\"}}]}<\/script>","yoast_head_json":{"title":"COTELEC MBS Maroc lance une nouvelle activit\u00e9 de fabrication d...","description":"Dans une dynamique de croissance continue, COTELEC MBS Maroc, filiale du groupe COTELEC, annonce le lancement d\u2019une nouvelle activit\u00e9 industrielle...","robots":{"index":"index","follow":"follow","max-snippet":"max-snippet:-1","max-image-preview":"max-image-preview:large","max-video-preview":"max-video-preview:-1"},"canonical":"https:\/\/www.ecinews.fr\/fr\/wp-json\/wp\/v2\/posts\/486349\/","og_locale":"fr_FR","og_type":"article","og_title":"COTELEC MBS Maroc lance une nouvelle activit\u00e9 de fabrication de c\u00e2bles \u00e9lectriques et \u00e9lectroniques","og_description":"Dans une dynamique de croissance continue, COTELEC MBS Maroc, filiale du groupe COTELEC, annonce le lancement d\u2019une nouvelle activit\u00e9 industrielle d\u00e9di\u00e9e \u00e0 la fabrication de c\u00e2bles \u00e9lectriques et \u00e9lectroniques.","og_url":"https:\/\/www.ecinews.fr\/fr\/wp-json\/wp\/v2\/posts\/486349\/","og_site_name":"EENewsEurope","article_published_time":"2025-09-30T14:20:00+00:00","article_modified_time":"2025-10-01T15:03:50+00:00","og_image":[{"width":800,"height":800,"url":"https:\/\/test.ecinews.fr\/wp-content\/uploads\/2025\/10\/ECI5143-Cp-Cotelec-MBS-Maroc-Fabrication-de-Cables-Sept25.jpeg","type":"image\/jpeg"}],"author":"NicolasFeste","twitter_card":"summary_large_image","twitter_misc":{"Written by":"NicolasFeste","Est. reading time":"2 minutes"},"schema":{"@context":"https:\/\/schema.org","@graph":[{"@type":"Article","@id":"https:\/\/test.ecinews.fr\/fr\/cotelec-mbs-maroc-lance-une-nouvelle-activite-de-fabrication-de-cables-electriques-et-electroniques\/#article","isPartOf":{"@id":"https:\/\/test.ecinews.fr\/fr\/cotelec-mbs-maroc-lance-une-nouvelle-activite-de-fabrication-de-cables-electriques-et-electroniques\/"},"author":{"name":"NicolasFeste","@id":"https:\/\/www.eenewseurope.com\/en\/#\/schema\/person\/c7104a72b466a801f257e51481de0c43"},"headline":"COTELEC MBS Maroc lance une nouvelle activit\u00e9 de fabrication de c\u00e2bles \u00e9lectriques et \u00e9lectroniques","datePublished":"2025-09-30T14:20:00+00:00","dateModified":"2025-10-01T15:03:50+00:00","mainEntityOfPage":{"@id":"https:\/\/test.ecinews.fr\/fr\/cotelec-mbs-maroc-lance-une-nouvelle-activite-de-fabrication-de-cables-electriques-et-electroniques\/"},"wordCount":387,"publisher":{"@id":"https:\/\/www.eenewseurope.com\/en\/#organization"},"keywords":["C\u00e2ble"],"articleSection":["Actualit\u00e9 g\u00e9n\u00e9rale"],"inLanguage":"fr-FR"},{"@type":"WebPage","@id":"https:\/\/test.ecinews.fr\/fr\/cotelec-mbs-maroc-lance-une-nouvelle-activite-de-fabrication-de-cables-electriques-et-electroniques\/","url":"https:\/\/test.ecinews.fr\/fr\/cotelec-mbs-maroc-lance-une-nouvelle-activite-de-fabrication-de-cables-electriques-et-electroniques\/","name":"COTELEC MBS Maroc lance une nouvelle activit\u00e9 de fabrication de c\u00e2bles \u00e9lectriques et \u00e9lectroniques -","isPartOf":{"@id":"https:\/\/www.eenewseurope.com\/en\/#website"},"datePublished":"2025-09-30T14:20:00+00:00","dateModified":"2025-10-01T15:03:50+00:00","description":"Dans une dynamique de croissance continue, COTELEC MBS Maroc, filiale du groupe COTELEC, annonce le lancement d\u2019une nouvelle activit\u00e9 industrielle d\u00e9di\u00e9e \u00e0 la fabrication de c\u00e2bles \u00e9lectriques et \u00e9lectroniques.","breadcrumb":{"@id":"https:\/\/test.ecinews.fr\/fr\/cotelec-mbs-maroc-lance-une-nouvelle-activite-de-fabrication-de-cables-electriques-et-electroniques\/#breadcrumb"},"inLanguage":"fr-FR","potentialAction":[{"@type":"ReadAction","target":["https:\/\/test.ecinews.fr\/fr\/cotelec-mbs-maroc-lance-une-nouvelle-activite-de-fabrication-de-cables-electriques-et-electroniques\/"]}]},{"@type":"BreadcrumbList","@id":"https:\/\/test.ecinews.fr\/fr\/cotelec-mbs-maroc-lance-une-nouvelle-activite-de-fabrication-de-cables-electriques-et-electroniques\/#breadcrumb","itemListElement":[{"@type":"ListItem","position":1,"name":"Home","item":"https:\/\/www.ecinews.fr\/fr\/"},{"@type":"ListItem","position":2,"name":"COTELEC MBS Maroc lance une nouvelle activit\u00e9 de fabrication de c\u00e2bles \u00e9lectriques et \u00e9lectroniques"}]},{"@type":"WebSite","@id":"https:\/\/www.eenewseurope.com\/en\/#website","url":"https:\/\/www.eenewseurope.com\/en\/","name":"EENewsEurope","description":"Just another WordPress site","publisher":{"@id":"https:\/\/www.eenewseurope.com\/en\/#organization"},"potentialAction":[{"@type":"SearchAction","target":{"@type":"EntryPoint","urlTemplate":"https:\/\/www.eenewseurope.com\/en\/?s={search_term_string}"},"query-input":"required name=search_term_string"}],"inLanguage":"fr-FR"},{"@type":"Organization","@id":"https:\/\/www.eenewseurope.com\/en\/#organization","name":"EENewsEurope","url":"https:\/\/www.eenewseurope.com\/en\/","logo":{"@type":"ImageObject","inLanguage":"fr-FR","@id":"https:\/\/www.eenewseurope.com\/en\/#\/schema\/logo\/image\/","url":"https:\/\/www.ecinews.fr\/wp-content\/uploads\/2022\/02\/logo-1.jpg","contentUrl":"https:\/\/www.ecinews.fr\/wp-content\/uploads\/2022\/02\/logo-1.jpg","width":283,"height":113,"caption":"EENewsEurope"},"image":{"@id":"https:\/\/www.eenewseurope.com\/en\/#\/schema\/logo\/image\/"}},{"@type":"Person","@id":"https:\/\/www.eenewseurope.com\/en\/#\/schema\/person\/c7104a72b466a801f257e51481de0c43","name":"NicolasFeste","image":{"@type":"ImageObject","inLanguage":"fr-FR","@id":"https:\/\/www.eenewseurope.com\/en\/#\/schema\/person\/image\/1ea421e7d03c1e96a9ea2bcf2705734a","url":"https:\/\/secure.gravatar.com\/avatar\/2e187f4d96902933ba445ed6c760e11c?s=96&d=mm&r=g","contentUrl":"https:\/\/secure.gravatar.com\/avatar\/2e187f4d96902933ba445ed6c760e11c?s=96&d=mm&r=g","caption":"NicolasFeste"}}]}},"authors":[{"term_id":6113,"user_id":39,"is_guest":0,"slug":"nicolasfeste","display_name":"NicolasFeste","avatar_url":"https:\/\/secure.gravatar.com\/avatar\/2e187f4d96902933ba445ed6c760e11c?s=96&d=mm&r=g","0":null,"1":"","2":"","3":"","4":"","5":"","6":"","7":"","8":""}],"_links":{"self":[{"href":"https:\/\/www.ecinews.fr\/fr\/wp-json\/wp\/v2\/posts\/486349"}],"collection":[{"href":"https:\/\/www.ecinews.fr\/fr\/wp-json\/wp\/v2\/posts"}],"about":[{"href":"https:\/\/www.ecinews.fr\/fr\/wp-json\/wp\/v2\/types\/post"}],"author":[{"embeddable":true,"href":"https:\/\/www.ecinews.fr\/fr\/wp-json\/wp\/v2\/users\/39"}],"replies":[{"embeddable":true,"href":"https:\/\/www.ecinews.fr\/fr\/wp-json\/wp\/v2\/comments?post=486349"}],"version-history":[{"count":0,"href":"https:\/\/www.ecinews.fr\/fr\/wp-json\/wp\/v2\/posts\/486349\/revisions"}],"wp:featuredmedia":[{"embeddable":true,"href":"https:\/\/www.ecinews.fr\/fr\/wp-json\/wp\/v2\/media\/486350"}],"wp:attachment":[{"href":"https:\/\/www.ecinews.fr\/fr\/wp-json\/wp\/v2\/media?parent=486349"}],"wp:term":[{"taxonomy":"category","embeddable":true,"href":"https:\/\/www.ecinews.fr\/fr\/wp-json\/wp\/v2\/categories?post=486349"},{"taxonomy":"post_tag","embeddable":true,"href":"https:\/\/www.ecinews.fr\/fr\/wp-json\/wp\/v2\/tags?post=486349"},{"taxonomy":"domains","embeddable":true,"href":"https:\/\/www.ecinews.fr\/fr\/wp-json\/wp\/v2\/domains?post=486349"},{"taxonomy":"author","embeddable":true,"href":"https:\/\/www.ecinews.fr\/fr\/wp-json\/wp\/v2\/ppma_author?post=486349"}],"curies":[{"name":"wp","href":"https:\/\/api.w.org\/{rel}","templated":true}]}}