{"id":485795,"date":"2025-09-17T09:18:11","date_gmt":"2025-09-17T07:18:11","guid":{"rendered":"https:\/\/www.ecinews.fr\/?p=485795"},"modified":"2025-09-17T09:18:11","modified_gmt":"2025-09-17T07:18:11","slug":"la-loi-europeenne-sur-les-donnees-permet-aux-utilisateurs-de-controler-leurs-donnees","status":"publish","type":"post","link":"https:\/\/www.ecinews.fr\/fr\/la-loi-europeenne-sur-les-donnees-permet-aux-utilisateurs-de-controler-leurs-donnees\/","title":{"rendered":"La loi europ\u00e9enne sur les donn\u00e9es permet aux utilisateurs de contr\u00f4ler leurs donn\u00e9es"},"content":{"rendered":"<p data-start=\"129\" data-end=\"444\">La loi europ\u00e9enne sur les donn\u00e9es est officiellement entr\u00e9e en vigueur, donnant aux utilisateurs un contr\u00f4le direct sur les donn\u00e9es des appareils connect\u00e9s, qu&rsquo;il s&rsquo;agisse de smartwatches ou de machines industrielles. Le r\u00e8glement offre \u00e9galement aux entreprises de nouvelles possibilit\u00e9s de cr\u00e9er des services autour de ces donn\u00e9es, qu&rsquo;il s&rsquo;agisse de r\u00e9parations ou de solutions de mobilit\u00e9 avanc\u00e9es.<\/p>\n<p data-start=\"446\" data-end=\"722\">Pour les lecteurs d&rsquo;ECInews, cette loi marque un changement majeur dans la mani\u00e8re dont l&rsquo;<a href=\"https:\/\/www.eenewseurope.com\/en\/tags\/iot\">IdO<\/a> et les donn\u00e9es industrielles fa\u00e7onneront les op\u00e9rations \u00e0 travers le continent, avec des implications significatives pour les fabricants d&rsquo;appareils, les fournisseurs de <a href=\"https:\/\/www.eenewseurope.com\/en\/tags\/cloud\">cloud<\/a> et les soci\u00e9t\u00e9s de services dans des secteurs tels que l&rsquo;automobile, la fabrication et l&rsquo;agriculture.<\/p>\n<h2 data-start=\"724\" data-end=\"757\">Plus d&rsquo;acc\u00e8s, plus d&rsquo;innovation<\/h2>\n<p data-start=\"759\" data-end=\"1080\">La loi sur les donn\u00e9es d\u00e9finit des r\u00e8gles visant \u00e0 am\u00e9liorer l&rsquo;acc\u00e8s \u00e0 des donn\u00e9es de haute qualit\u00e9 tout en garantissant une utilisation \u00e9quitable et une concurrence loyale. La l\u00e9gislation exige que les appareils connect\u00e9s vendus dans l&rsquo;UE soient con\u00e7us avec des capacit\u00e9s de partage de donn\u00e9es, ce qui permet aux consommateurs et aux entreprises de tirer davantage de valeur de leurs investissements en mat\u00e9riel.<\/p>\n<p data-start=\"1082\" data-end=\"1397\">Pour les consommateurs, cela signifie la libert\u00e9 de choisir des fournisseurs de services de r\u00e9paration et d&rsquo;entretien, ou de s&rsquo;occuper eux-m\u00eames de ces t\u00e2ches. Dans des secteurs tels que l&rsquo;industrie manufacturi\u00e8re et l&rsquo;agriculture, les entreprises auront acc\u00e8s \u00e0 des donn\u00e9es en temps r\u00e9el sur les performances des \u00e9quipements, ce qui contribuera \u00e0 am\u00e9liorer l&rsquo;efficacit\u00e9 et \u00e0 rationaliser les op\u00e9rations.<\/p>\n<p data-start=\"1399\" data-end=\"1633\">Un autre \u00e9l\u00e9ment cl\u00e9 de la l\u00e9gislation est l&rsquo;interop\u00e9rabilit\u00e9 de l&rsquo;informatique dans le cloud. La loi interdit les contrats in\u00e9quitables qui limitent le partage des donn\u00e9es et donne aux utilisateurs la possibilit\u00e9 de passer d&rsquo;un fournisseur de services cloud \u00e0 un autre ou de combiner des services sur plusieurs plates-formes.<\/p>\n<p data-start=\"1635\" data-end=\"2095\">\u00ab\u00a0La loi sur les donn\u00e9es donne du pouvoir aux utilisateurs, ouvre les march\u00e9s et fournit aux entreprises les donn\u00e9es dont elles ont besoin pour cr\u00e9er des services innovants, qu&rsquo;il s&rsquo;agisse de r\u00e9parations de v\u00e9hicules plus intelligentes ou de nouvelles solutions en mati\u00e8re d&rsquo;efficacit\u00e9 \u00e9nerg\u00e9tique. Nous sommes tout aussi d\u00e9termin\u00e9s \u00e0 aider les entreprises \u00e0 s&rsquo;adapter aux nouvelles r\u00e8gles, \u00e0 r\u00e9duire la charge administrative et \u00e0 transformer les donn\u00e9es en v\u00e9ritables opportunit\u00e9s pour les personnes et les entreprises dans toute l&rsquo;Europe\u00a0\u00bb, a d\u00e9clar\u00e9 Henna Virkkunen, vice-pr\u00e9sidente ex\u00e9cutive charg\u00e9e de la souverainet\u00e9 technologique, de la s\u00e9curit\u00e9 et de la d\u00e9mocratie.<\/p>\n<h2 data-start=\"2097\" data-end=\"2137\">Outils de mise en \u0153uvre et prochaines \u00e9tapes<\/h2>\n<p data-start=\"2139\" data-end=\"2467\">Pour aider les entreprises \u00e0 s&rsquo;adapter, la Commission europ\u00e9enne a annonc\u00e9 plusieurs mesures de soutien. Elle mettra en place un service d&rsquo;assistance juridique d\u00e9di\u00e9 \u00e0 la loi sur les donn\u00e9es afin de fournir une aide directe pour les questions de mise en \u0153uvre. En outre, la Commission publiera des clauses types pour les accords de partage de donn\u00e9es et des clauses types pour les contrats d&rsquo;informatique d\u00e9mat\u00e9rialis\u00e9e.<\/p>\n<p data-start=\"2469\" data-end=\"2774\">La Commission a \u00e9galement publi\u00e9 des orientations sur le partage des donn\u00e9es relatives aux v\u00e9hicules, ce qui devrait permettre d&rsquo;am\u00e9liorer les services de r\u00e9paration, les initiatives de covoiturage et les nouveaux mod\u00e8les de mobilit\u00e9 en tant que service. Une strat\u00e9gie plus large d&rsquo;union des donn\u00e9es est \u00e9galement \u00e0 l&rsquo;horizon, visant \u00e0 simplifier et \u00e0 renforcer le cadre g\u00e9n\u00e9ral de l&rsquo;Europe en mati\u00e8re de donn\u00e9es.<\/p>\n<h2 data-start=\"2776\" data-end=\"2796\">Impact sur l&rsquo;industrie<\/h2>\n<p data-start=\"2798\" data-end=\"3056\">La loi sur les donn\u00e9es s&rsquo;appuie sur des ann\u00e9es de consultation avec les entreprises europ\u00e9ennes, les associations industrielles et la soci\u00e9t\u00e9 civile. Elle compl\u00e8te la pr\u00e9c\u00e9dente loi sur la gouvernance des donn\u00e9es, qui mettait l&rsquo;accent sur la confiance dans le partage volontaire des donn\u00e9es, en apportant des pr\u00e9cisions juridiques sur l&rsquo;acc\u00e8s et l&rsquo;utilisation.<\/p>\n<p data-start=\"3058\" data-end=\"3468\">Pour les fournisseurs de technologies et les soci\u00e9t\u00e9s de services de toute l&rsquo;Europe, la loi repr\u00e9sente \u00e0 la fois un d\u00e9fi de conformit\u00e9 et une opportunit\u00e9 commerciale. Les fabricants d&rsquo;appareils devront int\u00e9grer de nouvelles capacit\u00e9s de partage des donn\u00e9es, tandis que les fournisseurs de services dans le cloud devront s&rsquo;adapter aux exigences d&rsquo;interop\u00e9rabilit\u00e9. Parall\u00e8lement, de nouveaux march\u00e9s de services verront le jour, de la maintenance pr\u00e9dictive \u00e0 l&rsquo;analyse industrielle multiplateforme.<\/p>\n<p data-start=\"3470\" data-end=\"3676\">Alors que l&rsquo;UE progresse dans sa strat\u00e9gie d&rsquo;union des donn\u00e9es, la loi sur les donn\u00e9es relatives aux appareils connect\u00e9s deviendra une pierre angulaire de la transformation num\u00e9rique de l&rsquo;Europe, stimulant \u00e0 la fois la comp\u00e9titivit\u00e9 et l&rsquo;innovation dans les industries connect\u00e9es.<\/p>\n<p><a href=\"https:\/\/ec.europa.eu\/\">https:\/\/ec.europa.eu\/<\/a><\/p>\n","protected":false},"excerpt":{"rendered":"<p>La loi europ\u00e9enne sur les donn\u00e9es est officiellement entr\u00e9e en vigueur, donnant aux utilisateurs un contr\u00f4le direct sur les donn\u00e9es des appareils connect\u00e9s, qu&rsquo;il s&rsquo;agisse de smartwatches ou de machines industrielles. Le r\u00e8glement offre \u00e9galement aux entreprises de nouvelles possibilit\u00e9s de cr\u00e9er des services autour de ces donn\u00e9es, qu&rsquo;il s&rsquo;agisse de r\u00e9parations ou de solutions [&hellip;]<\/p>\n","protected":false},"author":40,"featured_media":485786,"comment_status":"closed","ping_status":"closed","sticky":false,"template":"","format":"standard","meta":{"_acf_changed":false,"footnotes":""},"categories":[3669],"tags":[10568,919],"domains":[47],"ppma_author":[10490,6199],"class_list":["post-485795","post","type-post","status-publish","format-standard","has-post-thumbnail","hentry","category-nouvelles","tag-eu-data-act","tag-iot-fr","domains-electronique-eci"],"acf":[],"yoast_head":"<title>Donn\u00e9es sur les appareils connect\u00e9s : La loi europ\u00e9enne sur ...<\/title>\n<meta name=\"description\" content=\"La loi europ\u00e9enne sur les donn\u00e9es donne aux utilisateurs le contr\u00f4le des donn\u00e9es des appareils connect\u00e9s, ce qui stimule l&#039;innovation\" \/>\n<meta name=\"robots\" content=\"index, follow, max-snippet:-1, max-image-preview:large, max-video-preview:-1\" \/>\n<link rel=\"canonical\" href=\"https:\/\/www.ecinews.fr\/fr\/wp-json\/wp\/v2\/posts\/485795\/\" \/>\n<meta property=\"og:locale\" content=\"fr_FR\" \/>\n<meta property=\"og:type\" content=\"article\" \/>\n<meta property=\"og:title\" content=\"La loi europ\u00e9enne sur les donn\u00e9es permet aux utilisateurs de contr\u00f4ler leurs donn\u00e9es\" \/>\n<meta property=\"og:description\" content=\"La loi europ\u00e9enne sur les donn\u00e9es donne aux utilisateurs le contr\u00f4le des donn\u00e9es des appareils connect\u00e9s, ce qui stimule l&#039;innovation\" \/>\n<meta property=\"og:url\" content=\"https:\/\/www.ecinews.fr\/fr\/wp-json\/wp\/v2\/posts\/485795\/\" \/>\n<meta property=\"og:site_name\" content=\"EENewsEurope\" \/>\n<meta property=\"article:published_time\" content=\"2025-09-17T07:18:11+00:00\" \/>\n<meta property=\"og:image\" content=\"https:\/\/www.ecinews.fr\/wp-content\/uploads\/2025\/09\/Your-paragraph-text-3-e1758040401615.png\" \/>\n\t<meta property=\"og:image:width\" content=\"1280\" \/>\n\t<meta property=\"og:image:height\" content=\"720\" \/>\n\t<meta property=\"og:image:type\" content=\"image\/png\" \/>\n<meta name=\"author\" content=\"Asma Adhimi, A Delapalisse\" \/>\n<meta name=\"twitter:card\" content=\"summary_large_image\" \/>\n<meta name=\"twitter:label1\" content=\"Written by\" \/>\n\t<meta name=\"twitter:data1\" content=\"A Delapalisse\" \/>\n\t<meta name=\"twitter:label2\" content=\"Est. reading time\" \/>\n\t<meta name=\"twitter:data2\" content=\"4 minutes\" \/>\n<script type=\"application\/ld+json\" class=\"yoast-schema-graph\">{\"@context\":\"https:\/\/schema.org\",\"@graph\":[{\"@type\":\"Article\",\"@id\":\"https:\/\/www.ecinews.fr\/fr\/la-loi-europeenne-sur-les-donnees-permet-aux-utilisateurs-de-controler-leurs-donnees\/#article\",\"isPartOf\":{\"@id\":\"https:\/\/www.ecinews.fr\/fr\/la-loi-europeenne-sur-les-donnees-permet-aux-utilisateurs-de-controler-leurs-donnees\/\"},\"author\":{\"name\":\"A Delapalisse\",\"@id\":\"https:\/\/www.ecinews.fr\/fr\/#\/schema\/person\/4b3db5ba5c953c5fddeb226df86d8635\"},\"headline\":\"La loi europ\u00e9enne sur les donn\u00e9es permet aux utilisateurs de contr\u00f4ler leurs donn\u00e9es\",\"datePublished\":\"2025-09-17T07:18:11+00:00\",\"dateModified\":\"2025-09-17T07:18:11+00:00\",\"mainEntityOfPage\":{\"@id\":\"https:\/\/www.ecinews.fr\/fr\/la-loi-europeenne-sur-les-donnees-permet-aux-utilisateurs-de-controler-leurs-donnees\/\"},\"wordCount\":855,\"publisher\":{\"@id\":\"https:\/\/www.ecinews.fr\/fr\/#organization\"},\"keywords\":[\"EU Data Act\",\"IoT\"],\"articleSection\":[\"Nouvelles\"],\"inLanguage\":\"fr-FR\"},{\"@type\":\"WebPage\",\"@id\":\"https:\/\/www.ecinews.fr\/fr\/la-loi-europeenne-sur-les-donnees-permet-aux-utilisateurs-de-controler-leurs-donnees\/\",\"url\":\"https:\/\/www.ecinews.fr\/fr\/la-loi-europeenne-sur-les-donnees-permet-aux-utilisateurs-de-controler-leurs-donnees\/\",\"name\":\"Donn\u00e9es sur les appareils connect\u00e9s : La loi europ\u00e9enne sur les donn\u00e9es donne du pouvoir aux utilisateurs\",\"isPartOf\":{\"@id\":\"https:\/\/www.ecinews.fr\/fr\/#website\"},\"datePublished\":\"2025-09-17T07:18:11+00:00\",\"dateModified\":\"2025-09-17T07:18:11+00:00\",\"description\":\"La loi europ\u00e9enne sur les donn\u00e9es donne aux utilisateurs le contr\u00f4le des donn\u00e9es des appareils connect\u00e9s, ce qui stimule l'innovation\",\"breadcrumb\":{\"@id\":\"https:\/\/www.ecinews.fr\/fr\/la-loi-europeenne-sur-les-donnees-permet-aux-utilisateurs-de-controler-leurs-donnees\/#breadcrumb\"},\"inLanguage\":\"fr-FR\",\"potentialAction\":[{\"@type\":\"ReadAction\",\"target\":[\"https:\/\/www.ecinews.fr\/fr\/la-loi-europeenne-sur-les-donnees-permet-aux-utilisateurs-de-controler-leurs-donnees\/\"]}]},{\"@type\":\"BreadcrumbList\",\"@id\":\"https:\/\/www.ecinews.fr\/fr\/la-loi-europeenne-sur-les-donnees-permet-aux-utilisateurs-de-controler-leurs-donnees\/#breadcrumb\",\"itemListElement\":[{\"@type\":\"ListItem\",\"position\":1,\"name\":\"Home\",\"item\":\"https:\/\/www.ecinews.fr\/fr\/\"},{\"@type\":\"ListItem\",\"position\":2,\"name\":\"La loi europ\u00e9enne sur les donn\u00e9es permet aux utilisateurs de contr\u00f4ler leurs donn\u00e9es\"}]},{\"@type\":\"WebSite\",\"@id\":\"https:\/\/www.ecinews.fr\/fr\/#website\",\"url\":\"https:\/\/www.ecinews.fr\/fr\/\",\"name\":\"EENewsEurope\",\"description\":\"Just another WordPress site\",\"publisher\":{\"@id\":\"https:\/\/www.ecinews.fr\/fr\/#organization\"},\"potentialAction\":[{\"@type\":\"SearchAction\",\"target\":{\"@type\":\"EntryPoint\",\"urlTemplate\":\"https:\/\/www.ecinews.fr\/fr\/?s={search_term_string}\"},\"query-input\":\"required name=search_term_string\"}],\"inLanguage\":\"fr-FR\"},{\"@type\":\"Organization\",\"@id\":\"https:\/\/www.ecinews.fr\/fr\/#organization\",\"name\":\"EENewsEurope\",\"url\":\"https:\/\/www.ecinews.fr\/fr\/\",\"logo\":{\"@type\":\"ImageObject\",\"inLanguage\":\"fr-FR\",\"@id\":\"https:\/\/www.ecinews.fr\/fr\/#\/schema\/logo\/image\/\",\"url\":\"https:\/\/www.ecinews.fr\/wp-content\/uploads\/2022\/02\/logo-1.jpg\",\"contentUrl\":\"https:\/\/www.ecinews.fr\/wp-content\/uploads\/2022\/02\/logo-1.jpg\",\"width\":283,\"height\":113,\"caption\":\"EENewsEurope\"},\"image\":{\"@id\":\"https:\/\/www.ecinews.fr\/fr\/#\/schema\/logo\/image\/\"}},{\"@type\":\"Person\",\"@id\":\"https:\/\/www.ecinews.fr\/fr\/#\/schema\/person\/4b3db5ba5c953c5fddeb226df86d8635\",\"name\":\"A Delapalisse\",\"image\":{\"@type\":\"ImageObject\",\"inLanguage\":\"fr-FR\",\"@id\":\"https:\/\/www.ecinews.fr\/fr\/#\/schema\/person\/image\/09af0e1236b95ff53924b8dfe5af278e\",\"url\":\"https:\/\/secure.gravatar.com\/avatar\/010f811c0933b47aea7e9204117b17c6?s=96&d=mm&r=g\",\"contentUrl\":\"https:\/\/secure.gravatar.com\/avatar\/010f811c0933b47aea7e9204117b17c6?s=96&d=mm&r=g\",\"caption\":\"A Delapalisse\"}}]}<\/script>","yoast_head_json":{"title":"Donn\u00e9es sur les appareils connect\u00e9s : La loi europ\u00e9enne sur ...","description":"La loi europ\u00e9enne sur les donn\u00e9es donne aux utilisateurs le contr\u00f4le des donn\u00e9es des appareils connect\u00e9s, ce qui stimule l'innovation","robots":{"index":"index","follow":"follow","max-snippet":"max-snippet:-1","max-image-preview":"max-image-preview:large","max-video-preview":"max-video-preview:-1"},"canonical":"https:\/\/www.ecinews.fr\/fr\/wp-json\/wp\/v2\/posts\/485795\/","og_locale":"fr_FR","og_type":"article","og_title":"La loi europ\u00e9enne sur les donn\u00e9es permet aux utilisateurs de contr\u00f4ler leurs donn\u00e9es","og_description":"La loi europ\u00e9enne sur les donn\u00e9es donne aux utilisateurs le contr\u00f4le des donn\u00e9es des appareils connect\u00e9s, ce qui stimule l'innovation","og_url":"https:\/\/www.ecinews.fr\/fr\/wp-json\/wp\/v2\/posts\/485795\/","og_site_name":"EENewsEurope","article_published_time":"2025-09-17T07:18:11+00:00","og_image":[{"width":1280,"height":720,"url":"https:\/\/www.ecinews.fr\/wp-content\/uploads\/2025\/09\/Your-paragraph-text-3-e1758040401615.png","type":"image\/png"}],"author":"Asma Adhimi, A Delapalisse","twitter_card":"summary_large_image","twitter_misc":{"Written by":"A Delapalisse","Est. reading time":"4 minutes"},"schema":{"@context":"https:\/\/schema.org","@graph":[{"@type":"Article","@id":"https:\/\/www.ecinews.fr\/fr\/la-loi-europeenne-sur-les-donnees-permet-aux-utilisateurs-de-controler-leurs-donnees\/#article","isPartOf":{"@id":"https:\/\/www.ecinews.fr\/fr\/la-loi-europeenne-sur-les-donnees-permet-aux-utilisateurs-de-controler-leurs-donnees\/"},"author":{"name":"A Delapalisse","@id":"https:\/\/www.ecinews.fr\/fr\/#\/schema\/person\/4b3db5ba5c953c5fddeb226df86d8635"},"headline":"La loi europ\u00e9enne sur les donn\u00e9es permet aux utilisateurs de contr\u00f4ler leurs donn\u00e9es","datePublished":"2025-09-17T07:18:11+00:00","dateModified":"2025-09-17T07:18:11+00:00","mainEntityOfPage":{"@id":"https:\/\/www.ecinews.fr\/fr\/la-loi-europeenne-sur-les-donnees-permet-aux-utilisateurs-de-controler-leurs-donnees\/"},"wordCount":855,"publisher":{"@id":"https:\/\/www.ecinews.fr\/fr\/#organization"},"keywords":["EU Data Act","IoT"],"articleSection":["Nouvelles"],"inLanguage":"fr-FR"},{"@type":"WebPage","@id":"https:\/\/www.ecinews.fr\/fr\/la-loi-europeenne-sur-les-donnees-permet-aux-utilisateurs-de-controler-leurs-donnees\/","url":"https:\/\/www.ecinews.fr\/fr\/la-loi-europeenne-sur-les-donnees-permet-aux-utilisateurs-de-controler-leurs-donnees\/","name":"Donn\u00e9es sur les appareils connect\u00e9s : La loi europ\u00e9enne sur les donn\u00e9es donne du pouvoir aux utilisateurs","isPartOf":{"@id":"https:\/\/www.ecinews.fr\/fr\/#website"},"datePublished":"2025-09-17T07:18:11+00:00","dateModified":"2025-09-17T07:18:11+00:00","description":"La loi europ\u00e9enne sur les donn\u00e9es donne aux utilisateurs le contr\u00f4le des donn\u00e9es des appareils connect\u00e9s, ce qui stimule l'innovation","breadcrumb":{"@id":"https:\/\/www.ecinews.fr\/fr\/la-loi-europeenne-sur-les-donnees-permet-aux-utilisateurs-de-controler-leurs-donnees\/#breadcrumb"},"inLanguage":"fr-FR","potentialAction":[{"@type":"ReadAction","target":["https:\/\/www.ecinews.fr\/fr\/la-loi-europeenne-sur-les-donnees-permet-aux-utilisateurs-de-controler-leurs-donnees\/"]}]},{"@type":"BreadcrumbList","@id":"https:\/\/www.ecinews.fr\/fr\/la-loi-europeenne-sur-les-donnees-permet-aux-utilisateurs-de-controler-leurs-donnees\/#breadcrumb","itemListElement":[{"@type":"ListItem","position":1,"name":"Home","item":"https:\/\/www.ecinews.fr\/fr\/"},{"@type":"ListItem","position":2,"name":"La loi europ\u00e9enne sur les donn\u00e9es permet aux utilisateurs de contr\u00f4ler leurs donn\u00e9es"}]},{"@type":"WebSite","@id":"https:\/\/www.ecinews.fr\/fr\/#website","url":"https:\/\/www.ecinews.fr\/fr\/","name":"EENewsEurope","description":"Just another WordPress site","publisher":{"@id":"https:\/\/www.ecinews.fr\/fr\/#organization"},"potentialAction":[{"@type":"SearchAction","target":{"@type":"EntryPoint","urlTemplate":"https:\/\/www.ecinews.fr\/fr\/?s={search_term_string}"},"query-input":"required name=search_term_string"}],"inLanguage":"fr-FR"},{"@type":"Organization","@id":"https:\/\/www.ecinews.fr\/fr\/#organization","name":"EENewsEurope","url":"https:\/\/www.ecinews.fr\/fr\/","logo":{"@type":"ImageObject","inLanguage":"fr-FR","@id":"https:\/\/www.ecinews.fr\/fr\/#\/schema\/logo\/image\/","url":"https:\/\/www.ecinews.fr\/wp-content\/uploads\/2022\/02\/logo-1.jpg","contentUrl":"https:\/\/www.ecinews.fr\/wp-content\/uploads\/2022\/02\/logo-1.jpg","width":283,"height":113,"caption":"EENewsEurope"},"image":{"@id":"https:\/\/www.ecinews.fr\/fr\/#\/schema\/logo\/image\/"}},{"@type":"Person","@id":"https:\/\/www.ecinews.fr\/fr\/#\/schema\/person\/4b3db5ba5c953c5fddeb226df86d8635","name":"A Delapalisse","image":{"@type":"ImageObject","inLanguage":"fr-FR","@id":"https:\/\/www.ecinews.fr\/fr\/#\/schema\/person\/image\/09af0e1236b95ff53924b8dfe5af278e","url":"https:\/\/secure.gravatar.com\/avatar\/010f811c0933b47aea7e9204117b17c6?s=96&d=mm&r=g","contentUrl":"https:\/\/secure.gravatar.com\/avatar\/010f811c0933b47aea7e9204117b17c6?s=96&d=mm&r=g","caption":"A Delapalisse"}}]}},"authors":[{"term_id":10490,"user_id":0,"is_guest":1,"slug":"asma-adhimi","display_name":"Asma Adhimi","avatar_url":"https:\/\/secure.gravatar.com\/avatar\/?s=96&d=mm&r=g","0":null,"1":"","2":"","3":"","4":"","5":"","6":"","7":"","8":""},{"term_id":6199,"user_id":40,"is_guest":0,"slug":"andre-rousselotemisys-com","display_name":"A Delapalisse","avatar_url":"https:\/\/secure.gravatar.com\/avatar\/010f811c0933b47aea7e9204117b17c6?s=96&d=mm&r=g","0":null,"1":"","2":"","3":"","4":"","5":"","6":"","7":"","8":""}],"_links":{"self":[{"href":"https:\/\/www.ecinews.fr\/fr\/wp-json\/wp\/v2\/posts\/485795"}],"collection":[{"href":"https:\/\/www.ecinews.fr\/fr\/wp-json\/wp\/v2\/posts"}],"about":[{"href":"https:\/\/www.ecinews.fr\/fr\/wp-json\/wp\/v2\/types\/post"}],"author":[{"embeddable":true,"href":"https:\/\/www.ecinews.fr\/fr\/wp-json\/wp\/v2\/users\/40"}],"replies":[{"embeddable":true,"href":"https:\/\/www.ecinews.fr\/fr\/wp-json\/wp\/v2\/comments?post=485795"}],"version-history":[{"count":0,"href":"https:\/\/www.ecinews.fr\/fr\/wp-json\/wp\/v2\/posts\/485795\/revisions"}],"wp:featuredmedia":[{"embeddable":true,"href":"https:\/\/www.ecinews.fr\/fr\/wp-json\/wp\/v2\/media\/485786"}],"wp:attachment":[{"href":"https:\/\/www.ecinews.fr\/fr\/wp-json\/wp\/v2\/media?parent=485795"}],"wp:term":[{"taxonomy":"category","embeddable":true,"href":"https:\/\/www.ecinews.fr\/fr\/wp-json\/wp\/v2\/categories?post=485795"},{"taxonomy":"post_tag","embeddable":true,"href":"https:\/\/www.ecinews.fr\/fr\/wp-json\/wp\/v2\/tags?post=485795"},{"taxonomy":"domains","embeddable":true,"href":"https:\/\/www.ecinews.fr\/fr\/wp-json\/wp\/v2\/domains?post=485795"},{"taxonomy":"author","embeddable":true,"href":"https:\/\/www.ecinews.fr\/fr\/wp-json\/wp\/v2\/ppma_author?post=485795"}],"curies":[{"name":"wp","href":"https:\/\/api.w.org\/{rel}","templated":true}]}}