{"id":485439,"date":"2025-09-09T09:08:51","date_gmt":"2025-09-09T07:08:51","guid":{"rendered":"https:\/\/www.ecinews.fr\/?p=485439"},"modified":"2025-09-09T09:08:51","modified_gmt":"2025-09-09T07:08:51","slug":"la-hca-devoile-la-specification-de-gestion-de-lenergie-2-0-et-lapi-dassurance-a-lifa-2025","status":"publish","type":"post","link":"https:\/\/www.ecinews.fr\/fr\/la-hca-devoile-la-specification-de-gestion-de-lenergie-2-0-et-lapi-dassurance-a-lifa-2025\/","title":{"rendered":"La HCA d\u00e9voile la sp\u00e9cification de gestion de l&rsquo;\u00e9nergie 2.0 et l&rsquo;API d&rsquo;assurance \u00e0 l&rsquo;IFA 2025"},"content":{"rendered":"<p data-start=\"209\" data-end=\"478\">La Home Connectivity Alliance (HCA) a d\u00e9voil\u00e9 deux mises \u00e0 jour majeures pour l&rsquo;\u00e9cosyst\u00e8me de la maison connect\u00e9e lors de l&rsquo;IFA 2025 \u00e0 Berlin : la sp\u00e9cification de gestion de l&rsquo;\u00e9nergie 2.0 de la HCA et la premi\u00e8re sp\u00e9cification d&rsquo;assurance de la HCA. La HCA pr\u00e9voit de publier ces deux sp\u00e9cifications d&rsquo;ici la fin de l&rsquo;ann\u00e9e 2025.<\/p>\n<p data-start=\"480\" data-end=\"690\">Pour les lecteurs d&rsquo;ECInews, l&rsquo;annonce souligne les nouvelles opportunit\u00e9s autour de l&rsquo;interop\u00e9rabilit\u00e9, des services de r\u00e9seau et des produits d&rsquo;assurance bas\u00e9s sur les donn\u00e9es &#8211; des domaines o\u00f9 les acteurs de l&rsquo;<a href=\"https:\/\/www.eenewseurope.com\/en\/tags\/energy\">\u00e9nergie<\/a>, de l&rsquo;\u00e9lectronique et de l&rsquo;IdO se croisent.<\/p>\n<h2 data-start=\"692\" data-end=\"732\">Extension des fonctions de gestion de l&rsquo;\u00e9nergie<\/h2>\n<p data-start=\"734\" data-end=\"971\">S&rsquo;appuyant sur la version 1.0 publi\u00e9e au CES 2024, la nouvelle sp\u00e9cification de gestion de l&rsquo;\u00e9nergie HCA ajoute une <a href=\"https:\/\/www.eenewseurope.com\/en\/tags\/cybersecurity\/\">cybers\u00e9curit\u00e9<\/a> plus forte, des options de r\u00e9ponse \u00e0 la demande \u00e9largies et des interactions am\u00e9lior\u00e9es entre les appareils intelligents et les plateformes de gestion de l&rsquo;\u00e9nergie.<\/p>\n<p data-start=\"973\" data-end=\"1322\">\u00ab\u00a0Avec le lancement de la sp\u00e9cification de gestion de l&rsquo;\u00e9nergie 2.0, nous ne renfor\u00e7ons pas seulement l&rsquo;ossature technique de l&rsquo;interop\u00e9rabilit\u00e9, nous fournissons \u00e9galement aux consommateurs des outils pratiques pour planifier, g\u00e9rer et budg\u00e9tiser leur consommation d&rsquo;\u00e9nergie domestique de mani\u00e8re plus efficace\u00a0\u00bb, a d\u00e9clar\u00e9 Marco Bulgheroni, membre du conseil d&rsquo;administration de la HCA et directeur de la technologie num\u00e9rique chez Electrolux.<\/p>\n<p data-start=\"1324\" data-end=\"1725\">La mise \u00e0 jour est con\u00e7ue pour donner aux services publics et aux agr\u00e9gateurs de meilleurs outils pour coordonner les appareils dans les programmes de r\u00e9ponse \u00e0 la demande. \u00ab\u00a0Cette mise \u00e0 jour renforce la prise en charge des appareils intelligents dans le cadre de la r\u00e9ponse \u00e0 la demande, en donnant aux services publics et aux agr\u00e9gateurs des outils plus clairs pour inscrire, coordonner et g\u00e9rer les appareils\u00a0\u00bb, a ajout\u00e9 Michael Siemann, pr\u00e9sident du groupe de travail sur la gestion de l&rsquo;\u00e9nergie de la HCA et directeur de la technologie chez Resideo Grid Services.<\/p>\n<h2 data-start=\"1727\" data-end=\"1759\">L&rsquo;assurance entre dans la maison connect\u00e9e<\/h2>\n<p data-start=\"1761\" data-end=\"2047\">Pour la premi\u00e8re fois, la HCA \u00e9tend son champ d&rsquo;action au-del\u00e0 de l&rsquo;efficacit\u00e9 \u00e9nerg\u00e9tique pour s&rsquo;int\u00e9resser \u00e0 l&rsquo;assurance. La sp\u00e9cification d&rsquo;assurance 1.0 d\u00e9finit une API normalis\u00e9e qui relie les donn\u00e9es des appareils aux assureurs, ce qui permet d&rsquo;offrir de nouveaux services tels que la r\u00e9duction des risques, les \u00e9conomies de co\u00fbts et les produits d&rsquo;assurance personnalis\u00e9s.<\/p>\n<p data-start=\"2049\" data-end=\"2309\">\u00ab\u00a0HSB explore et d\u00e9veloppe des solutions qui exploitent la valeur largement inexploit\u00e9e de la technologie et des donn\u00e9es IoT dans l&rsquo;\u00e9cosyst\u00e8me de la maison connect\u00e9e \u00ab\u00a0, a d\u00e9clar\u00e9 John B. Riggs, membre du conseil d&rsquo;administration de HCA et CTO &amp; SVP, Applied Technology Solutions &amp; President, Meshify chez HSB.<\/p>\n<h2 data-start=\"2311\" data-end=\"2331\">Adoption au niveau mondial<\/h2>\n<p data-start=\"2333\" data-end=\"2553\">HCA a \u00e9galement annonc\u00e9 la cr\u00e9ation d&rsquo;un nouveau groupe d&rsquo;int\u00e9r\u00eat sp\u00e9cial (SIG) bas\u00e9 en Cor\u00e9e, comprenant Hyundai Development Company et Hyundai Engineering and Construction, qui travaille avec la Korea Association of AI Smart Home pour promouvoir l&rsquo;adoption de cette technologie.<\/p>\n<p data-start=\"2555\" data-end=\"2809\">\u00ab\u00a0L&rsquo;avantage pour les utilisateurs de HCA est qu&rsquo;une fois qu&rsquo;ils ont int\u00e9gr\u00e9 l&rsquo;un de nos membres, la connexion \u00e0 d&rsquo;autres membres peut \u00eatre aussi simple que de changer les URL et les cl\u00e9s de s\u00e9curit\u00e9\u00a0\u00bb, a d\u00e9clar\u00e9 John Hughes, pr\u00e9sident du groupe de travail technique de HCA et ing\u00e9nieur en chef chez Trane Technologies.<\/p>\n<p data-start=\"2811\" data-end=\"3007\">Avec ses derni\u00e8res sp\u00e9cifications, la HCA cherche \u00e0 jeter les bases de maisons plus intelligentes, plus s\u00fbres et plus durables, en reliant la gestion de l&rsquo;\u00e9nergie, l&rsquo;interop\u00e9rabilit\u00e9 des appareils et m\u00eame l&rsquo;assurance.<br \/>\n<a href=\"https:\/\/homeconnectivityalliance.org\">https:\/\/homeconnectivityalliance.org\/<\/a><\/p>\n","protected":false},"excerpt":{"rendered":"<p>La Home Connectivity Alliance (HCA) a d\u00e9voil\u00e9 deux mises \u00e0 jour majeures pour l&rsquo;\u00e9cosyst\u00e8me de la maison connect\u00e9e lors de l&rsquo;IFA 2025 \u00e0 Berlin : la sp\u00e9cification de gestion de l&rsquo;\u00e9nergie 2.0 de la HCA et la premi\u00e8re sp\u00e9cification d&rsquo;assurance de la HCA. La HCA pr\u00e9voit de publier ces deux sp\u00e9cifications d&rsquo;ici la fin de [&hellip;]<\/p>\n","protected":false},"author":34,"featured_media":485410,"comment_status":"closed","ping_status":"closed","sticky":false,"template":"","format":"standard","meta":{"_acf_changed":false,"footnotes":""},"categories":[3669],"tags":[1069,919,7241],"domains":[47],"ppma_author":[10490,1153],"class_list":["post-485439","post","type-post","status-publish","format-standard","has-post-thumbnail","hentry","category-nouvelles","tag-cybersecurite","tag-iot-fr","tag-maison-intelligente","domains-electronique-eci"],"acf":[],"yoast_head":"<title>La HCA d\u00e9voile la sp\u00e9cification de gestion de l&#039;\u00e9nergie 2.0 ...<\/title>\n<meta name=\"description\" content=\"La sp\u00e9cification de gestion de l&#039;\u00e9nergie et l&#039;API d&#039;assurance de la HCA ont \u00e9t\u00e9 d\u00e9voil\u00e9es \u00e0 l&#039;occasion de l&#039;IFA 2025.\" \/>\n<meta name=\"robots\" content=\"index, follow, max-snippet:-1, max-image-preview:large, max-video-preview:-1\" \/>\n<link rel=\"canonical\" href=\"https:\/\/www.ecinews.fr\/fr\/wp-json\/wp\/v2\/posts\/485439\/\" \/>\n<meta property=\"og:locale\" content=\"fr_FR\" \/>\n<meta property=\"og:type\" content=\"article\" \/>\n<meta property=\"og:title\" content=\"La HCA d\u00e9voile la sp\u00e9cification de gestion de l&#039;\u00e9nergie 2.0 et l&#039;API d&#039;assurance \u00e0 l&#039;IFA 2025\" \/>\n<meta property=\"og:description\" content=\"La sp\u00e9cification de gestion de l&#039;\u00e9nergie et l&#039;API d&#039;assurance de la HCA ont \u00e9t\u00e9 d\u00e9voil\u00e9es \u00e0 l&#039;occasion de l&#039;IFA 2025.\" \/>\n<meta property=\"og:url\" content=\"https:\/\/www.ecinews.fr\/fr\/wp-json\/wp\/v2\/posts\/485439\/\" \/>\n<meta property=\"og:site_name\" content=\"EENewsEurope\" \/>\n<meta property=\"article:published_time\" content=\"2025-09-09T07:08:51+00:00\" \/>\n<meta property=\"og:image\" content=\"https:\/\/www.ecinews.fr\/wp-content\/uploads\/2025\/09\/Screenshot-2025-09-08-at-6.39.09\u202fPM.png\" \/>\n\t<meta property=\"og:image:width\" content=\"1866\" \/>\n\t<meta property=\"og:image:height\" content=\"840\" \/>\n\t<meta property=\"og:image:type\" content=\"image\/png\" \/>\n<meta name=\"author\" content=\"Asma Adhimi, A Delapalisse\" \/>\n<meta name=\"twitter:card\" content=\"summary_large_image\" \/>\n<meta name=\"twitter:label1\" content=\"Written by\" \/>\n\t<meta name=\"twitter:data1\" content=\"A Delapalisse\" \/>\n\t<meta name=\"twitter:label2\" content=\"Est. reading time\" \/>\n\t<meta name=\"twitter:data2\" content=\"3 minutes\" \/>\n<script type=\"application\/ld+json\" class=\"yoast-schema-graph\">{\"@context\":\"https:\/\/schema.org\",\"@graph\":[{\"@type\":\"Article\",\"@id\":\"https:\/\/www.ecinews.fr\/fr\/la-hca-devoile-la-specification-de-gestion-de-lenergie-2-0-et-lapi-dassurance-a-lifa-2025\/#article\",\"isPartOf\":{\"@id\":\"https:\/\/www.ecinews.fr\/fr\/la-hca-devoile-la-specification-de-gestion-de-lenergie-2-0-et-lapi-dassurance-a-lifa-2025\/\"},\"author\":{\"name\":\"A Delapalisse\",\"@id\":\"https:\/\/www.ecinews.fr\/fr\/#\/schema\/person\/0aa2cfb0bd8949724a68cbac8d8321b4\"},\"headline\":\"La HCA d\u00e9voile la sp\u00e9cification de gestion de l&rsquo;\u00e9nergie 2.0 et l&rsquo;API d&rsquo;assurance \u00e0 l&rsquo;IFA 2025\",\"datePublished\":\"2025-09-09T07:08:51+00:00\",\"dateModified\":\"2025-09-09T07:08:51+00:00\",\"mainEntityOfPage\":{\"@id\":\"https:\/\/www.ecinews.fr\/fr\/la-hca-devoile-la-specification-de-gestion-de-lenergie-2-0-et-lapi-dassurance-a-lifa-2025\/\"},\"wordCount\":659,\"publisher\":{\"@id\":\"https:\/\/www.ecinews.fr\/fr\/#organization\"},\"keywords\":[\"Cybers\u00e9curit\u00e9\",\"IoT\",\"Maison intelligente\"],\"articleSection\":[\"Nouvelles\"],\"inLanguage\":\"fr-FR\"},{\"@type\":\"WebPage\",\"@id\":\"https:\/\/www.ecinews.fr\/fr\/la-hca-devoile-la-specification-de-gestion-de-lenergie-2-0-et-lapi-dassurance-a-lifa-2025\/\",\"url\":\"https:\/\/www.ecinews.fr\/fr\/la-hca-devoile-la-specification-de-gestion-de-lenergie-2-0-et-lapi-dassurance-a-lifa-2025\/\",\"name\":\"La HCA d\u00e9voile la sp\u00e9cification de gestion de l'\u00e9nergie 2.0 et l'API d'assurance \u00e0 l'IFA 2025 -\",\"isPartOf\":{\"@id\":\"https:\/\/www.ecinews.fr\/fr\/#website\"},\"datePublished\":\"2025-09-09T07:08:51+00:00\",\"dateModified\":\"2025-09-09T07:08:51+00:00\",\"description\":\"La sp\u00e9cification de gestion de l'\u00e9nergie et l'API d'assurance de la HCA ont \u00e9t\u00e9 d\u00e9voil\u00e9es \u00e0 l'occasion de l'IFA 2025.\",\"breadcrumb\":{\"@id\":\"https:\/\/www.ecinews.fr\/fr\/la-hca-devoile-la-specification-de-gestion-de-lenergie-2-0-et-lapi-dassurance-a-lifa-2025\/#breadcrumb\"},\"inLanguage\":\"fr-FR\",\"potentialAction\":[{\"@type\":\"ReadAction\",\"target\":[\"https:\/\/www.ecinews.fr\/fr\/la-hca-devoile-la-specification-de-gestion-de-lenergie-2-0-et-lapi-dassurance-a-lifa-2025\/\"]}]},{\"@type\":\"BreadcrumbList\",\"@id\":\"https:\/\/www.ecinews.fr\/fr\/la-hca-devoile-la-specification-de-gestion-de-lenergie-2-0-et-lapi-dassurance-a-lifa-2025\/#breadcrumb\",\"itemListElement\":[{\"@type\":\"ListItem\",\"position\":1,\"name\":\"Home\",\"item\":\"https:\/\/www.ecinews.fr\/fr\/\"},{\"@type\":\"ListItem\",\"position\":2,\"name\":\"La HCA d\u00e9voile la sp\u00e9cification de gestion de l&rsquo;\u00e9nergie 2.0 et l&rsquo;API d&rsquo;assurance \u00e0 l&rsquo;IFA 2025\"}]},{\"@type\":\"WebSite\",\"@id\":\"https:\/\/www.ecinews.fr\/fr\/#website\",\"url\":\"https:\/\/www.ecinews.fr\/fr\/\",\"name\":\"EENewsEurope\",\"description\":\"Just another WordPress site\",\"publisher\":{\"@id\":\"https:\/\/www.ecinews.fr\/fr\/#organization\"},\"potentialAction\":[{\"@type\":\"SearchAction\",\"target\":{\"@type\":\"EntryPoint\",\"urlTemplate\":\"https:\/\/www.ecinews.fr\/fr\/?s={search_term_string}\"},\"query-input\":\"required name=search_term_string\"}],\"inLanguage\":\"fr-FR\"},{\"@type\":\"Organization\",\"@id\":\"https:\/\/www.ecinews.fr\/fr\/#organization\",\"name\":\"EENewsEurope\",\"url\":\"https:\/\/www.ecinews.fr\/fr\/\",\"logo\":{\"@type\":\"ImageObject\",\"inLanguage\":\"fr-FR\",\"@id\":\"https:\/\/www.ecinews.fr\/fr\/#\/schema\/logo\/image\/\",\"url\":\"https:\/\/www.ecinews.fr\/wp-content\/uploads\/2022\/02\/logo-1.jpg\",\"contentUrl\":\"https:\/\/www.ecinews.fr\/wp-content\/uploads\/2022\/02\/logo-1.jpg\",\"width\":283,\"height\":113,\"caption\":\"EENewsEurope\"},\"image\":{\"@id\":\"https:\/\/www.ecinews.fr\/fr\/#\/schema\/logo\/image\/\"}},{\"@type\":\"Person\",\"@id\":\"https:\/\/www.ecinews.fr\/fr\/#\/schema\/person\/0aa2cfb0bd8949724a68cbac8d8321b4\",\"name\":\"A Delapalisse\",\"image\":{\"@type\":\"ImageObject\",\"inLanguage\":\"fr-FR\",\"@id\":\"https:\/\/www.ecinews.fr\/fr\/#\/schema\/person\/image\/211ac42237c2e9683c0964086c393cb4\",\"url\":\"https:\/\/secure.gravatar.com\/avatar\/ad45a8c5da24bc9c7c4940dd1c48a695?s=96&d=mm&r=g\",\"contentUrl\":\"https:\/\/secure.gravatar.com\/avatar\/ad45a8c5da24bc9c7c4940dd1c48a695?s=96&d=mm&r=g\",\"caption\":\"A Delapalisse\"},\"sameAs\":[\"http:\/\/ECI\"]}]}<\/script>","yoast_head_json":{"title":"La HCA d\u00e9voile la sp\u00e9cification de gestion de l'\u00e9nergie 2.0 ...","description":"La sp\u00e9cification de gestion de l'\u00e9nergie et l'API d'assurance de la HCA ont \u00e9t\u00e9 d\u00e9voil\u00e9es \u00e0 l'occasion de l'IFA 2025.","robots":{"index":"index","follow":"follow","max-snippet":"max-snippet:-1","max-image-preview":"max-image-preview:large","max-video-preview":"max-video-preview:-1"},"canonical":"https:\/\/www.ecinews.fr\/fr\/wp-json\/wp\/v2\/posts\/485439\/","og_locale":"fr_FR","og_type":"article","og_title":"La HCA d\u00e9voile la sp\u00e9cification de gestion de l'\u00e9nergie 2.0 et l'API d'assurance \u00e0 l'IFA 2025","og_description":"La sp\u00e9cification de gestion de l'\u00e9nergie et l'API d'assurance de la HCA ont \u00e9t\u00e9 d\u00e9voil\u00e9es \u00e0 l'occasion de l'IFA 2025.","og_url":"https:\/\/www.ecinews.fr\/fr\/wp-json\/wp\/v2\/posts\/485439\/","og_site_name":"EENewsEurope","article_published_time":"2025-09-09T07:08:51+00:00","og_image":[{"width":1866,"height":840,"url":"https:\/\/www.ecinews.fr\/wp-content\/uploads\/2025\/09\/Screenshot-2025-09-08-at-6.39.09\u202fPM.png","type":"image\/png"}],"author":"Asma Adhimi, A Delapalisse","twitter_card":"summary_large_image","twitter_misc":{"Written by":"A Delapalisse","Est. reading time":"3 minutes"},"schema":{"@context":"https:\/\/schema.org","@graph":[{"@type":"Article","@id":"https:\/\/www.ecinews.fr\/fr\/la-hca-devoile-la-specification-de-gestion-de-lenergie-2-0-et-lapi-dassurance-a-lifa-2025\/#article","isPartOf":{"@id":"https:\/\/www.ecinews.fr\/fr\/la-hca-devoile-la-specification-de-gestion-de-lenergie-2-0-et-lapi-dassurance-a-lifa-2025\/"},"author":{"name":"A Delapalisse","@id":"https:\/\/www.ecinews.fr\/fr\/#\/schema\/person\/0aa2cfb0bd8949724a68cbac8d8321b4"},"headline":"La HCA d\u00e9voile la sp\u00e9cification de gestion de l&rsquo;\u00e9nergie 2.0 et l&rsquo;API d&rsquo;assurance \u00e0 l&rsquo;IFA 2025","datePublished":"2025-09-09T07:08:51+00:00","dateModified":"2025-09-09T07:08:51+00:00","mainEntityOfPage":{"@id":"https:\/\/www.ecinews.fr\/fr\/la-hca-devoile-la-specification-de-gestion-de-lenergie-2-0-et-lapi-dassurance-a-lifa-2025\/"},"wordCount":659,"publisher":{"@id":"https:\/\/www.ecinews.fr\/fr\/#organization"},"keywords":["Cybers\u00e9curit\u00e9","IoT","Maison intelligente"],"articleSection":["Nouvelles"],"inLanguage":"fr-FR"},{"@type":"WebPage","@id":"https:\/\/www.ecinews.fr\/fr\/la-hca-devoile-la-specification-de-gestion-de-lenergie-2-0-et-lapi-dassurance-a-lifa-2025\/","url":"https:\/\/www.ecinews.fr\/fr\/la-hca-devoile-la-specification-de-gestion-de-lenergie-2-0-et-lapi-dassurance-a-lifa-2025\/","name":"La HCA d\u00e9voile la sp\u00e9cification de gestion de l'\u00e9nergie 2.0 et l'API d'assurance \u00e0 l'IFA 2025 -","isPartOf":{"@id":"https:\/\/www.ecinews.fr\/fr\/#website"},"datePublished":"2025-09-09T07:08:51+00:00","dateModified":"2025-09-09T07:08:51+00:00","description":"La sp\u00e9cification de gestion de l'\u00e9nergie et l'API d'assurance de la HCA ont \u00e9t\u00e9 d\u00e9voil\u00e9es \u00e0 l'occasion de l'IFA 2025.","breadcrumb":{"@id":"https:\/\/www.ecinews.fr\/fr\/la-hca-devoile-la-specification-de-gestion-de-lenergie-2-0-et-lapi-dassurance-a-lifa-2025\/#breadcrumb"},"inLanguage":"fr-FR","potentialAction":[{"@type":"ReadAction","target":["https:\/\/www.ecinews.fr\/fr\/la-hca-devoile-la-specification-de-gestion-de-lenergie-2-0-et-lapi-dassurance-a-lifa-2025\/"]}]},{"@type":"BreadcrumbList","@id":"https:\/\/www.ecinews.fr\/fr\/la-hca-devoile-la-specification-de-gestion-de-lenergie-2-0-et-lapi-dassurance-a-lifa-2025\/#breadcrumb","itemListElement":[{"@type":"ListItem","position":1,"name":"Home","item":"https:\/\/www.ecinews.fr\/fr\/"},{"@type":"ListItem","position":2,"name":"La HCA d\u00e9voile la sp\u00e9cification de gestion de l&rsquo;\u00e9nergie 2.0 et l&rsquo;API d&rsquo;assurance \u00e0 l&rsquo;IFA 2025"}]},{"@type":"WebSite","@id":"https:\/\/www.ecinews.fr\/fr\/#website","url":"https:\/\/www.ecinews.fr\/fr\/","name":"EENewsEurope","description":"Just another WordPress site","publisher":{"@id":"https:\/\/www.ecinews.fr\/fr\/#organization"},"potentialAction":[{"@type":"SearchAction","target":{"@type":"EntryPoint","urlTemplate":"https:\/\/www.ecinews.fr\/fr\/?s={search_term_string}"},"query-input":"required name=search_term_string"}],"inLanguage":"fr-FR"},{"@type":"Organization","@id":"https:\/\/www.ecinews.fr\/fr\/#organization","name":"EENewsEurope","url":"https:\/\/www.ecinews.fr\/fr\/","logo":{"@type":"ImageObject","inLanguage":"fr-FR","@id":"https:\/\/www.ecinews.fr\/fr\/#\/schema\/logo\/image\/","url":"https:\/\/www.ecinews.fr\/wp-content\/uploads\/2022\/02\/logo-1.jpg","contentUrl":"https:\/\/www.ecinews.fr\/wp-content\/uploads\/2022\/02\/logo-1.jpg","width":283,"height":113,"caption":"EENewsEurope"},"image":{"@id":"https:\/\/www.ecinews.fr\/fr\/#\/schema\/logo\/image\/"}},{"@type":"Person","@id":"https:\/\/www.ecinews.fr\/fr\/#\/schema\/person\/0aa2cfb0bd8949724a68cbac8d8321b4","name":"A Delapalisse","image":{"@type":"ImageObject","inLanguage":"fr-FR","@id":"https:\/\/www.ecinews.fr\/fr\/#\/schema\/person\/image\/211ac42237c2e9683c0964086c393cb4","url":"https:\/\/secure.gravatar.com\/avatar\/ad45a8c5da24bc9c7c4940dd1c48a695?s=96&d=mm&r=g","contentUrl":"https:\/\/secure.gravatar.com\/avatar\/ad45a8c5da24bc9c7c4940dd1c48a695?s=96&d=mm&r=g","caption":"A Delapalisse"},"sameAs":["http:\/\/ECI"]}]}},"authors":[{"term_id":10490,"user_id":0,"is_guest":1,"slug":"asma-adhimi","display_name":"Asma Adhimi","avatar_url":"https:\/\/secure.gravatar.com\/avatar\/?s=96&d=mm&r=g","0":null,"1":"","2":"","3":"","4":"","5":"","6":"","7":"","8":""},{"term_id":1153,"user_id":34,"is_guest":0,"slug":"adelapalisse","display_name":"A Delapalisse","avatar_url":"https:\/\/secure.gravatar.com\/avatar\/ad45a8c5da24bc9c7c4940dd1c48a695?s=96&d=mm&r=g","0":null,"1":"","2":"","3":"","4":"","5":"","6":"","7":"","8":""}],"_links":{"self":[{"href":"https:\/\/www.ecinews.fr\/fr\/wp-json\/wp\/v2\/posts\/485439"}],"collection":[{"href":"https:\/\/www.ecinews.fr\/fr\/wp-json\/wp\/v2\/posts"}],"about":[{"href":"https:\/\/www.ecinews.fr\/fr\/wp-json\/wp\/v2\/types\/post"}],"author":[{"embeddable":true,"href":"https:\/\/www.ecinews.fr\/fr\/wp-json\/wp\/v2\/users\/34"}],"replies":[{"embeddable":true,"href":"https:\/\/www.ecinews.fr\/fr\/wp-json\/wp\/v2\/comments?post=485439"}],"version-history":[{"count":0,"href":"https:\/\/www.ecinews.fr\/fr\/wp-json\/wp\/v2\/posts\/485439\/revisions"}],"wp:featuredmedia":[{"embeddable":true,"href":"https:\/\/www.ecinews.fr\/fr\/wp-json\/wp\/v2\/media\/485410"}],"wp:attachment":[{"href":"https:\/\/www.ecinews.fr\/fr\/wp-json\/wp\/v2\/media?parent=485439"}],"wp:term":[{"taxonomy":"category","embeddable":true,"href":"https:\/\/www.ecinews.fr\/fr\/wp-json\/wp\/v2\/categories?post=485439"},{"taxonomy":"post_tag","embeddable":true,"href":"https:\/\/www.ecinews.fr\/fr\/wp-json\/wp\/v2\/tags?post=485439"},{"taxonomy":"domains","embeddable":true,"href":"https:\/\/www.ecinews.fr\/fr\/wp-json\/wp\/v2\/domains?post=485439"},{"taxonomy":"author","embeddable":true,"href":"https:\/\/www.ecinews.fr\/fr\/wp-json\/wp\/v2\/ppma_author?post=485439"}],"curies":[{"name":"wp","href":"https:\/\/api.w.org\/{rel}","templated":true}]}}