{"id":485430,"date":"2025-09-08T23:43:04","date_gmt":"2025-09-08T21:43:04","guid":{"rendered":"https:\/\/www.eenewseurope.com\/?p=485430"},"modified":"2025-09-08T23:44:04","modified_gmt":"2025-09-08T21:44:04","slug":"cea-prologium-vers-de-nouveaux-modules-de-batteries-a-letat-solide-amovibles-et-recyclables","status":"publish","type":"post","link":"https:\/\/www.ecinews.fr\/fr\/cea-prologium-vers-de-nouveaux-modules-de-batteries-a-letat-solide-amovibles-et-recyclables\/","title":{"rendered":"Le CEA &#038; ProLogium : vers de nouveaux modules de batteries \u00e0 l\u2019\u00e9tat solide amovibles et recyclables"},"content":{"rendered":"<h3><span style=\"font-size: 16px;\">ProLogium Technology, acteur cl\u00e9 dans le domaine des batteries \u00e0 l\u2019\u00e9tat solide, et le CEA ont annonc\u00e9 leur partenariat pour d\u00e9velopper un module de batterie \u00e0 l\u2019\u00e9tat solide innovant avec une structure \u00ab concu pour le d\u00e9montage \u00bb<\/span><\/h3>\n<p>Depuis le d\u00e9but de cette collaboration en novembre 2024, les deux parties ont cr\u00e9\u00e9 un syst\u00e8me de batterie qui combine une densit\u00e9 d\u2019\u00e9nergie \u00e9lev\u00e9e avec une conception modulaire et facile \u00e0 d\u00e9monter. Cette approche am\u00e9liore les performances des produits sur trois indicateurs cl\u00e9s de durabilit\u00e9 : la r\u00e9parabilit\u00e9<i>,\u00a0<\/i>la\u00a0recyclabilit\u00e9<i>\u00a0<\/i>et la r\u00e9utilisabilit\u00e9.<\/p>\n<p>Le CEA apporte son expertise en ing\u00e9nierie et son exp\u00e9rience dans la conception de modules, le prototypage, les tests et la validation, tandis que ProLogium contribue avec ses \u00ab cellules de batterie lithium-c\u00e9ramique \u00e0 semiconducteurs enti\u00e8rement inorganiques superfluidis\u00e9es \u00bb \u00e0 haute densit\u00e9 d\u2019\u00e9nergie et r\u00e9put\u00e9es pour leur s\u00e9curit\u00e9 intrins\u00e8que, leur charge ultra-rapide et leurs performances exceptionnelles \u00e0 basse temp\u00e9rature. Un prototype de module maquette pour l\u2019industrie automobile sera pr\u00e9sent\u00e9 \u00e0 l\u2019IAA Mobility 2025 \u00e0 Munich.<\/p>\n<section class=\"av_textblock_section \">\n<div class=\"avia_textblock  \">\n<p><img decoding=\"async\" class=\"size-medium wp-image-485432 alignleft lazyload\" data-src=\"https:\/\/www.eenewseurope.com\/wp-content\/uploads\/2025\/09\/CEA-Proligium-300x200.jpg\" alt=\"\" width=\"300\" height=\"200\" src=\"data:image\/svg+xml;base64,PHN2ZyB3aWR0aD0iMSIgaGVpZ2h0PSIxIiB4bWxucz0iaHR0cDovL3d3dy53My5vcmcvMjAwMC9zdmciPjwvc3ZnPg==\" style=\"--smush-placeholder-width: 300px; --smush-placeholder-aspect-ratio: 300\/200;\" \/>Le prototype du \u00ab module de batterie \u00e0 semiconducteurs facile \u00e0 d\u00e9monter \u00bb utilise des conceptions non soud\u00e9es, tout en maintenant une compacit\u00e9 et une densit\u00e9 d\u2019\u00e9nergie \u00e9lev\u00e9e, permettant ainsi une gestion durable tout au long du cycle de vie de la batterie.<\/p>\n<\/div>\n<\/section>\n<section class=\"av_textblock_section \">\n<div class=\"avia_textblock  \">\n<p>Cette architecture innovante permet de retirer le module de la batterie et de le d\u00e9monter facilement pour acc\u00e9der aux cellules. Il permet de r\u00e9cup\u00e9rer facilement les cellules individuelles, ce qui facilitera la s\u00e9paration des diff\u00e9rents composants de la cellule pour le recyclage et la r\u00e9utilisation, tout en facilitant la r\u00e9paration modulaire. Cela incarne non seulement les principes d\u2019une \u00e9conomie circulaire, mais fournit \u00e9galement \u00e0 la France et \u00e0 l\u2019Europe une solution concr\u00e8te et \u00e9volutive pour moderniser et int\u00e9grer leurs cha\u00eenes d\u2019approvisionnement r\u00e9gionales en batteries et leurs industries de recyclage.<\/p>\n<p><a href=\"https:\/\/prologium.com\/\">Prologium <\/a>\u00a0<\/p>\n<\/div>\n<\/section>\n<p>&nbsp;<\/p>\n","protected":false},"excerpt":{"rendered":"<p>ProLogium Technology, acteur cl\u00e9 dans le domaine des batteries \u00e0 l\u2019\u00e9tat solide, et le CEA ont annonc\u00e9 leur partenariat pour d\u00e9velopper un module de batterie \u00e0 l\u2019\u00e9tat solide innovant avec une structure \u00ab concu pour le d\u00e9montage \u00bb Depuis le d\u00e9but de cette collaboration en novembre 2024, les deux parties ont cr\u00e9\u00e9 un syst\u00e8me de [&hellip;]<\/p>\n","protected":false},"author":11,"featured_media":476857,"comment_status":"closed","ping_status":"closed","sticky":true,"template":"","format":"standard","meta":{"_acf_changed":false,"footnotes":""},"categories":[883],"tags":[10546,10548,10545],"domains":[47],"ppma_author":[1143],"class_list":["post-485430","post","type-post","status-publish","format-standard","has-post-thumbnail","hentry","category-technologies","tag-batterie-etat-solide","tag-prologium","tag-stockage-de-lenergie","domains-electronique-eci"],"acf":[],"yoast_head":"<title>Le CEA &amp; ProLogium : vers de nouveaux modules de batteries \u00e0 l...<\/title>\n<meta name=\"description\" content=\"syst\u00e8me de batterie qui combine une densit\u00e9 d\u2019\u00e9nergie \u00e9lev\u00e9e avec une conception modulaire et facile \u00e0 d\u00e9monter.\" \/>\n<meta name=\"robots\" content=\"index, follow, max-snippet:-1, max-image-preview:large, max-video-preview:-1\" \/>\n<link rel=\"canonical\" href=\"https:\/\/www.ecinews.fr\/fr\/wp-json\/wp\/v2\/posts\/485430\/\" \/>\n<meta property=\"og:locale\" content=\"fr_FR\" \/>\n<meta property=\"og:type\" content=\"article\" \/>\n<meta property=\"og:title\" content=\"Le CEA &amp; ProLogium : vers de nouveaux modules de batteries \u00e0 l\u2019\u00e9tat solide amovibles et recyclables\" \/>\n<meta property=\"og:description\" content=\"syst\u00e8me de batterie qui combine une densit\u00e9 d\u2019\u00e9nergie \u00e9lev\u00e9e avec une conception modulaire et facile \u00e0 d\u00e9monter.\" \/>\n<meta property=\"og:url\" content=\"https:\/\/www.ecinews.fr\/fr\/wp-json\/wp\/v2\/posts\/485430\/\" \/>\n<meta property=\"og:site_name\" content=\"EENewsEurope\" \/>\n<meta property=\"article:published_time\" content=\"2025-09-08T21:43:04+00:00\" \/>\n<meta property=\"article:modified_time\" content=\"2025-09-08T21:44:04+00:00\" \/>\n<meta property=\"og:image\" content=\"https:\/\/www.ecinews.fr\/wp-content\/uploads\/2025\/04\/Logo-agrement.jpg\" \/>\n\t<meta property=\"og:image:width\" content=\"308\" \/>\n\t<meta property=\"og:image:height\" content=\"253\" \/>\n\t<meta property=\"og:image:type\" content=\"image\/jpeg\" \/>\n<meta name=\"author\" content=\"Daniel Cardon\" \/>\n<meta name=\"twitter:card\" content=\"summary_large_image\" \/>\n<meta name=\"twitter:label1\" content=\"Written by\" \/>\n\t<meta name=\"twitter:data1\" content=\"Daniel Cardon\" \/>\n\t<meta name=\"twitter:label2\" content=\"Est. reading time\" \/>\n\t<meta name=\"twitter:data2\" content=\"2 minutes\" \/>\n<script type=\"application\/ld+json\" class=\"yoast-schema-graph\">{\"@context\":\"https:\/\/schema.org\",\"@graph\":[{\"@type\":\"Article\",\"@id\":\"https:\/\/www.ecinews.fr\/fr\/cea-prologium-vers-de-nouveaux-modules-de-batteries-a-letat-solide-amovibles-et-recyclables\/#article\",\"isPartOf\":{\"@id\":\"https:\/\/www.ecinews.fr\/fr\/cea-prologium-vers-de-nouveaux-modules-de-batteries-a-letat-solide-amovibles-et-recyclables\/\"},\"author\":{\"name\":\"Daniel Cardon\",\"@id\":\"https:\/\/www.eenewseurope.com\/en\/#\/schema\/person\/93c44cde463762f40a8236eaa44c1c17\"},\"headline\":\"Le CEA &#038; ProLogium : vers de nouveaux modules de batteries \u00e0 l\u2019\u00e9tat solide amovibles et recyclables\",\"datePublished\":\"2025-09-08T21:43:04+00:00\",\"dateModified\":\"2025-09-08T21:44:04+00:00\",\"mainEntityOfPage\":{\"@id\":\"https:\/\/www.ecinews.fr\/fr\/cea-prologium-vers-de-nouveaux-modules-de-batteries-a-letat-solide-amovibles-et-recyclables\/\"},\"wordCount\":340,\"publisher\":{\"@id\":\"https:\/\/www.eenewseurope.com\/en\/#organization\"},\"keywords\":[\"Batterie \u00e9tat solide\",\"Prologium\",\"Stockage de l'\u00e9nergie\"],\"articleSection\":[\"Technologies\"],\"inLanguage\":\"fr-FR\"},{\"@type\":\"WebPage\",\"@id\":\"https:\/\/www.ecinews.fr\/fr\/cea-prologium-vers-de-nouveaux-modules-de-batteries-a-letat-solide-amovibles-et-recyclables\/\",\"url\":\"https:\/\/www.ecinews.fr\/fr\/cea-prologium-vers-de-nouveaux-modules-de-batteries-a-letat-solide-amovibles-et-recyclables\/\",\"name\":\"Le CEA & ProLogium : vers de nouveaux modules de batteries \u00e0 l\u2019\u00e9tat solide amovibles et recyclables -\",\"isPartOf\":{\"@id\":\"https:\/\/www.eenewseurope.com\/en\/#website\"},\"datePublished\":\"2025-09-08T21:43:04+00:00\",\"dateModified\":\"2025-09-08T21:44:04+00:00\",\"description\":\"syst\u00e8me de batterie qui combine une densit\u00e9 d\u2019\u00e9nergie \u00e9lev\u00e9e avec une conception modulaire et facile \u00e0 d\u00e9monter.\",\"breadcrumb\":{\"@id\":\"https:\/\/www.ecinews.fr\/fr\/cea-prologium-vers-de-nouveaux-modules-de-batteries-a-letat-solide-amovibles-et-recyclables\/#breadcrumb\"},\"inLanguage\":\"fr-FR\",\"potentialAction\":[{\"@type\":\"ReadAction\",\"target\":[\"https:\/\/www.ecinews.fr\/fr\/cea-prologium-vers-de-nouveaux-modules-de-batteries-a-letat-solide-amovibles-et-recyclables\/\"]}]},{\"@type\":\"BreadcrumbList\",\"@id\":\"https:\/\/www.ecinews.fr\/fr\/cea-prologium-vers-de-nouveaux-modules-de-batteries-a-letat-solide-amovibles-et-recyclables\/#breadcrumb\",\"itemListElement\":[{\"@type\":\"ListItem\",\"position\":1,\"name\":\"Home\",\"item\":\"https:\/\/www.ecinews.fr\/fr\/\"},{\"@type\":\"ListItem\",\"position\":2,\"name\":\"Le CEA &#038; ProLogium : vers de nouveaux modules de batteries \u00e0 l\u2019\u00e9tat solide amovibles et recyclables\"}]},{\"@type\":\"WebSite\",\"@id\":\"https:\/\/www.eenewseurope.com\/en\/#website\",\"url\":\"https:\/\/www.eenewseurope.com\/en\/\",\"name\":\"EENewsEurope\",\"description\":\"Just another WordPress site\",\"publisher\":{\"@id\":\"https:\/\/www.eenewseurope.com\/en\/#organization\"},\"potentialAction\":[{\"@type\":\"SearchAction\",\"target\":{\"@type\":\"EntryPoint\",\"urlTemplate\":\"https:\/\/www.eenewseurope.com\/en\/?s={search_term_string}\"},\"query-input\":\"required name=search_term_string\"}],\"inLanguage\":\"fr-FR\"},{\"@type\":\"Organization\",\"@id\":\"https:\/\/www.eenewseurope.com\/en\/#organization\",\"name\":\"EENewsEurope\",\"url\":\"https:\/\/www.eenewseurope.com\/en\/\",\"logo\":{\"@type\":\"ImageObject\",\"inLanguage\":\"fr-FR\",\"@id\":\"https:\/\/www.eenewseurope.com\/en\/#\/schema\/logo\/image\/\",\"url\":\"https:\/\/www.ecinews.fr\/wp-content\/uploads\/2022\/02\/logo-1.jpg\",\"contentUrl\":\"https:\/\/www.ecinews.fr\/wp-content\/uploads\/2022\/02\/logo-1.jpg\",\"width\":283,\"height\":113,\"caption\":\"EENewsEurope\"},\"image\":{\"@id\":\"https:\/\/www.eenewseurope.com\/en\/#\/schema\/logo\/image\/\"}},{\"@type\":\"Person\",\"@id\":\"https:\/\/www.eenewseurope.com\/en\/#\/schema\/person\/93c44cde463762f40a8236eaa44c1c17\",\"name\":\"Daniel Cardon\",\"image\":{\"@type\":\"ImageObject\",\"inLanguage\":\"fr-FR\",\"@id\":\"https:\/\/www.eenewseurope.com\/en\/#\/schema\/person\/image\/2b243f6bcc1cff7d86aadfb2cd0bd870\",\"url\":\"https:\/\/secure.gravatar.com\/avatar\/de9edc136dfc061ad4778e04635baefa?s=96&d=mm&r=g\",\"contentUrl\":\"https:\/\/secure.gravatar.com\/avatar\/de9edc136dfc061ad4778e04635baefa?s=96&d=mm&r=g\",\"caption\":\"Daniel Cardon\"}}]}<\/script>","yoast_head_json":{"title":"Le CEA & ProLogium : vers de nouveaux modules de batteries \u00e0 l...","description":"syst\u00e8me de batterie qui combine une densit\u00e9 d\u2019\u00e9nergie \u00e9lev\u00e9e avec une conception modulaire et facile \u00e0 d\u00e9monter.","robots":{"index":"index","follow":"follow","max-snippet":"max-snippet:-1","max-image-preview":"max-image-preview:large","max-video-preview":"max-video-preview:-1"},"canonical":"https:\/\/www.ecinews.fr\/fr\/wp-json\/wp\/v2\/posts\/485430\/","og_locale":"fr_FR","og_type":"article","og_title":"Le CEA & ProLogium : vers de nouveaux modules de batteries \u00e0 l\u2019\u00e9tat solide amovibles et recyclables","og_description":"syst\u00e8me de batterie qui combine une densit\u00e9 d\u2019\u00e9nergie \u00e9lev\u00e9e avec une conception modulaire et facile \u00e0 d\u00e9monter.","og_url":"https:\/\/www.ecinews.fr\/fr\/wp-json\/wp\/v2\/posts\/485430\/","og_site_name":"EENewsEurope","article_published_time":"2025-09-08T21:43:04+00:00","article_modified_time":"2025-09-08T21:44:04+00:00","og_image":[{"width":308,"height":253,"url":"https:\/\/www.ecinews.fr\/wp-content\/uploads\/2025\/04\/Logo-agrement.jpg","type":"image\/jpeg"}],"author":"Daniel Cardon","twitter_card":"summary_large_image","twitter_misc":{"Written by":"Daniel Cardon","Est. reading time":"2 minutes"},"schema":{"@context":"https:\/\/schema.org","@graph":[{"@type":"Article","@id":"https:\/\/www.ecinews.fr\/fr\/cea-prologium-vers-de-nouveaux-modules-de-batteries-a-letat-solide-amovibles-et-recyclables\/#article","isPartOf":{"@id":"https:\/\/www.ecinews.fr\/fr\/cea-prologium-vers-de-nouveaux-modules-de-batteries-a-letat-solide-amovibles-et-recyclables\/"},"author":{"name":"Daniel Cardon","@id":"https:\/\/www.eenewseurope.com\/en\/#\/schema\/person\/93c44cde463762f40a8236eaa44c1c17"},"headline":"Le CEA &#038; ProLogium : vers de nouveaux modules de batteries \u00e0 l\u2019\u00e9tat solide amovibles et recyclables","datePublished":"2025-09-08T21:43:04+00:00","dateModified":"2025-09-08T21:44:04+00:00","mainEntityOfPage":{"@id":"https:\/\/www.ecinews.fr\/fr\/cea-prologium-vers-de-nouveaux-modules-de-batteries-a-letat-solide-amovibles-et-recyclables\/"},"wordCount":340,"publisher":{"@id":"https:\/\/www.eenewseurope.com\/en\/#organization"},"keywords":["Batterie \u00e9tat solide","Prologium","Stockage de l'\u00e9nergie"],"articleSection":["Technologies"],"inLanguage":"fr-FR"},{"@type":"WebPage","@id":"https:\/\/www.ecinews.fr\/fr\/cea-prologium-vers-de-nouveaux-modules-de-batteries-a-letat-solide-amovibles-et-recyclables\/","url":"https:\/\/www.ecinews.fr\/fr\/cea-prologium-vers-de-nouveaux-modules-de-batteries-a-letat-solide-amovibles-et-recyclables\/","name":"Le CEA & ProLogium : vers de nouveaux modules de batteries \u00e0 l\u2019\u00e9tat solide amovibles et recyclables -","isPartOf":{"@id":"https:\/\/www.eenewseurope.com\/en\/#website"},"datePublished":"2025-09-08T21:43:04+00:00","dateModified":"2025-09-08T21:44:04+00:00","description":"syst\u00e8me de batterie qui combine une densit\u00e9 d\u2019\u00e9nergie \u00e9lev\u00e9e avec une conception modulaire et facile \u00e0 d\u00e9monter.","breadcrumb":{"@id":"https:\/\/www.ecinews.fr\/fr\/cea-prologium-vers-de-nouveaux-modules-de-batteries-a-letat-solide-amovibles-et-recyclables\/#breadcrumb"},"inLanguage":"fr-FR","potentialAction":[{"@type":"ReadAction","target":["https:\/\/www.ecinews.fr\/fr\/cea-prologium-vers-de-nouveaux-modules-de-batteries-a-letat-solide-amovibles-et-recyclables\/"]}]},{"@type":"BreadcrumbList","@id":"https:\/\/www.ecinews.fr\/fr\/cea-prologium-vers-de-nouveaux-modules-de-batteries-a-letat-solide-amovibles-et-recyclables\/#breadcrumb","itemListElement":[{"@type":"ListItem","position":1,"name":"Home","item":"https:\/\/www.ecinews.fr\/fr\/"},{"@type":"ListItem","position":2,"name":"Le CEA &#038; ProLogium : vers de nouveaux modules de batteries \u00e0 l\u2019\u00e9tat solide amovibles et recyclables"}]},{"@type":"WebSite","@id":"https:\/\/www.eenewseurope.com\/en\/#website","url":"https:\/\/www.eenewseurope.com\/en\/","name":"EENewsEurope","description":"Just another WordPress site","publisher":{"@id":"https:\/\/www.eenewseurope.com\/en\/#organization"},"potentialAction":[{"@type":"SearchAction","target":{"@type":"EntryPoint","urlTemplate":"https:\/\/www.eenewseurope.com\/en\/?s={search_term_string}"},"query-input":"required name=search_term_string"}],"inLanguage":"fr-FR"},{"@type":"Organization","@id":"https:\/\/www.eenewseurope.com\/en\/#organization","name":"EENewsEurope","url":"https:\/\/www.eenewseurope.com\/en\/","logo":{"@type":"ImageObject","inLanguage":"fr-FR","@id":"https:\/\/www.eenewseurope.com\/en\/#\/schema\/logo\/image\/","url":"https:\/\/www.ecinews.fr\/wp-content\/uploads\/2022\/02\/logo-1.jpg","contentUrl":"https:\/\/www.ecinews.fr\/wp-content\/uploads\/2022\/02\/logo-1.jpg","width":283,"height":113,"caption":"EENewsEurope"},"image":{"@id":"https:\/\/www.eenewseurope.com\/en\/#\/schema\/logo\/image\/"}},{"@type":"Person","@id":"https:\/\/www.eenewseurope.com\/en\/#\/schema\/person\/93c44cde463762f40a8236eaa44c1c17","name":"Daniel Cardon","image":{"@type":"ImageObject","inLanguage":"fr-FR","@id":"https:\/\/www.eenewseurope.com\/en\/#\/schema\/person\/image\/2b243f6bcc1cff7d86aadfb2cd0bd870","url":"https:\/\/secure.gravatar.com\/avatar\/de9edc136dfc061ad4778e04635baefa?s=96&d=mm&r=g","contentUrl":"https:\/\/secure.gravatar.com\/avatar\/de9edc136dfc061ad4778e04635baefa?s=96&d=mm&r=g","caption":"Daniel Cardon"}}]}},"authors":[{"term_id":1143,"user_id":11,"is_guest":0,"slug":"danielcardon","display_name":"Daniel Cardon","avatar_url":"https:\/\/secure.gravatar.com\/avatar\/de9edc136dfc061ad4778e04635baefa?s=96&d=mm&r=g","0":null,"1":"","2":"","3":"","4":"","5":"","6":"","7":"","8":""}],"_links":{"self":[{"href":"https:\/\/www.ecinews.fr\/fr\/wp-json\/wp\/v2\/posts\/485430"}],"collection":[{"href":"https:\/\/www.ecinews.fr\/fr\/wp-json\/wp\/v2\/posts"}],"about":[{"href":"https:\/\/www.ecinews.fr\/fr\/wp-json\/wp\/v2\/types\/post"}],"author":[{"embeddable":true,"href":"https:\/\/www.ecinews.fr\/fr\/wp-json\/wp\/v2\/users\/11"}],"replies":[{"embeddable":true,"href":"https:\/\/www.ecinews.fr\/fr\/wp-json\/wp\/v2\/comments?post=485430"}],"version-history":[{"count":0,"href":"https:\/\/www.ecinews.fr\/fr\/wp-json\/wp\/v2\/posts\/485430\/revisions"}],"wp:featuredmedia":[{"embeddable":true,"href":"https:\/\/www.ecinews.fr\/fr\/wp-json\/wp\/v2\/media\/476857"}],"wp:attachment":[{"href":"https:\/\/www.ecinews.fr\/fr\/wp-json\/wp\/v2\/media?parent=485430"}],"wp:term":[{"taxonomy":"category","embeddable":true,"href":"https:\/\/www.ecinews.fr\/fr\/wp-json\/wp\/v2\/categories?post=485430"},{"taxonomy":"post_tag","embeddable":true,"href":"https:\/\/www.ecinews.fr\/fr\/wp-json\/wp\/v2\/tags?post=485430"},{"taxonomy":"domains","embeddable":true,"href":"https:\/\/www.ecinews.fr\/fr\/wp-json\/wp\/v2\/domains?post=485430"},{"taxonomy":"author","embeddable":true,"href":"https:\/\/www.ecinews.fr\/fr\/wp-json\/wp\/v2\/ppma_author?post=485430"}],"curies":[{"name":"wp","href":"https:\/\/api.w.org\/{rel}","templated":true}]}}