{"id":485237,"date":"2025-09-03T09:05:31","date_gmt":"2025-09-03T07:05:31","guid":{"rendered":"https:\/\/www.ecinews.fr\/?p=485237"},"modified":"2025-09-03T09:05:31","modified_gmt":"2025-09-03T07:05:31","slug":"espressif-lance-esp_image_effects-pour-la-vision-embarquee","status":"publish","type":"post","link":"https:\/\/www.ecinews.fr\/fr\/espressif-lance-esp_image_effects-pour-la-vision-embarquee\/","title":{"rendered":"Espressif lance ESP_IMAGE_EFFECTS pour la vision embarqu\u00e9e"},"content":{"rendered":"<p data-start=\"192\" data-end=\"707\">Espressif a d\u00e9voil\u00e9 ESP_IMAGE_EFFECTS v1.0.0, une biblioth\u00e8que de traitement d&rsquo;images \u00e0 la fois l\u00e9g\u00e8re et puissante, con\u00e7ue sp\u00e9cifiquement pour les syst\u00e8mes <a href=\"https:\/\/www.eenewseurope.com\/en\/domain\/eenews-embedded\/\">embarqu\u00e9s<\/a>. Cette version apporte aux d\u00e9veloppeurs une API unifi\u00e9e et des performances optimis\u00e9es pour des t\u00e2ches telles que la mise \u00e0 l&rsquo;\u00e9chelle, la rotation, le recadrage et la conversion de l&rsquo;espace colorim\u00e9trique.<\/p>\n<p data-start=\"192\" data-end=\"707\">Pour les lecteurs d&rsquo;<em>eeNews Europe\/ECInews<\/em> qui travaillent sur des cam\u00e9ras intelligentes, la vision industrielle ou des projets d&rsquo;intelligence artificielle, la biblioth\u00e8que promet d&rsquo;acc\u00e9l\u00e9rer le traitement des images sur les appareils \u00e0 ressources limit\u00e9es tout en maintenant une efficacit\u00e9 et une qualit\u00e9 \u00e9lev\u00e9es. Les d\u00e9veloppeurs peuvent mettre en \u0153uvre des effets d&rsquo;image, des mises \u00e0 l&rsquo;\u00e9chelle, des rotations et des conversions de couleurs en temps r\u00e9el, permettant ainsi des applications de vision plus r\u00e9actives et plus performantes sur les microcontr\u00f4leurs et autres plateformes \u00e0 faible consommation d&rsquo;\u00e9nergie.<\/p>\n<h2 data-start=\"709\" data-end=\"759\"><strong data-start=\"709\" data-end=\"757\">La haute performance au service de l&rsquo;optimisation embarqu\u00e9e<\/strong><\/h2>\n<p data-start=\"761\" data-end=\"1351\">ESP_IMAGE_EFFECTS a \u00e9t\u00e9 con\u00e7u pour les applications embarqu\u00e9es, en combinant les optimisations du jeu d&rsquo;instructions SIMD et la conception de la m\u00e9moire sans copie, <a href=\"https:\/\/developer.espressif.com\/blog\/2025\/08\/announcing_esp_image_effects\/\">explique Hou Haiyan<\/a>, ing\u00e9nieur en logiciel embarqu\u00e9 chez Espressif, dans un r\u00e9cent article. Le r\u00e9sultat est une solution rapide et \u00e9conome en m\u00e9moire, capable de temps de r\u00e9ponse de l&rsquo;ordre de la milliseconde, ce qui est essentiel pour les applications en temps r\u00e9el telles que les maisons intelligentes, l&rsquo;inspection industrielle et les dispositifs d&rsquo;intelligence artificielle de pointe.<\/p>\n<p data-start=\"761\" data-end=\"1351\">\u00ab\u00a0ESP_IMAGE_EFFECTS v1.0.0 repr\u00e9sente une \u00e9tape importante dans le traitement des images embarqu\u00e9es. En combinant hautes performances et facilit\u00e9 d&rsquo;utilisation, nous donnons aux d\u00e9veloppeurs les moyens de cr\u00e9er des applications de vision sophistiqu\u00e9es sur des appareils aux ressources limit\u00e9es\u00a0\u00bb, souligne M. Haiyan.<\/p>\n<p data-start=\"1353\" data-end=\"1633\">La biblioth\u00e8que est con\u00e7ue de mani\u00e8re modulaire, ce qui permet de l&rsquo;int\u00e9grer facilement dans un grand nombre de pipelines de traitement. Ses API flexibles permettent aux d\u00e9veloppeurs de g\u00e9rer plusieurs formats d&rsquo;images et modules d&rsquo;effets avec un minimum de surcharge, ce qui garantit un d\u00e9bit \u00e9lev\u00e9 sans compromettre les ressources du syst\u00e8me.<\/p>\n<h2 data-start=\"1635\" data-end=\"1681\"><strong data-start=\"1635\" data-end=\"1679\">Caract\u00e9ristiques principales<\/strong><\/h2>\n<p data-start=\"1683\" data-end=\"1782\">ESP_IMAGE_EFFECTS fournit un ensemble complet de fonctionnalit\u00e9s adapt\u00e9es aux besoins de la vision embarqu\u00e9e :<\/p>\n<ul data-start=\"1784\" data-end=\"2639\">\n<li data-start=\"1784\" data-end=\"2033\">\n<p data-start=\"1786\" data-end=\"2033\">Rotation de l&rsquo;image<\/p>\n<\/li>\n<li data-start=\"2034\" data-end=\"2250\">\n<p data-start=\"2036\" data-end=\"2250\">Conversion de l&rsquo;espace couleur<\/p>\n<\/li>\n<li data-start=\"2251\" data-end=\"2430\">\n<p data-start=\"2253\" data-end=\"2430\">Mise \u00e0 l&rsquo;\u00e9chelle de l&rsquo;image<\/p>\n<\/li>\n<li data-start=\"2431\" data-end=\"2639\">\n<p data-start=\"2433\" data-end=\"2639\">Recadrage des images<\/p>\n<\/li>\n<\/ul>\n<p data-start=\"2641\" data-end=\"2878\">En combinant ces caract\u00e9ristiques, ESP_IMAGE_EFFECTS permet aux syst\u00e8mes embarqu\u00e9s de traiter des t\u00e2ches de vision complexes sans n\u00e9cessiter de mat\u00e9riel informatique lourd, ce qui ouvre la voie \u00e0 des applications sophistiqu\u00e9es sur des microcontr\u00f4leurs et des dispositifs \u00e0 faible consommation.<\/p>\n<div id=\"attachment_485221\" style=\"width: 555px\" class=\"wp-caption aligncenter\"><a href=\"https:\/\/developer.espressif.com\/blog\/2025\/08\/announcing_esp_image_effects\/\"><img decoding=\"async\" aria-describedby=\"caption-attachment-485221\" class=\"wp-image-485221 size-full lazyload\" data-src=\"https:\/\/www.eenewseurope.com\/wp-content\/uploads\/2025\/09\/espressif-usage-example2.png\" alt=\"Cas d'utilisation ESP_IMAGE_EFFECTS\" width=\"545\" height=\"473\" data-srcset=\"https:\/\/www.ecinews.fr\/wp-content\/uploads\/2025\/09\/espressif-usage-example2.png 545w, https:\/\/www.ecinews.fr\/wp-content\/uploads\/2025\/09\/espressif-usage-example2-300x260.png 300w\" data-sizes=\"(max-width: 545px) 100vw, 545px\" src=\"data:image\/svg+xml;base64,PHN2ZyB3aWR0aD0iMSIgaGVpZ2h0PSIxIiB4bWxucz0iaHR0cDovL3d3dy53My5vcmcvMjAwMC9zdmciPjwvc3ZnPg==\" style=\"--smush-placeholder-width: 545px; --smush-placeholder-aspect-ratio: 545\/473;\" \/><\/a><p id=\"caption-attachment-485221\" class=\"wp-caption-text\">Am\u00e9lioration des d\u00e9tails de l&rsquo;image de l&rsquo;endoscope. (Source : Espressif)<\/p><\/div>\n<h2 data-start=\"2880\" data-end=\"2922\">Des applications de vision plus intelligentes<\/h2>\n<p data-start=\"2924\" data-end=\"3432\">Haiyan a expliqu\u00e9 qu&rsquo;ESP_IMAGE_EFFECTS est d\u00e9j\u00e0 utilis\u00e9 dans toute une s\u00e9rie d&rsquo;applications du monde r\u00e9el. Des syst\u00e8mes de contr\u00f4le d&rsquo;acc\u00e8s intelligents \u00e0 l&rsquo;am\u00e9lioration des images m\u00e9dicales et \u00e0 l&rsquo;adaptation multi-\u00e9crans, la biblioth\u00e8que est optimis\u00e9e pour la vision intelligente et garantit que chaque image est trait\u00e9e efficacement. Que les d\u00e9veloppeurs con\u00e7oivent des appareils \u00e9lectroniques grand public, des outils d&rsquo;automatisation industrielle ou des appareils p\u00e9riph\u00e9riques aliment\u00e9s par l&rsquo;IA, la biblioth\u00e8que offre les performances et la flexibilit\u00e9 n\u00e9cessaires pour g\u00e9rer des flux de travail exigeants en mati\u00e8re de traitement d&rsquo;images.<\/p>\n","protected":false},"excerpt":{"rendered":"<p>Espressif a d\u00e9voil\u00e9 ESP_IMAGE_EFFECTS v1.0.0, une biblioth\u00e8que de traitement d&rsquo;images \u00e0 la fois l\u00e9g\u00e8re et puissante, con\u00e7ue sp\u00e9cifiquement pour les syst\u00e8mes embarqu\u00e9s. Cette version apporte aux d\u00e9veloppeurs une API unifi\u00e9e et des performances optimis\u00e9es pour des t\u00e2ches telles que la mise \u00e0 l&rsquo;\u00e9chelle, la rotation, le recadrage et la conversion de l&rsquo;espace colorim\u00e9trique. Pour les [&hellip;]<\/p>\n","protected":false},"author":2,"featured_media":485225,"comment_status":"closed","ping_status":"closed","sticky":false,"template":"","format":"standard","meta":{"_acf_changed":false,"footnotes":""},"categories":[883],"tags":[4223,5949,10524,1856],"domains":[47],"ppma_author":[9740],"class_list":["post-485237","post","type-post","status-publish","format-standard","has-post-thumbnail","hentry","category-technologies","tag-edge-ai-fr","tag-embedded-systems","tag-espressif-fr","tag-vision-embarquee","domains-electronique-eci"],"acf":[],"yoast_head":"<title>Espressif lance ESP_IMAGE_EFFECTS pour la vision embarqu\u00e9e ...<\/title>\n<meta name=\"description\" content=\"Espressif lance ESP_IMAGE_EFFECTS v1.0.0 permettant la rotation, mise \u00e0 l&#039;\u00e9chelle, le recadrage et la conversion des couleurs en temps r\u00e9el\" \/>\n<meta name=\"robots\" content=\"index, follow, max-snippet:-1, max-image-preview:large, max-video-preview:-1\" \/>\n<link rel=\"canonical\" href=\"https:\/\/www.ecinews.fr\/fr\/wp-json\/wp\/v2\/posts\/485237\/\" \/>\n<meta property=\"og:locale\" content=\"fr_FR\" \/>\n<meta property=\"og:type\" content=\"article\" \/>\n<meta property=\"og:title\" content=\"Espressif lance ESP_IMAGE_EFFECTS pour la vision embarqu\u00e9e\" \/>\n<meta property=\"og:description\" content=\"Espressif lance ESP_IMAGE_EFFECTS v1.0.0 permettant la rotation, mise \u00e0 l&#039;\u00e9chelle, le recadrage et la conversion des couleurs en temps r\u00e9el\" \/>\n<meta property=\"og:url\" content=\"https:\/\/www.ecinews.fr\/fr\/wp-json\/wp\/v2\/posts\/485237\/\" \/>\n<meta property=\"og:site_name\" content=\"EENewsEurope\" \/>\n<meta property=\"article:published_time\" content=\"2025-09-03T07:05:31+00:00\" \/>\n<meta property=\"og:image\" content=\"https:\/\/www.ecinews.fr\/wp-content\/uploads\/2025\/09\/espressif-ESP_IMAGE_EFFECTS-1.png\" \/>\n\t<meta property=\"og:image:width\" content=\"1600\" \/>\n\t<meta property=\"og:image:height\" content=\"929\" \/>\n\t<meta property=\"og:image:type\" content=\"image\/png\" \/>\n<meta name=\"author\" content=\"C.J. Abate\" \/>\n<meta name=\"twitter:card\" content=\"summary_large_image\" \/>\n<meta name=\"twitter:label1\" content=\"Written by\" \/>\n\t<meta name=\"twitter:data1\" content=\"NicolasR\" \/>\n\t<meta name=\"twitter:label2\" content=\"Est. reading time\" \/>\n\t<meta name=\"twitter:data2\" content=\"3 minutes\" \/>\n<script type=\"application\/ld+json\" class=\"yoast-schema-graph\">{\"@context\":\"https:\/\/schema.org\",\"@graph\":[{\"@type\":\"Article\",\"@id\":\"https:\/\/www.ecinews.fr\/fr\/espressif-lance-esp_image_effects-pour-la-vision-embarquee\/#article\",\"isPartOf\":{\"@id\":\"https:\/\/www.ecinews.fr\/fr\/espressif-lance-esp_image_effects-pour-la-vision-embarquee\/\"},\"author\":{\"name\":\"NicolasR\",\"@id\":\"https:\/\/www.ecinews.fr\/fr\/#\/schema\/person\/78961bf5e4a331d3b8b2d58fdfef976c\"},\"headline\":\"Espressif lance ESP_IMAGE_EFFECTS pour la vision embarqu\u00e9e\",\"datePublished\":\"2025-09-03T07:05:31+00:00\",\"dateModified\":\"2025-09-03T07:05:31+00:00\",\"mainEntityOfPage\":{\"@id\":\"https:\/\/www.ecinews.fr\/fr\/espressif-lance-esp_image_effects-pour-la-vision-embarquee\/\"},\"wordCount\":628,\"publisher\":{\"@id\":\"https:\/\/www.ecinews.fr\/fr\/#organization\"},\"keywords\":[\"Edge AI\",\"Embedded Systems\",\"espressif\",\"Vision Embarqu\u00e9e\"],\"articleSection\":[\"Technologies\"],\"inLanguage\":\"fr-FR\"},{\"@type\":\"WebPage\",\"@id\":\"https:\/\/www.ecinews.fr\/fr\/espressif-lance-esp_image_effects-pour-la-vision-embarquee\/\",\"url\":\"https:\/\/www.ecinews.fr\/fr\/espressif-lance-esp_image_effects-pour-la-vision-embarquee\/\",\"name\":\"Espressif lance ESP_IMAGE_EFFECTS pour la vision embarqu\u00e9e -\",\"isPartOf\":{\"@id\":\"https:\/\/www.ecinews.fr\/fr\/#website\"},\"datePublished\":\"2025-09-03T07:05:31+00:00\",\"dateModified\":\"2025-09-03T07:05:31+00:00\",\"description\":\"Espressif lance ESP_IMAGE_EFFECTS v1.0.0 permettant la rotation, mise \u00e0 l'\u00e9chelle, le recadrage et la conversion des couleurs en temps r\u00e9el\",\"breadcrumb\":{\"@id\":\"https:\/\/www.ecinews.fr\/fr\/espressif-lance-esp_image_effects-pour-la-vision-embarquee\/#breadcrumb\"},\"inLanguage\":\"fr-FR\",\"potentialAction\":[{\"@type\":\"ReadAction\",\"target\":[\"https:\/\/www.ecinews.fr\/fr\/espressif-lance-esp_image_effects-pour-la-vision-embarquee\/\"]}]},{\"@type\":\"BreadcrumbList\",\"@id\":\"https:\/\/www.ecinews.fr\/fr\/espressif-lance-esp_image_effects-pour-la-vision-embarquee\/#breadcrumb\",\"itemListElement\":[{\"@type\":\"ListItem\",\"position\":1,\"name\":\"Home\",\"item\":\"https:\/\/www.ecinews.fr\/fr\/\"},{\"@type\":\"ListItem\",\"position\":2,\"name\":\"Espressif lance ESP_IMAGE_EFFECTS pour la vision embarqu\u00e9e\"}]},{\"@type\":\"WebSite\",\"@id\":\"https:\/\/www.ecinews.fr\/fr\/#website\",\"url\":\"https:\/\/www.ecinews.fr\/fr\/\",\"name\":\"EENewsEurope\",\"description\":\"Just another WordPress site\",\"publisher\":{\"@id\":\"https:\/\/www.ecinews.fr\/fr\/#organization\"},\"potentialAction\":[{\"@type\":\"SearchAction\",\"target\":{\"@type\":\"EntryPoint\",\"urlTemplate\":\"https:\/\/www.ecinews.fr\/fr\/?s={search_term_string}\"},\"query-input\":\"required name=search_term_string\"}],\"inLanguage\":\"fr-FR\"},{\"@type\":\"Organization\",\"@id\":\"https:\/\/www.ecinews.fr\/fr\/#organization\",\"name\":\"EENewsEurope\",\"url\":\"https:\/\/www.ecinews.fr\/fr\/\",\"logo\":{\"@type\":\"ImageObject\",\"inLanguage\":\"fr-FR\",\"@id\":\"https:\/\/www.ecinews.fr\/fr\/#\/schema\/logo\/image\/\",\"url\":\"https:\/\/www.ecinews.fr\/wp-content\/uploads\/2022\/02\/logo-1.jpg\",\"contentUrl\":\"https:\/\/www.ecinews.fr\/wp-content\/uploads\/2022\/02\/logo-1.jpg\",\"width\":283,\"height\":113,\"caption\":\"EENewsEurope\"},\"image\":{\"@id\":\"https:\/\/www.ecinews.fr\/fr\/#\/schema\/logo\/image\/\"}},{\"@type\":\"Person\",\"@id\":\"https:\/\/www.ecinews.fr\/fr\/#\/schema\/person\/78961bf5e4a331d3b8b2d58fdfef976c\",\"name\":\"NicolasR\",\"image\":{\"@type\":\"ImageObject\",\"inLanguage\":\"fr-FR\",\"@id\":\"https:\/\/www.ecinews.fr\/fr\/#\/schema\/person\/image\/1113513d73c6c997fc7ac1ecedfff8d9\",\"url\":\"https:\/\/secure.gravatar.com\/avatar\/8c46107760468ab8a00c814c26c19ab4?s=96&d=mm&r=g\",\"contentUrl\":\"https:\/\/secure.gravatar.com\/avatar\/8c46107760468ab8a00c814c26c19ab4?s=96&d=mm&r=g\",\"caption\":\"NicolasR\"}}]}<\/script>","yoast_head_json":{"title":"Espressif lance ESP_IMAGE_EFFECTS pour la vision embarqu\u00e9e ...","description":"Espressif lance ESP_IMAGE_EFFECTS v1.0.0 permettant la rotation, mise \u00e0 l'\u00e9chelle, le recadrage et la conversion des couleurs en temps r\u00e9el","robots":{"index":"index","follow":"follow","max-snippet":"max-snippet:-1","max-image-preview":"max-image-preview:large","max-video-preview":"max-video-preview:-1"},"canonical":"https:\/\/www.ecinews.fr\/fr\/wp-json\/wp\/v2\/posts\/485237\/","og_locale":"fr_FR","og_type":"article","og_title":"Espressif lance ESP_IMAGE_EFFECTS pour la vision embarqu\u00e9e","og_description":"Espressif lance ESP_IMAGE_EFFECTS v1.0.0 permettant la rotation, mise \u00e0 l'\u00e9chelle, le recadrage et la conversion des couleurs en temps r\u00e9el","og_url":"https:\/\/www.ecinews.fr\/fr\/wp-json\/wp\/v2\/posts\/485237\/","og_site_name":"EENewsEurope","article_published_time":"2025-09-03T07:05:31+00:00","og_image":[{"width":1600,"height":929,"url":"https:\/\/www.ecinews.fr\/wp-content\/uploads\/2025\/09\/espressif-ESP_IMAGE_EFFECTS-1.png","type":"image\/png"}],"author":"C.J. Abate","twitter_card":"summary_large_image","twitter_misc":{"Written by":"NicolasR","Est. reading time":"3 minutes"},"schema":{"@context":"https:\/\/schema.org","@graph":[{"@type":"Article","@id":"https:\/\/www.ecinews.fr\/fr\/espressif-lance-esp_image_effects-pour-la-vision-embarquee\/#article","isPartOf":{"@id":"https:\/\/www.ecinews.fr\/fr\/espressif-lance-esp_image_effects-pour-la-vision-embarquee\/"},"author":{"name":"NicolasR","@id":"https:\/\/www.ecinews.fr\/fr\/#\/schema\/person\/78961bf5e4a331d3b8b2d58fdfef976c"},"headline":"Espressif lance ESP_IMAGE_EFFECTS pour la vision embarqu\u00e9e","datePublished":"2025-09-03T07:05:31+00:00","dateModified":"2025-09-03T07:05:31+00:00","mainEntityOfPage":{"@id":"https:\/\/www.ecinews.fr\/fr\/espressif-lance-esp_image_effects-pour-la-vision-embarquee\/"},"wordCount":628,"publisher":{"@id":"https:\/\/www.ecinews.fr\/fr\/#organization"},"keywords":["Edge AI","Embedded Systems","espressif","Vision Embarqu\u00e9e"],"articleSection":["Technologies"],"inLanguage":"fr-FR"},{"@type":"WebPage","@id":"https:\/\/www.ecinews.fr\/fr\/espressif-lance-esp_image_effects-pour-la-vision-embarquee\/","url":"https:\/\/www.ecinews.fr\/fr\/espressif-lance-esp_image_effects-pour-la-vision-embarquee\/","name":"Espressif lance ESP_IMAGE_EFFECTS pour la vision embarqu\u00e9e -","isPartOf":{"@id":"https:\/\/www.ecinews.fr\/fr\/#website"},"datePublished":"2025-09-03T07:05:31+00:00","dateModified":"2025-09-03T07:05:31+00:00","description":"Espressif lance ESP_IMAGE_EFFECTS v1.0.0 permettant la rotation, mise \u00e0 l'\u00e9chelle, le recadrage et la conversion des couleurs en temps r\u00e9el","breadcrumb":{"@id":"https:\/\/www.ecinews.fr\/fr\/espressif-lance-esp_image_effects-pour-la-vision-embarquee\/#breadcrumb"},"inLanguage":"fr-FR","potentialAction":[{"@type":"ReadAction","target":["https:\/\/www.ecinews.fr\/fr\/espressif-lance-esp_image_effects-pour-la-vision-embarquee\/"]}]},{"@type":"BreadcrumbList","@id":"https:\/\/www.ecinews.fr\/fr\/espressif-lance-esp_image_effects-pour-la-vision-embarquee\/#breadcrumb","itemListElement":[{"@type":"ListItem","position":1,"name":"Home","item":"https:\/\/www.ecinews.fr\/fr\/"},{"@type":"ListItem","position":2,"name":"Espressif lance ESP_IMAGE_EFFECTS pour la vision embarqu\u00e9e"}]},{"@type":"WebSite","@id":"https:\/\/www.ecinews.fr\/fr\/#website","url":"https:\/\/www.ecinews.fr\/fr\/","name":"EENewsEurope","description":"Just another WordPress site","publisher":{"@id":"https:\/\/www.ecinews.fr\/fr\/#organization"},"potentialAction":[{"@type":"SearchAction","target":{"@type":"EntryPoint","urlTemplate":"https:\/\/www.ecinews.fr\/fr\/?s={search_term_string}"},"query-input":"required name=search_term_string"}],"inLanguage":"fr-FR"},{"@type":"Organization","@id":"https:\/\/www.ecinews.fr\/fr\/#organization","name":"EENewsEurope","url":"https:\/\/www.ecinews.fr\/fr\/","logo":{"@type":"ImageObject","inLanguage":"fr-FR","@id":"https:\/\/www.ecinews.fr\/fr\/#\/schema\/logo\/image\/","url":"https:\/\/www.ecinews.fr\/wp-content\/uploads\/2022\/02\/logo-1.jpg","contentUrl":"https:\/\/www.ecinews.fr\/wp-content\/uploads\/2022\/02\/logo-1.jpg","width":283,"height":113,"caption":"EENewsEurope"},"image":{"@id":"https:\/\/www.ecinews.fr\/fr\/#\/schema\/logo\/image\/"}},{"@type":"Person","@id":"https:\/\/www.ecinews.fr\/fr\/#\/schema\/person\/78961bf5e4a331d3b8b2d58fdfef976c","name":"NicolasR","image":{"@type":"ImageObject","inLanguage":"fr-FR","@id":"https:\/\/www.ecinews.fr\/fr\/#\/schema\/person\/image\/1113513d73c6c997fc7ac1ecedfff8d9","url":"https:\/\/secure.gravatar.com\/avatar\/8c46107760468ab8a00c814c26c19ab4?s=96&d=mm&r=g","contentUrl":"https:\/\/secure.gravatar.com\/avatar\/8c46107760468ab8a00c814c26c19ab4?s=96&d=mm&r=g","caption":"NicolasR"}}]}},"authors":[{"term_id":9740,"user_id":0,"is_guest":1,"slug":"c-j-abate","display_name":"C.J. Abate","avatar_url":"https:\/\/secure.gravatar.com\/avatar\/?s=96&d=mm&r=g","0":null,"1":"","2":"","3":"","4":"","5":"","6":"","7":"","8":""}],"_links":{"self":[{"href":"https:\/\/www.ecinews.fr\/fr\/wp-json\/wp\/v2\/posts\/485237"}],"collection":[{"href":"https:\/\/www.ecinews.fr\/fr\/wp-json\/wp\/v2\/posts"}],"about":[{"href":"https:\/\/www.ecinews.fr\/fr\/wp-json\/wp\/v2\/types\/post"}],"author":[{"embeddable":true,"href":"https:\/\/www.ecinews.fr\/fr\/wp-json\/wp\/v2\/users\/2"}],"replies":[{"embeddable":true,"href":"https:\/\/www.ecinews.fr\/fr\/wp-json\/wp\/v2\/comments?post=485237"}],"version-history":[{"count":0,"href":"https:\/\/www.ecinews.fr\/fr\/wp-json\/wp\/v2\/posts\/485237\/revisions"}],"wp:featuredmedia":[{"embeddable":true,"href":"https:\/\/www.ecinews.fr\/fr\/wp-json\/wp\/v2\/media\/485225"}],"wp:attachment":[{"href":"https:\/\/www.ecinews.fr\/fr\/wp-json\/wp\/v2\/media?parent=485237"}],"wp:term":[{"taxonomy":"category","embeddable":true,"href":"https:\/\/www.ecinews.fr\/fr\/wp-json\/wp\/v2\/categories?post=485237"},{"taxonomy":"post_tag","embeddable":true,"href":"https:\/\/www.ecinews.fr\/fr\/wp-json\/wp\/v2\/tags?post=485237"},{"taxonomy":"domains","embeddable":true,"href":"https:\/\/www.ecinews.fr\/fr\/wp-json\/wp\/v2\/domains?post=485237"},{"taxonomy":"author","embeddable":true,"href":"https:\/\/www.ecinews.fr\/fr\/wp-json\/wp\/v2\/ppma_author?post=485237"}],"curies":[{"name":"wp","href":"https:\/\/api.w.org\/{rel}","templated":true}]}}