{"id":484683,"date":"2025-08-20T09:36:31","date_gmt":"2025-08-20T07:36:31","guid":{"rendered":"https:\/\/www.ecinews.fr\/?p=484683"},"modified":"2025-08-20T09:36:31","modified_gmt":"2025-08-20T07:36:31","slug":"amphenol-regle-laffaire-du-brevet-credo-laissant-molex-et-te-continuer","status":"publish","type":"post","link":"https:\/\/www.ecinews.fr\/fr\/amphenol-regle-laffaire-du-brevet-credo-laissant-molex-et-te-continuer\/","title":{"rendered":"Amphenol r\u00e8gle l&rsquo;affaire du brevet Credo, laissant Molex et TE continuer"},"content":{"rendered":"<p>Amphenol a r\u00e9gl\u00e9 une affaire de brevet avec Credo Semiconductor concernant les c\u00e2bles \u00e9lectriques actifs (AEC). L&rsquo;affaire a \u00e9t\u00e9 d\u00e9pos\u00e9e en mars, en m\u00eame temps que celles de Molex, TE Connectivity et Volex, qui sont toutes encore en cours.<\/p>\n<p>La Commission am\u00e9ricaine du commerce international a ouvert une enqu\u00eate \u00e0 l&rsquo;encontre des entreprises afin de bloquer l&rsquo;importation de produits qui enfreignent les brevets de Credo. Credo a \u00e9galement d\u00e9pos\u00e9 des plaintes parall\u00e8les pour violation de brevet aupr\u00e8s de la Cour f\u00e9d\u00e9rale de district.<\/p>\n<p>Depuis sa cr\u00e9ation en 2008, Credo a d\u00e9velopp\u00e9, cr\u00e9\u00e9 et livr\u00e9 une vari\u00e9t\u00e9 de syst\u00e8mes d&rsquo;interconnexion filaire 800G \u00e0 grande vitesse pour les centres de donn\u00e9es utilisant le traitement des signaux num\u00e9riques DSP. Il s&rsquo;agit notamment de sa s\u00e9rie d&rsquo;AEC HiWire violets distinctifs qui peuvent \u00eatre utilis\u00e9s \u00e0 la place des c\u00e2bles optiques pour les courtes distances.<\/p>\n<ul>\n<li><a href=\"https:\/\/www.eenewseurope.com\/en\/dsp-for-800g-data-centre-networking\/\">DSP pour les r\u00e9seaux de centres de donn\u00e9es 800G<\/a><\/li>\n<\/ul>\n<p>\u00ab\u00a0Credo a invent\u00e9 les AEC gr\u00e2ce \u00e0 nos travaux d&rsquo;ing\u00e9nierie datant de 2017, et nous avons investi des dizaines de millions de dollars dans les AEC pour d\u00e9velopper cette technologie pionni\u00e8re\u00a0\u00bb, a d\u00e9clar\u00e9 Don Barnetson, vice-pr\u00e9sident principal des produits de Credo. \u00ab\u00a0L&rsquo;offre aux \u00c9tats-Unis de ces produits AEC contrefaits par ces fabricants nous oblige \u00e0 prendre cette mesure pour prot\u00e9ger notre propri\u00e9t\u00e9 intellectuelle et nos investissements technologiques continus, afin de garantir que nos clients continuent \u00e0 recevoir la meilleure technologie AEC de Credo.\u00a0\u00bb<\/p>\n<p>Les d\u00e9tails de l&rsquo;accord avec Amphenol n&rsquo;ont pas \u00e9t\u00e9 divulgu\u00e9s, mais il s&rsquo;agit d&rsquo;un r\u00e8glement et d&rsquo;un accord de licences crois\u00e9es. \u00ab\u00a0Je suis heureux d&rsquo;\u00eatre parvenu \u00e0 une r\u00e9solution \u00e0 l&rsquo;amiable\u00a0\u00bb, a d\u00e9clar\u00e9 M. Barnetson.<\/p>\n<p><a href=\"http:\/\/www.credo.com\">www.credo.com<\/a><\/p>\n<p>&nbsp;<\/p>\n<p>&nbsp;<\/p>\n<p>&nbsp;<\/p>\n","protected":false},"excerpt":{"rendered":"<p>Amphenol a r\u00e9gl\u00e9 une affaire de brevet avec Credo Semiconductor concernant les c\u00e2bles \u00e9lectriques actifs (AEC). L&rsquo;affaire a \u00e9t\u00e9 d\u00e9pos\u00e9e en mars, en m\u00eame temps que celles de Molex, TE Connectivity et Volex, qui sont toutes encore en cours. La Commission am\u00e9ricaine du commerce international a ouvert une enqu\u00eate \u00e0 l&rsquo;encontre des entreprises afin de [&hellip;]<\/p>\n","protected":false},"author":40,"featured_media":484677,"comment_status":"closed","ping_status":"closed","sticky":false,"template":"","format":"standard","meta":{"_acf_changed":false,"footnotes":""},"categories":[880],"tags":[1935,5127,903],"domains":[47],"ppma_author":[3640,6199],"class_list":["post-484683","post","type-post","status-publish","format-standard","has-post-thumbnail","hentry","category-actualites-economiques","tag-data-centers","tag-hpc-fr","tag-interconnect-cables-fr","domains-electronique-eci"],"acf":[],"yoast_head":"<title>Amphenol r\u00e8gle l&#039;affaire du brevet Credo, laissant Molex et TE...<\/title>\n<meta name=\"description\" content=\"Amphenol a r\u00e9gl\u00e9 une affaire de brevet avec Credo Semiconductor concernant les c\u00e2bles \u00e9lectriques actifs (AEC)\" \/>\n<meta name=\"robots\" content=\"index, follow, max-snippet:-1, max-image-preview:large, max-video-preview:-1\" \/>\n<link rel=\"canonical\" href=\"https:\/\/www.ecinews.fr\/fr\/wp-json\/wp\/v2\/posts\/484683\/\" \/>\n<meta property=\"og:locale\" content=\"fr_FR\" \/>\n<meta property=\"og:type\" content=\"article\" \/>\n<meta property=\"og:title\" content=\"Amphenol r\u00e8gle l&#039;affaire du brevet Credo, laissant Molex et TE continuer\" \/>\n<meta property=\"og:description\" content=\"Amphenol a r\u00e9gl\u00e9 une affaire de brevet avec Credo Semiconductor concernant les c\u00e2bles \u00e9lectriques actifs (AEC)\" \/>\n<meta property=\"og:url\" content=\"https:\/\/www.ecinews.fr\/fr\/wp-json\/wp\/v2\/posts\/484683\/\" \/>\n<meta property=\"og:site_name\" content=\"EENewsEurope\" \/>\n<meta property=\"article:published_time\" content=\"2025-08-20T07:36:31+00:00\" \/>\n<meta property=\"og:image\" content=\"https:\/\/www.ecinews.fr\/wp-content\/uploads\/2025\/08\/CredoSHIFT-scaled.jpg\" \/>\n\t<meta property=\"og:image:width\" content=\"1080\" \/>\n\t<meta property=\"og:image:height\" content=\"944\" \/>\n\t<meta property=\"og:image:type\" content=\"image\/jpeg\" \/>\n<meta name=\"author\" content=\"Nick Flaherty, A Delapalisse\" \/>\n<meta name=\"twitter:card\" content=\"summary_large_image\" \/>\n<meta name=\"twitter:label1\" content=\"Written by\" \/>\n\t<meta name=\"twitter:data1\" content=\"A Delapalisse\" \/>\n\t<meta name=\"twitter:label2\" content=\"Est. reading time\" \/>\n\t<meta name=\"twitter:data2\" content=\"2 minutes\" \/>\n<script type=\"application\/ld+json\" class=\"yoast-schema-graph\">{\"@context\":\"https:\/\/schema.org\",\"@graph\":[{\"@type\":\"Article\",\"@id\":\"https:\/\/www.ecinews.fr\/fr\/amphenol-regle-laffaire-du-brevet-credo-laissant-molex-et-te-continuer\/#article\",\"isPartOf\":{\"@id\":\"https:\/\/www.ecinews.fr\/fr\/amphenol-regle-laffaire-du-brevet-credo-laissant-molex-et-te-continuer\/\"},\"author\":{\"name\":\"A Delapalisse\",\"@id\":\"https:\/\/www.ecinews.fr\/fr\/#\/schema\/person\/4b3db5ba5c953c5fddeb226df86d8635\"},\"headline\":\"Amphenol r\u00e8gle l&rsquo;affaire du brevet Credo, laissant Molex et TE continuer\",\"datePublished\":\"2025-08-20T07:36:31+00:00\",\"dateModified\":\"2025-08-20T07:36:31+00:00\",\"mainEntityOfPage\":{\"@id\":\"https:\/\/www.ecinews.fr\/fr\/amphenol-regle-laffaire-du-brevet-credo-laissant-molex-et-te-continuer\/\"},\"wordCount\":328,\"publisher\":{\"@id\":\"https:\/\/www.ecinews.fr\/fr\/#organization\"},\"keywords\":[\"Data Centers\",\"HPC\",\"Interconnect &amp; cables\"],\"articleSection\":[\"Actualit\u00e9s \u00e9conomiques\"],\"inLanguage\":\"fr-FR\"},{\"@type\":\"WebPage\",\"@id\":\"https:\/\/www.ecinews.fr\/fr\/amphenol-regle-laffaire-du-brevet-credo-laissant-molex-et-te-continuer\/\",\"url\":\"https:\/\/www.ecinews.fr\/fr\/amphenol-regle-laffaire-du-brevet-credo-laissant-molex-et-te-continuer\/\",\"name\":\"Amphenol r\u00e8gle l'affaire du brevet Credo, laissant Molex et TE continuer -\",\"isPartOf\":{\"@id\":\"https:\/\/www.ecinews.fr\/fr\/#website\"},\"datePublished\":\"2025-08-20T07:36:31+00:00\",\"dateModified\":\"2025-08-20T07:36:31+00:00\",\"description\":\"Amphenol a r\u00e9gl\u00e9 une affaire de brevet avec Credo Semiconductor concernant les c\u00e2bles \u00e9lectriques actifs (AEC)\",\"breadcrumb\":{\"@id\":\"https:\/\/www.ecinews.fr\/fr\/amphenol-regle-laffaire-du-brevet-credo-laissant-molex-et-te-continuer\/#breadcrumb\"},\"inLanguage\":\"fr-FR\",\"potentialAction\":[{\"@type\":\"ReadAction\",\"target\":[\"https:\/\/www.ecinews.fr\/fr\/amphenol-regle-laffaire-du-brevet-credo-laissant-molex-et-te-continuer\/\"]}]},{\"@type\":\"BreadcrumbList\",\"@id\":\"https:\/\/www.ecinews.fr\/fr\/amphenol-regle-laffaire-du-brevet-credo-laissant-molex-et-te-continuer\/#breadcrumb\",\"itemListElement\":[{\"@type\":\"ListItem\",\"position\":1,\"name\":\"Home\",\"item\":\"https:\/\/www.ecinews.fr\/fr\/\"},{\"@type\":\"ListItem\",\"position\":2,\"name\":\"Amphenol r\u00e8gle l&rsquo;affaire du brevet Credo, laissant Molex et TE continuer\"}]},{\"@type\":\"WebSite\",\"@id\":\"https:\/\/www.ecinews.fr\/fr\/#website\",\"url\":\"https:\/\/www.ecinews.fr\/fr\/\",\"name\":\"EENewsEurope\",\"description\":\"Just another WordPress site\",\"publisher\":{\"@id\":\"https:\/\/www.ecinews.fr\/fr\/#organization\"},\"potentialAction\":[{\"@type\":\"SearchAction\",\"target\":{\"@type\":\"EntryPoint\",\"urlTemplate\":\"https:\/\/www.ecinews.fr\/fr\/?s={search_term_string}\"},\"query-input\":\"required name=search_term_string\"}],\"inLanguage\":\"fr-FR\"},{\"@type\":\"Organization\",\"@id\":\"https:\/\/www.ecinews.fr\/fr\/#organization\",\"name\":\"EENewsEurope\",\"url\":\"https:\/\/www.ecinews.fr\/fr\/\",\"logo\":{\"@type\":\"ImageObject\",\"inLanguage\":\"fr-FR\",\"@id\":\"https:\/\/www.ecinews.fr\/fr\/#\/schema\/logo\/image\/\",\"url\":\"https:\/\/www.ecinews.fr\/wp-content\/uploads\/2022\/02\/logo-1.jpg\",\"contentUrl\":\"https:\/\/www.ecinews.fr\/wp-content\/uploads\/2022\/02\/logo-1.jpg\",\"width\":283,\"height\":113,\"caption\":\"EENewsEurope\"},\"image\":{\"@id\":\"https:\/\/www.ecinews.fr\/fr\/#\/schema\/logo\/image\/\"}},{\"@type\":\"Person\",\"@id\":\"https:\/\/www.ecinews.fr\/fr\/#\/schema\/person\/4b3db5ba5c953c5fddeb226df86d8635\",\"name\":\"A Delapalisse\",\"image\":{\"@type\":\"ImageObject\",\"inLanguage\":\"fr-FR\",\"@id\":\"https:\/\/www.ecinews.fr\/fr\/#\/schema\/person\/image\/09af0e1236b95ff53924b8dfe5af278e\",\"url\":\"https:\/\/secure.gravatar.com\/avatar\/010f811c0933b47aea7e9204117b17c6?s=96&d=mm&r=g\",\"contentUrl\":\"https:\/\/secure.gravatar.com\/avatar\/010f811c0933b47aea7e9204117b17c6?s=96&d=mm&r=g\",\"caption\":\"A Delapalisse\"}}]}<\/script>","yoast_head_json":{"title":"Amphenol r\u00e8gle l'affaire du brevet Credo, laissant Molex et TE...","description":"Amphenol a r\u00e9gl\u00e9 une affaire de brevet avec Credo Semiconductor concernant les c\u00e2bles \u00e9lectriques actifs (AEC)","robots":{"index":"index","follow":"follow","max-snippet":"max-snippet:-1","max-image-preview":"max-image-preview:large","max-video-preview":"max-video-preview:-1"},"canonical":"https:\/\/www.ecinews.fr\/fr\/wp-json\/wp\/v2\/posts\/484683\/","og_locale":"fr_FR","og_type":"article","og_title":"Amphenol r\u00e8gle l'affaire du brevet Credo, laissant Molex et TE continuer","og_description":"Amphenol a r\u00e9gl\u00e9 une affaire de brevet avec Credo Semiconductor concernant les c\u00e2bles \u00e9lectriques actifs (AEC)","og_url":"https:\/\/www.ecinews.fr\/fr\/wp-json\/wp\/v2\/posts\/484683\/","og_site_name":"EENewsEurope","article_published_time":"2025-08-20T07:36:31+00:00","og_image":[{"width":1080,"height":944,"url":"https:\/\/www.ecinews.fr\/wp-content\/uploads\/2025\/08\/CredoSHIFT-scaled.jpg","type":"image\/jpeg"}],"author":"Nick Flaherty, A Delapalisse","twitter_card":"summary_large_image","twitter_misc":{"Written by":"A Delapalisse","Est. reading time":"2 minutes"},"schema":{"@context":"https:\/\/schema.org","@graph":[{"@type":"Article","@id":"https:\/\/www.ecinews.fr\/fr\/amphenol-regle-laffaire-du-brevet-credo-laissant-molex-et-te-continuer\/#article","isPartOf":{"@id":"https:\/\/www.ecinews.fr\/fr\/amphenol-regle-laffaire-du-brevet-credo-laissant-molex-et-te-continuer\/"},"author":{"name":"A Delapalisse","@id":"https:\/\/www.ecinews.fr\/fr\/#\/schema\/person\/4b3db5ba5c953c5fddeb226df86d8635"},"headline":"Amphenol r\u00e8gle l&rsquo;affaire du brevet Credo, laissant Molex et TE continuer","datePublished":"2025-08-20T07:36:31+00:00","dateModified":"2025-08-20T07:36:31+00:00","mainEntityOfPage":{"@id":"https:\/\/www.ecinews.fr\/fr\/amphenol-regle-laffaire-du-brevet-credo-laissant-molex-et-te-continuer\/"},"wordCount":328,"publisher":{"@id":"https:\/\/www.ecinews.fr\/fr\/#organization"},"keywords":["Data Centers","HPC","Interconnect &amp; cables"],"articleSection":["Actualit\u00e9s \u00e9conomiques"],"inLanguage":"fr-FR"},{"@type":"WebPage","@id":"https:\/\/www.ecinews.fr\/fr\/amphenol-regle-laffaire-du-brevet-credo-laissant-molex-et-te-continuer\/","url":"https:\/\/www.ecinews.fr\/fr\/amphenol-regle-laffaire-du-brevet-credo-laissant-molex-et-te-continuer\/","name":"Amphenol r\u00e8gle l'affaire du brevet Credo, laissant Molex et TE continuer -","isPartOf":{"@id":"https:\/\/www.ecinews.fr\/fr\/#website"},"datePublished":"2025-08-20T07:36:31+00:00","dateModified":"2025-08-20T07:36:31+00:00","description":"Amphenol a r\u00e9gl\u00e9 une affaire de brevet avec Credo Semiconductor concernant les c\u00e2bles \u00e9lectriques actifs (AEC)","breadcrumb":{"@id":"https:\/\/www.ecinews.fr\/fr\/amphenol-regle-laffaire-du-brevet-credo-laissant-molex-et-te-continuer\/#breadcrumb"},"inLanguage":"fr-FR","potentialAction":[{"@type":"ReadAction","target":["https:\/\/www.ecinews.fr\/fr\/amphenol-regle-laffaire-du-brevet-credo-laissant-molex-et-te-continuer\/"]}]},{"@type":"BreadcrumbList","@id":"https:\/\/www.ecinews.fr\/fr\/amphenol-regle-laffaire-du-brevet-credo-laissant-molex-et-te-continuer\/#breadcrumb","itemListElement":[{"@type":"ListItem","position":1,"name":"Home","item":"https:\/\/www.ecinews.fr\/fr\/"},{"@type":"ListItem","position":2,"name":"Amphenol r\u00e8gle l&rsquo;affaire du brevet Credo, laissant Molex et TE continuer"}]},{"@type":"WebSite","@id":"https:\/\/www.ecinews.fr\/fr\/#website","url":"https:\/\/www.ecinews.fr\/fr\/","name":"EENewsEurope","description":"Just another WordPress site","publisher":{"@id":"https:\/\/www.ecinews.fr\/fr\/#organization"},"potentialAction":[{"@type":"SearchAction","target":{"@type":"EntryPoint","urlTemplate":"https:\/\/www.ecinews.fr\/fr\/?s={search_term_string}"},"query-input":"required name=search_term_string"}],"inLanguage":"fr-FR"},{"@type":"Organization","@id":"https:\/\/www.ecinews.fr\/fr\/#organization","name":"EENewsEurope","url":"https:\/\/www.ecinews.fr\/fr\/","logo":{"@type":"ImageObject","inLanguage":"fr-FR","@id":"https:\/\/www.ecinews.fr\/fr\/#\/schema\/logo\/image\/","url":"https:\/\/www.ecinews.fr\/wp-content\/uploads\/2022\/02\/logo-1.jpg","contentUrl":"https:\/\/www.ecinews.fr\/wp-content\/uploads\/2022\/02\/logo-1.jpg","width":283,"height":113,"caption":"EENewsEurope"},"image":{"@id":"https:\/\/www.ecinews.fr\/fr\/#\/schema\/logo\/image\/"}},{"@type":"Person","@id":"https:\/\/www.ecinews.fr\/fr\/#\/schema\/person\/4b3db5ba5c953c5fddeb226df86d8635","name":"A Delapalisse","image":{"@type":"ImageObject","inLanguage":"fr-FR","@id":"https:\/\/www.ecinews.fr\/fr\/#\/schema\/person\/image\/09af0e1236b95ff53924b8dfe5af278e","url":"https:\/\/secure.gravatar.com\/avatar\/010f811c0933b47aea7e9204117b17c6?s=96&d=mm&r=g","contentUrl":"https:\/\/secure.gravatar.com\/avatar\/010f811c0933b47aea7e9204117b17c6?s=96&d=mm&r=g","caption":"A Delapalisse"}}]}},"authors":[{"term_id":3640,"user_id":0,"is_guest":1,"slug":"nick-flaherty","display_name":"Nick Flaherty","avatar_url":"https:\/\/secure.gravatar.com\/avatar\/?s=96&d=mm&r=g","0":null,"1":"","2":"","3":"","4":"","5":"","6":"","7":"","8":""},{"term_id":6199,"user_id":40,"is_guest":0,"slug":"andre-rousselotemisys-com","display_name":"A Delapalisse","avatar_url":"https:\/\/secure.gravatar.com\/avatar\/010f811c0933b47aea7e9204117b17c6?s=96&d=mm&r=g","0":null,"1":"","2":"","3":"","4":"","5":"","6":"","7":"","8":""}],"_links":{"self":[{"href":"https:\/\/www.ecinews.fr\/fr\/wp-json\/wp\/v2\/posts\/484683"}],"collection":[{"href":"https:\/\/www.ecinews.fr\/fr\/wp-json\/wp\/v2\/posts"}],"about":[{"href":"https:\/\/www.ecinews.fr\/fr\/wp-json\/wp\/v2\/types\/post"}],"author":[{"embeddable":true,"href":"https:\/\/www.ecinews.fr\/fr\/wp-json\/wp\/v2\/users\/40"}],"replies":[{"embeddable":true,"href":"https:\/\/www.ecinews.fr\/fr\/wp-json\/wp\/v2\/comments?post=484683"}],"version-history":[{"count":0,"href":"https:\/\/www.ecinews.fr\/fr\/wp-json\/wp\/v2\/posts\/484683\/revisions"}],"wp:featuredmedia":[{"embeddable":true,"href":"https:\/\/www.ecinews.fr\/fr\/wp-json\/wp\/v2\/media\/484677"}],"wp:attachment":[{"href":"https:\/\/www.ecinews.fr\/fr\/wp-json\/wp\/v2\/media?parent=484683"}],"wp:term":[{"taxonomy":"category","embeddable":true,"href":"https:\/\/www.ecinews.fr\/fr\/wp-json\/wp\/v2\/categories?post=484683"},{"taxonomy":"post_tag","embeddable":true,"href":"https:\/\/www.ecinews.fr\/fr\/wp-json\/wp\/v2\/tags?post=484683"},{"taxonomy":"domains","embeddable":true,"href":"https:\/\/www.ecinews.fr\/fr\/wp-json\/wp\/v2\/domains?post=484683"},{"taxonomy":"author","embeddable":true,"href":"https:\/\/www.ecinews.fr\/fr\/wp-json\/wp\/v2\/ppma_author?post=484683"}],"curies":[{"name":"wp","href":"https:\/\/api.w.org\/{rel}","templated":true}]}}