{"id":484302,"date":"2025-08-14T09:00:49","date_gmt":"2025-08-14T07:00:49","guid":{"rendered":"https:\/\/www.ecinews.fr\/?p=484302"},"modified":"2025-08-08T17:11:32","modified_gmt":"2025-08-08T15:11:32","slug":"vertiv-lance-onecore-une-solution-prefabriquee-pour-accelerer-le-deploiement-des-data-centers-haute-densite","status":"publish","type":"post","link":"https:\/\/www.ecinews.fr\/fr\/vertiv-lance-onecore-une-solution-prefabriquee-pour-accelerer-le-deploiement-des-data-centers-haute-densite\/","title":{"rendered":"Vertiv lance OneCore : une solution pr\u00e9fabriqu\u00e9e pour acc\u00e9l\u00e9rer le d\u00e9ploiement des data centers haute densit\u00e9"},"content":{"rendered":"<h3>Vertiv, sp\u00e9cialiste mondial des infrastructures num\u00e9riques critiques, annonce le lancement mondial de Vertiv OneCore, une solution pr\u00e9fabriqu\u00e9e et \u00e9volutive con\u00e7ue pour simplifier et acc\u00e9l\u00e9rer la construction de data centers haute performance. Int\u00e9grant les technologies d\u2019alimentation, de refroidissement et d\u2019infrastructure informatique de Vertiv, OneCore offre une approche cl\u00e9 en main pour les environnements exigeants tels que l\u2019IA, le HPC et les data centers de plus de 5 MW.<\/h3>\n<p>Gr\u00e2ce \u00e0 une conception modulaire et une fabrication en usine, Vertiv OneCore r\u00e9duit la complexit\u00e9 sur site, raccourcit les d\u00e9lais de d\u00e9ploiement et garantit une qualit\u00e9 constante. La solution est compatible avec une large gamme de configurations, allant de\u00a096 \u00e0 944 racks, et prend en charge des puissances de 5 \u00e0 50 MW.<\/p>\n<p>Parmi ses caract\u00e9ristiques cl\u00e9s :<\/p>\n<ul>\n<li>Syst\u00e8mes \u00e9lectriques et thermiques int\u00e9gr\u00e9s, avec refroidissement liquide avanc\u00e9 et ASI \u00e9volutifs.<\/li>\n<li>Maintenabilit\u00e9 simultan\u00e9e pour assurer la disponibilit\u00e9 pendant les op\u00e9rations de maintenance.<\/li>\n<li>Compatibilit\u00e9 climatique \u00e9tendue : fonctionnement entre -20 \u00b0C et 55 \u00b0C.<\/li>\n<li>Redondance avanc\u00e9e et compatibilit\u00e9 de tension (11 \u00e0 35 kV, 400 \u00e0 480 V AC).<\/li>\n<li>Service global Vertiv : mise en service experte, maintenance proactive et support rapide.<\/li>\n<\/ul>\n<p>Vertiv OneCore s\u2019inscrit \u00e9galement dans une d\u00e9marche de durabilit\u00e9, avec une efficacit\u00e9 \u00e9nerg\u00e9tique optimis\u00e9e et une conception adaptable aux normes technologiques futures.<\/p>\n<p><a href=\"https:\/\/www.vertiv.com\/\">Vertiv<\/a><\/p>\n","protected":false},"excerpt":{"rendered":"<p>Vertiv, sp\u00e9cialiste mondial des infrastructures num\u00e9riques critiques, annonce le lancement mondial de Vertiv OneCore, une solution pr\u00e9fabriqu\u00e9e et \u00e9volutive con\u00e7ue pour simplifier et acc\u00e9l\u00e9rer la construction de data centers haute performance. Int\u00e9grant les technologies d\u2019alimentation, de refroidissement et d\u2019infrastructure informatique de Vertiv, OneCore offre une approche cl\u00e9 en main pour les environnements exigeants tels que [&hellip;]<\/p>\n","protected":false},"author":39,"featured_media":484325,"comment_status":"closed","ping_status":"closed","sticky":false,"template":"","format":"standard","meta":{"_acf_changed":false,"footnotes":""},"categories":[886],"tags":[10065,4933,9321,3297],"domains":[47],"ppma_author":[6113],"class_list":["post-484302","post","type-post","status-publish","format-standard","has-post-thumbnail","hentry","category-news-fr","tag-calcul-a-haute-performance-fr","tag-centre-de-donnees-fr","tag-centres-de-donnees-fr","tag-intelligence-artificielle-ia","domains-electronique-eci"],"acf":[],"yoast_head":"<title><\/title>\n<meta name=\"description\" content=\"Vertiv annonce le lancement mondial de Vertiv OneCore, une solution pr\u00e9fabriqu\u00e9e et \u00e9volutive con\u00e7ue pour simplifier et acc\u00e9l\u00e9rer la construction de...\" \/>\n<meta name=\"robots\" content=\"index, follow, max-snippet:-1, max-image-preview:large, max-video-preview:-1\" \/>\n<link rel=\"canonical\" href=\"https:\/\/www.ecinews.fr\/fr\/wp-json\/wp\/v2\/posts\/484302\/\" \/>\n<meta property=\"og:locale\" content=\"fr_FR\" \/>\n<meta property=\"og:type\" content=\"article\" \/>\n<meta property=\"og:title\" content=\"Vertiv lance OneCore : une solution pr\u00e9fabriqu\u00e9e pour acc\u00e9l\u00e9rer le d\u00e9ploiement des data centers haute densit\u00e9\" \/>\n<meta property=\"og:description\" content=\"Vertiv annonce le lancement mondial de Vertiv OneCore, une solution pr\u00e9fabriqu\u00e9e et \u00e9volutive con\u00e7ue pour simplifier et acc\u00e9l\u00e9rer la construction de data centers haute performance\" \/>\n<meta property=\"og:url\" content=\"https:\/\/www.ecinews.fr\/fr\/wp-json\/wp\/v2\/posts\/484302\/\" \/>\n<meta property=\"og:site_name\" content=\"EENewsEurope\" \/>\n<meta property=\"article:published_time\" content=\"2025-08-14T07:00:49+00:00\" \/>\n<meta property=\"article:modified_time\" content=\"2025-08-08T15:11:32+00:00\" \/>\n<meta property=\"og:image\" content=\"https:\/\/www.ecinews.fr\/wp-content\/uploads\/2025\/08\/ECI5098-Vertiv-lance-sa-solution-prefabriquee-evolutive-pour-lIA-le-HPC-et-les-data-centers-haute-densite-de-plus-de-5-MW.jpg\" \/>\n\t<meta property=\"og:image:width\" content=\"1000\" \/>\n\t<meta property=\"og:image:height\" content=\"1000\" \/>\n\t<meta property=\"og:image:type\" content=\"image\/jpeg\" \/>\n<meta name=\"author\" content=\"NicolasFeste\" \/>\n<meta name=\"twitter:card\" content=\"summary_large_image\" \/>\n<meta name=\"twitter:label1\" content=\"Written by\" \/>\n\t<meta name=\"twitter:data1\" content=\"NicolasFeste\" \/>\n\t<meta name=\"twitter:label2\" content=\"Est. reading time\" \/>\n\t<meta name=\"twitter:data2\" content=\"2 minutes\" \/>\n<script type=\"application\/ld+json\" class=\"yoast-schema-graph\">{\"@context\":\"https:\/\/schema.org\",\"@graph\":[{\"@type\":\"Article\",\"@id\":\"https:\/\/www.ecinews.fr\/fr\/vertiv-lance-onecore-une-solution-prefabriquee-pour-accelerer-le-deploiement-des-data-centers-haute-densite\/#article\",\"isPartOf\":{\"@id\":\"https:\/\/www.ecinews.fr\/fr\/vertiv-lance-onecore-une-solution-prefabriquee-pour-accelerer-le-deploiement-des-data-centers-haute-densite\/\"},\"author\":{\"name\":\"NicolasFeste\",\"@id\":\"https:\/\/www.eenewseurope.com\/en\/#\/schema\/person\/c7104a72b466a801f257e51481de0c43\"},\"headline\":\"Vertiv lance OneCore : une solution pr\u00e9fabriqu\u00e9e pour acc\u00e9l\u00e9rer le d\u00e9ploiement des data centers haute densit\u00e9\",\"datePublished\":\"2025-08-14T07:00:49+00:00\",\"dateModified\":\"2025-08-08T15:11:32+00:00\",\"mainEntityOfPage\":{\"@id\":\"https:\/\/www.ecinews.fr\/fr\/vertiv-lance-onecore-une-solution-prefabriquee-pour-accelerer-le-deploiement-des-data-centers-haute-densite\/\"},\"wordCount\":240,\"publisher\":{\"@id\":\"https:\/\/www.eenewseurope.com\/en\/#organization\"},\"keywords\":[\"Calcul \u00e0 haute performance\",\"centre de donn\u00e9es\",\"Centres de donn\u00e9es\",\"Intelligence Artificielle - IA\"],\"articleSection\":[\"Actualit\u00e9 g\u00e9n\u00e9rale\"],\"inLanguage\":\"fr-FR\"},{\"@type\":\"WebPage\",\"@id\":\"https:\/\/www.ecinews.fr\/fr\/vertiv-lance-onecore-une-solution-prefabriquee-pour-accelerer-le-deploiement-des-data-centers-haute-densite\/\",\"url\":\"https:\/\/www.ecinews.fr\/fr\/vertiv-lance-onecore-une-solution-prefabriquee-pour-accelerer-le-deploiement-des-data-centers-haute-densite\/\",\"name\":\"Vertiv lance OneCore : une solution pr\u00e9fabriqu\u00e9e pour acc\u00e9l\u00e9rer le d\u00e9ploiement des data centers haute densit\u00e9 -\",\"isPartOf\":{\"@id\":\"https:\/\/www.eenewseurope.com\/en\/#website\"},\"datePublished\":\"2025-08-14T07:00:49+00:00\",\"dateModified\":\"2025-08-08T15:11:32+00:00\",\"description\":\"Vertiv annonce le lancement mondial de Vertiv OneCore, une solution pr\u00e9fabriqu\u00e9e et \u00e9volutive con\u00e7ue pour simplifier et acc\u00e9l\u00e9rer la construction de data centers haute performance\",\"breadcrumb\":{\"@id\":\"https:\/\/www.ecinews.fr\/fr\/vertiv-lance-onecore-une-solution-prefabriquee-pour-accelerer-le-deploiement-des-data-centers-haute-densite\/#breadcrumb\"},\"inLanguage\":\"fr-FR\",\"potentialAction\":[{\"@type\":\"ReadAction\",\"target\":[\"https:\/\/www.ecinews.fr\/fr\/vertiv-lance-onecore-une-solution-prefabriquee-pour-accelerer-le-deploiement-des-data-centers-haute-densite\/\"]}]},{\"@type\":\"BreadcrumbList\",\"@id\":\"https:\/\/www.ecinews.fr\/fr\/vertiv-lance-onecore-une-solution-prefabriquee-pour-accelerer-le-deploiement-des-data-centers-haute-densite\/#breadcrumb\",\"itemListElement\":[{\"@type\":\"ListItem\",\"position\":1,\"name\":\"Home\",\"item\":\"https:\/\/www.ecinews.fr\/fr\/\"},{\"@type\":\"ListItem\",\"position\":2,\"name\":\"Vertiv lance OneCore : une solution pr\u00e9fabriqu\u00e9e pour acc\u00e9l\u00e9rer le d\u00e9ploiement des data centers haute densit\u00e9\"}]},{\"@type\":\"WebSite\",\"@id\":\"https:\/\/www.eenewseurope.com\/en\/#website\",\"url\":\"https:\/\/www.eenewseurope.com\/en\/\",\"name\":\"EENewsEurope\",\"description\":\"Just another WordPress site\",\"publisher\":{\"@id\":\"https:\/\/www.eenewseurope.com\/en\/#organization\"},\"potentialAction\":[{\"@type\":\"SearchAction\",\"target\":{\"@type\":\"EntryPoint\",\"urlTemplate\":\"https:\/\/www.eenewseurope.com\/en\/?s={search_term_string}\"},\"query-input\":\"required name=search_term_string\"}],\"inLanguage\":\"fr-FR\"},{\"@type\":\"Organization\",\"@id\":\"https:\/\/www.eenewseurope.com\/en\/#organization\",\"name\":\"EENewsEurope\",\"url\":\"https:\/\/www.eenewseurope.com\/en\/\",\"logo\":{\"@type\":\"ImageObject\",\"inLanguage\":\"fr-FR\",\"@id\":\"https:\/\/www.eenewseurope.com\/en\/#\/schema\/logo\/image\/\",\"url\":\"https:\/\/www.ecinews.fr\/wp-content\/uploads\/2022\/02\/logo-1.jpg\",\"contentUrl\":\"https:\/\/www.ecinews.fr\/wp-content\/uploads\/2022\/02\/logo-1.jpg\",\"width\":283,\"height\":113,\"caption\":\"EENewsEurope\"},\"image\":{\"@id\":\"https:\/\/www.eenewseurope.com\/en\/#\/schema\/logo\/image\/\"}},{\"@type\":\"Person\",\"@id\":\"https:\/\/www.eenewseurope.com\/en\/#\/schema\/person\/c7104a72b466a801f257e51481de0c43\",\"name\":\"NicolasFeste\",\"image\":{\"@type\":\"ImageObject\",\"inLanguage\":\"fr-FR\",\"@id\":\"https:\/\/www.eenewseurope.com\/en\/#\/schema\/person\/image\/1ea421e7d03c1e96a9ea2bcf2705734a\",\"url\":\"https:\/\/secure.gravatar.com\/avatar\/2e187f4d96902933ba445ed6c760e11c?s=96&d=mm&r=g\",\"contentUrl\":\"https:\/\/secure.gravatar.com\/avatar\/2e187f4d96902933ba445ed6c760e11c?s=96&d=mm&r=g\",\"caption\":\"NicolasFeste\"}}]}<\/script>","yoast_head_json":{"title":"Vertiv lance OneCore : une solution pr\u00e9fabriqu\u00e9e pour acc\u00e9l?...","description":"Vertiv annonce le lancement mondial de Vertiv OneCore, une solution pr\u00e9fabriqu\u00e9e et \u00e9volutive con\u00e7ue pour simplifier et acc\u00e9l\u00e9rer la construction de...","robots":{"index":"index","follow":"follow","max-snippet":"max-snippet:-1","max-image-preview":"max-image-preview:large","max-video-preview":"max-video-preview:-1"},"canonical":"https:\/\/www.ecinews.fr\/fr\/wp-json\/wp\/v2\/posts\/484302\/","og_locale":"fr_FR","og_type":"article","og_title":"Vertiv lance OneCore : une solution pr\u00e9fabriqu\u00e9e pour acc\u00e9l\u00e9rer le d\u00e9ploiement des data centers haute densit\u00e9","og_description":"Vertiv annonce le lancement mondial de Vertiv OneCore, une solution pr\u00e9fabriqu\u00e9e et \u00e9volutive con\u00e7ue pour simplifier et acc\u00e9l\u00e9rer la construction de data centers haute performance","og_url":"https:\/\/www.ecinews.fr\/fr\/wp-json\/wp\/v2\/posts\/484302\/","og_site_name":"EENewsEurope","article_published_time":"2025-08-14T07:00:49+00:00","article_modified_time":"2025-08-08T15:11:32+00:00","og_image":[{"width":1000,"height":1000,"url":"https:\/\/www.ecinews.fr\/wp-content\/uploads\/2025\/08\/ECI5098-Vertiv-lance-sa-solution-prefabriquee-evolutive-pour-lIA-le-HPC-et-les-data-centers-haute-densite-de-plus-de-5-MW.jpg","type":"image\/jpeg"}],"author":"NicolasFeste","twitter_card":"summary_large_image","twitter_misc":{"Written by":"NicolasFeste","Est. reading time":"2 minutes"},"schema":{"@context":"https:\/\/schema.org","@graph":[{"@type":"Article","@id":"https:\/\/www.ecinews.fr\/fr\/vertiv-lance-onecore-une-solution-prefabriquee-pour-accelerer-le-deploiement-des-data-centers-haute-densite\/#article","isPartOf":{"@id":"https:\/\/www.ecinews.fr\/fr\/vertiv-lance-onecore-une-solution-prefabriquee-pour-accelerer-le-deploiement-des-data-centers-haute-densite\/"},"author":{"name":"NicolasFeste","@id":"https:\/\/www.eenewseurope.com\/en\/#\/schema\/person\/c7104a72b466a801f257e51481de0c43"},"headline":"Vertiv lance OneCore : une solution pr\u00e9fabriqu\u00e9e pour acc\u00e9l\u00e9rer le d\u00e9ploiement des data centers haute densit\u00e9","datePublished":"2025-08-14T07:00:49+00:00","dateModified":"2025-08-08T15:11:32+00:00","mainEntityOfPage":{"@id":"https:\/\/www.ecinews.fr\/fr\/vertiv-lance-onecore-une-solution-prefabriquee-pour-accelerer-le-deploiement-des-data-centers-haute-densite\/"},"wordCount":240,"publisher":{"@id":"https:\/\/www.eenewseurope.com\/en\/#organization"},"keywords":["Calcul \u00e0 haute performance","centre de donn\u00e9es","Centres de donn\u00e9es","Intelligence Artificielle - IA"],"articleSection":["Actualit\u00e9 g\u00e9n\u00e9rale"],"inLanguage":"fr-FR"},{"@type":"WebPage","@id":"https:\/\/www.ecinews.fr\/fr\/vertiv-lance-onecore-une-solution-prefabriquee-pour-accelerer-le-deploiement-des-data-centers-haute-densite\/","url":"https:\/\/www.ecinews.fr\/fr\/vertiv-lance-onecore-une-solution-prefabriquee-pour-accelerer-le-deploiement-des-data-centers-haute-densite\/","name":"Vertiv lance OneCore : une solution pr\u00e9fabriqu\u00e9e pour acc\u00e9l\u00e9rer le d\u00e9ploiement des data centers haute densit\u00e9 -","isPartOf":{"@id":"https:\/\/www.eenewseurope.com\/en\/#website"},"datePublished":"2025-08-14T07:00:49+00:00","dateModified":"2025-08-08T15:11:32+00:00","description":"Vertiv annonce le lancement mondial de Vertiv OneCore, une solution pr\u00e9fabriqu\u00e9e et \u00e9volutive con\u00e7ue pour simplifier et acc\u00e9l\u00e9rer la construction de data centers haute performance","breadcrumb":{"@id":"https:\/\/www.ecinews.fr\/fr\/vertiv-lance-onecore-une-solution-prefabriquee-pour-accelerer-le-deploiement-des-data-centers-haute-densite\/#breadcrumb"},"inLanguage":"fr-FR","potentialAction":[{"@type":"ReadAction","target":["https:\/\/www.ecinews.fr\/fr\/vertiv-lance-onecore-une-solution-prefabriquee-pour-accelerer-le-deploiement-des-data-centers-haute-densite\/"]}]},{"@type":"BreadcrumbList","@id":"https:\/\/www.ecinews.fr\/fr\/vertiv-lance-onecore-une-solution-prefabriquee-pour-accelerer-le-deploiement-des-data-centers-haute-densite\/#breadcrumb","itemListElement":[{"@type":"ListItem","position":1,"name":"Home","item":"https:\/\/www.ecinews.fr\/fr\/"},{"@type":"ListItem","position":2,"name":"Vertiv lance OneCore : une solution pr\u00e9fabriqu\u00e9e pour acc\u00e9l\u00e9rer le d\u00e9ploiement des data centers haute densit\u00e9"}]},{"@type":"WebSite","@id":"https:\/\/www.eenewseurope.com\/en\/#website","url":"https:\/\/www.eenewseurope.com\/en\/","name":"EENewsEurope","description":"Just another WordPress site","publisher":{"@id":"https:\/\/www.eenewseurope.com\/en\/#organization"},"potentialAction":[{"@type":"SearchAction","target":{"@type":"EntryPoint","urlTemplate":"https:\/\/www.eenewseurope.com\/en\/?s={search_term_string}"},"query-input":"required name=search_term_string"}],"inLanguage":"fr-FR"},{"@type":"Organization","@id":"https:\/\/www.eenewseurope.com\/en\/#organization","name":"EENewsEurope","url":"https:\/\/www.eenewseurope.com\/en\/","logo":{"@type":"ImageObject","inLanguage":"fr-FR","@id":"https:\/\/www.eenewseurope.com\/en\/#\/schema\/logo\/image\/","url":"https:\/\/www.ecinews.fr\/wp-content\/uploads\/2022\/02\/logo-1.jpg","contentUrl":"https:\/\/www.ecinews.fr\/wp-content\/uploads\/2022\/02\/logo-1.jpg","width":283,"height":113,"caption":"EENewsEurope"},"image":{"@id":"https:\/\/www.eenewseurope.com\/en\/#\/schema\/logo\/image\/"}},{"@type":"Person","@id":"https:\/\/www.eenewseurope.com\/en\/#\/schema\/person\/c7104a72b466a801f257e51481de0c43","name":"NicolasFeste","image":{"@type":"ImageObject","inLanguage":"fr-FR","@id":"https:\/\/www.eenewseurope.com\/en\/#\/schema\/person\/image\/1ea421e7d03c1e96a9ea2bcf2705734a","url":"https:\/\/secure.gravatar.com\/avatar\/2e187f4d96902933ba445ed6c760e11c?s=96&d=mm&r=g","contentUrl":"https:\/\/secure.gravatar.com\/avatar\/2e187f4d96902933ba445ed6c760e11c?s=96&d=mm&r=g","caption":"NicolasFeste"}}]}},"authors":[{"term_id":6113,"user_id":39,"is_guest":0,"slug":"nicolasfeste","display_name":"NicolasFeste","avatar_url":"https:\/\/secure.gravatar.com\/avatar\/2e187f4d96902933ba445ed6c760e11c?s=96&d=mm&r=g","0":null,"1":"","2":"","3":"","4":"","5":"","6":"","7":"","8":""}],"_links":{"self":[{"href":"https:\/\/www.ecinews.fr\/fr\/wp-json\/wp\/v2\/posts\/484302"}],"collection":[{"href":"https:\/\/www.ecinews.fr\/fr\/wp-json\/wp\/v2\/posts"}],"about":[{"href":"https:\/\/www.ecinews.fr\/fr\/wp-json\/wp\/v2\/types\/post"}],"author":[{"embeddable":true,"href":"https:\/\/www.ecinews.fr\/fr\/wp-json\/wp\/v2\/users\/39"}],"replies":[{"embeddable":true,"href":"https:\/\/www.ecinews.fr\/fr\/wp-json\/wp\/v2\/comments?post=484302"}],"version-history":[{"count":0,"href":"https:\/\/www.ecinews.fr\/fr\/wp-json\/wp\/v2\/posts\/484302\/revisions"}],"wp:featuredmedia":[{"embeddable":true,"href":"https:\/\/www.ecinews.fr\/fr\/wp-json\/wp\/v2\/media\/484325"}],"wp:attachment":[{"href":"https:\/\/www.ecinews.fr\/fr\/wp-json\/wp\/v2\/media?parent=484302"}],"wp:term":[{"taxonomy":"category","embeddable":true,"href":"https:\/\/www.ecinews.fr\/fr\/wp-json\/wp\/v2\/categories?post=484302"},{"taxonomy":"post_tag","embeddable":true,"href":"https:\/\/www.ecinews.fr\/fr\/wp-json\/wp\/v2\/tags?post=484302"},{"taxonomy":"domains","embeddable":true,"href":"https:\/\/www.ecinews.fr\/fr\/wp-json\/wp\/v2\/domains?post=484302"},{"taxonomy":"author","embeddable":true,"href":"https:\/\/www.ecinews.fr\/fr\/wp-json\/wp\/v2\/ppma_author?post=484302"}],"curies":[{"name":"wp","href":"https:\/\/api.w.org\/{rel}","templated":true}]}}