{"id":483634,"date":"2025-07-28T09:00:55","date_gmt":"2025-07-28T07:00:55","guid":{"rendered":"https:\/\/www.ecinews.fr\/?p=483634"},"modified":"2025-07-25T18:28:50","modified_gmt":"2025-07-25T16:28:50","slug":"nordic-semiconductor-et-deutsche-telekom-unissent-leurs-forces-pour-une-connectivite-cellulaire-iot-universelle","status":"publish","type":"post","link":"https:\/\/www.ecinews.fr\/fr\/nordic-semiconductor-et-deutsche-telekom-unissent-leurs-forces-pour-une-connectivite-cellulaire-iot-universelle\/","title":{"rendered":"Nordic Semiconductor et Deutsche Telekom unissent leurs forces pour une connectivit\u00e9 cellulaire IoT universelle"},"content":{"rendered":"<h3>Nordic Semiconductor, leader mondial de la connectivit\u00e9 sans fil basse consommation, s\u2019associe \u00e0 Deutsche Telekom pour lancer une solution IoT innovante : MECC (Make Everything Cellular Connected). Pr\u00e9sent\u00e9e au Mobile World Congress 2025, cette solution repose sur le SiP nRF9151, un module cellulaire ultra-compact et certifi\u00e9 mondialement, con\u00e7u pour simplifier l\u2019int\u00e9gration de la connectivit\u00e9 cellulaire dans les appareils IoT.<\/h3>\n<p>Gr\u00e2ce \u00e0 son module nuSIM int\u00e9gr\u00e9 et pr\u00e9-activ\u00e9, le nRF9151 assure une connectivit\u00e9 transparente sur les r\u00e9seaux de Deutsche Telekom et ses partenaires d\u2019itin\u00e9rance. Cette approche permet aux OEM et fabricants de dispositifs de r\u00e9duire la complexit\u00e9 de la cha\u00eene d\u2019approvisionnement, am\u00e9liorer la s\u00e9curit\u00e9, et optimiser la gestion des r\u00e9seaux.<\/p>\n<p>La solution MECC vise \u00e0 r\u00e9pondre \u00e0 un d\u00e9fi majeur : pr\u00e8s de 25 % des appareils intelligents utilisent encore des r\u00e9seaux non cellulaires, limitant leur s\u00e9curit\u00e9 et leur visibilit\u00e9. En int\u00e9grant connectivit\u00e9, g\u00e9olocalisation, modem et h\u00e9bergement d\u2019applications dans un format de 12 x 11 mm, MECC ouvre la voie \u00e0 une connectivit\u00e9 universelle, fiable et \u00e9volutive.<\/p>\n<p><a href=\"https:\/\/www.nordicsemi.com\/\">Nordic Semiconductor<\/a>\u00a0| <a href=\"https:\/\/www.telekom.com\/\">Deutsche Telekom<\/a><\/p>\n","protected":false},"excerpt":{"rendered":"<p>Nordic Semiconductor, leader mondial de la connectivit\u00e9 sans fil basse consommation, s\u2019associe \u00e0 Deutsche Telekom pour lancer une solution IoT innovante : MECC (Make Everything Cellular Connected). Pr\u00e9sent\u00e9e au Mobile World Congress 2025, cette solution repose sur le SiP nRF9151, un module cellulaire ultra-compact et certifi\u00e9 mondialement, con\u00e7u pour simplifier l\u2019int\u00e9gration de la connectivit\u00e9 cellulaire [&hellip;]<\/p>\n","protected":false},"author":39,"featured_media":483659,"comment_status":"closed","ping_status":"closed","sticky":false,"template":"","format":"standard","meta":{"_acf_changed":false,"footnotes":""},"categories":[886],"tags":[919,8977,10243,7481,6696],"domains":[47],"ppma_author":[6113],"class_list":["post-483634","post","type-post","status-publish","format-standard","has-post-thumbnail","hentry","category-news-fr","tag-iot-fr","tag-mobile-world-congress-fr","tag-mobile-world-congress-2025","tag-module-cellulaire","tag-partenariat","domains-electronique-eci"],"acf":[],"yoast_head":"<title>Nordic Semiconductor et Deutsche Telekom unissent leurs forces ...<\/title>\n<meta name=\"description\" content=\"Nordic Semiconductor s\u2019associe \u00e0 Deutsche Telekom pour lancer une solution IoT innovante : MECC (Make Everything Cellular Connected)\" \/>\n<meta name=\"robots\" content=\"index, follow, max-snippet:-1, max-image-preview:large, max-video-preview:-1\" \/>\n<link rel=\"canonical\" href=\"https:\/\/www.ecinews.fr\/fr\/wp-json\/wp\/v2\/posts\/483634\/\" \/>\n<meta property=\"og:locale\" content=\"fr_FR\" \/>\n<meta property=\"og:type\" content=\"article\" \/>\n<meta property=\"og:title\" content=\"Nordic Semiconductor et Deutsche Telekom unissent leurs forces pour une connectivit\u00e9 cellulaire IoT universelle\" \/>\n<meta property=\"og:description\" content=\"Nordic Semiconductor s\u2019associe \u00e0 Deutsche Telekom pour lancer une solution IoT innovante : MECC (Make Everything Cellular Connected)\" \/>\n<meta property=\"og:url\" content=\"https:\/\/www.ecinews.fr\/fr\/wp-json\/wp\/v2\/posts\/483634\/\" \/>\n<meta property=\"og:site_name\" content=\"EENewsEurope\" \/>\n<meta property=\"article:published_time\" content=\"2025-07-28T07:00:55+00:00\" \/>\n<meta property=\"article:modified_time\" content=\"2025-07-25T16:28:50+00:00\" \/>\n<meta property=\"og:image\" content=\"https:\/\/www.eenewseurope.com\/wp-content\/uploads\/2025\/07\/ECI5055-NORD036fr-Nordic-Semiconductor-collaborates-with-Deutsche-Telekom-to-make-everything-cellular-connected-final-approved-scaled.jpg\" \/>\n\t<meta property=\"og:image:width\" content=\"1080\" \/>\n\t<meta property=\"og:image:height\" content=\"766\" \/>\n\t<meta property=\"og:image:type\" content=\"image\/jpeg\" \/>\n<meta name=\"author\" content=\"NicolasFeste\" \/>\n<meta name=\"twitter:card\" content=\"summary_large_image\" \/>\n<meta name=\"twitter:label1\" content=\"Written by\" \/>\n\t<meta name=\"twitter:data1\" content=\"NicolasFeste\" \/>\n\t<meta name=\"twitter:label2\" content=\"Est. reading time\" \/>\n\t<meta name=\"twitter:data2\" content=\"1 minute\" \/>\n<script type=\"application\/ld+json\" class=\"yoast-schema-graph\">{\"@context\":\"https:\/\/schema.org\",\"@graph\":[{\"@type\":\"Article\",\"@id\":\"https:\/\/www.eenewseurope.com\/fr\/nordic-semiconductor-et-deutsche-telekom-unissent-leurs-forces-pour-une-connectivite-cellulaire-iot-universelle\/#article\",\"isPartOf\":{\"@id\":\"https:\/\/www.eenewseurope.com\/fr\/nordic-semiconductor-et-deutsche-telekom-unissent-leurs-forces-pour-une-connectivite-cellulaire-iot-universelle\/\"},\"author\":{\"name\":\"NicolasFeste\",\"@id\":\"https:\/\/www.ecinews.fr\/fr\/#\/schema\/person\/c7104a72b466a801f257e51481de0c43\"},\"headline\":\"Nordic Semiconductor et Deutsche Telekom unissent leurs forces pour une connectivit\u00e9 cellulaire IoT universelle\",\"datePublished\":\"2025-07-28T07:00:55+00:00\",\"dateModified\":\"2025-07-25T16:28:50+00:00\",\"mainEntityOfPage\":{\"@id\":\"https:\/\/www.eenewseurope.com\/fr\/nordic-semiconductor-et-deutsche-telekom-unissent-leurs-forces-pour-une-connectivite-cellulaire-iot-universelle\/\"},\"wordCount\":199,\"publisher\":{\"@id\":\"https:\/\/www.ecinews.fr\/fr\/#organization\"},\"keywords\":[\"IoT\",\"Mobile World Congress\",\"Mobile World Congress 2025\",\"Module c\u00e9llulaire\",\"Partenariat\"],\"articleSection\":[\"Actualit\u00e9 g\u00e9n\u00e9rale\"],\"inLanguage\":\"fr-FR\"},{\"@type\":\"WebPage\",\"@id\":\"https:\/\/www.eenewseurope.com\/fr\/nordic-semiconductor-et-deutsche-telekom-unissent-leurs-forces-pour-une-connectivite-cellulaire-iot-universelle\/\",\"url\":\"https:\/\/www.eenewseurope.com\/fr\/nordic-semiconductor-et-deutsche-telekom-unissent-leurs-forces-pour-une-connectivite-cellulaire-iot-universelle\/\",\"name\":\"Nordic Semiconductor et Deutsche Telekom unissent leurs forces pour une connectivit\u00e9 cellulaire IoT universelle -\",\"isPartOf\":{\"@id\":\"https:\/\/www.ecinews.fr\/fr\/#website\"},\"datePublished\":\"2025-07-28T07:00:55+00:00\",\"dateModified\":\"2025-07-25T16:28:50+00:00\",\"description\":\"Nordic Semiconductor s\u2019associe \u00e0 Deutsche Telekom pour lancer une solution IoT innovante : MECC (Make Everything Cellular Connected)\",\"breadcrumb\":{\"@id\":\"https:\/\/www.eenewseurope.com\/fr\/nordic-semiconductor-et-deutsche-telekom-unissent-leurs-forces-pour-une-connectivite-cellulaire-iot-universelle\/#breadcrumb\"},\"inLanguage\":\"fr-FR\",\"potentialAction\":[{\"@type\":\"ReadAction\",\"target\":[\"https:\/\/www.eenewseurope.com\/fr\/nordic-semiconductor-et-deutsche-telekom-unissent-leurs-forces-pour-une-connectivite-cellulaire-iot-universelle\/\"]}]},{\"@type\":\"BreadcrumbList\",\"@id\":\"https:\/\/www.eenewseurope.com\/fr\/nordic-semiconductor-et-deutsche-telekom-unissent-leurs-forces-pour-une-connectivite-cellulaire-iot-universelle\/#breadcrumb\",\"itemListElement\":[{\"@type\":\"ListItem\",\"position\":1,\"name\":\"Home\",\"item\":\"https:\/\/www.ecinews.fr\/fr\/\"},{\"@type\":\"ListItem\",\"position\":2,\"name\":\"Nordic Semiconductor et Deutsche Telekom unissent leurs forces pour une connectivit\u00e9 cellulaire IoT universelle\"}]},{\"@type\":\"WebSite\",\"@id\":\"https:\/\/www.ecinews.fr\/fr\/#website\",\"url\":\"https:\/\/www.ecinews.fr\/fr\/\",\"name\":\"EENewsEurope\",\"description\":\"Just another WordPress site\",\"publisher\":{\"@id\":\"https:\/\/www.ecinews.fr\/fr\/#organization\"},\"potentialAction\":[{\"@type\":\"SearchAction\",\"target\":{\"@type\":\"EntryPoint\",\"urlTemplate\":\"https:\/\/www.ecinews.fr\/fr\/?s={search_term_string}\"},\"query-input\":\"required name=search_term_string\"}],\"inLanguage\":\"fr-FR\"},{\"@type\":\"Organization\",\"@id\":\"https:\/\/www.ecinews.fr\/fr\/#organization\",\"name\":\"EENewsEurope\",\"url\":\"https:\/\/www.ecinews.fr\/fr\/\",\"logo\":{\"@type\":\"ImageObject\",\"inLanguage\":\"fr-FR\",\"@id\":\"https:\/\/www.ecinews.fr\/fr\/#\/schema\/logo\/image\/\",\"url\":\"https:\/\/www.ecinews.fr\/wp-content\/uploads\/2022\/02\/logo-1.jpg\",\"contentUrl\":\"https:\/\/www.ecinews.fr\/wp-content\/uploads\/2022\/02\/logo-1.jpg\",\"width\":283,\"height\":113,\"caption\":\"EENewsEurope\"},\"image\":{\"@id\":\"https:\/\/www.ecinews.fr\/fr\/#\/schema\/logo\/image\/\"}},{\"@type\":\"Person\",\"@id\":\"https:\/\/www.ecinews.fr\/fr\/#\/schema\/person\/c7104a72b466a801f257e51481de0c43\",\"name\":\"NicolasFeste\",\"image\":{\"@type\":\"ImageObject\",\"inLanguage\":\"fr-FR\",\"@id\":\"https:\/\/www.ecinews.fr\/fr\/#\/schema\/person\/image\/1ea421e7d03c1e96a9ea2bcf2705734a\",\"url\":\"https:\/\/secure.gravatar.com\/avatar\/2e187f4d96902933ba445ed6c760e11c?s=96&d=mm&r=g\",\"contentUrl\":\"https:\/\/secure.gravatar.com\/avatar\/2e187f4d96902933ba445ed6c760e11c?s=96&d=mm&r=g\",\"caption\":\"NicolasFeste\"}}]}<\/script>","yoast_head_json":{"title":"Nordic Semiconductor et Deutsche Telekom unissent leurs forces ...","description":"Nordic Semiconductor s\u2019associe \u00e0 Deutsche Telekom pour lancer une solution IoT innovante : MECC (Make Everything Cellular Connected)","robots":{"index":"index","follow":"follow","max-snippet":"max-snippet:-1","max-image-preview":"max-image-preview:large","max-video-preview":"max-video-preview:-1"},"canonical":"https:\/\/www.ecinews.fr\/fr\/wp-json\/wp\/v2\/posts\/483634\/","og_locale":"fr_FR","og_type":"article","og_title":"Nordic Semiconductor et Deutsche Telekom unissent leurs forces pour une connectivit\u00e9 cellulaire IoT universelle","og_description":"Nordic Semiconductor s\u2019associe \u00e0 Deutsche Telekom pour lancer une solution IoT innovante : MECC (Make Everything Cellular Connected)","og_url":"https:\/\/www.ecinews.fr\/fr\/wp-json\/wp\/v2\/posts\/483634\/","og_site_name":"EENewsEurope","article_published_time":"2025-07-28T07:00:55+00:00","article_modified_time":"2025-07-25T16:28:50+00:00","og_image":[{"width":1080,"height":766,"url":"https:\/\/www.eenewseurope.com\/wp-content\/uploads\/2025\/07\/ECI5055-NORD036fr-Nordic-Semiconductor-collaborates-with-Deutsche-Telekom-to-make-everything-cellular-connected-final-approved-scaled.jpg","type":"image\/jpeg"}],"author":"NicolasFeste","twitter_card":"summary_large_image","twitter_misc":{"Written by":"NicolasFeste","Est. reading time":"1 minute"},"schema":{"@context":"https:\/\/schema.org","@graph":[{"@type":"Article","@id":"https:\/\/www.eenewseurope.com\/fr\/nordic-semiconductor-et-deutsche-telekom-unissent-leurs-forces-pour-une-connectivite-cellulaire-iot-universelle\/#article","isPartOf":{"@id":"https:\/\/www.eenewseurope.com\/fr\/nordic-semiconductor-et-deutsche-telekom-unissent-leurs-forces-pour-une-connectivite-cellulaire-iot-universelle\/"},"author":{"name":"NicolasFeste","@id":"https:\/\/www.ecinews.fr\/fr\/#\/schema\/person\/c7104a72b466a801f257e51481de0c43"},"headline":"Nordic Semiconductor et Deutsche Telekom unissent leurs forces pour une connectivit\u00e9 cellulaire IoT universelle","datePublished":"2025-07-28T07:00:55+00:00","dateModified":"2025-07-25T16:28:50+00:00","mainEntityOfPage":{"@id":"https:\/\/www.eenewseurope.com\/fr\/nordic-semiconductor-et-deutsche-telekom-unissent-leurs-forces-pour-une-connectivite-cellulaire-iot-universelle\/"},"wordCount":199,"publisher":{"@id":"https:\/\/www.ecinews.fr\/fr\/#organization"},"keywords":["IoT","Mobile World Congress","Mobile World Congress 2025","Module c\u00e9llulaire","Partenariat"],"articleSection":["Actualit\u00e9 g\u00e9n\u00e9rale"],"inLanguage":"fr-FR"},{"@type":"WebPage","@id":"https:\/\/www.eenewseurope.com\/fr\/nordic-semiconductor-et-deutsche-telekom-unissent-leurs-forces-pour-une-connectivite-cellulaire-iot-universelle\/","url":"https:\/\/www.eenewseurope.com\/fr\/nordic-semiconductor-et-deutsche-telekom-unissent-leurs-forces-pour-une-connectivite-cellulaire-iot-universelle\/","name":"Nordic Semiconductor et Deutsche Telekom unissent leurs forces pour une connectivit\u00e9 cellulaire IoT universelle -","isPartOf":{"@id":"https:\/\/www.ecinews.fr\/fr\/#website"},"datePublished":"2025-07-28T07:00:55+00:00","dateModified":"2025-07-25T16:28:50+00:00","description":"Nordic Semiconductor s\u2019associe \u00e0 Deutsche Telekom pour lancer une solution IoT innovante : MECC (Make Everything Cellular Connected)","breadcrumb":{"@id":"https:\/\/www.eenewseurope.com\/fr\/nordic-semiconductor-et-deutsche-telekom-unissent-leurs-forces-pour-une-connectivite-cellulaire-iot-universelle\/#breadcrumb"},"inLanguage":"fr-FR","potentialAction":[{"@type":"ReadAction","target":["https:\/\/www.eenewseurope.com\/fr\/nordic-semiconductor-et-deutsche-telekom-unissent-leurs-forces-pour-une-connectivite-cellulaire-iot-universelle\/"]}]},{"@type":"BreadcrumbList","@id":"https:\/\/www.eenewseurope.com\/fr\/nordic-semiconductor-et-deutsche-telekom-unissent-leurs-forces-pour-une-connectivite-cellulaire-iot-universelle\/#breadcrumb","itemListElement":[{"@type":"ListItem","position":1,"name":"Home","item":"https:\/\/www.ecinews.fr\/fr\/"},{"@type":"ListItem","position":2,"name":"Nordic Semiconductor et Deutsche Telekom unissent leurs forces pour une connectivit\u00e9 cellulaire IoT universelle"}]},{"@type":"WebSite","@id":"https:\/\/www.ecinews.fr\/fr\/#website","url":"https:\/\/www.ecinews.fr\/fr\/","name":"EENewsEurope","description":"Just another WordPress site","publisher":{"@id":"https:\/\/www.ecinews.fr\/fr\/#organization"},"potentialAction":[{"@type":"SearchAction","target":{"@type":"EntryPoint","urlTemplate":"https:\/\/www.ecinews.fr\/fr\/?s={search_term_string}"},"query-input":"required name=search_term_string"}],"inLanguage":"fr-FR"},{"@type":"Organization","@id":"https:\/\/www.ecinews.fr\/fr\/#organization","name":"EENewsEurope","url":"https:\/\/www.ecinews.fr\/fr\/","logo":{"@type":"ImageObject","inLanguage":"fr-FR","@id":"https:\/\/www.ecinews.fr\/fr\/#\/schema\/logo\/image\/","url":"https:\/\/www.ecinews.fr\/wp-content\/uploads\/2022\/02\/logo-1.jpg","contentUrl":"https:\/\/www.ecinews.fr\/wp-content\/uploads\/2022\/02\/logo-1.jpg","width":283,"height":113,"caption":"EENewsEurope"},"image":{"@id":"https:\/\/www.ecinews.fr\/fr\/#\/schema\/logo\/image\/"}},{"@type":"Person","@id":"https:\/\/www.ecinews.fr\/fr\/#\/schema\/person\/c7104a72b466a801f257e51481de0c43","name":"NicolasFeste","image":{"@type":"ImageObject","inLanguage":"fr-FR","@id":"https:\/\/www.ecinews.fr\/fr\/#\/schema\/person\/image\/1ea421e7d03c1e96a9ea2bcf2705734a","url":"https:\/\/secure.gravatar.com\/avatar\/2e187f4d96902933ba445ed6c760e11c?s=96&d=mm&r=g","contentUrl":"https:\/\/secure.gravatar.com\/avatar\/2e187f4d96902933ba445ed6c760e11c?s=96&d=mm&r=g","caption":"NicolasFeste"}}]}},"authors":[{"term_id":6113,"user_id":39,"is_guest":0,"slug":"nicolasfeste","display_name":"NicolasFeste","avatar_url":"https:\/\/secure.gravatar.com\/avatar\/2e187f4d96902933ba445ed6c760e11c?s=96&d=mm&r=g","0":null,"1":"","2":"","3":"","4":"","5":"","6":"","7":"","8":""}],"_links":{"self":[{"href":"https:\/\/www.ecinews.fr\/fr\/wp-json\/wp\/v2\/posts\/483634"}],"collection":[{"href":"https:\/\/www.ecinews.fr\/fr\/wp-json\/wp\/v2\/posts"}],"about":[{"href":"https:\/\/www.ecinews.fr\/fr\/wp-json\/wp\/v2\/types\/post"}],"author":[{"embeddable":true,"href":"https:\/\/www.ecinews.fr\/fr\/wp-json\/wp\/v2\/users\/39"}],"replies":[{"embeddable":true,"href":"https:\/\/www.ecinews.fr\/fr\/wp-json\/wp\/v2\/comments?post=483634"}],"version-history":[{"count":0,"href":"https:\/\/www.ecinews.fr\/fr\/wp-json\/wp\/v2\/posts\/483634\/revisions"}],"wp:featuredmedia":[{"embeddable":true,"href":"https:\/\/www.ecinews.fr\/fr\/wp-json\/wp\/v2\/media\/483659"}],"wp:attachment":[{"href":"https:\/\/www.ecinews.fr\/fr\/wp-json\/wp\/v2\/media?parent=483634"}],"wp:term":[{"taxonomy":"category","embeddable":true,"href":"https:\/\/www.ecinews.fr\/fr\/wp-json\/wp\/v2\/categories?post=483634"},{"taxonomy":"post_tag","embeddable":true,"href":"https:\/\/www.ecinews.fr\/fr\/wp-json\/wp\/v2\/tags?post=483634"},{"taxonomy":"domains","embeddable":true,"href":"https:\/\/www.ecinews.fr\/fr\/wp-json\/wp\/v2\/domains?post=483634"},{"taxonomy":"author","embeddable":true,"href":"https:\/\/www.ecinews.fr\/fr\/wp-json\/wp\/v2\/ppma_author?post=483634"}],"curies":[{"name":"wp","href":"https:\/\/api.w.org\/{rel}","templated":true}]}}