{"id":483437,"date":"2025-07-21T09:28:24","date_gmt":"2025-07-21T07:28:24","guid":{"rendered":"https:\/\/www.ecinews.fr\/?p=483437"},"modified":"2025-07-21T09:28:24","modified_gmt":"2025-07-21T07:28:24","slug":"ses-au-luxembourg-acheve-lacquisition-dintelsat-aux-usa","status":"publish","type":"post","link":"https:\/\/www.ecinews.fr\/fr\/ses-au-luxembourg-acheve-lacquisition-dintelsat-aux-usa\/","title":{"rendered":"SES au Luxembourg ach\u00e8ve l&rsquo;acquisition d&rsquo;Intelsat aux USA"},"content":{"rendered":"<h2>SES a finalis\u00e9 l&rsquo;acquisition d&rsquo;Intelsat, une op\u00e9ration \u00e0 forte valeur ajout\u00e9e, cr\u00e9ant ainsi un op\u00e9rateur mondial de satellites renforc\u00e9, dot\u00e9 d&rsquo;une flotte \u00e9largie de 120 satellites sur deux orbites.<\/h2>\n<p>La nouvelle soci\u00e9t\u00e9 combin\u00e9e s&rsquo;appuiera sur ses \u00e9quipes qualifi\u00e9es, dot\u00e9es d&rsquo;une expertise verticale approfondie, pour fournir aux entreprises et aux gouvernements du monde entier des services int\u00e9gr\u00e9s de connectivit\u00e9 et des services satellitaires multibandes en orbite, cr\u00e9ant ainsi un op\u00e9rateur multiorbite plus fort, dont environ 60 % du chiffre d&rsquo;affaires est r\u00e9alis\u00e9 dans des segments \u00e0 forte croissance.<\/p>\n<p>Avec un r\u00e9seau de classe mondiale comprenant environ 90 satellites g\u00e9ostationnaires (GEO), pr\u00e8s de 30 satellites en orbite terrestre moyenne (MEO), un acc\u00e8s strat\u00e9gique aux satellites en orbite terrestre basse (LEO), et un r\u00e9seau terrestre \u00e9tendu, SES peut d\u00e9sormais fournir une connectivit\u00e9 utilisant des bandes de fr\u00e9quences compl\u00e9mentaires, notamment C-, Ku-, Ka-, Military Ka-, X-band, et Ultra Haute Fr\u00e9quence. Les capacit\u00e9s accrues de l&rsquo;entreprise combin\u00e9e lui permettront de fournir des services de qualit\u00e9 sup\u00e9rieure et des solutions sur mesure \u00e0 ses clients. Les actifs et les r\u00e9seaux de la soci\u00e9t\u00e9, une fois enti\u00e8rement int\u00e9gr\u00e9s, placeront SES dans une position concurrentielle forte pour mieux r\u00e9pondre aux besoins \u00e9volutifs de ses clients, notamment les gouvernements, l&rsquo;aviation, le secteur maritime et les m\u00e9dias \u00e0 travers le monde.<\/p>\n<p>\u00ab\u00a0Aujourd&rsquo;hui, nous ne nous contentons pas de fusionner deux entreprises &#8211; nous cr\u00e9ons une entreprise plus forte, tourn\u00e9e vers l&rsquo;avenir \u00ab\u00a0, a d\u00e9clar\u00e9 Adel Al-Saleh, CEO de SES. \u00ab\u00a0Dans ce nouveau chapitre, nous r\u00e9unissons un puissant m\u00e9lange de personnes talentueuses, d&rsquo;infrastructures de r\u00e9seau, de spectre, d&rsquo;innovation et de relations mondiales qui nous permettront de fournir une connectivit\u00e9 par satellite de nouvelle g\u00e9n\u00e9ration et des services spatiaux de mani\u00e8re plus intelligente et plus rapide.\u00a0\u00bb<\/p>\n<p>La transaction \u00e9tablit une base financi\u00e8re plus solide pour SES, avec un chiffre d&rsquo;affaires combin\u00e9 pro forma de 3,7 milliards d&rsquo;euros qui devrait cro\u00eetre \u00e0 un taux de croissance annuel moyen \u00e0 un chiffre (2024-2028E). La soci\u00e9t\u00e9 combin\u00e9e pr\u00e9voit que son EBITDA ajust\u00e9 pro forma de 1,8 milliard d&rsquo;euros augmentera \u00e0 un taux de croissance annuel moyen \u00e0 un chiffre, et pr\u00e9voit de g\u00e9n\u00e9rer plus d&rsquo;un milliard d&rsquo;euros de flux de tr\u00e9sorerie disponible ajust\u00e9 d&rsquo;ici 2027-2028. Ce profil financier plus solide est soutenu par un carnet de commandes combin\u00e9 d\u00e9passant les 8 milliards d&rsquo;euros, ce qui offre une visibilit\u00e9 claire sur les flux de revenus futurs.<\/p>\n<p>SES pr\u00e9voit de maintenir des investissements disciplin\u00e9s dans la croissance future, avec des d\u00e9penses d&rsquo;investissement annuelles de 600 \u00e0 650 millions d&rsquo;euros en moyenne de 2025 \u00e0 2028, \u00e0 l&rsquo;exclusion du programme IRIS2. Cet investissement permettra \u00e0 la soci\u00e9t\u00e9 de renforcer continuellement son r\u00e9seau et d&rsquo;explorer les march\u00e9s de croissance \u00e9mergents, notamment l&rsquo;Internet des objets (IoT), les communications directes entre appareils, le relais de donn\u00e9es intersatellites, la connaissance de la situation dans l&rsquo;espace et la distribution de cl\u00e9s quantiques.<\/p>\n<p>En int\u00e9grant les deux organisations, SES s&rsquo;attend \u00e0 r\u00e9aliser des synergies d&rsquo;une valeur actuelle nette totale de 2,4 milliards d&rsquo;euros, ce qui repr\u00e9sente un taux d&rsquo;ex\u00e9cution annuel d&rsquo;environ 370 millions d&rsquo;euros, 70 % de ces gains d&rsquo;efficacit\u00e9 devant \u00eatre r\u00e9alis\u00e9s dans les trois ans suivant la cl\u00f4ture de la transaction. Ces \u00e9conomies proviendront principalement de la rationalisation des op\u00e9rations, de l&rsquo;optimisation des co\u00fbts de capacit\u00e9 et de l&rsquo;efficacit\u00e9 des achats, ainsi que de l&rsquo;int\u00e9gration strat\u00e9gique des flottes de satellites et des infrastructures au sol.<\/p>\n<p>SES conservera son si\u00e8ge au Luxembourg, tout en maintenant une pr\u00e9sence significative aux Etats-Unis avec son bureau principal nord-am\u00e9ricain \u00e0 McLean, en Virginie.<\/p>\n<p><a href=\"http:\/\/www.ses.com\">www.ses.com<\/a><\/p>\n","protected":false},"excerpt":{"rendered":"<p>L&rsquo;acquisition cr\u00e9e une soci\u00e9t\u00e9 leader dans le domaine des satellites multi-orbites avec un r\u00e9seau de 120 satellites GEO et MEO, ainsi qu&rsquo;un acc\u00e8s \u00e0 des constellations LEO.<\/p>\n","protected":false},"author":40,"featured_media":483359,"comment_status":"closed","ping_status":"closed","sticky":false,"template":"","format":"standard","meta":{"_acf_changed":false,"footnotes":""},"categories":[880],"tags":[9666,9954,5562,8111,9953],"domains":[47],"ppma_author":[3682,6199],"class_list":["post-483437","post","type-post","status-publish","format-standard","has-post-thumbnail","hentry","category-actualites-economiques","tag-geo-fr","tag-intelsat","tag-leo-fr","tag-meo-fr","tag-ses","domains-electronique-eci"],"acf":[],"yoast_head":"<title>SES au Luxembourg ach\u00e8ve l&#039;acquisition d&#039;Intelsat aux USA ...<\/title>\n<meta name=\"description\" content=\"L&#039;acquisition cr\u00e9e une soci\u00e9t\u00e9 leader avec un r\u00e9seau de 120 satellites GEO\/MEO et un acc\u00e8s aux constellations LEO\" \/>\n<meta name=\"robots\" content=\"index, follow, max-snippet:-1, max-image-preview:large, max-video-preview:-1\" \/>\n<link rel=\"canonical\" href=\"https:\/\/www.ecinews.fr\/fr\/wp-json\/wp\/v2\/posts\/483437\/\" \/>\n<meta property=\"og:locale\" content=\"fr_FR\" \/>\n<meta property=\"og:type\" content=\"article\" \/>\n<meta property=\"og:title\" content=\"SES au Luxembourg ach\u00e8ve l&#039;acquisition d&#039;Intelsat aux USA\" \/>\n<meta property=\"og:description\" content=\"L&#039;acquisition cr\u00e9e une soci\u00e9t\u00e9 leader avec un r\u00e9seau de 120 satellites GEO\/MEO et un acc\u00e8s aux constellations LEO\" \/>\n<meta property=\"og:url\" content=\"https:\/\/www.ecinews.fr\/fr\/wp-json\/wp\/v2\/posts\/483437\/\" \/>\n<meta property=\"og:site_name\" content=\"EENewsEurope\" \/>\n<meta property=\"article:published_time\" content=\"2025-07-21T07:28:24+00:00\" \/>\n<meta property=\"og:image\" content=\"https:\/\/www.ecinews.fr\/wp-content\/uploads\/2025\/07\/Satellite-II.jpg\" \/>\n\t<meta property=\"og:image:width\" content=\"640\" \/>\n\t<meta property=\"og:image:height\" content=\"640\" \/>\n\t<meta property=\"og:image:type\" content=\"image\/jpeg\" \/>\n<meta name=\"author\" content=\"Jean-Pierre Joosting, A Delapalisse\" \/>\n<meta name=\"twitter:card\" content=\"summary_large_image\" \/>\n<meta name=\"twitter:label1\" content=\"Written by\" \/>\n\t<meta name=\"twitter:data1\" content=\"A Delapalisse\" \/>\n\t<meta name=\"twitter:label2\" content=\"Est. reading time\" \/>\n\t<meta name=\"twitter:data2\" content=\"3 minutes\" \/>\n<script type=\"application\/ld+json\" class=\"yoast-schema-graph\">{\"@context\":\"https:\/\/schema.org\",\"@graph\":[{\"@type\":\"Article\",\"@id\":\"https:\/\/www.ecinews.fr\/fr\/ses-au-luxembourg-acheve-lacquisition-dintelsat-aux-usa\/#article\",\"isPartOf\":{\"@id\":\"https:\/\/www.ecinews.fr\/fr\/ses-au-luxembourg-acheve-lacquisition-dintelsat-aux-usa\/\"},\"author\":{\"name\":\"A Delapalisse\",\"@id\":\"https:\/\/www.ecinews.fr\/fr\/#\/schema\/person\/4b3db5ba5c953c5fddeb226df86d8635\"},\"headline\":\"SES au Luxembourg ach\u00e8ve l&rsquo;acquisition d&rsquo;Intelsat aux USA\",\"datePublished\":\"2025-07-21T07:28:24+00:00\",\"dateModified\":\"2025-07-21T07:28:24+00:00\",\"mainEntityOfPage\":{\"@id\":\"https:\/\/www.ecinews.fr\/fr\/ses-au-luxembourg-acheve-lacquisition-dintelsat-aux-usa\/\"},\"wordCount\":669,\"publisher\":{\"@id\":\"https:\/\/www.ecinews.fr\/fr\/#organization\"},\"keywords\":[\"GEO\",\"Intelsat\",\"LEO\",\"MEO\",\"SES\"],\"articleSection\":[\"Actualit\u00e9s \u00e9conomiques\"],\"inLanguage\":\"fr-FR\"},{\"@type\":\"WebPage\",\"@id\":\"https:\/\/www.ecinews.fr\/fr\/ses-au-luxembourg-acheve-lacquisition-dintelsat-aux-usa\/\",\"url\":\"https:\/\/www.ecinews.fr\/fr\/ses-au-luxembourg-acheve-lacquisition-dintelsat-aux-usa\/\",\"name\":\"SES au Luxembourg ach\u00e8ve l'acquisition d'Intelsat aux USA\",\"isPartOf\":{\"@id\":\"https:\/\/www.ecinews.fr\/fr\/#website\"},\"datePublished\":\"2025-07-21T07:28:24+00:00\",\"dateModified\":\"2025-07-21T07:28:24+00:00\",\"description\":\"L'acquisition cr\u00e9e une soci\u00e9t\u00e9 leader avec un r\u00e9seau de 120 satellites GEO\/MEO et un acc\u00e8s aux constellations LEO\",\"breadcrumb\":{\"@id\":\"https:\/\/www.ecinews.fr\/fr\/ses-au-luxembourg-acheve-lacquisition-dintelsat-aux-usa\/#breadcrumb\"},\"inLanguage\":\"fr-FR\",\"potentialAction\":[{\"@type\":\"ReadAction\",\"target\":[\"https:\/\/www.ecinews.fr\/fr\/ses-au-luxembourg-acheve-lacquisition-dintelsat-aux-usa\/\"]}]},{\"@type\":\"BreadcrumbList\",\"@id\":\"https:\/\/www.ecinews.fr\/fr\/ses-au-luxembourg-acheve-lacquisition-dintelsat-aux-usa\/#breadcrumb\",\"itemListElement\":[{\"@type\":\"ListItem\",\"position\":1,\"name\":\"Home\",\"item\":\"https:\/\/www.ecinews.fr\/fr\/\"},{\"@type\":\"ListItem\",\"position\":2,\"name\":\"SES au Luxembourg ach\u00e8ve l&rsquo;acquisition d&rsquo;Intelsat aux USA\"}]},{\"@type\":\"WebSite\",\"@id\":\"https:\/\/www.ecinews.fr\/fr\/#website\",\"url\":\"https:\/\/www.ecinews.fr\/fr\/\",\"name\":\"EENewsEurope\",\"description\":\"Just another WordPress site\",\"publisher\":{\"@id\":\"https:\/\/www.ecinews.fr\/fr\/#organization\"},\"potentialAction\":[{\"@type\":\"SearchAction\",\"target\":{\"@type\":\"EntryPoint\",\"urlTemplate\":\"https:\/\/www.ecinews.fr\/fr\/?s={search_term_string}\"},\"query-input\":\"required name=search_term_string\"}],\"inLanguage\":\"fr-FR\"},{\"@type\":\"Organization\",\"@id\":\"https:\/\/www.ecinews.fr\/fr\/#organization\",\"name\":\"EENewsEurope\",\"url\":\"https:\/\/www.ecinews.fr\/fr\/\",\"logo\":{\"@type\":\"ImageObject\",\"inLanguage\":\"fr-FR\",\"@id\":\"https:\/\/www.ecinews.fr\/fr\/#\/schema\/logo\/image\/\",\"url\":\"https:\/\/www.ecinews.fr\/wp-content\/uploads\/2022\/02\/logo-1.jpg\",\"contentUrl\":\"https:\/\/www.ecinews.fr\/wp-content\/uploads\/2022\/02\/logo-1.jpg\",\"width\":283,\"height\":113,\"caption\":\"EENewsEurope\"},\"image\":{\"@id\":\"https:\/\/www.ecinews.fr\/fr\/#\/schema\/logo\/image\/\"}},{\"@type\":\"Person\",\"@id\":\"https:\/\/www.ecinews.fr\/fr\/#\/schema\/person\/4b3db5ba5c953c5fddeb226df86d8635\",\"name\":\"A Delapalisse\",\"image\":{\"@type\":\"ImageObject\",\"inLanguage\":\"fr-FR\",\"@id\":\"https:\/\/www.ecinews.fr\/fr\/#\/schema\/person\/image\/09af0e1236b95ff53924b8dfe5af278e\",\"url\":\"https:\/\/secure.gravatar.com\/avatar\/010f811c0933b47aea7e9204117b17c6?s=96&d=mm&r=g\",\"contentUrl\":\"https:\/\/secure.gravatar.com\/avatar\/010f811c0933b47aea7e9204117b17c6?s=96&d=mm&r=g\",\"caption\":\"A Delapalisse\"}}]}<\/script>","yoast_head_json":{"title":"SES au Luxembourg ach\u00e8ve l'acquisition d'Intelsat aux USA ...","description":"L'acquisition cr\u00e9e une soci\u00e9t\u00e9 leader avec un r\u00e9seau de 120 satellites GEO\/MEO et un acc\u00e8s aux constellations LEO","robots":{"index":"index","follow":"follow","max-snippet":"max-snippet:-1","max-image-preview":"max-image-preview:large","max-video-preview":"max-video-preview:-1"},"canonical":"https:\/\/www.ecinews.fr\/fr\/wp-json\/wp\/v2\/posts\/483437\/","og_locale":"fr_FR","og_type":"article","og_title":"SES au Luxembourg ach\u00e8ve l'acquisition d'Intelsat aux USA","og_description":"L'acquisition cr\u00e9e une soci\u00e9t\u00e9 leader avec un r\u00e9seau de 120 satellites GEO\/MEO et un acc\u00e8s aux constellations LEO","og_url":"https:\/\/www.ecinews.fr\/fr\/wp-json\/wp\/v2\/posts\/483437\/","og_site_name":"EENewsEurope","article_published_time":"2025-07-21T07:28:24+00:00","og_image":[{"width":640,"height":640,"url":"https:\/\/www.ecinews.fr\/wp-content\/uploads\/2025\/07\/Satellite-II.jpg","type":"image\/jpeg"}],"author":"Jean-Pierre Joosting, A Delapalisse","twitter_card":"summary_large_image","twitter_misc":{"Written by":"A Delapalisse","Est. reading time":"3 minutes"},"schema":{"@context":"https:\/\/schema.org","@graph":[{"@type":"Article","@id":"https:\/\/www.ecinews.fr\/fr\/ses-au-luxembourg-acheve-lacquisition-dintelsat-aux-usa\/#article","isPartOf":{"@id":"https:\/\/www.ecinews.fr\/fr\/ses-au-luxembourg-acheve-lacquisition-dintelsat-aux-usa\/"},"author":{"name":"A Delapalisse","@id":"https:\/\/www.ecinews.fr\/fr\/#\/schema\/person\/4b3db5ba5c953c5fddeb226df86d8635"},"headline":"SES au Luxembourg ach\u00e8ve l&rsquo;acquisition d&rsquo;Intelsat aux USA","datePublished":"2025-07-21T07:28:24+00:00","dateModified":"2025-07-21T07:28:24+00:00","mainEntityOfPage":{"@id":"https:\/\/www.ecinews.fr\/fr\/ses-au-luxembourg-acheve-lacquisition-dintelsat-aux-usa\/"},"wordCount":669,"publisher":{"@id":"https:\/\/www.ecinews.fr\/fr\/#organization"},"keywords":["GEO","Intelsat","LEO","MEO","SES"],"articleSection":["Actualit\u00e9s \u00e9conomiques"],"inLanguage":"fr-FR"},{"@type":"WebPage","@id":"https:\/\/www.ecinews.fr\/fr\/ses-au-luxembourg-acheve-lacquisition-dintelsat-aux-usa\/","url":"https:\/\/www.ecinews.fr\/fr\/ses-au-luxembourg-acheve-lacquisition-dintelsat-aux-usa\/","name":"SES au Luxembourg ach\u00e8ve l'acquisition d'Intelsat aux USA","isPartOf":{"@id":"https:\/\/www.ecinews.fr\/fr\/#website"},"datePublished":"2025-07-21T07:28:24+00:00","dateModified":"2025-07-21T07:28:24+00:00","description":"L'acquisition cr\u00e9e une soci\u00e9t\u00e9 leader avec un r\u00e9seau de 120 satellites GEO\/MEO et un acc\u00e8s aux constellations LEO","breadcrumb":{"@id":"https:\/\/www.ecinews.fr\/fr\/ses-au-luxembourg-acheve-lacquisition-dintelsat-aux-usa\/#breadcrumb"},"inLanguage":"fr-FR","potentialAction":[{"@type":"ReadAction","target":["https:\/\/www.ecinews.fr\/fr\/ses-au-luxembourg-acheve-lacquisition-dintelsat-aux-usa\/"]}]},{"@type":"BreadcrumbList","@id":"https:\/\/www.ecinews.fr\/fr\/ses-au-luxembourg-acheve-lacquisition-dintelsat-aux-usa\/#breadcrumb","itemListElement":[{"@type":"ListItem","position":1,"name":"Home","item":"https:\/\/www.ecinews.fr\/fr\/"},{"@type":"ListItem","position":2,"name":"SES au Luxembourg ach\u00e8ve l&rsquo;acquisition d&rsquo;Intelsat aux USA"}]},{"@type":"WebSite","@id":"https:\/\/www.ecinews.fr\/fr\/#website","url":"https:\/\/www.ecinews.fr\/fr\/","name":"EENewsEurope","description":"Just another WordPress site","publisher":{"@id":"https:\/\/www.ecinews.fr\/fr\/#organization"},"potentialAction":[{"@type":"SearchAction","target":{"@type":"EntryPoint","urlTemplate":"https:\/\/www.ecinews.fr\/fr\/?s={search_term_string}"},"query-input":"required name=search_term_string"}],"inLanguage":"fr-FR"},{"@type":"Organization","@id":"https:\/\/www.ecinews.fr\/fr\/#organization","name":"EENewsEurope","url":"https:\/\/www.ecinews.fr\/fr\/","logo":{"@type":"ImageObject","inLanguage":"fr-FR","@id":"https:\/\/www.ecinews.fr\/fr\/#\/schema\/logo\/image\/","url":"https:\/\/www.ecinews.fr\/wp-content\/uploads\/2022\/02\/logo-1.jpg","contentUrl":"https:\/\/www.ecinews.fr\/wp-content\/uploads\/2022\/02\/logo-1.jpg","width":283,"height":113,"caption":"EENewsEurope"},"image":{"@id":"https:\/\/www.ecinews.fr\/fr\/#\/schema\/logo\/image\/"}},{"@type":"Person","@id":"https:\/\/www.ecinews.fr\/fr\/#\/schema\/person\/4b3db5ba5c953c5fddeb226df86d8635","name":"A Delapalisse","image":{"@type":"ImageObject","inLanguage":"fr-FR","@id":"https:\/\/www.ecinews.fr\/fr\/#\/schema\/person\/image\/09af0e1236b95ff53924b8dfe5af278e","url":"https:\/\/secure.gravatar.com\/avatar\/010f811c0933b47aea7e9204117b17c6?s=96&d=mm&r=g","contentUrl":"https:\/\/secure.gravatar.com\/avatar\/010f811c0933b47aea7e9204117b17c6?s=96&d=mm&r=g","caption":"A Delapalisse"}}]}},"authors":[{"term_id":3682,"user_id":0,"is_guest":1,"slug":"jean-pierre-joosting","display_name":"Jean-Pierre Joosting","avatar_url":"https:\/\/secure.gravatar.com\/avatar\/?s=96&d=mm&r=g","0":null,"1":"","2":"","3":"","4":"","5":"","6":"","7":"","8":""},{"term_id":6199,"user_id":40,"is_guest":0,"slug":"andre-rousselotemisys-com","display_name":"A Delapalisse","avatar_url":"https:\/\/secure.gravatar.com\/avatar\/010f811c0933b47aea7e9204117b17c6?s=96&d=mm&r=g","0":null,"1":"","2":"","3":"","4":"","5":"","6":"","7":"","8":""}],"_links":{"self":[{"href":"https:\/\/www.ecinews.fr\/fr\/wp-json\/wp\/v2\/posts\/483437"}],"collection":[{"href":"https:\/\/www.ecinews.fr\/fr\/wp-json\/wp\/v2\/posts"}],"about":[{"href":"https:\/\/www.ecinews.fr\/fr\/wp-json\/wp\/v2\/types\/post"}],"author":[{"embeddable":true,"href":"https:\/\/www.ecinews.fr\/fr\/wp-json\/wp\/v2\/users\/40"}],"replies":[{"embeddable":true,"href":"https:\/\/www.ecinews.fr\/fr\/wp-json\/wp\/v2\/comments?post=483437"}],"version-history":[{"count":0,"href":"https:\/\/www.ecinews.fr\/fr\/wp-json\/wp\/v2\/posts\/483437\/revisions"}],"wp:featuredmedia":[{"embeddable":true,"href":"https:\/\/www.ecinews.fr\/fr\/wp-json\/wp\/v2\/media\/483359"}],"wp:attachment":[{"href":"https:\/\/www.ecinews.fr\/fr\/wp-json\/wp\/v2\/media?parent=483437"}],"wp:term":[{"taxonomy":"category","embeddable":true,"href":"https:\/\/www.ecinews.fr\/fr\/wp-json\/wp\/v2\/categories?post=483437"},{"taxonomy":"post_tag","embeddable":true,"href":"https:\/\/www.ecinews.fr\/fr\/wp-json\/wp\/v2\/tags?post=483437"},{"taxonomy":"domains","embeddable":true,"href":"https:\/\/www.ecinews.fr\/fr\/wp-json\/wp\/v2\/domains?post=483437"},{"taxonomy":"author","embeddable":true,"href":"https:\/\/www.ecinews.fr\/fr\/wp-json\/wp\/v2\/ppma_author?post=483437"}],"curies":[{"name":"wp","href":"https:\/\/api.w.org\/{rel}","templated":true}]}}