{"id":483407,"date":"2025-07-21T09:00:34","date_gmt":"2025-07-21T07:00:34","guid":{"rendered":"https:\/\/www.ecinews.fr\/?p=483407"},"modified":"2025-07-18T18:54:13","modified_gmt":"2025-07-18T16:54:13","slug":"advantech-propulse-ledge-ai-avec-les-nouveaux-processeurs-amd-ryzen-embedded-8000","status":"publish","type":"post","link":"https:\/\/www.ecinews.fr\/fr\/advantech-propulse-ledge-ai-avec-les-nouveaux-processeurs-amd-ryzen-embedded-8000\/","title":{"rendered":"Advantech propulse l\u2019Edge AI avec les nouveaux processeurs AMD Ryzen Embedded 8000"},"content":{"rendered":"<h3>Advantech, pionnier mondial de l\u2019IoT embarqu\u00e9, d\u00e9voile une nouvelle g\u00e9n\u00e9ration de solutions Edge AI int\u00e9grant les puissants processeurs AMD Ryzen Embedded s\u00e9rie 8000. Ces processeurs sont les premiers d\u2019AMD \u00e0 embarquer des unit\u00e9s de traitement neuronal (NPU), optimis\u00e9es pour l\u2019inf\u00e9rence IA, et capables d\u2019atteindre jusqu\u2019\u00e0 39 TOPS de performance.<\/h3>\n<p>Les nouvelles plateformes \u2014 SOM-6873 (COM Express Compact), AIMB-2210 (Mini-ITX) et AIR-410 (syst\u00e8me d\u2019inf\u00e9rence IA) \u2014 combinent CPU, GPU et NPU pour offrir une puissance de calcul exceptionnelle, tout en prenant en charge la m\u00e9moire DDR5, le PCIe Gen4, et des TDP flexibles allant de 15 \u00e0 54 W.<\/p>\n<p>Ces solutions sont id\u00e9ales pour des applications exigeantes telles que la machine vision, les interfaces homme-machine, les syst\u00e8mes m\u00e9dicaux ou encore les services interactifs urbains. Gr\u00e2ce \u00e0 des outils comme Advantech Edge AI SDK, DeviceOn et iManager, le d\u00e9ploiement de l\u2019IA en p\u00e9riph\u00e9rie devient plus rapide, plus simple et plus fiable.<\/p>\n<h4>Principales caract\u00e9ristiques<\/h4>\n<table>\n<tbody>\n<tr>\n<td width=\"301\">\n<p>SOM-6873<\/p>\n<ul>\n<li>Processeurs AMD Ryzen Embedded s\u00e9rie\u00a08000, jusqu&rsquo;\u00e0 8\u00a0c\u0153urs, TDP de 35 \u00e0 45\u00a0W, avec NPU int\u00e9gr\u00e9e 16\u00a0TOPS (39\u00a0TOPS pour le SoC total)<\/li>\n<li>Jusqu&rsquo;\u00e0 96\u00a0Go de DDR5-5600 \u00e0 double canal SO-DIMM<\/li>\n<li>Affichage quadruple ind\u00e9pendant avec LVDS\/eDP, HDMI ou ports Display<\/li>\n<li>Prise en charge de l&rsquo;extension\u00a0: jusqu&rsquo;\u00e0 20\u00a0voies PCIe Gen4, 4\u00a0x SATA\u00a03.0, 2\u00a0x LAN 2.5GE, 4\u00a0x USB\u00a03.2 Gen2, 8\u00a0x USB\u00a02.0<\/li>\n<\/ul>\n<p>&nbsp;<\/p>\n<\/td>\n<td width=\"301\"><img decoding=\"async\" data-src=\"https:\/\/www.ecinews.fr\/wp-content\/uploads\/2025\/07\/ECI5058-ADV601A-AMD-Ryzen\u2122-Embedded-8000-Series_FRA-3.png\" src=\"data:image\/svg+xml;base64,PHN2ZyB3aWR0aD0iMSIgaGVpZ2h0PSIxIiB4bWxucz0iaHR0cDovL3d3dy53My5vcmcvMjAwMC9zdmciPjwvc3ZnPg==\" class=\"lazyload\" style=\"--smush-placeholder-width: 553px; --smush-placeholder-aspect-ratio: 553\/368;\" \/>\u00a0<\/td>\n<\/tr>\n<tr>\n<td width=\"301\">\n<p>AIMB-2210<\/p>\n<ul>\n<li>Processeurs AMD Ryzen Embedded s\u00e9rie\u00a08000, jusqu&rsquo;\u00e0 8\u00a0c\u0153urs, TDP de 35 \u00e0 45\u00a0W, avec NPU int\u00e9gr\u00e9e 16 TOPS (39 TOPS pour le SoC total)\u00a0<\/li>\n<li>Jusqu&rsquo;\u00e0 96\u00a0Go de DDR4 3\u00a0200\u00a0MHz UDIMM<\/li>\n<li>Carte graphique AMD Radeon RDNA3, jusqu&rsquo;\u00e0 12\u00a0CU et prise en charge de l&rsquo;affichage Quad 4K<\/li>\n<li>Ports et extensions\u00a0:<\/li>\n<\/ul>\n<p>PCIe x8 Gen4, 3\u00a0emplacements d&rsquo;extension M.2, 6\u00a0x COM, 4\u00a0x USB\u00a03.2 Gen2x1, 4\u00a0x USB\u00a02.0<\/p>\n<p>&nbsp;<\/p>\n<\/td>\n<td width=\"301\"><img decoding=\"async\" data-src=\"https:\/\/www.ecinews.fr\/wp-content\/uploads\/2025\/07\/ECI5058-ADV601A-AMD-Ryzen\u2122-Embedded-8000-Series_FRA-1.png\" src=\"data:image\/svg+xml;base64,PHN2ZyB3aWR0aD0iMSIgaGVpZ2h0PSIxIiB4bWxucz0iaHR0cDovL3d3dy53My5vcmcvMjAwMC9zdmciPjwvc3ZnPg==\" class=\"lazyload\" style=\"--smush-placeholder-width: 497px; --smush-placeholder-aspect-ratio: 497\/331;\" \/>\u00a0<\/td>\n<\/tr>\n<tr>\n<td width=\"301\">\n<p>AIR-410<\/p>\n<ul>\n<li>Extension de GPU PCIe Gen\u00a04\u00a0x\u00a016 compatible avec RTX-6000 Ada.\u00a0<\/li>\n<li>AMD Ryzen 8845HS\/8640U jusqu&rsquo;\u00e0 54\u00a0W offrant une capacit\u00e9 d&rsquo;IA de 39\u00a0TOPS<\/li>\n<li>Bloc d&rsquo;alimentation int\u00e9gr\u00e9 de 850\u00a0W pour la consommation d&rsquo;\u00e9nergie de l&rsquo;ensemble du syst\u00e8me d&rsquo;IA<\/li>\n<li>Kit d&rsquo;outils IA Edge AI SDK pris en charge pour l&rsquo;\u00e9valuation de l&rsquo;IA\u00a0<\/li>\n<\/ul>\n<p>&nbsp;<\/p>\n<\/td>\n<td width=\"301\"><img decoding=\"async\" data-src=\"https:\/\/www.ecinews.fr\/wp-content\/uploads\/2025\/07\/ECI5058-ADV601A-AMD-Ryzen\u2122-Embedded-8000-Series_FRA-2.png\" src=\"data:image\/svg+xml;base64,PHN2ZyB3aWR0aD0iMSIgaGVpZ2h0PSIxIiB4bWxucz0iaHR0cDovL3d3dy53My5vcmcvMjAwMC9zdmciPjwvc3ZnPg==\" class=\"lazyload\" style=\"--smush-placeholder-width: 227px; --smush-placeholder-aspect-ratio: 227\/177;\" \/>\u00a0<\/td>\n<\/tr>\n<\/tbody>\n<\/table>\n<p><a href=\"https:\/\/www.advantech.com\/\">Advantech<\/a><\/p>\n","protected":false},"excerpt":{"rendered":"<p>Advantech, pionnier mondial de l\u2019IoT embarqu\u00e9, d\u00e9voile une nouvelle g\u00e9n\u00e9ration de solutions Edge AI int\u00e9grant les puissants processeurs AMD Ryzen Embedded s\u00e9rie 8000. Ces processeurs sont les premiers d\u2019AMD \u00e0 embarquer des unit\u00e9s de traitement neuronal (NPU), optimis\u00e9es pour l\u2019inf\u00e9rence IA, et capables d\u2019atteindre jusqu\u2019\u00e0 39 TOPS de performance. Les nouvelles plateformes \u2014 SOM-6873 (COM [&hellip;]<\/p>\n","protected":false},"author":39,"featured_media":483410,"comment_status":"closed","ping_status":"closed","sticky":false,"template":"","format":"standard","meta":{"_acf_changed":false,"footnotes":""},"categories":[881],"tags":[4223,4756,8667,6449],"domains":[47],"ppma_author":[6113],"class_list":["post-483407","post","type-post","status-publish","format-standard","has-post-thumbnail","hentry","category-nouveaux-produits","tag-edge-ai-fr","tag-som-fr","tag-systeme-dinference-ai","tag-systeme-sur-module","domains-electronique-eci"],"acf":[],"yoast_head":"<title>Advantech propulse l\u2019Edge AI avec les nouveaux processeurs AM...<\/title>\n<meta name=\"description\" content=\"Advantech, pionnier mondial de l\u2019IoT embarqu\u00e9, d\u00e9voile une nouvelle g\u00e9n\u00e9ration de solutions Edge AI int\u00e9grant les puissants processeurs AMD Ryzen...\" \/>\n<meta name=\"robots\" content=\"index, follow, max-snippet:-1, max-image-preview:large, max-video-preview:-1\" \/>\n<link rel=\"canonical\" href=\"https:\/\/www.ecinews.fr\/fr\/wp-json\/wp\/v2\/posts\/483407\/\" \/>\n<meta property=\"og:locale\" content=\"fr_FR\" \/>\n<meta property=\"og:type\" content=\"article\" \/>\n<meta property=\"og:title\" content=\"Advantech propulse l\u2019Edge AI avec les nouveaux processeurs AMD Ryzen Embedded 8000\" \/>\n<meta property=\"og:description\" content=\"Advantech, pionnier mondial de l\u2019IoT embarqu\u00e9, d\u00e9voile une nouvelle g\u00e9n\u00e9ration de solutions Edge AI int\u00e9grant les puissants processeurs AMD Ryzen Embedded s\u00e9rie 8000\" \/>\n<meta property=\"og:url\" content=\"https:\/\/www.ecinews.fr\/fr\/wp-json\/wp\/v2\/posts\/483407\/\" \/>\n<meta property=\"og:site_name\" content=\"EENewsEurope\" \/>\n<meta property=\"article:published_time\" content=\"2025-07-21T07:00:34+00:00\" \/>\n<meta property=\"article:modified_time\" content=\"2025-07-18T16:54:13+00:00\" \/>\n<meta property=\"og:image\" content=\"https:\/\/www.eenewseurope.com\/wp-content\/uploads\/2025\/07\/ECI5058-ADV601A-AMD-Ryzen\u2122-Embedded-8000-Series_FRA-scaled.jpg\" \/>\n\t<meta property=\"og:image:width\" content=\"1080\" \/>\n\t<meta property=\"og:image:height\" content=\"606\" \/>\n\t<meta property=\"og:image:type\" content=\"image\/jpeg\" \/>\n<meta name=\"author\" content=\"NicolasFeste\" \/>\n<meta name=\"twitter:card\" content=\"summary_large_image\" \/>\n<meta name=\"twitter:label1\" content=\"Written by\" \/>\n\t<meta name=\"twitter:data1\" content=\"NicolasFeste\" \/>\n\t<meta name=\"twitter:label2\" content=\"Est. reading time\" \/>\n\t<meta name=\"twitter:data2\" content=\"3 minutes\" \/>\n<script type=\"application\/ld+json\" class=\"yoast-schema-graph\">{\"@context\":\"https:\/\/schema.org\",\"@graph\":[{\"@type\":\"Article\",\"@id\":\"https:\/\/www.eenewseurope.com\/fr\/advantech-propulse-ledge-ai-avec-les-nouveaux-processeurs-amd-ryzen-embedded-8000\/#article\",\"isPartOf\":{\"@id\":\"https:\/\/www.eenewseurope.com\/fr\/advantech-propulse-ledge-ai-avec-les-nouveaux-processeurs-amd-ryzen-embedded-8000\/\"},\"author\":{\"name\":\"NicolasFeste\",\"@id\":\"https:\/\/www.ecinews.fr\/fr\/#\/schema\/person\/c7104a72b466a801f257e51481de0c43\"},\"headline\":\"Advantech propulse l\u2019Edge AI avec les nouveaux processeurs AMD Ryzen Embedded 8000\",\"datePublished\":\"2025-07-21T07:00:34+00:00\",\"dateModified\":\"2025-07-18T16:54:13+00:00\",\"mainEntityOfPage\":{\"@id\":\"https:\/\/www.eenewseurope.com\/fr\/advantech-propulse-ledge-ai-avec-les-nouveaux-processeurs-amd-ryzen-embedded-8000\/\"},\"wordCount\":370,\"publisher\":{\"@id\":\"https:\/\/www.ecinews.fr\/fr\/#organization\"},\"keywords\":[\"Edge AI\",\"SoM\",\"Syst\u00e8me d'inf\u00e9rence AI\",\"Syst\u00e8me sur module\"],\"articleSection\":[\"Nouveaux produits\"],\"inLanguage\":\"fr-FR\"},{\"@type\":\"WebPage\",\"@id\":\"https:\/\/www.eenewseurope.com\/fr\/advantech-propulse-ledge-ai-avec-les-nouveaux-processeurs-amd-ryzen-embedded-8000\/\",\"url\":\"https:\/\/www.eenewseurope.com\/fr\/advantech-propulse-ledge-ai-avec-les-nouveaux-processeurs-amd-ryzen-embedded-8000\/\",\"name\":\"Advantech propulse l\u2019Edge AI avec les nouveaux processeurs AMD Ryzen Embedded 8000 -\",\"isPartOf\":{\"@id\":\"https:\/\/www.ecinews.fr\/fr\/#website\"},\"datePublished\":\"2025-07-21T07:00:34+00:00\",\"dateModified\":\"2025-07-18T16:54:13+00:00\",\"description\":\"Advantech, pionnier mondial de l\u2019IoT embarqu\u00e9, d\u00e9voile une nouvelle g\u00e9n\u00e9ration de solutions Edge AI int\u00e9grant les puissants processeurs AMD Ryzen Embedded s\u00e9rie 8000\",\"breadcrumb\":{\"@id\":\"https:\/\/www.eenewseurope.com\/fr\/advantech-propulse-ledge-ai-avec-les-nouveaux-processeurs-amd-ryzen-embedded-8000\/#breadcrumb\"},\"inLanguage\":\"fr-FR\",\"potentialAction\":[{\"@type\":\"ReadAction\",\"target\":[\"https:\/\/www.eenewseurope.com\/fr\/advantech-propulse-ledge-ai-avec-les-nouveaux-processeurs-amd-ryzen-embedded-8000\/\"]}]},{\"@type\":\"BreadcrumbList\",\"@id\":\"https:\/\/www.eenewseurope.com\/fr\/advantech-propulse-ledge-ai-avec-les-nouveaux-processeurs-amd-ryzen-embedded-8000\/#breadcrumb\",\"itemListElement\":[{\"@type\":\"ListItem\",\"position\":1,\"name\":\"Home\",\"item\":\"https:\/\/www.ecinews.fr\/fr\/\"},{\"@type\":\"ListItem\",\"position\":2,\"name\":\"Advantech propulse l\u2019Edge AI avec les nouveaux processeurs AMD Ryzen Embedded 8000\"}]},{\"@type\":\"WebSite\",\"@id\":\"https:\/\/www.ecinews.fr\/fr\/#website\",\"url\":\"https:\/\/www.ecinews.fr\/fr\/\",\"name\":\"EENewsEurope\",\"description\":\"Just another WordPress site\",\"publisher\":{\"@id\":\"https:\/\/www.ecinews.fr\/fr\/#organization\"},\"potentialAction\":[{\"@type\":\"SearchAction\",\"target\":{\"@type\":\"EntryPoint\",\"urlTemplate\":\"https:\/\/www.ecinews.fr\/fr\/?s={search_term_string}\"},\"query-input\":\"required name=search_term_string\"}],\"inLanguage\":\"fr-FR\"},{\"@type\":\"Organization\",\"@id\":\"https:\/\/www.ecinews.fr\/fr\/#organization\",\"name\":\"EENewsEurope\",\"url\":\"https:\/\/www.ecinews.fr\/fr\/\",\"logo\":{\"@type\":\"ImageObject\",\"inLanguage\":\"fr-FR\",\"@id\":\"https:\/\/www.ecinews.fr\/fr\/#\/schema\/logo\/image\/\",\"url\":\"https:\/\/www.ecinews.fr\/wp-content\/uploads\/2022\/02\/logo-1.jpg\",\"contentUrl\":\"https:\/\/www.ecinews.fr\/wp-content\/uploads\/2022\/02\/logo-1.jpg\",\"width\":283,\"height\":113,\"caption\":\"EENewsEurope\"},\"image\":{\"@id\":\"https:\/\/www.ecinews.fr\/fr\/#\/schema\/logo\/image\/\"}},{\"@type\":\"Person\",\"@id\":\"https:\/\/www.ecinews.fr\/fr\/#\/schema\/person\/c7104a72b466a801f257e51481de0c43\",\"name\":\"NicolasFeste\",\"image\":{\"@type\":\"ImageObject\",\"inLanguage\":\"fr-FR\",\"@id\":\"https:\/\/www.ecinews.fr\/fr\/#\/schema\/person\/image\/1ea421e7d03c1e96a9ea2bcf2705734a\",\"url\":\"https:\/\/secure.gravatar.com\/avatar\/2e187f4d96902933ba445ed6c760e11c?s=96&d=mm&r=g\",\"contentUrl\":\"https:\/\/secure.gravatar.com\/avatar\/2e187f4d96902933ba445ed6c760e11c?s=96&d=mm&r=g\",\"caption\":\"NicolasFeste\"}}]}<\/script>","yoast_head_json":{"title":"Advantech propulse l\u2019Edge AI avec les nouveaux processeurs AM...","description":"Advantech, pionnier mondial de l\u2019IoT embarqu\u00e9, d\u00e9voile une nouvelle g\u00e9n\u00e9ration de solutions Edge AI int\u00e9grant les puissants processeurs AMD Ryzen...","robots":{"index":"index","follow":"follow","max-snippet":"max-snippet:-1","max-image-preview":"max-image-preview:large","max-video-preview":"max-video-preview:-1"},"canonical":"https:\/\/www.ecinews.fr\/fr\/wp-json\/wp\/v2\/posts\/483407\/","og_locale":"fr_FR","og_type":"article","og_title":"Advantech propulse l\u2019Edge AI avec les nouveaux processeurs AMD Ryzen Embedded 8000","og_description":"Advantech, pionnier mondial de l\u2019IoT embarqu\u00e9, d\u00e9voile une nouvelle g\u00e9n\u00e9ration de solutions Edge AI int\u00e9grant les puissants processeurs AMD Ryzen Embedded s\u00e9rie 8000","og_url":"https:\/\/www.ecinews.fr\/fr\/wp-json\/wp\/v2\/posts\/483407\/","og_site_name":"EENewsEurope","article_published_time":"2025-07-21T07:00:34+00:00","article_modified_time":"2025-07-18T16:54:13+00:00","og_image":[{"width":1080,"height":606,"url":"https:\/\/www.eenewseurope.com\/wp-content\/uploads\/2025\/07\/ECI5058-ADV601A-AMD-Ryzen\u2122-Embedded-8000-Series_FRA-scaled.jpg","type":"image\/jpeg"}],"author":"NicolasFeste","twitter_card":"summary_large_image","twitter_misc":{"Written by":"NicolasFeste","Est. reading time":"3 minutes"},"schema":{"@context":"https:\/\/schema.org","@graph":[{"@type":"Article","@id":"https:\/\/www.eenewseurope.com\/fr\/advantech-propulse-ledge-ai-avec-les-nouveaux-processeurs-amd-ryzen-embedded-8000\/#article","isPartOf":{"@id":"https:\/\/www.eenewseurope.com\/fr\/advantech-propulse-ledge-ai-avec-les-nouveaux-processeurs-amd-ryzen-embedded-8000\/"},"author":{"name":"NicolasFeste","@id":"https:\/\/www.ecinews.fr\/fr\/#\/schema\/person\/c7104a72b466a801f257e51481de0c43"},"headline":"Advantech propulse l\u2019Edge AI avec les nouveaux processeurs AMD Ryzen Embedded 8000","datePublished":"2025-07-21T07:00:34+00:00","dateModified":"2025-07-18T16:54:13+00:00","mainEntityOfPage":{"@id":"https:\/\/www.eenewseurope.com\/fr\/advantech-propulse-ledge-ai-avec-les-nouveaux-processeurs-amd-ryzen-embedded-8000\/"},"wordCount":370,"publisher":{"@id":"https:\/\/www.ecinews.fr\/fr\/#organization"},"keywords":["Edge AI","SoM","Syst\u00e8me d'inf\u00e9rence AI","Syst\u00e8me sur module"],"articleSection":["Nouveaux produits"],"inLanguage":"fr-FR"},{"@type":"WebPage","@id":"https:\/\/www.eenewseurope.com\/fr\/advantech-propulse-ledge-ai-avec-les-nouveaux-processeurs-amd-ryzen-embedded-8000\/","url":"https:\/\/www.eenewseurope.com\/fr\/advantech-propulse-ledge-ai-avec-les-nouveaux-processeurs-amd-ryzen-embedded-8000\/","name":"Advantech propulse l\u2019Edge AI avec les nouveaux processeurs AMD Ryzen Embedded 8000 -","isPartOf":{"@id":"https:\/\/www.ecinews.fr\/fr\/#website"},"datePublished":"2025-07-21T07:00:34+00:00","dateModified":"2025-07-18T16:54:13+00:00","description":"Advantech, pionnier mondial de l\u2019IoT embarqu\u00e9, d\u00e9voile une nouvelle g\u00e9n\u00e9ration de solutions Edge AI int\u00e9grant les puissants processeurs AMD Ryzen Embedded s\u00e9rie 8000","breadcrumb":{"@id":"https:\/\/www.eenewseurope.com\/fr\/advantech-propulse-ledge-ai-avec-les-nouveaux-processeurs-amd-ryzen-embedded-8000\/#breadcrumb"},"inLanguage":"fr-FR","potentialAction":[{"@type":"ReadAction","target":["https:\/\/www.eenewseurope.com\/fr\/advantech-propulse-ledge-ai-avec-les-nouveaux-processeurs-amd-ryzen-embedded-8000\/"]}]},{"@type":"BreadcrumbList","@id":"https:\/\/www.eenewseurope.com\/fr\/advantech-propulse-ledge-ai-avec-les-nouveaux-processeurs-amd-ryzen-embedded-8000\/#breadcrumb","itemListElement":[{"@type":"ListItem","position":1,"name":"Home","item":"https:\/\/www.ecinews.fr\/fr\/"},{"@type":"ListItem","position":2,"name":"Advantech propulse l\u2019Edge AI avec les nouveaux processeurs AMD Ryzen Embedded 8000"}]},{"@type":"WebSite","@id":"https:\/\/www.ecinews.fr\/fr\/#website","url":"https:\/\/www.ecinews.fr\/fr\/","name":"EENewsEurope","description":"Just another WordPress site","publisher":{"@id":"https:\/\/www.ecinews.fr\/fr\/#organization"},"potentialAction":[{"@type":"SearchAction","target":{"@type":"EntryPoint","urlTemplate":"https:\/\/www.ecinews.fr\/fr\/?s={search_term_string}"},"query-input":"required name=search_term_string"}],"inLanguage":"fr-FR"},{"@type":"Organization","@id":"https:\/\/www.ecinews.fr\/fr\/#organization","name":"EENewsEurope","url":"https:\/\/www.ecinews.fr\/fr\/","logo":{"@type":"ImageObject","inLanguage":"fr-FR","@id":"https:\/\/www.ecinews.fr\/fr\/#\/schema\/logo\/image\/","url":"https:\/\/www.ecinews.fr\/wp-content\/uploads\/2022\/02\/logo-1.jpg","contentUrl":"https:\/\/www.ecinews.fr\/wp-content\/uploads\/2022\/02\/logo-1.jpg","width":283,"height":113,"caption":"EENewsEurope"},"image":{"@id":"https:\/\/www.ecinews.fr\/fr\/#\/schema\/logo\/image\/"}},{"@type":"Person","@id":"https:\/\/www.ecinews.fr\/fr\/#\/schema\/person\/c7104a72b466a801f257e51481de0c43","name":"NicolasFeste","image":{"@type":"ImageObject","inLanguage":"fr-FR","@id":"https:\/\/www.ecinews.fr\/fr\/#\/schema\/person\/image\/1ea421e7d03c1e96a9ea2bcf2705734a","url":"https:\/\/secure.gravatar.com\/avatar\/2e187f4d96902933ba445ed6c760e11c?s=96&d=mm&r=g","contentUrl":"https:\/\/secure.gravatar.com\/avatar\/2e187f4d96902933ba445ed6c760e11c?s=96&d=mm&r=g","caption":"NicolasFeste"}}]}},"authors":[{"term_id":6113,"user_id":39,"is_guest":0,"slug":"nicolasfeste","display_name":"NicolasFeste","avatar_url":"https:\/\/secure.gravatar.com\/avatar\/2e187f4d96902933ba445ed6c760e11c?s=96&d=mm&r=g","0":null,"1":"","2":"","3":"","4":"","5":"","6":"","7":"","8":""}],"_links":{"self":[{"href":"https:\/\/www.ecinews.fr\/fr\/wp-json\/wp\/v2\/posts\/483407"}],"collection":[{"href":"https:\/\/www.ecinews.fr\/fr\/wp-json\/wp\/v2\/posts"}],"about":[{"href":"https:\/\/www.ecinews.fr\/fr\/wp-json\/wp\/v2\/types\/post"}],"author":[{"embeddable":true,"href":"https:\/\/www.ecinews.fr\/fr\/wp-json\/wp\/v2\/users\/39"}],"replies":[{"embeddable":true,"href":"https:\/\/www.ecinews.fr\/fr\/wp-json\/wp\/v2\/comments?post=483407"}],"version-history":[{"count":0,"href":"https:\/\/www.ecinews.fr\/fr\/wp-json\/wp\/v2\/posts\/483407\/revisions"}],"wp:featuredmedia":[{"embeddable":true,"href":"https:\/\/www.ecinews.fr\/fr\/wp-json\/wp\/v2\/media\/483410"}],"wp:attachment":[{"href":"https:\/\/www.ecinews.fr\/fr\/wp-json\/wp\/v2\/media?parent=483407"}],"wp:term":[{"taxonomy":"category","embeddable":true,"href":"https:\/\/www.ecinews.fr\/fr\/wp-json\/wp\/v2\/categories?post=483407"},{"taxonomy":"post_tag","embeddable":true,"href":"https:\/\/www.ecinews.fr\/fr\/wp-json\/wp\/v2\/tags?post=483407"},{"taxonomy":"domains","embeddable":true,"href":"https:\/\/www.ecinews.fr\/fr\/wp-json\/wp\/v2\/domains?post=483407"},{"taxonomy":"author","embeddable":true,"href":"https:\/\/www.ecinews.fr\/fr\/wp-json\/wp\/v2\/ppma_author?post=483407"}],"curies":[{"name":"wp","href":"https:\/\/api.w.org\/{rel}","templated":true}]}}