{"id":4833,"date":"2021-09-02T20:00:48","date_gmt":"2021-09-02T20:00:48","guid":{"rendered":"https:\/\/\/le-rachat-de-gtat-par-onsemi-renforce-la-consolidation-dans-le-sic\/"},"modified":"2021-09-02T20:00:48","modified_gmt":"2021-09-02T20:00:48","slug":"le-rachat-de-gtat-par-onsemi-renforce-la-consolidation-dans-le-sic","status":"publish","type":"post","link":"https:\/\/www.ecinews.fr\/fr\/le-rachat-de-gtat-par-onsemi-renforce-la-consolidation-dans-le-sic\/","title":{"rendered":"Le rachat de GTAT par OnSemi renforce la consolidation dans le SiC"},"content":{"rendered":"<p>Onsemi paie un peu moins du double des revenus annuels estim\u00e9s de GTAT de 244 millions de dollars pour acqu\u00e9rir un \u00e9l\u00e9ment cl\u00e9 de la cha\u00eene d&rsquo;approvisionnement pour les d\u00e9veloppements SiC. Le cours de l&rsquo;action onsemi a augment\u00e9 apr\u00e8s la transaction, indiquant que le march\u00e9 ne pensait pas qu&rsquo;onsemi avait surpay\u00e9.<\/p>\n<p>Cette d\u00e9cision fait partie de l&rsquo;accent mis par onsemi sur la cha\u00eene d&rsquo;approvisionnement de composants pour&nbsp;v\u00e9hicules \u00e9lectriques. \u00ab&nbsp;Nous ne comptabilisons pas l&rsquo;activit\u00e9 SiC s\u00e9par\u00e9ment, mais elle alimente une croissance importante, non seulement dans les v\u00e9hicules \u00e9lectriques, mais aussi dans la recharge et les infrastructures. Nos accords \u00e0 long terme commencent \u00e0 g\u00e9n\u00e9rer des volumes ( de production) qui vont encore s&rsquo;intensifier&nbsp;l&rsquo;ann\u00e9e prochaine. Je suis optimiste en raison des engagements \u00e0 long terme que nous avons avec les clients \u00bb, a d\u00e9clar\u00e9 Hassane El-Khoury, le nouveau PDG s&rsquo;adressant aux analystes la semaine derni\u00e8re (ci-dessus, \u00e0 droite).<\/p>\n<p>onsemi a annonc\u00e9 son intention d&rsquo;investir dans l&rsquo;expansion des efforts de recherche et de d\u00e9veloppement de GTAT pour faire progresser la technologie de croissance des cristaux de SiC de 150 mm et 200 mm, tout en investissant \u00e9galement dans la cha\u00eene d&rsquo;approvisionnement SiC au sens large, y compris la capacit\u00e9 des Fabs&nbsp;et l&#8217;emballage, en amenant du&nbsp;&nbsp;personnel de GTAT dans l&rsquo;entreprise.<\/p>\n<p>Articles Li\u00e9s<\/p>\n<ul>\n<li><a href=\"https:\/\/www.onsemi.com\/company\/news-media\/press-announcements\/en\/onsemi-to-acquire-gt-advanced-technologies\">onsemi to acquire GT Advanced Technologies<\/a><\/li>\n<li><a href=\"https:\/\/www.ecinews.fr\/news\/infineon-leader-mondial-dans-lautomobile\">Infineon leader mondial dans l&rsquo;automobile<\/a><\/li>\n<li><a href=\"https:\/\/www.ecinews.fr\/news\/rohm-accroit-ses-capacites-de-production-de-composants-de-puissance\">ROHM accro\u00eet ses capacit\u00e9s de production de composants de puissance<\/a><\/li>\n<li><a href=\"https:\/\/www.eenewseurope.com\/news\/semi-teams-cree-sic-wafers-0\">onsemi teams with Cree for SiC wafers<\/a><\/li>\n<\/ul>\n<p>GTAT a eu un pass\u00e9 mitig\u00e9, ce qui explique peut-\u00eatre pourquoi elle&nbsp;n&rsquo;a pas \u00e9t\u00e9 une cible d&rsquo;acquisition auparavant. Elle&nbsp;a \u00e9merg\u00e9 de la protection de la loi sur les faillites en 2016 \u00e0 la suite de l&rsquo;\u00e9chec d&rsquo;un accord avec Apple pour des&nbsp;mat\u00e9riaux&nbsp;saphir pour les \u00e9crans d&rsquo;iPhone. \u00c0 partir de l\u00e0, la soci\u00e9t\u00e9 s&rsquo;est lanc\u00e9e sur le march\u00e9 \u00e9mergent du carbure de silicium, mais les sanctions r\u00e9sultant de&nbsp;l&rsquo;accord avec Apple ont pris jusqu&rsquo;en 2019 pour \u00eatre appliqu\u00e9es.<\/p>\n<p>L&rsquo;op\u00e9ration poursuit la consolidation en cours, notamment en Europe. Norstel en Su\u00e8de a \u00e9t\u00e9 rachet\u00e9 par ST Microelectronics pour am\u00e9liorer sa capacit\u00e9 interne en mati\u00e8re de wafers, tandis que II-VI a achet\u00e9 une autre soci\u00e9t\u00e9 su\u00e9doise, Ascatron, pour soutenir son entr\u00e9e sur le march\u00e9 du SiC. SiCrystal en Allemagne a commenc\u00e9 \u00e0 produire des wafer&nbsp;SiC en 1997 et a fusionn\u00e9 avec Freitronics Wafer, appartenant \u00e0 Siemens trois ans plus tard. Il a \u00e9t\u00e9 achet\u00e9 par Rohm (Japon) en 2010 dans le cadre d&rsquo;un premier pas dans la technologie et est devenu un fournisseur cl\u00e9 de STMicroelectronics. Le passage de l&rsquo;ancien cadre de ST Bob Kyrisiak au conseil d&rsquo;administration de GTAT a montr\u00e9 leurs liens \u00e9troits.<\/p>\n<p>Le principal producteur de wafers&nbsp;SiC, Cree, investit \u00e9galement 1 milliard de dollars pour \u00e9tendre sa capacit\u00e9 \u00e0 la fois pour les wafers et les puces. L&rsquo;opportunit\u00e9 de la technologie dans les v\u00e9hicules \u00e9lectriques a \u00e9galement attir\u00e9 de nouveaux entrants. Le sous-traitant d&rsquo;Apple, Foxconn, s&rsquo;est lanc\u00e9 dans la fabrication de voitures \u00e9lectriques et la soci\u00e9t\u00e9 a l&rsquo;intention d&rsquo;utiliser la Fab de m\u00e9moires&nbsp;qu&rsquo;elle ach\u00e8te \u00e0 Macronix pour fabriquer des puces SiC.<\/p>\n<p><strong>\u00e0 suivre&nbsp;: Le d\u00e9fi de consolidation&nbsp;pour Infineon<\/strong><\/p>\n<p>&nbsp;<\/p>\n<hr \/>\n<p>La consolidation comporte \u00e9galement des risques pour les autres soci\u00e9t\u00e9s. Infineon a sign\u00e9 un accord d&rsquo;approvisionnement de cinq ans avec GTAT en novembre 2020, aux c\u00f4t\u00e9s de Cree et Showa Denko en tant que fournisseurs. S&rsquo;appuyer sur un concurrent direct pour la fourniture de wafers cl\u00e9s cr\u00e9era un casse-t\u00eate pour l&rsquo;entreprise. Infineon en a d\u00e9j\u00e0 fait l&rsquo;exp\u00e9rience, lorsqu&rsquo;elle a tent\u00e9 de racheter l&rsquo;activit\u00e9 SiC Wolfspeed \u00e0 Cree en 2016<\/p>\n<p>&nbsp;<\/p>\n<ul>\n<li><a href=\"https:\/\/www.eenewseurope.com\/news\/wolfspeed-takeover-infineon-hit-us-objections\">Wolfspeed takeover by Infineon hit by US objections&nbsp;<\/a><\/li>\n<li><a href=\"https:\/\/www.ecinews.fr\/news\/bosch-se-lance-dans-les-semiconducteurs-de-puissance-sic\">Bosch se lance dans les semiconducteurs de puissance SiC<\/a><\/li>\n<li><a href=\"https:\/\/www.ecinews.fr\/news\/cree-investit-1bn-dans-sa-fab-sic\">Cree investit $1bn dans sa Fab SiC<\/a><\/li>\n<li><a href=\"https:\/\/www.eenewspower.com\/news\/infineon-signs-five-year-deal-sic-materials\">Infineon signs five year deal for SiC materials<\/a><\/li>\n<li><a href=\"https:\/\/www.eenewseurope.com\/news\/foxconn-enters-sic-power-chip-business\">Foxconn enters SiC power chip business<\/a><\/li>\n<\/ul>\n<p>\u00ab\u00a0Nous constatons une demande croissante de commutateurs \u00e0 base de SiC, en particulier pour les applications industrielles \u00bb, a d\u00e9clar\u00e9 Peter Wawer, pr\u00e9sident de la division Industrial Power Control d&rsquo;Infineon. \u00ab Cependant, il est devenu clair que le secteur automobile lui a embo\u00eet\u00e9&nbsp;le pas rapidement . Avec l&rsquo;accord d&rsquo;approvisionnement que nous venons de conclure, nous nous assurons que nous serons en mesure de r\u00e9pondre \u00e0 la demande en croissance rapide de nos clients avec une base de fournisseurs diversifi\u00e9e. Les mat\u00e9riaux de haute qualit\u00e9 de GTAT fourniront une source suppl\u00e9mentaire de wafers&nbsp;SiC comp\u00e9titives r\u00e9pondant aux normes de mat\u00e9riaux les plus \u00e9lev\u00e9es, aujourd&rsquo;hui et \u00e0 l&rsquo;avenir. Cela soutient nos ambitieux plans de croissance SiC, en faisant bon usage de nos technologies internes existantes et de nos comp\u00e9tences de base dans la fabrication de tranches minces. \u00bb&nbsp;Il faudra voir comment cela se joue \u00e0 la lumi\u00e8re de l&rsquo;acquisition de GTA par Onsemi.<\/p>\n<p><strong>Lire aussi:<\/strong><\/p>\n<p><a href=\"https:\/\/www.ecinews.fr\/news\/lindustrie-electronique-grignote-lindustrie-automobile\">L&rsquo;industrie \u00e9lectronique grignote l&rsquo;industrie automobile<\/a><\/p>\n<p><a href=\"https:\/\/www.ecinews.fr\/news\/le-gan-aussi-performant-que-le-sic-avec-les-avancees-de-imec\">Le GaN aussi performant que le SiC avec les avanc\u00e9es de imec<\/a><\/p>\n<p><a href=\"http:\/\/www.gtat.com\">www.gtat.com<\/a>; <a href=\"http:\/\/www.onsemi.com\">www.onsemi.com<\/a><\/p>\n<p><strong>Other related articles <\/strong><\/p>\n<ul>\n<li><a href=\"https:\/\/www.eenewspower.com\/news\/st-adds-rohm-subsidiary-sic-wafer-supplier\">ST adds ROHM subsidiary as supplier<\/a><\/li>\n<li><a href=\"https:\/\/www.eenewspower.com\/news\/st-takes-over-sic-wafer-maker-norstel\">ST takes over Norstel<\/a><\/li>\n<li><a href=\"https:\/\/www.eenewseurope.com\/news\/stmicroelectronics-expands-150mm-sic-wafer-deal-cree\">STMicroelectronics expands 150mm SiC wafer deal with Cree<\/a><\/li>\n<li><a href=\"https:\/\/www.eenewspower.com\/news\/ii-vi-buys-swedish-sic-wafer-maker-ascatron\">II-VI buys&nbsp;Ascatron to secure supply<\/a><\/li>\n<li><a href=\"https:\/\/www.eenewspower.com\/news\/ii-vi-bets-billion-dollars-sic\">II-VI bets a billion dollars on SiC<\/a><\/li>\n<li><a href=\"https:\/\/www.eenewseurope.com\/news\/ii-vi-plans-2500v-sic-mosfet\" target=\"_blank\" rel=\"noopener\">II-VI plans 2500V SiC MOSFET<\/a><\/li>\n<li><a href=\"https:\/\/www.eenewseurope.com\/news\/rohm-celebrates-50-years-europe\">Rohm celebrates 50 years in Europe<\/a><\/li>\n<\/ul>\n<p><strong>Related GTAT Apple articles <\/strong><\/p>\n<ul>\n<li><a href=\"https:\/\/www.eenewseurope.com\/news\/gt-advanced-technologies-agrees-multi-year-sapphire-materials-supply-deal-apple\/page\/0\/1\">GT Advanced Technologies agrees multi-year sapphire deal with Apple<\/a><\/li>\n<li><a href=\"https:\/\/www.eenewseurope.com\/news\/apple-set-transform-sapphire-wafer-market\">Apple set to transform sapphire wafer market<\/a><\/li>\n<\/ul>\n<p>&nbsp;<\/p>\n","protected":false},"excerpt":{"rendered":"<p>L&rsquo;accord de 415 millions de dollars pour GT Advanced Technologies met en \u00e9vidence la consolidation de la cha\u00eene d&rsquo;approvisionnement des derniers mat\u00e9riaux semiconducteurs. <\/p>\n","protected":false},"author":7,"featured_media":4834,"comment_status":"open","ping_status":"closed","sticky":false,"template":"","format":"standard","meta":{"_acf_changed":false,"footnotes":""},"categories":[883],"tags":[891,913,890],"domains":[47],"ppma_author":[1139],"class_list":["post-4833","post","type-post","status-publish","format-standard","has-post-thumbnail","hentry","category-technologies","tag-automotive-fr","tag-materials-processes-fr","tag-powermanagement-fr","domains-electronique-eci"],"acf":[],"yoast_head":"<title>Le rachat de GTAT par OnSemi renforce la consolidation dans le ...<\/title>\n<meta name=\"description\" content=\"L&#039;accord de 415 millions de dollars pour GT Advanced Technologies met en \u00e9vidence la consolidation de la cha\u00eene d&#039;approvisionnement des derniers mat\u00e9riaux...\" \/>\n<meta name=\"robots\" content=\"index, follow, max-snippet:-1, max-image-preview:large, max-video-preview:-1\" \/>\n<link rel=\"canonical\" href=\"https:\/\/www.ecinews.fr\/fr\/wp-json\/wp\/v2\/posts\/4833\/\" \/>\n<meta property=\"og:locale\" content=\"fr_FR\" \/>\n<meta property=\"og:type\" content=\"article\" \/>\n<meta property=\"og:title\" content=\"Le rachat de GTAT par OnSemi renforce la consolidation dans le SiC\" \/>\n<meta property=\"og:description\" content=\"L&#039;accord de 415 millions de dollars pour GT Advanced Technologies met en \u00e9vidence la consolidation de la cha\u00eene d&#039;approvisionnement des derniers mat\u00e9riaux semiconducteurs.\" \/>\n<meta property=\"og:url\" content=\"https:\/\/www.ecinews.fr\/fr\/wp-json\/wp\/v2\/posts\/4833\/\" \/>\n<meta property=\"og:site_name\" content=\"EENewsEurope\" \/>\n<meta property=\"article:published_time\" content=\"2021-09-02T20:00:48+00:00\" \/>\n<meta property=\"og:image\" content=\"https:\/\/www.eenewseurope.com\/wp-content\/uploads\/import\/default\/files\/sites\/default\/files\/images\/onsemi_8-scaled.jpg\" \/>\n\t<meta property=\"og:image:width\" content=\"2560\" \/>\n\t<meta property=\"og:image:height\" content=\"1320\" \/>\n\t<meta property=\"og:image:type\" content=\"image\/jpeg\" \/>\n<meta name=\"author\" content=\"Wisse Hettinga\" \/>\n<meta name=\"twitter:card\" content=\"summary_large_image\" \/>\n<meta name=\"twitter:label1\" content=\"Written by\" \/>\n\t<meta name=\"twitter:data1\" content=\"Wisse Hettinga\" \/>\n\t<meta name=\"twitter:label2\" content=\"Est. reading time\" \/>\n\t<meta name=\"twitter:data2\" content=\"5 minutes\" \/>\n<script type=\"application\/ld+json\" class=\"yoast-schema-graph\">{\"@context\":\"https:\/\/schema.org\",\"@graph\":[{\"@type\":\"Article\",\"@id\":\"https:\/\/www.eenewseurope.com\/fr\/le-rachat-de-gtat-par-onsemi-renforce-la-consolidation-dans-le-sic\/#article\",\"isPartOf\":{\"@id\":\"https:\/\/www.eenewseurope.com\/fr\/le-rachat-de-gtat-par-onsemi-renforce-la-consolidation-dans-le-sic\/\"},\"author\":{\"name\":\"Wisse Hettinga\",\"@id\":\"https:\/\/www.eenewseurope.com\/en\/#\/schema\/person\/c6b626c6c65f5e1e7794ce2d17b2ca82\"},\"headline\":\"Le rachat de GTAT par OnSemi renforce la consolidation dans le SiC\",\"datePublished\":\"2021-09-02T20:00:48+00:00\",\"dateModified\":\"2021-09-02T20:00:48+00:00\",\"mainEntityOfPage\":{\"@id\":\"https:\/\/www.eenewseurope.com\/fr\/le-rachat-de-gtat-par-onsemi-renforce-la-consolidation-dans-le-sic\/\"},\"wordCount\":979,\"commentCount\":0,\"publisher\":{\"@id\":\"https:\/\/www.eenewseurope.com\/en\/#organization\"},\"keywords\":[\"Automotive\",\"Materials &amp; processes\",\"PowerManagement\"],\"articleSection\":[\"Technologies\"],\"inLanguage\":\"fr-FR\",\"potentialAction\":[{\"@type\":\"CommentAction\",\"name\":\"Comment\",\"target\":[\"https:\/\/www.eenewseurope.com\/fr\/le-rachat-de-gtat-par-onsemi-renforce-la-consolidation-dans-le-sic\/#respond\"]}]},{\"@type\":\"WebPage\",\"@id\":\"https:\/\/www.eenewseurope.com\/fr\/le-rachat-de-gtat-par-onsemi-renforce-la-consolidation-dans-le-sic\/\",\"url\":\"https:\/\/www.eenewseurope.com\/fr\/le-rachat-de-gtat-par-onsemi-renforce-la-consolidation-dans-le-sic\/\",\"name\":\"Le rachat de GTAT par OnSemi renforce la consolidation dans le SiC -\",\"isPartOf\":{\"@id\":\"https:\/\/www.eenewseurope.com\/en\/#website\"},\"datePublished\":\"2021-09-02T20:00:48+00:00\",\"dateModified\":\"2021-09-02T20:00:48+00:00\",\"breadcrumb\":{\"@id\":\"https:\/\/www.eenewseurope.com\/fr\/le-rachat-de-gtat-par-onsemi-renforce-la-consolidation-dans-le-sic\/#breadcrumb\"},\"inLanguage\":\"fr-FR\",\"potentialAction\":[{\"@type\":\"ReadAction\",\"target\":[\"https:\/\/www.eenewseurope.com\/fr\/le-rachat-de-gtat-par-onsemi-renforce-la-consolidation-dans-le-sic\/\"]}]},{\"@type\":\"BreadcrumbList\",\"@id\":\"https:\/\/www.eenewseurope.com\/fr\/le-rachat-de-gtat-par-onsemi-renforce-la-consolidation-dans-le-sic\/#breadcrumb\",\"itemListElement\":[{\"@type\":\"ListItem\",\"position\":1,\"name\":\"Home\",\"item\":\"https:\/\/www.ecinews.fr\/fr\/\"},{\"@type\":\"ListItem\",\"position\":2,\"name\":\"Le rachat de GTAT par OnSemi renforce la consolidation dans le SiC\"}]},{\"@type\":\"WebSite\",\"@id\":\"https:\/\/www.eenewseurope.com\/en\/#website\",\"url\":\"https:\/\/www.eenewseurope.com\/en\/\",\"name\":\"EENewsEurope\",\"description\":\"Just another WordPress site\",\"publisher\":{\"@id\":\"https:\/\/www.eenewseurope.com\/en\/#organization\"},\"potentialAction\":[{\"@type\":\"SearchAction\",\"target\":{\"@type\":\"EntryPoint\",\"urlTemplate\":\"https:\/\/www.eenewseurope.com\/en\/?s={search_term_string}\"},\"query-input\":\"required name=search_term_string\"}],\"inLanguage\":\"fr-FR\"},{\"@type\":\"Organization\",\"@id\":\"https:\/\/www.eenewseurope.com\/en\/#organization\",\"name\":\"EENewsEurope\",\"url\":\"https:\/\/www.eenewseurope.com\/en\/\",\"logo\":{\"@type\":\"ImageObject\",\"inLanguage\":\"fr-FR\",\"@id\":\"https:\/\/www.eenewseurope.com\/en\/#\/schema\/logo\/image\/\",\"url\":\"https:\/\/www.ecinews.fr\/wp-content\/uploads\/2022\/02\/logo-1.jpg\",\"contentUrl\":\"https:\/\/www.ecinews.fr\/wp-content\/uploads\/2022\/02\/logo-1.jpg\",\"width\":283,\"height\":113,\"caption\":\"EENewsEurope\"},\"image\":{\"@id\":\"https:\/\/www.eenewseurope.com\/en\/#\/schema\/logo\/image\/\"}},{\"@type\":\"Person\",\"@id\":\"https:\/\/www.eenewseurope.com\/en\/#\/schema\/person\/c6b626c6c65f5e1e7794ce2d17b2ca82\",\"name\":\"Wisse Hettinga\",\"image\":{\"@type\":\"ImageObject\",\"inLanguage\":\"fr-FR\",\"@id\":\"https:\/\/www.eenewseurope.com\/en\/#\/schema\/person\/image\/5dc5f564ca306d7cb8b22735be49a465\",\"url\":\"https:\/\/secure.gravatar.com\/avatar\/24a36fe68de56eac2a45cbaf9aa4bb58?s=96&d=mm&r=g\",\"contentUrl\":\"https:\/\/secure.gravatar.com\/avatar\/24a36fe68de56eac2a45cbaf9aa4bb58?s=96&d=mm&r=g\",\"caption\":\"Wisse Hettinga\"}}]}<\/script>","yoast_head_json":{"title":"Le rachat de GTAT par OnSemi renforce la consolidation dans le ...","description":"L'accord de 415 millions de dollars pour GT Advanced Technologies met en \u00e9vidence la consolidation de la cha\u00eene d'approvisionnement des derniers mat\u00e9riaux...","robots":{"index":"index","follow":"follow","max-snippet":"max-snippet:-1","max-image-preview":"max-image-preview:large","max-video-preview":"max-video-preview:-1"},"canonical":"https:\/\/www.ecinews.fr\/fr\/wp-json\/wp\/v2\/posts\/4833\/","og_locale":"fr_FR","og_type":"article","og_title":"Le rachat de GTAT par OnSemi renforce la consolidation dans le SiC","og_description":"L'accord de 415 millions de dollars pour GT Advanced Technologies met en \u00e9vidence la consolidation de la cha\u00eene d'approvisionnement des derniers mat\u00e9riaux semiconducteurs.","og_url":"https:\/\/www.ecinews.fr\/fr\/wp-json\/wp\/v2\/posts\/4833\/","og_site_name":"EENewsEurope","article_published_time":"2021-09-02T20:00:48+00:00","og_image":[{"width":2560,"height":1320,"url":"https:\/\/www.eenewseurope.com\/wp-content\/uploads\/import\/default\/files\/sites\/default\/files\/images\/onsemi_8-scaled.jpg","type":"image\/jpeg"}],"author":"Wisse Hettinga","twitter_card":"summary_large_image","twitter_misc":{"Written by":"Wisse Hettinga","Est. reading time":"5 minutes"},"schema":{"@context":"https:\/\/schema.org","@graph":[{"@type":"Article","@id":"https:\/\/www.eenewseurope.com\/fr\/le-rachat-de-gtat-par-onsemi-renforce-la-consolidation-dans-le-sic\/#article","isPartOf":{"@id":"https:\/\/www.eenewseurope.com\/fr\/le-rachat-de-gtat-par-onsemi-renforce-la-consolidation-dans-le-sic\/"},"author":{"name":"Wisse Hettinga","@id":"https:\/\/www.eenewseurope.com\/en\/#\/schema\/person\/c6b626c6c65f5e1e7794ce2d17b2ca82"},"headline":"Le rachat de GTAT par OnSemi renforce la consolidation dans le SiC","datePublished":"2021-09-02T20:00:48+00:00","dateModified":"2021-09-02T20:00:48+00:00","mainEntityOfPage":{"@id":"https:\/\/www.eenewseurope.com\/fr\/le-rachat-de-gtat-par-onsemi-renforce-la-consolidation-dans-le-sic\/"},"wordCount":979,"commentCount":0,"publisher":{"@id":"https:\/\/www.eenewseurope.com\/en\/#organization"},"keywords":["Automotive","Materials &amp; processes","PowerManagement"],"articleSection":["Technologies"],"inLanguage":"fr-FR","potentialAction":[{"@type":"CommentAction","name":"Comment","target":["https:\/\/www.eenewseurope.com\/fr\/le-rachat-de-gtat-par-onsemi-renforce-la-consolidation-dans-le-sic\/#respond"]}]},{"@type":"WebPage","@id":"https:\/\/www.eenewseurope.com\/fr\/le-rachat-de-gtat-par-onsemi-renforce-la-consolidation-dans-le-sic\/","url":"https:\/\/www.eenewseurope.com\/fr\/le-rachat-de-gtat-par-onsemi-renforce-la-consolidation-dans-le-sic\/","name":"Le rachat de GTAT par OnSemi renforce la consolidation dans le SiC -","isPartOf":{"@id":"https:\/\/www.eenewseurope.com\/en\/#website"},"datePublished":"2021-09-02T20:00:48+00:00","dateModified":"2021-09-02T20:00:48+00:00","breadcrumb":{"@id":"https:\/\/www.eenewseurope.com\/fr\/le-rachat-de-gtat-par-onsemi-renforce-la-consolidation-dans-le-sic\/#breadcrumb"},"inLanguage":"fr-FR","potentialAction":[{"@type":"ReadAction","target":["https:\/\/www.eenewseurope.com\/fr\/le-rachat-de-gtat-par-onsemi-renforce-la-consolidation-dans-le-sic\/"]}]},{"@type":"BreadcrumbList","@id":"https:\/\/www.eenewseurope.com\/fr\/le-rachat-de-gtat-par-onsemi-renforce-la-consolidation-dans-le-sic\/#breadcrumb","itemListElement":[{"@type":"ListItem","position":1,"name":"Home","item":"https:\/\/www.ecinews.fr\/fr\/"},{"@type":"ListItem","position":2,"name":"Le rachat de GTAT par OnSemi renforce la consolidation dans le SiC"}]},{"@type":"WebSite","@id":"https:\/\/www.eenewseurope.com\/en\/#website","url":"https:\/\/www.eenewseurope.com\/en\/","name":"EENewsEurope","description":"Just another WordPress site","publisher":{"@id":"https:\/\/www.eenewseurope.com\/en\/#organization"},"potentialAction":[{"@type":"SearchAction","target":{"@type":"EntryPoint","urlTemplate":"https:\/\/www.eenewseurope.com\/en\/?s={search_term_string}"},"query-input":"required name=search_term_string"}],"inLanguage":"fr-FR"},{"@type":"Organization","@id":"https:\/\/www.eenewseurope.com\/en\/#organization","name":"EENewsEurope","url":"https:\/\/www.eenewseurope.com\/en\/","logo":{"@type":"ImageObject","inLanguage":"fr-FR","@id":"https:\/\/www.eenewseurope.com\/en\/#\/schema\/logo\/image\/","url":"https:\/\/www.ecinews.fr\/wp-content\/uploads\/2022\/02\/logo-1.jpg","contentUrl":"https:\/\/www.ecinews.fr\/wp-content\/uploads\/2022\/02\/logo-1.jpg","width":283,"height":113,"caption":"EENewsEurope"},"image":{"@id":"https:\/\/www.eenewseurope.com\/en\/#\/schema\/logo\/image\/"}},{"@type":"Person","@id":"https:\/\/www.eenewseurope.com\/en\/#\/schema\/person\/c6b626c6c65f5e1e7794ce2d17b2ca82","name":"Wisse Hettinga","image":{"@type":"ImageObject","inLanguage":"fr-FR","@id":"https:\/\/www.eenewseurope.com\/en\/#\/schema\/person\/image\/5dc5f564ca306d7cb8b22735be49a465","url":"https:\/\/secure.gravatar.com\/avatar\/24a36fe68de56eac2a45cbaf9aa4bb58?s=96&d=mm&r=g","contentUrl":"https:\/\/secure.gravatar.com\/avatar\/24a36fe68de56eac2a45cbaf9aa4bb58?s=96&d=mm&r=g","caption":"Wisse Hettinga"}}]}},"authors":[{"term_id":1139,"user_id":7,"is_guest":0,"slug":"wisse-hettinga","display_name":"Wisse Hettinga","avatar_url":"https:\/\/secure.gravatar.com\/avatar\/24a36fe68de56eac2a45cbaf9aa4bb58?s=96&d=mm&r=g","0":null,"1":"","2":"","3":"","4":"","5":"","6":"","7":"","8":""}],"_links":{"self":[{"href":"https:\/\/www.ecinews.fr\/fr\/wp-json\/wp\/v2\/posts\/4833"}],"collection":[{"href":"https:\/\/www.ecinews.fr\/fr\/wp-json\/wp\/v2\/posts"}],"about":[{"href":"https:\/\/www.ecinews.fr\/fr\/wp-json\/wp\/v2\/types\/post"}],"author":[{"embeddable":true,"href":"https:\/\/www.ecinews.fr\/fr\/wp-json\/wp\/v2\/users\/7"}],"replies":[{"embeddable":true,"href":"https:\/\/www.ecinews.fr\/fr\/wp-json\/wp\/v2\/comments?post=4833"}],"version-history":[{"count":0,"href":"https:\/\/www.ecinews.fr\/fr\/wp-json\/wp\/v2\/posts\/4833\/revisions"}],"wp:featuredmedia":[{"embeddable":true,"href":"https:\/\/www.ecinews.fr\/fr\/wp-json\/wp\/v2\/media\/4834"}],"wp:attachment":[{"href":"https:\/\/www.ecinews.fr\/fr\/wp-json\/wp\/v2\/media?parent=4833"}],"wp:term":[{"taxonomy":"category","embeddable":true,"href":"https:\/\/www.ecinews.fr\/fr\/wp-json\/wp\/v2\/categories?post=4833"},{"taxonomy":"post_tag","embeddable":true,"href":"https:\/\/www.ecinews.fr\/fr\/wp-json\/wp\/v2\/tags?post=4833"},{"taxonomy":"domains","embeddable":true,"href":"https:\/\/www.ecinews.fr\/fr\/wp-json\/wp\/v2\/domains?post=4833"},{"taxonomy":"author","embeddable":true,"href":"https:\/\/www.ecinews.fr\/fr\/wp-json\/wp\/v2\/ppma_author?post=4833"}],"curies":[{"name":"wp","href":"https:\/\/api.w.org\/{rel}","templated":true}]}}