{"id":483232,"date":"2025-07-16T15:26:12","date_gmt":"2025-07-16T13:26:12","guid":{"rendered":"https:\/\/www.ecinews.fr\/?p=483232"},"modified":"2025-07-16T15:26:12","modified_gmt":"2025-07-16T13:26:12","slug":"beneq-voit-une-croissance-rapide-des-microled-grace-a-lald","status":"publish","type":"post","link":"https:\/\/www.ecinews.fr\/fr\/beneq-voit-une-croissance-rapide-des-microled-grace-a-lald\/","title":{"rendered":"Beneq voit une croissance rapide des microLED gr\u00e2ce \u00e0 l&rsquo;ALD"},"content":{"rendered":"<h2>Beneq, leader de la technologie de d\u00e9p\u00f4t par couche atomique (ALD), a annonc\u00e9 des progr\u00e8s significatifs sur le march\u00e9 des \u00e9crans microLED, soulign\u00e9s par des commandes r\u00e9p\u00e9t\u00e9es de la part d&rsquo;innovateurs technologiques de premier plan.<\/h2>\n<p>Pour la production \u00e0 haut d\u00e9bit et le d\u00e9veloppement de technologies avanc\u00e9es, le cluster ALD Beneq Transform allie modularit\u00e9, flexibilit\u00e9 et productivit\u00e9, ce qui en fait un outil id\u00e9al pour les fabricants de microLED. Son architecture multichambre prend en charge une large gamme de mat\u00e9riaux et de processus, ce qui permet aux clients d&rsquo;affiner les propri\u00e9t\u00e9s optiques et \u00e9lectriques tout en passant en toute transparence du laboratoire \u00e0 l&rsquo;usine.<\/p>\n<p>La technologie MicroLED trouve des applications dans les \u00e9crans de nombreux secteurs, notamment l&rsquo;\u00e9lectronique grand public, la r\u00e9alit\u00e9 augment\u00e9e et virtuelle (AR\/VR) et l&rsquo;industrie automobile. Cette technologie offre une luminosit\u00e9, un contraste, une efficacit\u00e9 \u00e9nerg\u00e9tique et une durabilit\u00e9 in\u00e9gal\u00e9s. Elle modifie la conception et la fabrication des \u00e9crans, en permettant une r\u00e9solution ultrafine des pixels, une \u00e9volutivit\u00e9 transparente et une dur\u00e9e de vie plus longue des appareils. La demande d&rsquo;\u00e9crans de nouvelle g\u00e9n\u00e9ration acc\u00e9l\u00e8re l&rsquo;adoption de la technologie microLED, qui est appel\u00e9e \u00e0 devenir l&rsquo;\u00e9pine dorsale des futures interfaces visuelles.<\/p>\n<p>Le groupe Yole pr\u00e9voit que les livraisons mondiales d&rsquo;\u00e9crans microLED augmenteront \u00e0 un taux de croissance annuel compos\u00e9 (TCAC) de 180,6 % \u00e0 partir de 2022, pour atteindre 42,4 millions d&rsquo;unit\u00e9s d&rsquo;ici 2029. Malgr\u00e9 ses promesses, le d\u00e9veloppement des microLED pr\u00e9sente des d\u00e9fis consid\u00e9rables, notamment en ce qui concerne la r\u00e9duction de la taille des pixels \u00e0 moins de 10 microm\u00e8tres, tout en maintenant l&rsquo;uniformit\u00e9, la stabilit\u00e9 et la facilit\u00e9 de fabrication. \u00c0 mesure que les pixels r\u00e9tr\u00e9cissent, le contr\u00f4le pr\u00e9cis des mat\u00e9riaux et la passivation des surfaces deviennent essentiels \u00e0 la performance de l&rsquo;appareil. Le d\u00e9p\u00f4t de couches atomiques offre une solution unique, permettant la cr\u00e9ation de rev\u00eatements ultraminces et conformes avec une pr\u00e9cision de l&rsquo;ordre de l&rsquo;atome. L&rsquo;ALD s&rsquo;attaque aux principaux obstacles \u00e0 la production de microLED, notamment la passivation des d\u00e9fauts de surface, la protection des parois lat\u00e9rales, les oxydes conducteurs transparents et la passivation finale, am\u00e9liorant ainsi \u00e0 la fois l&rsquo;efficacit\u00e9 et la fiabilit\u00e9 \u00e0 long terme de l&rsquo;appareil.<\/p>\n<p>\u00ab\u00a0Nos clients de premier plan s&rsquo;appuient sur la technologie ALD pour faire progresser l&rsquo;int\u00e9gration monolithique des microLED et de l&rsquo;\u00e9lectronique de contr\u00f4le sur une seule puce\u00a0\u00bb, d\u00e9clare Mikko S\u00f6derlund, responsable des ventes ALD pour les semi-conducteurs. \u00ab\u00a0Cette int\u00e9gration ouvre la voie \u00e0 une nouvelle cat\u00e9gorie de produits d&rsquo;affichage plus petits et plus puissants, offrant un transfert de donn\u00e9es plus rapide, une consommation d&rsquo;\u00e9nergie plus faible et un encombrement nettement plus compact\u00a0\u00bb, d\u00e9clare Mikko S\u00f6derlund, responsable des ventes ALD pour les semi-conducteurs.<\/p>\n<p>\u00ab\u00a0Ces commandes r\u00e9p\u00e9t\u00e9es valident la technologie de Beneq et d\u00e9montrent l&rsquo;engagement de l&rsquo;entreprise \u00e0 soutenir ses clients \u00e0 la fois pendant la phase de d\u00e9veloppement exigeante et pendant la transition critique vers la fabrication en s\u00e9rie.\u00a0\u00bb<\/p>\n<p><a href=\"http:\/\/www.beneq.com\">www.beneq.com<\/a><\/p>\n","protected":false},"excerpt":{"rendered":"<p>Le d\u00e9p\u00f4t par couche atomique (ALD) permet de lever les principaux obstacles \u00e0 la production de microLED et est essentiel pour passer \u00e0 la fabrication en s\u00e9rie.<\/p>\n","protected":false},"author":40,"featured_media":483225,"comment_status":"closed","ping_status":"closed","sticky":false,"template":"","format":"standard","meta":{"_acf_changed":false,"footnotes":""},"categories":[880],"tags":[10211,10210,4850],"domains":[47],"ppma_author":[3682,6199],"class_list":["post-483232","post","type-post","status-publish","format-standard","has-post-thumbnail","hentry","category-actualites-economiques","tag-ald-fr","tag-beneq-fr","tag-microled-fr","domains-electronique-eci"],"acf":[],"yoast_head":"<title>Beneq voit une croissance rapide des microLED gr\u00e2ce \u00e0 l&#039;ALD ...<\/title>\n<meta name=\"description\" content=\"Le d\u00e9p\u00f4t par couche atomique (ALD) permet de lever les principaux obstacles \u00e0 la production de microLED en grande s\u00e9rie\" \/>\n<meta name=\"robots\" content=\"index, follow, max-snippet:-1, max-image-preview:large, max-video-preview:-1\" \/>\n<link rel=\"canonical\" href=\"https:\/\/www.ecinews.fr\/fr\/wp-json\/wp\/v2\/posts\/483232\/\" \/>\n<meta property=\"og:locale\" content=\"fr_FR\" \/>\n<meta property=\"og:type\" content=\"article\" \/>\n<meta property=\"og:title\" content=\"Beneq voit une croissance rapide des microLED gr\u00e2ce \u00e0 l&#039;ALD\" \/>\n<meta property=\"og:description\" content=\"Le d\u00e9p\u00f4t par couche atomique (ALD) permet de lever les principaux obstacles \u00e0 la production de microLED en grande s\u00e9rie\" \/>\n<meta property=\"og:url\" content=\"https:\/\/www.ecinews.fr\/fr\/wp-json\/wp\/v2\/posts\/483232\/\" \/>\n<meta property=\"og:site_name\" content=\"EENewsEurope\" \/>\n<meta property=\"article:published_time\" content=\"2025-07-16T13:26:12+00:00\" \/>\n<meta property=\"og:image\" content=\"https:\/\/www.ecinews.fr\/wp-content\/uploads\/2025\/07\/AR-VR-XR-scaled.jpg\" \/>\n\t<meta property=\"og:image:width\" content=\"1080\" \/>\n\t<meta property=\"og:image:height\" content=\"617\" \/>\n\t<meta property=\"og:image:type\" content=\"image\/jpeg\" \/>\n<meta name=\"author\" content=\"Jean-Pierre Joosting, A Delapalisse\" \/>\n<meta name=\"twitter:card\" content=\"summary_large_image\" \/>\n<meta name=\"twitter:label1\" content=\"Written by\" \/>\n\t<meta name=\"twitter:data1\" content=\"A Delapalisse\" \/>\n\t<meta name=\"twitter:label2\" content=\"Est. reading time\" \/>\n\t<meta name=\"twitter:data2\" content=\"3 minutes\" \/>\n<script type=\"application\/ld+json\" class=\"yoast-schema-graph\">{\"@context\":\"https:\/\/schema.org\",\"@graph\":[{\"@type\":\"Article\",\"@id\":\"https:\/\/www.ecinews.fr\/fr\/beneq-voit-une-croissance-rapide-des-microled-grace-a-lald\/#article\",\"isPartOf\":{\"@id\":\"https:\/\/www.ecinews.fr\/fr\/beneq-voit-une-croissance-rapide-des-microled-grace-a-lald\/\"},\"author\":{\"name\":\"A Delapalisse\",\"@id\":\"https:\/\/www.ecinews.fr\/fr\/#\/schema\/person\/4b3db5ba5c953c5fddeb226df86d8635\"},\"headline\":\"Beneq voit une croissance rapide des microLED gr\u00e2ce \u00e0 l&rsquo;ALD\",\"datePublished\":\"2025-07-16T13:26:12+00:00\",\"dateModified\":\"2025-07-16T13:26:12+00:00\",\"mainEntityOfPage\":{\"@id\":\"https:\/\/www.ecinews.fr\/fr\/beneq-voit-une-croissance-rapide-des-microled-grace-a-lald\/\"},\"wordCount\":557,\"publisher\":{\"@id\":\"https:\/\/www.ecinews.fr\/fr\/#organization\"},\"keywords\":[\"ALD\",\"Beneq\",\"microLED\"],\"articleSection\":[\"Actualit\u00e9s \u00e9conomiques\"],\"inLanguage\":\"fr-FR\"},{\"@type\":\"WebPage\",\"@id\":\"https:\/\/www.ecinews.fr\/fr\/beneq-voit-une-croissance-rapide-des-microled-grace-a-lald\/\",\"url\":\"https:\/\/www.ecinews.fr\/fr\/beneq-voit-une-croissance-rapide-des-microled-grace-a-lald\/\",\"name\":\"Beneq voit une croissance rapide des microLED gr\u00e2ce \u00e0 l'ALD -\",\"isPartOf\":{\"@id\":\"https:\/\/www.ecinews.fr\/fr\/#website\"},\"datePublished\":\"2025-07-16T13:26:12+00:00\",\"dateModified\":\"2025-07-16T13:26:12+00:00\",\"description\":\"Le d\u00e9p\u00f4t par couche atomique (ALD) permet de lever les principaux obstacles \u00e0 la production de microLED en grande s\u00e9rie\",\"breadcrumb\":{\"@id\":\"https:\/\/www.ecinews.fr\/fr\/beneq-voit-une-croissance-rapide-des-microled-grace-a-lald\/#breadcrumb\"},\"inLanguage\":\"fr-FR\",\"potentialAction\":[{\"@type\":\"ReadAction\",\"target\":[\"https:\/\/www.ecinews.fr\/fr\/beneq-voit-une-croissance-rapide-des-microled-grace-a-lald\/\"]}]},{\"@type\":\"BreadcrumbList\",\"@id\":\"https:\/\/www.ecinews.fr\/fr\/beneq-voit-une-croissance-rapide-des-microled-grace-a-lald\/#breadcrumb\",\"itemListElement\":[{\"@type\":\"ListItem\",\"position\":1,\"name\":\"Home\",\"item\":\"https:\/\/www.ecinews.fr\/fr\/\"},{\"@type\":\"ListItem\",\"position\":2,\"name\":\"Beneq voit une croissance rapide des microLED gr\u00e2ce \u00e0 l&rsquo;ALD\"}]},{\"@type\":\"WebSite\",\"@id\":\"https:\/\/www.ecinews.fr\/fr\/#website\",\"url\":\"https:\/\/www.ecinews.fr\/fr\/\",\"name\":\"EENewsEurope\",\"description\":\"Just another WordPress site\",\"publisher\":{\"@id\":\"https:\/\/www.ecinews.fr\/fr\/#organization\"},\"potentialAction\":[{\"@type\":\"SearchAction\",\"target\":{\"@type\":\"EntryPoint\",\"urlTemplate\":\"https:\/\/www.ecinews.fr\/fr\/?s={search_term_string}\"},\"query-input\":\"required name=search_term_string\"}],\"inLanguage\":\"fr-FR\"},{\"@type\":\"Organization\",\"@id\":\"https:\/\/www.ecinews.fr\/fr\/#organization\",\"name\":\"EENewsEurope\",\"url\":\"https:\/\/www.ecinews.fr\/fr\/\",\"logo\":{\"@type\":\"ImageObject\",\"inLanguage\":\"fr-FR\",\"@id\":\"https:\/\/www.ecinews.fr\/fr\/#\/schema\/logo\/image\/\",\"url\":\"https:\/\/www.ecinews.fr\/wp-content\/uploads\/2022\/02\/logo-1.jpg\",\"contentUrl\":\"https:\/\/www.ecinews.fr\/wp-content\/uploads\/2022\/02\/logo-1.jpg\",\"width\":283,\"height\":113,\"caption\":\"EENewsEurope\"},\"image\":{\"@id\":\"https:\/\/www.ecinews.fr\/fr\/#\/schema\/logo\/image\/\"}},{\"@type\":\"Person\",\"@id\":\"https:\/\/www.ecinews.fr\/fr\/#\/schema\/person\/4b3db5ba5c953c5fddeb226df86d8635\",\"name\":\"A Delapalisse\",\"image\":{\"@type\":\"ImageObject\",\"inLanguage\":\"fr-FR\",\"@id\":\"https:\/\/www.ecinews.fr\/fr\/#\/schema\/person\/image\/09af0e1236b95ff53924b8dfe5af278e\",\"url\":\"https:\/\/secure.gravatar.com\/avatar\/010f811c0933b47aea7e9204117b17c6?s=96&d=mm&r=g\",\"contentUrl\":\"https:\/\/secure.gravatar.com\/avatar\/010f811c0933b47aea7e9204117b17c6?s=96&d=mm&r=g\",\"caption\":\"A Delapalisse\"}}]}<\/script>","yoast_head_json":{"title":"Beneq voit une croissance rapide des microLED gr\u00e2ce \u00e0 l'ALD ...","description":"Le d\u00e9p\u00f4t par couche atomique (ALD) permet de lever les principaux obstacles \u00e0 la production de microLED en grande s\u00e9rie","robots":{"index":"index","follow":"follow","max-snippet":"max-snippet:-1","max-image-preview":"max-image-preview:large","max-video-preview":"max-video-preview:-1"},"canonical":"https:\/\/www.ecinews.fr\/fr\/wp-json\/wp\/v2\/posts\/483232\/","og_locale":"fr_FR","og_type":"article","og_title":"Beneq voit une croissance rapide des microLED gr\u00e2ce \u00e0 l'ALD","og_description":"Le d\u00e9p\u00f4t par couche atomique (ALD) permet de lever les principaux obstacles \u00e0 la production de microLED en grande s\u00e9rie","og_url":"https:\/\/www.ecinews.fr\/fr\/wp-json\/wp\/v2\/posts\/483232\/","og_site_name":"EENewsEurope","article_published_time":"2025-07-16T13:26:12+00:00","og_image":[{"width":1080,"height":617,"url":"https:\/\/www.ecinews.fr\/wp-content\/uploads\/2025\/07\/AR-VR-XR-scaled.jpg","type":"image\/jpeg"}],"author":"Jean-Pierre Joosting, A Delapalisse","twitter_card":"summary_large_image","twitter_misc":{"Written by":"A Delapalisse","Est. reading time":"3 minutes"},"schema":{"@context":"https:\/\/schema.org","@graph":[{"@type":"Article","@id":"https:\/\/www.ecinews.fr\/fr\/beneq-voit-une-croissance-rapide-des-microled-grace-a-lald\/#article","isPartOf":{"@id":"https:\/\/www.ecinews.fr\/fr\/beneq-voit-une-croissance-rapide-des-microled-grace-a-lald\/"},"author":{"name":"A Delapalisse","@id":"https:\/\/www.ecinews.fr\/fr\/#\/schema\/person\/4b3db5ba5c953c5fddeb226df86d8635"},"headline":"Beneq voit une croissance rapide des microLED gr\u00e2ce \u00e0 l&rsquo;ALD","datePublished":"2025-07-16T13:26:12+00:00","dateModified":"2025-07-16T13:26:12+00:00","mainEntityOfPage":{"@id":"https:\/\/www.ecinews.fr\/fr\/beneq-voit-une-croissance-rapide-des-microled-grace-a-lald\/"},"wordCount":557,"publisher":{"@id":"https:\/\/www.ecinews.fr\/fr\/#organization"},"keywords":["ALD","Beneq","microLED"],"articleSection":["Actualit\u00e9s \u00e9conomiques"],"inLanguage":"fr-FR"},{"@type":"WebPage","@id":"https:\/\/www.ecinews.fr\/fr\/beneq-voit-une-croissance-rapide-des-microled-grace-a-lald\/","url":"https:\/\/www.ecinews.fr\/fr\/beneq-voit-une-croissance-rapide-des-microled-grace-a-lald\/","name":"Beneq voit une croissance rapide des microLED gr\u00e2ce \u00e0 l'ALD -","isPartOf":{"@id":"https:\/\/www.ecinews.fr\/fr\/#website"},"datePublished":"2025-07-16T13:26:12+00:00","dateModified":"2025-07-16T13:26:12+00:00","description":"Le d\u00e9p\u00f4t par couche atomique (ALD) permet de lever les principaux obstacles \u00e0 la production de microLED en grande s\u00e9rie","breadcrumb":{"@id":"https:\/\/www.ecinews.fr\/fr\/beneq-voit-une-croissance-rapide-des-microled-grace-a-lald\/#breadcrumb"},"inLanguage":"fr-FR","potentialAction":[{"@type":"ReadAction","target":["https:\/\/www.ecinews.fr\/fr\/beneq-voit-une-croissance-rapide-des-microled-grace-a-lald\/"]}]},{"@type":"BreadcrumbList","@id":"https:\/\/www.ecinews.fr\/fr\/beneq-voit-une-croissance-rapide-des-microled-grace-a-lald\/#breadcrumb","itemListElement":[{"@type":"ListItem","position":1,"name":"Home","item":"https:\/\/www.ecinews.fr\/fr\/"},{"@type":"ListItem","position":2,"name":"Beneq voit une croissance rapide des microLED gr\u00e2ce \u00e0 l&rsquo;ALD"}]},{"@type":"WebSite","@id":"https:\/\/www.ecinews.fr\/fr\/#website","url":"https:\/\/www.ecinews.fr\/fr\/","name":"EENewsEurope","description":"Just another WordPress site","publisher":{"@id":"https:\/\/www.ecinews.fr\/fr\/#organization"},"potentialAction":[{"@type":"SearchAction","target":{"@type":"EntryPoint","urlTemplate":"https:\/\/www.ecinews.fr\/fr\/?s={search_term_string}"},"query-input":"required name=search_term_string"}],"inLanguage":"fr-FR"},{"@type":"Organization","@id":"https:\/\/www.ecinews.fr\/fr\/#organization","name":"EENewsEurope","url":"https:\/\/www.ecinews.fr\/fr\/","logo":{"@type":"ImageObject","inLanguage":"fr-FR","@id":"https:\/\/www.ecinews.fr\/fr\/#\/schema\/logo\/image\/","url":"https:\/\/www.ecinews.fr\/wp-content\/uploads\/2022\/02\/logo-1.jpg","contentUrl":"https:\/\/www.ecinews.fr\/wp-content\/uploads\/2022\/02\/logo-1.jpg","width":283,"height":113,"caption":"EENewsEurope"},"image":{"@id":"https:\/\/www.ecinews.fr\/fr\/#\/schema\/logo\/image\/"}},{"@type":"Person","@id":"https:\/\/www.ecinews.fr\/fr\/#\/schema\/person\/4b3db5ba5c953c5fddeb226df86d8635","name":"A Delapalisse","image":{"@type":"ImageObject","inLanguage":"fr-FR","@id":"https:\/\/www.ecinews.fr\/fr\/#\/schema\/person\/image\/09af0e1236b95ff53924b8dfe5af278e","url":"https:\/\/secure.gravatar.com\/avatar\/010f811c0933b47aea7e9204117b17c6?s=96&d=mm&r=g","contentUrl":"https:\/\/secure.gravatar.com\/avatar\/010f811c0933b47aea7e9204117b17c6?s=96&d=mm&r=g","caption":"A Delapalisse"}}]}},"authors":[{"term_id":3682,"user_id":0,"is_guest":1,"slug":"jean-pierre-joosting","display_name":"Jean-Pierre Joosting","avatar_url":"https:\/\/secure.gravatar.com\/avatar\/?s=96&d=mm&r=g","0":null,"1":"","2":"","3":"","4":"","5":"","6":"","7":"","8":""},{"term_id":6199,"user_id":40,"is_guest":0,"slug":"andre-rousselotemisys-com","display_name":"A Delapalisse","avatar_url":"https:\/\/secure.gravatar.com\/avatar\/010f811c0933b47aea7e9204117b17c6?s=96&d=mm&r=g","0":null,"1":"","2":"","3":"","4":"","5":"","6":"","7":"","8":""}],"_links":{"self":[{"href":"https:\/\/www.ecinews.fr\/fr\/wp-json\/wp\/v2\/posts\/483232"}],"collection":[{"href":"https:\/\/www.ecinews.fr\/fr\/wp-json\/wp\/v2\/posts"}],"about":[{"href":"https:\/\/www.ecinews.fr\/fr\/wp-json\/wp\/v2\/types\/post"}],"author":[{"embeddable":true,"href":"https:\/\/www.ecinews.fr\/fr\/wp-json\/wp\/v2\/users\/40"}],"replies":[{"embeddable":true,"href":"https:\/\/www.ecinews.fr\/fr\/wp-json\/wp\/v2\/comments?post=483232"}],"version-history":[{"count":0,"href":"https:\/\/www.ecinews.fr\/fr\/wp-json\/wp\/v2\/posts\/483232\/revisions"}],"wp:featuredmedia":[{"embeddable":true,"href":"https:\/\/www.ecinews.fr\/fr\/wp-json\/wp\/v2\/media\/483225"}],"wp:attachment":[{"href":"https:\/\/www.ecinews.fr\/fr\/wp-json\/wp\/v2\/media?parent=483232"}],"wp:term":[{"taxonomy":"category","embeddable":true,"href":"https:\/\/www.ecinews.fr\/fr\/wp-json\/wp\/v2\/categories?post=483232"},{"taxonomy":"post_tag","embeddable":true,"href":"https:\/\/www.ecinews.fr\/fr\/wp-json\/wp\/v2\/tags?post=483232"},{"taxonomy":"domains","embeddable":true,"href":"https:\/\/www.ecinews.fr\/fr\/wp-json\/wp\/v2\/domains?post=483232"},{"taxonomy":"author","embeddable":true,"href":"https:\/\/www.ecinews.fr\/fr\/wp-json\/wp\/v2\/ppma_author?post=483232"}],"curies":[{"name":"wp","href":"https:\/\/api.w.org\/{rel}","templated":true}]}}