{"id":483020,"date":"2025-07-11T09:07:27","date_gmt":"2025-07-11T07:07:27","guid":{"rendered":"https:\/\/www.ecinews.fr\/?p=483020"},"modified":"2025-07-11T09:07:27","modified_gmt":"2025-07-11T07:07:27","slug":"st-prolonge-son-accord-sur-les-optiques-a-metasurface","status":"publish","type":"post","link":"https:\/\/www.ecinews.fr\/fr\/st-prolonge-son-accord-sur-les-optiques-a-metasurface\/","title":{"rendered":"ST prolonge son accord sur les optiques \u00e0 m\u00e9tasurface"},"content":{"rendered":"<p>STMicroelectronics a sign\u00e9 un nouvel accord de licence pour int\u00e9grer la propri\u00e9t\u00e9 intellectuelle de Metalenz en mati\u00e8re d&rsquo;optique de m\u00e9tasurface dans une plus large gamme de capteurs.<\/p>\n<p>ST utilise d\u00e9j\u00e0 la <a href=\"https:\/\/www.eenewseurope.com\/en\/first-consumer-optical-metasurface-lens-ships\/\">technologie Metalens<\/a> pour ses <a href=\"https:\/\/www.eenewseurope.com\/en\/embedded-ai-enables-custom-gesture-recognition-in-time-of-flight-sensor\/\">capteurs \u00e0 temps de vol (ToF)<\/a> bas\u00e9s sur l&rsquo;IA, en fabriquant les lentilles plates sur les m\u00eames plaquettes de 300 mm que le capteur analogique. Ce nouvel accord ouvre la voie \u00e0 des march\u00e9s grand public, automobiles et industriels \u00e0 fort volume.<\/p>\n<p>La capacit\u00e9 de ST \u00e0 utiliser la propri\u00e9t\u00e9 intellectuelle de Metalenz pour produire des <a href=\"https:\/\/www.eenewseurope.com\/en\/stmicroelectronics-partners-for-optical-metalens-tech\/\">optiques \u00e0 m\u00e9tasurface<\/a> avanc\u00e9es sur sa plateforme de fabrication combine la production, le test et la qualification de semi-conducteurs et d&rsquo;optiques \u00e0 300 mm.<\/p>\n<ul>\n<li><a href=\"https:\/\/www.eenewseurope.com\/en\/metalenz-umc-launch-metasurface-optics-onto-the-open-market\/\">Metalenz et UMC lancent la technologie des m\u00e9taux sur le march\u00e9 libre<\/a><\/li>\n<li><a href=\"https:\/\/www.eenewseurope.com\/en\/metalens-taps-ai-to-improve-ultra-thin-imaging\/\">Metalens fait appel \u00e0 l&rsquo;IA pour am\u00e9liorer les lentilles d&rsquo;imagerie ultra-minces<\/a><\/li>\n<\/ul>\n<p>\u00ab\u00a0STMicroelectronics est le seul fournisseur sur le march\u00e9 \u00e0 proposer une combinaison r\u00e9volutionnaire de technologies optiques et de semi-conducteurs. Depuis 2022, nous avons livr\u00e9 plus de 140 millions d&rsquo;optiques \u00e0 m\u00e9tasurface et de modules FlightSense utilisant la propri\u00e9t\u00e9 intellectuelle de Metalenz \u00ab\u00a0, d\u00e9clare Alexandre Balmefrezol, vice-pr\u00e9sident ex\u00e9cutif et directeur g\u00e9n\u00e9ral du sous-groupe Imaging de ST.<\/p>\n<p>\u00ab\u00a0Le nouvel accord de licence avec Metalenz renforce notre leadership technologique dans les segments grand public, industriel et automobile, et ouvrira de nouvelles perspectives, depuis les applications pour smartphones telles que la biom\u00e9trie, le LIDAR et l&rsquo;assistance par cam\u00e9ra, jusqu&rsquo;\u00e0 la robotique, la reconnaissance gestuelle ou la d\u00e9tection d&rsquo;objets\u00a0\u00bb, a-t-il d\u00e9clar\u00e9. \u00ab\u00a0Notre mod\u00e8le unique, qui consiste \u00e0 traiter la technologie optique dans notre usine de semi-conducteurs de 300 mm, garantit une grande pr\u00e9cision, un bon rapport co\u00fbt-efficacit\u00e9 et une grande \u00e9volutivit\u00e9 afin de r\u00e9pondre aux demandes de nos clients pour des applications complexes et en grand volume.\u00a0\u00bb<\/p>\n<p>\u00ab\u00a0Notre accord avec STMicroelectronics pourrait acc\u00e9l\u00e9rer l&rsquo;adoption des m\u00e9tasurfaces, depuis leur origine \u00e0 Harvard jusqu&rsquo;\u00e0 leur adoption par des entreprises d&rsquo;\u00e9lectronique grand public leaders sur le march\u00e9\u00a0\u00bb, a d\u00e9clar\u00e9 Rob Devlin, cofondateur et PDG de Metalenz.<\/p>\n<p>\u00ab\u00a0En permettant le passage de la production optique \u00e0 la fabrication de semi-conducteurs, cet accord a la possibilit\u00e9 de red\u00e9finir encore davantage l&rsquo;\u00e9cosyst\u00e8me de la d\u00e9tection. Alors que les cas d&rsquo;utilisation de la d\u00e9tection 3D continuent de s&rsquo;\u00e9tendre, le leadership technologique de ST sur le march\u00e9, associ\u00e9 \u00e0 notre leadership en mati\u00e8re de propri\u00e9t\u00e9 intellectuelle, consolide ST et Metalenz en tant que forces dominantes sur le march\u00e9 \u00e9mergent de la m\u00e9tasurface que nous avons cr\u00e9\u00e9.\u00a0\u00bb<\/p>\n<p><a href=\"https:\/\/www.eenewseurope.com\/en\/metasurface-optics-startup-raises-30m-to-address-growing-demand\/\">Metalenz s&rsquo;est d\u00e9tach\u00e9e de Harvard<\/a> en 2016 et d\u00e9tient les droits de licence exclusifs sur le portefeuille de brevets de m\u00e9tasurface de Harvard. Cette technologie remplace les piles de lentilles traditionnelles en am\u00e9liorant les performances optiques et la stabilit\u00e9 thermique tout en r\u00e9duisant la taille et la complexit\u00e9. L&rsquo;ann\u00e9e derni\u00e8re, l&rsquo;entreprise a sign\u00e9 un accord avec le fondeur ta\u00efwanais UMC pour fournir la technologie au march\u00e9 libre avec des clients tels que <a href=\"https:\/\/www.eenewseurope.com\/en\/metalenz-teams-for-structured-light-projector-for-3d-sensing\/\">Vertilite<\/a> pour les capteurs de lumi\u00e8re structur\u00e9s.<\/p>\n<p><a title=\"www.st.com\" href=\"http:\/\/www.st.com\" target=\"_blank\" rel=\"noopener\">www.st.com<\/a> <a href=\"http:\/\/www.st.com\">;<\/a> <a href=\"http:\/\/www.letalenz.com\">www.letalenz.com<\/a><\/p>\n<p>&nbsp;<\/p>\n<p>&nbsp;<\/p>\n","protected":false},"excerpt":{"rendered":"<p>STMicroelectronics a sign\u00e9 un nouvel accord de licence pour int\u00e9grer la propri\u00e9t\u00e9 intellectuelle de Metalenz en mati\u00e8re d&rsquo;optique de m\u00e9tasurface dans une plus large gamme de capteurs. ST utilise d\u00e9j\u00e0 la technologie Metalens pour ses capteurs \u00e0 temps de vol (ToF) bas\u00e9s sur l&rsquo;IA, en fabriquant les lentilles plates sur les m\u00eames plaquettes de 300 [&hellip;]<\/p>\n","protected":false},"author":34,"featured_media":483004,"comment_status":"closed","ping_status":"closed","sticky":false,"template":"","format":"standard","meta":{"_acf_changed":false,"footnotes":""},"categories":[880],"tags":[3679,10183,10184,907,1920],"domains":[47],"ppma_author":[3640,1153],"class_list":["post-483020","post","type-post","status-publish","format-standard","has-post-thumbnail","hentry","category-actualites-economiques","tag-ai-fr","tag-metalenz","tag-metasurface-fr","tag-optoelectronics-fr","tag-optoelectronique","domains-electronique-eci"],"acf":[],"yoast_head":"<title>ST prolonge son accord sur les optiques \u00e0 m\u00e9tasurface ...<\/title>\n<meta name=\"description\" content=\"STMicroelectronics a sign\u00e9 un nouvel accord de licence pour int\u00e9grer l&#039;IP de m\u00e9tasurface de Metalenz dans une plus large gamme de capteurs\" \/>\n<meta name=\"robots\" content=\"index, follow, max-snippet:-1, max-image-preview:large, max-video-preview:-1\" \/>\n<link rel=\"canonical\" href=\"https:\/\/www.ecinews.fr\/fr\/wp-json\/wp\/v2\/posts\/483020\/\" \/>\n<meta property=\"og:locale\" content=\"fr_FR\" \/>\n<meta property=\"og:type\" content=\"article\" \/>\n<meta property=\"og:title\" content=\"ST prolonge son accord sur les optiques \u00e0 m\u00e9tasurface\" \/>\n<meta property=\"og:description\" content=\"STMicroelectronics a sign\u00e9 un nouvel accord de licence pour int\u00e9grer l&#039;IP de m\u00e9tasurface de Metalenz dans une plus large gamme de capteurs\" \/>\n<meta property=\"og:url\" content=\"https:\/\/www.ecinews.fr\/fr\/wp-json\/wp\/v2\/posts\/483020\/\" \/>\n<meta property=\"og:site_name\" content=\"EENewsEurope\" \/>\n<meta property=\"article:published_time\" content=\"2025-07-11T07:07:27+00:00\" \/>\n<meta property=\"og:image\" content=\"https:\/\/www.eenewseurope.com\/wp-content\/uploads\/2025\/07\/300mm-metasurface-optics-manufactured-ST-integrating-Metalenz-big.jpg\" \/>\n\t<meta property=\"og:image:width\" content=\"900\" \/>\n\t<meta property=\"og:image:height\" content=\"675\" \/>\n\t<meta property=\"og:image:type\" content=\"image\/jpeg\" \/>\n<meta name=\"author\" content=\"Nick Flaherty, A Delapalisse\" \/>\n<meta name=\"twitter:card\" content=\"summary_large_image\" \/>\n<meta name=\"twitter:label1\" content=\"Written by\" \/>\n\t<meta name=\"twitter:data1\" content=\"A Delapalisse\" \/>\n\t<meta name=\"twitter:label2\" content=\"Est. reading time\" \/>\n\t<meta name=\"twitter:data2\" content=\"3 minutes\" \/>\n<script type=\"application\/ld+json\" class=\"yoast-schema-graph\">{\"@context\":\"https:\/\/schema.org\",\"@graph\":[{\"@type\":\"Article\",\"@id\":\"https:\/\/www.eenewseurope.com\/fr\/st-prolonge-son-accord-sur-les-optiques-a-metasurface\/#article\",\"isPartOf\":{\"@id\":\"https:\/\/www.eenewseurope.com\/fr\/st-prolonge-son-accord-sur-les-optiques-a-metasurface\/\"},\"author\":{\"name\":\"A Delapalisse\",\"@id\":\"https:\/\/www.ecinews.fr\/fr\/#\/schema\/person\/0aa2cfb0bd8949724a68cbac8d8321b4\"},\"headline\":\"ST prolonge son accord sur les optiques \u00e0 m\u00e9tasurface\",\"datePublished\":\"2025-07-11T07:07:27+00:00\",\"dateModified\":\"2025-07-11T07:07:27+00:00\",\"mainEntityOfPage\":{\"@id\":\"https:\/\/www.eenewseurope.com\/fr\/st-prolonge-son-accord-sur-les-optiques-a-metasurface\/\"},\"wordCount\":544,\"publisher\":{\"@id\":\"https:\/\/www.ecinews.fr\/fr\/#organization\"},\"keywords\":[\"AI\",\"Metalenz\",\"metasurface\",\"Optoelectronics\",\"Opto\u00e9lectronique\"],\"articleSection\":[\"Actualit\u00e9s \u00e9conomiques\"],\"inLanguage\":\"fr-FR\"},{\"@type\":\"WebPage\",\"@id\":\"https:\/\/www.eenewseurope.com\/fr\/st-prolonge-son-accord-sur-les-optiques-a-metasurface\/\",\"url\":\"https:\/\/www.eenewseurope.com\/fr\/st-prolonge-son-accord-sur-les-optiques-a-metasurface\/\",\"name\":\"ST prolonge son accord sur les optiques \u00e0 m\u00e9tasurface -\",\"isPartOf\":{\"@id\":\"https:\/\/www.ecinews.fr\/fr\/#website\"},\"datePublished\":\"2025-07-11T07:07:27+00:00\",\"dateModified\":\"2025-07-11T07:07:27+00:00\",\"description\":\"STMicroelectronics a sign\u00e9 un nouvel accord de licence pour int\u00e9grer l'IP de m\u00e9tasurface de Metalenz dans une plus large gamme de capteurs\",\"breadcrumb\":{\"@id\":\"https:\/\/www.eenewseurope.com\/fr\/st-prolonge-son-accord-sur-les-optiques-a-metasurface\/#breadcrumb\"},\"inLanguage\":\"fr-FR\",\"potentialAction\":[{\"@type\":\"ReadAction\",\"target\":[\"https:\/\/www.eenewseurope.com\/fr\/st-prolonge-son-accord-sur-les-optiques-a-metasurface\/\"]}]},{\"@type\":\"BreadcrumbList\",\"@id\":\"https:\/\/www.eenewseurope.com\/fr\/st-prolonge-son-accord-sur-les-optiques-a-metasurface\/#breadcrumb\",\"itemListElement\":[{\"@type\":\"ListItem\",\"position\":1,\"name\":\"Home\",\"item\":\"https:\/\/www.ecinews.fr\/fr\/\"},{\"@type\":\"ListItem\",\"position\":2,\"name\":\"ST prolonge son accord sur les optiques \u00e0 m\u00e9tasurface\"}]},{\"@type\":\"WebSite\",\"@id\":\"https:\/\/www.ecinews.fr\/fr\/#website\",\"url\":\"https:\/\/www.ecinews.fr\/fr\/\",\"name\":\"EENewsEurope\",\"description\":\"Just another WordPress site\",\"publisher\":{\"@id\":\"https:\/\/www.ecinews.fr\/fr\/#organization\"},\"potentialAction\":[{\"@type\":\"SearchAction\",\"target\":{\"@type\":\"EntryPoint\",\"urlTemplate\":\"https:\/\/www.ecinews.fr\/fr\/?s={search_term_string}\"},\"query-input\":\"required name=search_term_string\"}],\"inLanguage\":\"fr-FR\"},{\"@type\":\"Organization\",\"@id\":\"https:\/\/www.ecinews.fr\/fr\/#organization\",\"name\":\"EENewsEurope\",\"url\":\"https:\/\/www.ecinews.fr\/fr\/\",\"logo\":{\"@type\":\"ImageObject\",\"inLanguage\":\"fr-FR\",\"@id\":\"https:\/\/www.ecinews.fr\/fr\/#\/schema\/logo\/image\/\",\"url\":\"https:\/\/www.ecinews.fr\/wp-content\/uploads\/2022\/02\/logo-1.jpg\",\"contentUrl\":\"https:\/\/www.ecinews.fr\/wp-content\/uploads\/2022\/02\/logo-1.jpg\",\"width\":283,\"height\":113,\"caption\":\"EENewsEurope\"},\"image\":{\"@id\":\"https:\/\/www.ecinews.fr\/fr\/#\/schema\/logo\/image\/\"}},{\"@type\":\"Person\",\"@id\":\"https:\/\/www.ecinews.fr\/fr\/#\/schema\/person\/0aa2cfb0bd8949724a68cbac8d8321b4\",\"name\":\"A Delapalisse\",\"image\":{\"@type\":\"ImageObject\",\"inLanguage\":\"fr-FR\",\"@id\":\"https:\/\/www.ecinews.fr\/fr\/#\/schema\/person\/image\/211ac42237c2e9683c0964086c393cb4\",\"url\":\"https:\/\/secure.gravatar.com\/avatar\/ad45a8c5da24bc9c7c4940dd1c48a695?s=96&d=mm&r=g\",\"contentUrl\":\"https:\/\/secure.gravatar.com\/avatar\/ad45a8c5da24bc9c7c4940dd1c48a695?s=96&d=mm&r=g\",\"caption\":\"A Delapalisse\"},\"sameAs\":[\"http:\/\/ECI\"]}]}<\/script>","yoast_head_json":{"title":"ST prolonge son accord sur les optiques \u00e0 m\u00e9tasurface ...","description":"STMicroelectronics a sign\u00e9 un nouvel accord de licence pour int\u00e9grer l'IP de m\u00e9tasurface de Metalenz dans une plus large gamme de capteurs","robots":{"index":"index","follow":"follow","max-snippet":"max-snippet:-1","max-image-preview":"max-image-preview:large","max-video-preview":"max-video-preview:-1"},"canonical":"https:\/\/www.ecinews.fr\/fr\/wp-json\/wp\/v2\/posts\/483020\/","og_locale":"fr_FR","og_type":"article","og_title":"ST prolonge son accord sur les optiques \u00e0 m\u00e9tasurface","og_description":"STMicroelectronics a sign\u00e9 un nouvel accord de licence pour int\u00e9grer l'IP de m\u00e9tasurface de Metalenz dans une plus large gamme de capteurs","og_url":"https:\/\/www.ecinews.fr\/fr\/wp-json\/wp\/v2\/posts\/483020\/","og_site_name":"EENewsEurope","article_published_time":"2025-07-11T07:07:27+00:00","og_image":[{"width":900,"height":675,"url":"https:\/\/www.eenewseurope.com\/wp-content\/uploads\/2025\/07\/300mm-metasurface-optics-manufactured-ST-integrating-Metalenz-big.jpg","type":"image\/jpeg"}],"author":"Nick Flaherty, A Delapalisse","twitter_card":"summary_large_image","twitter_misc":{"Written by":"A Delapalisse","Est. reading time":"3 minutes"},"schema":{"@context":"https:\/\/schema.org","@graph":[{"@type":"Article","@id":"https:\/\/www.eenewseurope.com\/fr\/st-prolonge-son-accord-sur-les-optiques-a-metasurface\/#article","isPartOf":{"@id":"https:\/\/www.eenewseurope.com\/fr\/st-prolonge-son-accord-sur-les-optiques-a-metasurface\/"},"author":{"name":"A Delapalisse","@id":"https:\/\/www.ecinews.fr\/fr\/#\/schema\/person\/0aa2cfb0bd8949724a68cbac8d8321b4"},"headline":"ST prolonge son accord sur les optiques \u00e0 m\u00e9tasurface","datePublished":"2025-07-11T07:07:27+00:00","dateModified":"2025-07-11T07:07:27+00:00","mainEntityOfPage":{"@id":"https:\/\/www.eenewseurope.com\/fr\/st-prolonge-son-accord-sur-les-optiques-a-metasurface\/"},"wordCount":544,"publisher":{"@id":"https:\/\/www.ecinews.fr\/fr\/#organization"},"keywords":["AI","Metalenz","metasurface","Optoelectronics","Opto\u00e9lectronique"],"articleSection":["Actualit\u00e9s \u00e9conomiques"],"inLanguage":"fr-FR"},{"@type":"WebPage","@id":"https:\/\/www.eenewseurope.com\/fr\/st-prolonge-son-accord-sur-les-optiques-a-metasurface\/","url":"https:\/\/www.eenewseurope.com\/fr\/st-prolonge-son-accord-sur-les-optiques-a-metasurface\/","name":"ST prolonge son accord sur les optiques \u00e0 m\u00e9tasurface -","isPartOf":{"@id":"https:\/\/www.ecinews.fr\/fr\/#website"},"datePublished":"2025-07-11T07:07:27+00:00","dateModified":"2025-07-11T07:07:27+00:00","description":"STMicroelectronics a sign\u00e9 un nouvel accord de licence pour int\u00e9grer l'IP de m\u00e9tasurface de Metalenz dans une plus large gamme de capteurs","breadcrumb":{"@id":"https:\/\/www.eenewseurope.com\/fr\/st-prolonge-son-accord-sur-les-optiques-a-metasurface\/#breadcrumb"},"inLanguage":"fr-FR","potentialAction":[{"@type":"ReadAction","target":["https:\/\/www.eenewseurope.com\/fr\/st-prolonge-son-accord-sur-les-optiques-a-metasurface\/"]}]},{"@type":"BreadcrumbList","@id":"https:\/\/www.eenewseurope.com\/fr\/st-prolonge-son-accord-sur-les-optiques-a-metasurface\/#breadcrumb","itemListElement":[{"@type":"ListItem","position":1,"name":"Home","item":"https:\/\/www.ecinews.fr\/fr\/"},{"@type":"ListItem","position":2,"name":"ST prolonge son accord sur les optiques \u00e0 m\u00e9tasurface"}]},{"@type":"WebSite","@id":"https:\/\/www.ecinews.fr\/fr\/#website","url":"https:\/\/www.ecinews.fr\/fr\/","name":"EENewsEurope","description":"Just another WordPress site","publisher":{"@id":"https:\/\/www.ecinews.fr\/fr\/#organization"},"potentialAction":[{"@type":"SearchAction","target":{"@type":"EntryPoint","urlTemplate":"https:\/\/www.ecinews.fr\/fr\/?s={search_term_string}"},"query-input":"required name=search_term_string"}],"inLanguage":"fr-FR"},{"@type":"Organization","@id":"https:\/\/www.ecinews.fr\/fr\/#organization","name":"EENewsEurope","url":"https:\/\/www.ecinews.fr\/fr\/","logo":{"@type":"ImageObject","inLanguage":"fr-FR","@id":"https:\/\/www.ecinews.fr\/fr\/#\/schema\/logo\/image\/","url":"https:\/\/www.ecinews.fr\/wp-content\/uploads\/2022\/02\/logo-1.jpg","contentUrl":"https:\/\/www.ecinews.fr\/wp-content\/uploads\/2022\/02\/logo-1.jpg","width":283,"height":113,"caption":"EENewsEurope"},"image":{"@id":"https:\/\/www.ecinews.fr\/fr\/#\/schema\/logo\/image\/"}},{"@type":"Person","@id":"https:\/\/www.ecinews.fr\/fr\/#\/schema\/person\/0aa2cfb0bd8949724a68cbac8d8321b4","name":"A Delapalisse","image":{"@type":"ImageObject","inLanguage":"fr-FR","@id":"https:\/\/www.ecinews.fr\/fr\/#\/schema\/person\/image\/211ac42237c2e9683c0964086c393cb4","url":"https:\/\/secure.gravatar.com\/avatar\/ad45a8c5da24bc9c7c4940dd1c48a695?s=96&d=mm&r=g","contentUrl":"https:\/\/secure.gravatar.com\/avatar\/ad45a8c5da24bc9c7c4940dd1c48a695?s=96&d=mm&r=g","caption":"A Delapalisse"},"sameAs":["http:\/\/ECI"]}]}},"authors":[{"term_id":3640,"user_id":0,"is_guest":1,"slug":"nick-flaherty","display_name":"Nick Flaherty","avatar_url":"https:\/\/secure.gravatar.com\/avatar\/?s=96&d=mm&r=g","0":null,"1":"","2":"","3":"","4":"","5":"","6":"","7":"","8":""},{"term_id":1153,"user_id":34,"is_guest":0,"slug":"adelapalisse","display_name":"A Delapalisse","avatar_url":"https:\/\/secure.gravatar.com\/avatar\/ad45a8c5da24bc9c7c4940dd1c48a695?s=96&d=mm&r=g","0":null,"1":"","2":"","3":"","4":"","5":"","6":"","7":"","8":""}],"_links":{"self":[{"href":"https:\/\/www.ecinews.fr\/fr\/wp-json\/wp\/v2\/posts\/483020"}],"collection":[{"href":"https:\/\/www.ecinews.fr\/fr\/wp-json\/wp\/v2\/posts"}],"about":[{"href":"https:\/\/www.ecinews.fr\/fr\/wp-json\/wp\/v2\/types\/post"}],"author":[{"embeddable":true,"href":"https:\/\/www.ecinews.fr\/fr\/wp-json\/wp\/v2\/users\/34"}],"replies":[{"embeddable":true,"href":"https:\/\/www.ecinews.fr\/fr\/wp-json\/wp\/v2\/comments?post=483020"}],"version-history":[{"count":0,"href":"https:\/\/www.ecinews.fr\/fr\/wp-json\/wp\/v2\/posts\/483020\/revisions"}],"wp:featuredmedia":[{"embeddable":true,"href":"https:\/\/www.ecinews.fr\/fr\/wp-json\/wp\/v2\/media\/483004"}],"wp:attachment":[{"href":"https:\/\/www.ecinews.fr\/fr\/wp-json\/wp\/v2\/media?parent=483020"}],"wp:term":[{"taxonomy":"category","embeddable":true,"href":"https:\/\/www.ecinews.fr\/fr\/wp-json\/wp\/v2\/categories?post=483020"},{"taxonomy":"post_tag","embeddable":true,"href":"https:\/\/www.ecinews.fr\/fr\/wp-json\/wp\/v2\/tags?post=483020"},{"taxonomy":"domains","embeddable":true,"href":"https:\/\/www.ecinews.fr\/fr\/wp-json\/wp\/v2\/domains?post=483020"},{"taxonomy":"author","embeddable":true,"href":"https:\/\/www.ecinews.fr\/fr\/wp-json\/wp\/v2\/ppma_author?post=483020"}],"curies":[{"name":"wp","href":"https:\/\/api.w.org\/{rel}","templated":true}]}}