{"id":482625,"date":"2025-07-03T14:16:35","date_gmt":"2025-07-03T12:16:35","guid":{"rendered":"https:\/\/www.ecinews.fr\/?p=482625"},"modified":"2025-07-03T16:31:56","modified_gmt":"2025-07-03T14:31:56","slug":"leurope-prepare-le-quantum-act-pour-linformatique-quantique","status":"publish","type":"post","link":"https:\/\/www.ecinews.fr\/fr\/leurope-prepare-le-quantum-act-pour-linformatique-quantique\/","title":{"rendered":"L&rsquo;Europe pr\u00e9pare le Quantum Act  pour l&rsquo;informatique quantique"},"content":{"rendered":"<p>La Commission europ\u00e9enne pr\u00e9pare un Quantum Act pour stimuler le d\u00e9veloppement des technologies quantiques, mais pas de la m\u00eame mani\u00e8re que l&rsquo;EU CHIPS Act pour les semi-conducteurs.<\/p>\n<p>La loi est pr\u00e9par\u00e9e pour 2026 et fait suite \u00e0 la publication de la <a href=\"https:\/\/digital-strategy.ec.europa.eu\/en\/news-redirect\/889952\">strat\u00e9gie quantique<\/a> visant \u00e0 faire de l&rsquo;Europe un leader dans le domaine de la technologie d&rsquo;ici 2030. Cette strat\u00e9gie pr\u00e9voit la cr\u00e9ation de six lignes pilotes et d&rsquo;un centre de conception quantique.<\/p>\n<ul>\n<li><a href=\"https:\/\/www.eenewseurope.com\/en\/the-thrill-of-quantum-in-2025\/\">Le frisson du quantique en 2025<\/a><\/li>\n<\/ul>\n<p>Plus de 11 milliards d&rsquo;euros de financement public (europ\u00e9en et national) ont d\u00e9j\u00e0 \u00e9t\u00e9 engag\u00e9s au cours des cinq derni\u00e8res ann\u00e9es, dont pr\u00e8s de 2 milliards d&rsquo;euros pour la seule Union europ\u00e9enne dans les technologies quantiques.<\/p>\n<p>Le Quantum Flagship existe depuis 2018 et dispose d&rsquo;un budget d&rsquo;un milliard d&rsquo;euros, mais il est reconnu que, bien qu&rsquo;elle soit leader en mati\u00e8re de recherche, la r\u00e9gion est \u00e0 la tra\u00eene en mati\u00e8re de commercialisation.<\/p>\n<p>Afin d&rsquo;\u00e9largir l&rsquo;acc\u00e8s aux installations d&rsquo;essai, aux \u00e9quipements sp\u00e9cialis\u00e9s et aux possibilit\u00e9s d&rsquo;exp\u00e9rimentation, les installations pilotes existantes du Quantum Flagship seront converties en un r\u00e9seau centralis\u00e9 de bancs d&rsquo;essai quantiques en libre acc\u00e8s \u00e0 l&rsquo;\u00e9chelle de l&rsquo;Europe. Ils permettront de tester, de valider et d&rsquo;\u00e9valuer les dispositifs quantiques, en particulier pour les startups et les PME, afin d&rsquo;acc\u00e9l\u00e9rer le passage du prototype au march\u00e9.<\/p>\n<ul>\n<li><a href=\"https:\/\/www.eenewseurope.com\/en\/europes-first-ion-trap-chip-pilot-line-approved\/\">Approbation de la premi\u00e8re ligne pilote de pi\u00e8ge \u00e0 ions quantique en Europe<\/a><\/li>\n<li><a href=\"https:\/\/www.eenewseurope.com\/en\/europe-falls-behind-in-quantum-patents-despite-strong-growth\/\">L&rsquo;Europe est \u00e0 la tra\u00eene en mati\u00e8re de brevets quantiques<\/a><\/li>\n<\/ul>\n<p>L&rsquo;engagement de faire de l&rsquo;Europe \u00ab\u00a0un\u00a0\u00bb leader plut\u00f4t que \u00ab\u00a0le\u00a0\u00bb leader permet d&rsquo;\u00e9viter un conflit direct avec les \u00c9tats-Unis, qui ont <a href=\"https:\/\/www.eenewseurope.com\/en\/darpas-quantum-moment\/\">investi massivement dans les entreprises quantiques<\/a> au cours des deux derni\u00e8res ann\u00e9es pour rattraper l&rsquo;Europe et la Chine.<\/p>\n<p>La strat\u00e9gie quantique europ\u00e9enne vise \u00e0 cr\u00e9er un \u00e9cosyst\u00e8me quantique r\u00e9silient et souverain qui alimente les startups et cr\u00e9e des opportunit\u00e9s commerciales. Cependant, la r\u00e9gion, y compris le Royaume-Uni, a perdu des startups au profit d&rsquo;entreprises am\u00e9ricaines, comme le montre la r\u00e9cente acquisition d&rsquo;Oxford Ionics par IonQ, avec des implications strat\u00e9giques.<\/p>\n<ul>\n<li><a href=\"https:\/\/www.eenewseurope.com\/en\/what-the-uks-quantum-unicorn-deal-means-for-europe\/\">Ce que l&rsquo;accord sur la licorne quantique du Royaume-Uni signifie pour l&rsquo;Europe<\/a><\/li>\n<li><a href=\"https:\/\/www.eenewseurope.com\/en\/europe-to-sign-quantum-deal-with-japan\/\">L&rsquo;Europe s&rsquo;appr\u00eate \u00e0 signer un accord sur les produits quantiques avec le Japon<\/a><\/li>\n<\/ul>\n<p>Toutefois, la Commission a reconnu la n\u00e9cessit\u00e9 de disposer d&rsquo;une capacit\u00e9 souveraine, avec un fort potentiel de double usage pour la d\u00e9fense et la s\u00e9curit\u00e9. D&rsquo;ici \u00e0 2040, le secteur devrait cr\u00e9er des milliers d&#8217;emplois hautement qualifi\u00e9s dans l&rsquo;UE et d\u00e9passer une valeur globale de 155 milliards d&rsquo;euros.<\/p>\n<p>\u00ab\u00a0Nous devons maintenant nous assurer que nous coordonnons les investissements de mani\u00e8re encore plus efficace afin de rester \u00e0 la pointe des technologies quantiques\u00a0\u00bb, a d\u00e9clar\u00e9 la Commission.<\/p>\n<p>La strat\u00e9gie vise cinq domaines : la recherche et l&rsquo;innovation, les infrastructures quantiques, le renforcement des \u00e9cosyst\u00e8mes, les technologies spatiales et \u00e0 double usage, et les comp\u00e9tences quantiques :<\/p>\n<ul>\n<li>L&rsquo;initiative de recherche et d&rsquo;innovation Quantum Europe sera un effort conjoint de l&rsquo;UE et des \u00c9tats membres pour soutenir la recherche fondamentale et d\u00e9velopper des applications dans des secteurs publics et industriels cl\u00e9s.<\/li>\n<li>Un centre de conception quantique et six lignes pilotes de puces quantiques seront mis en place, avec un financement public pouvant atteindre 50 millions d&rsquo;euros, afin de transformer les prototypes scientifiques en produits manufacturables.<\/li>\n<li>Une installation pilote pour l&rsquo;internet quantique europ\u00e9en s&rsquo;appuiera sur l&rsquo;accord EuroQCI qui a \u00e9t\u00e9 sign\u00e9 par les 27 \u00c9tats membres de l&rsquo;UE en 2019 pour d\u00e9velopper une infrastructure de communication quantique couvrant l&rsquo;ensemble de l&rsquo;UE.<\/li>\n<li>Le r\u00e9seau des p\u00f4les de comp\u00e9tences quantiques de l&rsquo;UE sera \u00e9largi avec la cr\u00e9ation d&rsquo;une Acad\u00e9mie europ\u00e9enne des comp\u00e9tences quantiques en 2026.<\/li>\n<li>Une feuille de route pour la technologie quantique dans l&rsquo;espace sera \u00e9labor\u00e9e avec l&rsquo;Agence spatiale europ\u00e9enne et contribuera \u00e0 la feuille de route technologique europ\u00e9enne en mati\u00e8re d&rsquo;armement.<\/li>\n<\/ul>\n<p>La strat\u00e9gie vise \u00e0 augmenter la part du financement priv\u00e9 mondial que les entreprises quantiques europ\u00e9ennes re\u00e7oivent, qui est actuellement d&rsquo;environ 5 %, \u00e0 stimuler la croissance des startups et des scale-ups europ\u00e9ennes et \u00e0 promouvoir l&rsquo;adoption des solutions quantiques europ\u00e9ennes par les industries europ\u00e9ennes.<\/p>\n<p>Un conseil consultatif de haut niveau r\u00e9unira des scientifiques et des experts en technologie quantique europ\u00e9ens de premier plan, y compris des laur\u00e9ats europ\u00e9ens du prix Nobel en quantique. Il fournira des conseils strat\u00e9giques ind\u00e9pendants sur la mise en \u0153uvre de la strat\u00e9gie Quantum Europe.<\/p>\n<ul>\n<li><a href=\"https:\/\/www.eenewseurope.com\/en\/the-european-chips-act-has-no-clothes\/\">Le CHIPS Act europ\u00e9en est nu<\/a><\/li>\n<\/ul>\n<p>Il s&rsquo;agit d&rsquo;une diff\u00e9rence par rapport \u00e0 la loi CHIPS, qui a \u00e9t\u00e9 <a href=\"https:\/\/www.eenewseurope.com\/en\/europe-will-miss-semiconductor-targets-says-report\/\">critiqu\u00e9e pour son manque de contr\u00f4le strat\u00e9gique.<\/a><\/p>\n<p>L&rsquo;un des principaux changements d&rsquo;orientation de la strat\u00e9gie consiste \u00e0 r\u00e9pondre au besoin d&rsquo;un plus grand nombre d&rsquo;ordinateurs quantiques hybrides avec des superordinateurs dans la r\u00e9gion. Depuis 2023, l&rsquo;<a href=\"https:\/\/digital-strategy.ec.europa.eu\/en\/policies\/eurohpc-ju\">entreprise commune pour le calcul europ\u00e9en \u00e0 haute performance<\/a> (EuroHPC JU) <a href=\"https:\/\/www.bsc.es\/news\/bsc-news\/signature-the-procurement-contract-the-eurohpc-quantum-computer-located-bsc\">a sign\u00e9 des accords d&rsquo;h\u00e9bergement avec huit sites dans l&rsquo;<\/a>UE pour accueillir les premiers ordinateurs quantiques europ\u00e9ens, qui seront int\u00e9gr\u00e9s aux super-ordinateurs EuroHPC.<\/p>\n<p>Ces nouveaux ordinateurs quantiques, bas\u00e9s sur une technologie europ\u00e9enne de pointe, seront install\u00e9s en Allemagne, en Espagne, en France, en Italie, en Pologne, au Luxembourg, aux Pays-Bas et en R\u00e9publique tch\u00e8que. L&rsquo;investissement total s&rsquo;\u00e9l\u00e8ve \u00e0 140 millions d&rsquo;euros, dont 50 % proviennent de l&rsquo;UE et 50 % de 17 des pays participant \u00e0 l&rsquo;EC EuroHPC.<\/p>\n<p>Ces huit ordinateurs quantiques viennent s&rsquo;ajouter \u00e0 deux simulateurs quantiques analogiques \u00e9galement acquis dans le cadre de l&rsquo;EC EuroHPC, install\u00e9s au Tr\u00e8s Grand Centre de Calcul en France et au J\u00fclich Supercomputing Centre en Allemagne.<\/p>\n<p><a href=\"ec.europa.eu\">ec.europa.eu<\/a><\/p>\n<p>&nbsp;<\/p>\n","protected":false},"excerpt":{"rendered":"<p>La Commission europ\u00e9enne pr\u00e9pare un Quantum Act pour stimuler le d\u00e9veloppement des technologies quantiques, mais pas de la m\u00eame mani\u00e8re que l&rsquo;EU CHIPS Act pour les semi-conducteurs. La loi est pr\u00e9par\u00e9e pour 2026 et fait suite \u00e0 la publication de la strat\u00e9gie quantique visant \u00e0 faire de l&rsquo;Europe un leader dans le domaine de la [&hellip;]<\/p>\n","protected":false},"author":40,"featured_media":482531,"comment_status":"closed","ping_status":"closed","sticky":false,"template":"","format":"standard","meta":{"_acf_changed":false,"footnotes":""},"categories":[883],"tags":[1603,10127],"domains":[47],"ppma_author":[3640,6199],"class_list":["post-482625","post","type-post","status-publish","format-standard","has-post-thumbnail","hentry","category-technologies","tag-quantique","tag-quantum-act","domains-electronique-eci"],"acf":[],"yoast_head":"<title>L&#039;Europe pr\u00e9pare le Quantum Act pour l&#039;informatique quantique ...<\/title>\n<meta name=\"description\" content=\"La Commission europ\u00e9enne pr\u00e9pare un Quantum Act pour stimuler le d\u00e9veloppement des technologies quantiques, parall\u00e8lement \u00e0 la loi CHIPS.\" \/>\n<meta name=\"robots\" content=\"index, follow, max-snippet:-1, max-image-preview:large, max-video-preview:-1\" \/>\n<link rel=\"canonical\" href=\"https:\/\/www.ecinews.fr\/fr\/wp-json\/wp\/v2\/posts\/482625\/\" \/>\n<meta property=\"og:locale\" content=\"fr_FR\" \/>\n<meta property=\"og:type\" content=\"article\" \/>\n<meta property=\"og:title\" content=\"L&#039;Europe pr\u00e9pare le Quantum Act pour l&#039;informatique quantique\" \/>\n<meta property=\"og:description\" content=\"La Commission europ\u00e9enne pr\u00e9pare un Quantum Act pour stimuler le d\u00e9veloppement des technologies quantiques, parall\u00e8lement \u00e0 la loi CHIPS.\" \/>\n<meta property=\"og:url\" content=\"https:\/\/www.ecinews.fr\/fr\/wp-json\/wp\/v2\/posts\/482625\/\" \/>\n<meta property=\"og:site_name\" content=\"EENewsEurope\" \/>\n<meta property=\"article:published_time\" content=\"2025-07-03T12:16:35+00:00\" \/>\n<meta property=\"article:modified_time\" content=\"2025-07-03T14:31:56+00:00\" \/>\n<meta property=\"og:image\" content=\"https:\/\/www.eenewseurope.com\/wp-content\/uploads\/2025\/07\/Quantum-EU-flag.jpg\" \/>\n\t<meta property=\"og:image:width\" content=\"1000\" \/>\n\t<meta property=\"og:image:height\" content=\"674\" \/>\n\t<meta property=\"og:image:type\" content=\"image\/jpeg\" \/>\n<meta name=\"author\" content=\"Nick Flaherty, A Delapalisse\" \/>\n<meta name=\"twitter:card\" content=\"summary_large_image\" \/>\n<meta name=\"twitter:label1\" content=\"Written by\" \/>\n\t<meta name=\"twitter:data1\" content=\"A Delapalisse\" \/>\n\t<meta name=\"twitter:label2\" content=\"Est. reading time\" \/>\n\t<meta name=\"twitter:data2\" content=\"4 minutes\" \/>\n<script type=\"application\/ld+json\" class=\"yoast-schema-graph\">{\"@context\":\"https:\/\/schema.org\",\"@graph\":[{\"@type\":\"Article\",\"@id\":\"https:\/\/www.eenewseurope.com\/fr\/leurope-prepare-le-quantum-act-pour-linformatique-quantique\/#article\",\"isPartOf\":{\"@id\":\"https:\/\/www.eenewseurope.com\/fr\/leurope-prepare-le-quantum-act-pour-linformatique-quantique\/\"},\"author\":{\"name\":\"A Delapalisse\",\"@id\":\"https:\/\/www.ecinews.fr\/fr\/#\/schema\/person\/4b3db5ba5c953c5fddeb226df86d8635\"},\"headline\":\"L&rsquo;Europe pr\u00e9pare le Quantum Act pour l&rsquo;informatique quantique\",\"datePublished\":\"2025-07-03T12:16:35+00:00\",\"dateModified\":\"2025-07-03T14:31:56+00:00\",\"mainEntityOfPage\":{\"@id\":\"https:\/\/www.eenewseurope.com\/fr\/leurope-prepare-le-quantum-act-pour-linformatique-quantique\/\"},\"wordCount\":1029,\"publisher\":{\"@id\":\"https:\/\/www.ecinews.fr\/fr\/#organization\"},\"keywords\":[\"Quantique\",\"Quantum Act\"],\"articleSection\":[\"Technologies\"],\"inLanguage\":\"fr-FR\"},{\"@type\":\"WebPage\",\"@id\":\"https:\/\/www.eenewseurope.com\/fr\/leurope-prepare-le-quantum-act-pour-linformatique-quantique\/\",\"url\":\"https:\/\/www.eenewseurope.com\/fr\/leurope-prepare-le-quantum-act-pour-linformatique-quantique\/\",\"name\":\"L'Europe pr\u00e9pare le Quantum Act pour l'informatique quantique -\",\"isPartOf\":{\"@id\":\"https:\/\/www.ecinews.fr\/fr\/#website\"},\"datePublished\":\"2025-07-03T12:16:35+00:00\",\"dateModified\":\"2025-07-03T14:31:56+00:00\",\"description\":\"La Commission europ\u00e9enne pr\u00e9pare un Quantum Act pour stimuler le d\u00e9veloppement des technologies quantiques, parall\u00e8lement \u00e0 la loi CHIPS.\",\"breadcrumb\":{\"@id\":\"https:\/\/www.eenewseurope.com\/fr\/leurope-prepare-le-quantum-act-pour-linformatique-quantique\/#breadcrumb\"},\"inLanguage\":\"fr-FR\",\"potentialAction\":[{\"@type\":\"ReadAction\",\"target\":[\"https:\/\/www.eenewseurope.com\/fr\/leurope-prepare-le-quantum-act-pour-linformatique-quantique\/\"]}]},{\"@type\":\"BreadcrumbList\",\"@id\":\"https:\/\/www.eenewseurope.com\/fr\/leurope-prepare-le-quantum-act-pour-linformatique-quantique\/#breadcrumb\",\"itemListElement\":[{\"@type\":\"ListItem\",\"position\":1,\"name\":\"Home\",\"item\":\"https:\/\/www.ecinews.fr\/fr\/\"},{\"@type\":\"ListItem\",\"position\":2,\"name\":\"L&rsquo;Europe pr\u00e9pare le Quantum Act pour l&rsquo;informatique quantique\"}]},{\"@type\":\"WebSite\",\"@id\":\"https:\/\/www.ecinews.fr\/fr\/#website\",\"url\":\"https:\/\/www.ecinews.fr\/fr\/\",\"name\":\"EENewsEurope\",\"description\":\"Just another WordPress site\",\"publisher\":{\"@id\":\"https:\/\/www.ecinews.fr\/fr\/#organization\"},\"potentialAction\":[{\"@type\":\"SearchAction\",\"target\":{\"@type\":\"EntryPoint\",\"urlTemplate\":\"https:\/\/www.ecinews.fr\/fr\/?s={search_term_string}\"},\"query-input\":\"required name=search_term_string\"}],\"inLanguage\":\"fr-FR\"},{\"@type\":\"Organization\",\"@id\":\"https:\/\/www.ecinews.fr\/fr\/#organization\",\"name\":\"EENewsEurope\",\"url\":\"https:\/\/www.ecinews.fr\/fr\/\",\"logo\":{\"@type\":\"ImageObject\",\"inLanguage\":\"fr-FR\",\"@id\":\"https:\/\/www.ecinews.fr\/fr\/#\/schema\/logo\/image\/\",\"url\":\"https:\/\/www.ecinews.fr\/wp-content\/uploads\/2022\/02\/logo-1.jpg\",\"contentUrl\":\"https:\/\/www.ecinews.fr\/wp-content\/uploads\/2022\/02\/logo-1.jpg\",\"width\":283,\"height\":113,\"caption\":\"EENewsEurope\"},\"image\":{\"@id\":\"https:\/\/www.ecinews.fr\/fr\/#\/schema\/logo\/image\/\"}},{\"@type\":\"Person\",\"@id\":\"https:\/\/www.ecinews.fr\/fr\/#\/schema\/person\/4b3db5ba5c953c5fddeb226df86d8635\",\"name\":\"A Delapalisse\",\"image\":{\"@type\":\"ImageObject\",\"inLanguage\":\"fr-FR\",\"@id\":\"https:\/\/www.ecinews.fr\/fr\/#\/schema\/person\/image\/09af0e1236b95ff53924b8dfe5af278e\",\"url\":\"https:\/\/secure.gravatar.com\/avatar\/010f811c0933b47aea7e9204117b17c6?s=96&d=mm&r=g\",\"contentUrl\":\"https:\/\/secure.gravatar.com\/avatar\/010f811c0933b47aea7e9204117b17c6?s=96&d=mm&r=g\",\"caption\":\"A Delapalisse\"}}]}<\/script>","yoast_head_json":{"title":"L'Europe pr\u00e9pare le Quantum Act pour l'informatique quantique ...","description":"La Commission europ\u00e9enne pr\u00e9pare un Quantum Act pour stimuler le d\u00e9veloppement des technologies quantiques, parall\u00e8lement \u00e0 la loi CHIPS.","robots":{"index":"index","follow":"follow","max-snippet":"max-snippet:-1","max-image-preview":"max-image-preview:large","max-video-preview":"max-video-preview:-1"},"canonical":"https:\/\/www.ecinews.fr\/fr\/wp-json\/wp\/v2\/posts\/482625\/","og_locale":"fr_FR","og_type":"article","og_title":"L'Europe pr\u00e9pare le Quantum Act pour l'informatique quantique","og_description":"La Commission europ\u00e9enne pr\u00e9pare un Quantum Act pour stimuler le d\u00e9veloppement des technologies quantiques, parall\u00e8lement \u00e0 la loi CHIPS.","og_url":"https:\/\/www.ecinews.fr\/fr\/wp-json\/wp\/v2\/posts\/482625\/","og_site_name":"EENewsEurope","article_published_time":"2025-07-03T12:16:35+00:00","article_modified_time":"2025-07-03T14:31:56+00:00","og_image":[{"width":1000,"height":674,"url":"https:\/\/www.eenewseurope.com\/wp-content\/uploads\/2025\/07\/Quantum-EU-flag.jpg","type":"image\/jpeg"}],"author":"Nick Flaherty, A Delapalisse","twitter_card":"summary_large_image","twitter_misc":{"Written by":"A Delapalisse","Est. reading time":"4 minutes"},"schema":{"@context":"https:\/\/schema.org","@graph":[{"@type":"Article","@id":"https:\/\/www.eenewseurope.com\/fr\/leurope-prepare-le-quantum-act-pour-linformatique-quantique\/#article","isPartOf":{"@id":"https:\/\/www.eenewseurope.com\/fr\/leurope-prepare-le-quantum-act-pour-linformatique-quantique\/"},"author":{"name":"A Delapalisse","@id":"https:\/\/www.ecinews.fr\/fr\/#\/schema\/person\/4b3db5ba5c953c5fddeb226df86d8635"},"headline":"L&rsquo;Europe pr\u00e9pare le Quantum Act pour l&rsquo;informatique quantique","datePublished":"2025-07-03T12:16:35+00:00","dateModified":"2025-07-03T14:31:56+00:00","mainEntityOfPage":{"@id":"https:\/\/www.eenewseurope.com\/fr\/leurope-prepare-le-quantum-act-pour-linformatique-quantique\/"},"wordCount":1029,"publisher":{"@id":"https:\/\/www.ecinews.fr\/fr\/#organization"},"keywords":["Quantique","Quantum Act"],"articleSection":["Technologies"],"inLanguage":"fr-FR"},{"@type":"WebPage","@id":"https:\/\/www.eenewseurope.com\/fr\/leurope-prepare-le-quantum-act-pour-linformatique-quantique\/","url":"https:\/\/www.eenewseurope.com\/fr\/leurope-prepare-le-quantum-act-pour-linformatique-quantique\/","name":"L'Europe pr\u00e9pare le Quantum Act pour l'informatique quantique -","isPartOf":{"@id":"https:\/\/www.ecinews.fr\/fr\/#website"},"datePublished":"2025-07-03T12:16:35+00:00","dateModified":"2025-07-03T14:31:56+00:00","description":"La Commission europ\u00e9enne pr\u00e9pare un Quantum Act pour stimuler le d\u00e9veloppement des technologies quantiques, parall\u00e8lement \u00e0 la loi CHIPS.","breadcrumb":{"@id":"https:\/\/www.eenewseurope.com\/fr\/leurope-prepare-le-quantum-act-pour-linformatique-quantique\/#breadcrumb"},"inLanguage":"fr-FR","potentialAction":[{"@type":"ReadAction","target":["https:\/\/www.eenewseurope.com\/fr\/leurope-prepare-le-quantum-act-pour-linformatique-quantique\/"]}]},{"@type":"BreadcrumbList","@id":"https:\/\/www.eenewseurope.com\/fr\/leurope-prepare-le-quantum-act-pour-linformatique-quantique\/#breadcrumb","itemListElement":[{"@type":"ListItem","position":1,"name":"Home","item":"https:\/\/www.ecinews.fr\/fr\/"},{"@type":"ListItem","position":2,"name":"L&rsquo;Europe pr\u00e9pare le Quantum Act pour l&rsquo;informatique quantique"}]},{"@type":"WebSite","@id":"https:\/\/www.ecinews.fr\/fr\/#website","url":"https:\/\/www.ecinews.fr\/fr\/","name":"EENewsEurope","description":"Just another WordPress site","publisher":{"@id":"https:\/\/www.ecinews.fr\/fr\/#organization"},"potentialAction":[{"@type":"SearchAction","target":{"@type":"EntryPoint","urlTemplate":"https:\/\/www.ecinews.fr\/fr\/?s={search_term_string}"},"query-input":"required name=search_term_string"}],"inLanguage":"fr-FR"},{"@type":"Organization","@id":"https:\/\/www.ecinews.fr\/fr\/#organization","name":"EENewsEurope","url":"https:\/\/www.ecinews.fr\/fr\/","logo":{"@type":"ImageObject","inLanguage":"fr-FR","@id":"https:\/\/www.ecinews.fr\/fr\/#\/schema\/logo\/image\/","url":"https:\/\/www.ecinews.fr\/wp-content\/uploads\/2022\/02\/logo-1.jpg","contentUrl":"https:\/\/www.ecinews.fr\/wp-content\/uploads\/2022\/02\/logo-1.jpg","width":283,"height":113,"caption":"EENewsEurope"},"image":{"@id":"https:\/\/www.ecinews.fr\/fr\/#\/schema\/logo\/image\/"}},{"@type":"Person","@id":"https:\/\/www.ecinews.fr\/fr\/#\/schema\/person\/4b3db5ba5c953c5fddeb226df86d8635","name":"A Delapalisse","image":{"@type":"ImageObject","inLanguage":"fr-FR","@id":"https:\/\/www.ecinews.fr\/fr\/#\/schema\/person\/image\/09af0e1236b95ff53924b8dfe5af278e","url":"https:\/\/secure.gravatar.com\/avatar\/010f811c0933b47aea7e9204117b17c6?s=96&d=mm&r=g","contentUrl":"https:\/\/secure.gravatar.com\/avatar\/010f811c0933b47aea7e9204117b17c6?s=96&d=mm&r=g","caption":"A Delapalisse"}}]}},"authors":[{"term_id":3640,"user_id":0,"is_guest":1,"slug":"nick-flaherty","display_name":"Nick Flaherty","avatar_url":"https:\/\/secure.gravatar.com\/avatar\/?s=96&d=mm&r=g","0":null,"1":"","2":"","3":"","4":"","5":"","6":"","7":"","8":""},{"term_id":6199,"user_id":40,"is_guest":0,"slug":"andre-rousselotemisys-com","display_name":"A Delapalisse","avatar_url":"https:\/\/secure.gravatar.com\/avatar\/010f811c0933b47aea7e9204117b17c6?s=96&d=mm&r=g","0":null,"1":"","2":"","3":"","4":"","5":"","6":"","7":"","8":""}],"_links":{"self":[{"href":"https:\/\/www.ecinews.fr\/fr\/wp-json\/wp\/v2\/posts\/482625"}],"collection":[{"href":"https:\/\/www.ecinews.fr\/fr\/wp-json\/wp\/v2\/posts"}],"about":[{"href":"https:\/\/www.ecinews.fr\/fr\/wp-json\/wp\/v2\/types\/post"}],"author":[{"embeddable":true,"href":"https:\/\/www.ecinews.fr\/fr\/wp-json\/wp\/v2\/users\/40"}],"replies":[{"embeddable":true,"href":"https:\/\/www.ecinews.fr\/fr\/wp-json\/wp\/v2\/comments?post=482625"}],"version-history":[{"count":0,"href":"https:\/\/www.ecinews.fr\/fr\/wp-json\/wp\/v2\/posts\/482625\/revisions"}],"wp:featuredmedia":[{"embeddable":true,"href":"https:\/\/www.ecinews.fr\/fr\/wp-json\/wp\/v2\/media\/482531"}],"wp:attachment":[{"href":"https:\/\/www.ecinews.fr\/fr\/wp-json\/wp\/v2\/media?parent=482625"}],"wp:term":[{"taxonomy":"category","embeddable":true,"href":"https:\/\/www.ecinews.fr\/fr\/wp-json\/wp\/v2\/categories?post=482625"},{"taxonomy":"post_tag","embeddable":true,"href":"https:\/\/www.ecinews.fr\/fr\/wp-json\/wp\/v2\/tags?post=482625"},{"taxonomy":"domains","embeddable":true,"href":"https:\/\/www.ecinews.fr\/fr\/wp-json\/wp\/v2\/domains?post=482625"},{"taxonomy":"author","embeddable":true,"href":"https:\/\/www.ecinews.fr\/fr\/wp-json\/wp\/v2\/ppma_author?post=482625"}],"curies":[{"name":"wp","href":"https:\/\/api.w.org\/{rel}","templated":true}]}}