{"id":481864,"date":"2025-06-19T18:01:48","date_gmt":"2025-06-19T16:01:48","guid":{"rendered":"https:\/\/www.ecinews.fr\/?p=481864"},"modified":"2025-06-19T18:01:48","modified_gmt":"2025-06-19T16:01:48","slug":"les-fabs-de-ti-et-micron-montrent-le-cout-eleve-de-la-politique","status":"publish","type":"post","link":"https:\/\/www.ecinews.fr\/fr\/les-fabs-de-ti-et-micron-montrent-le-cout-eleve-de-la-politique\/","title":{"rendered":"Les fabs de TI et Micron montrent le co\u00fbt \u00e9lev\u00e9 de la politique"},"content":{"rendered":"<p>Texas Instruments (TI) a de nouveau annonc\u00e9 son intention d&rsquo;investir dans sept usines de semi-conducteurs aux \u00c9tats-Unis, pour un co\u00fbt accru de 60 milliards de dollars.<\/p>\n<p>\u00c0 l&rsquo;instar de l&rsquo;annonce r\u00e9cente de Micron Technology concernant les fabs de m\u00e9moire aux \u00c9tats-Unis, l&rsquo;annonce de TI couvre les investissements existants dans les fabs. Les investissements \u00e0 Richardson et Sherman, au Texas, ainsi qu&rsquo;\u00e0 Lehi, dans l&rsquo;Utah, sont soutenus par des subventions de 1,6 milliard de dollars au titre de la loi CHIPS du gouvernement am\u00e9ricain, adopt\u00e9e en d\u00e9cembre 2024 avant que l&rsquo;administration Trump ne prenne ses fonctions.<\/p>\n<p>L&rsquo;annonce de TI semble couvrir deux nouvelles usines \u00e0 Sherman, SM3 et SM4, qui ont \u00e9t\u00e9 sugg\u00e9r\u00e9es en 2021 avec un prix de 30 milliards de dollars, mais toujours sans date de d\u00e9marrage. Comme TI met bien plus de trois ans pour amener ses usines de 300 mm \u00e0 pleine production, cela indique un pic pour les march\u00e9s de l&rsquo;analogique et de l&rsquo;\u00e9nergie en 2030, alors que le march\u00e9 global des semi-conducteurs approchera les 1 000 milliards de dollars.<\/p>\n<p>Cette annonce intervient alors qu&rsquo;un autre fabricant de semi-conducteurs am\u00e9ricain, Wolfspeed, serait sur le point de se placer sous la protection du chapitre 11 de la loi sur les faillites dans les prochains jours, notamment en raison du co\u00fbt \u00e9lev\u00e9 de la construction de son usine de carbure de silicium de 200 mm \u00e0 Mohawk Valley, dans l&rsquo;\u00c9tat de New York.<\/p>\n<ul>\n<li><a href=\"https:\/\/www.eenewseurope.com\/en\/britishvolt-live-by-politics-die-by-politics\/\">La le\u00e7on de Britishvolt : Vivre de la politique, mourir de la politique<\/a><\/li>\n<li><a href=\"https:\/\/www.eenewseurope.com\/en\/intel-micron-qualcomm-ti-join-call-for-chip-tariff-exemptions\/\">TI et Micron demandent des exemptions tarifaires pour les puces<\/a><\/li>\n<li><a href=\"https:\/\/www.eenewseurope.com\/en\/cash-crisis-at-wolfspeed-as-chips-act-ev-tariffs-hit\/\">Crise de liquidit\u00e9s chez Wolfspeed<\/a><\/li>\n<\/ul>\n<p>La premi\u00e8re nouvelle usine de TI \u00e0 Sherman, SM1, commencera sa production initiale cette ann\u00e9e, trois ans apr\u00e8s le d\u00e9but des travaux. La construction de l&rsquo;enveloppe ext\u00e9rieure de SM2 est \u00e9galement achev\u00e9e. Les plans d&rsquo;investissement suppl\u00e9mentaires comprennent deux autres fabs, <a href=\"https:\/\/www.eenewseurope.com\/en\/ti-to-build-up-to-four-new-300mm-fabs-in-texas\/\">SM3 et SM4, annonc\u00e9s pour la premi\u00e8re fois en 2021<\/a>.<\/p>\n<p>La deuxi\u00e8me usine de TI \u00e0 Richardson, RFAB2, est en train de monter en puissance, sa production ayant d\u00e9marr\u00e9 en 2022. Elle fait suite \u00e0 la premi\u00e8re usine analogique de 300 mm de l&rsquo;entreprise, RFAB1, qui a vu le jour en 2011<\/p>\n<p>TI fait monter en puissance LFAB1, sa premi\u00e8re usine de fabrication de plaquettes de 300 mm situ\u00e9e \u00e0 Lehi, dans l&rsquo;Utah, acquise aupr\u00e8s de Micron Technology en 2020. La construction de <a href=\"https:\/\/www.eenewseurope.com\/en\/ti-breaks-ground-on-second-lehi-300mm-fab\/\">LFAB2<\/a>, la deuxi\u00e8me usine de TI \u00e0 Lehi qui sera connect\u00e9e \u00e0 LFAB1, est \u00e9galement bien avanc\u00e9e.<\/p>\n<p>\u00ab TI met en place une capacit\u00e9 de 300 mm fiable et peu co\u00fbteuse \u00e0 grande \u00e9chelle pour fournir les puces analogiques et de traitement int\u00e9gr\u00e9es qui sont essentielles pour presque tous les types de syst\u00e8mes \u00e9lectroniques \u00bb, a d\u00e9clar\u00e9 Haviv Ilan, pr\u00e9sident et directeur g\u00e9n\u00e9ral de Texas Instruments. \u00ab Des entreprises am\u00e9ricaines de premier plan telles qu&rsquo;Apple, Ford, Medtronic, Nvidia et SpaceX s&rsquo;appuient sur la technologie et l&rsquo;expertise de fabrication de classe mondiale de TI, et nous sommes honor\u00e9s de travailler \u00e0 leurs c\u00f4t\u00e9s et aux c\u00f4t\u00e9s du gouvernement am\u00e9ricain pour lib\u00e9rer la prochaine \u00e9tape de l&rsquo;innovation am\u00e9ricaine. \u00bb<\/p>\n<p>La semaine derni\u00e8re, Micron Technology a annonc\u00e9 un investissement suppl\u00e9mentaire de 50 milliards de dollars dans les fabs de Boise, Idaho et New York au cours des dix prochaines ann\u00e9es, dont 50 milliards de dollars pour la R&amp;D \u00e0 Boise. Cela porte le total des investissements pr\u00e9vus \u00e0 200 milliards de dollars et apporte une aide suppl\u00e9mentaire de 275 millions de dollars au titre du CHIPS Act pour moderniser son usine de Virginie, \u00e0 partir de cette ann\u00e9e. Ce montant s&rsquo;ajoute aux 6,4 milliards de dollars d&rsquo;aides accord\u00e9es au titre de la loi CHIPS, qui n&rsquo;ont pas encore \u00e9t\u00e9 distribu\u00e9es, et l&rsquo;annonce hautement politique semble viser \u00e0 garantir la poursuite du financement. Toutefois, cela n&rsquo;est pas garanti car l&rsquo;administration privil\u00e9gie les droits de douane plut\u00f4t que les subventions.<\/p>\n<ul>\n<li><a href=\"https:\/\/www.eenewseurope.com\/en\/farewell-to-the-us-chips-act\/\">Adieu \u00e0 la loi am\u00e9ricaine CHIPS<\/a><\/li>\n<\/ul>\n<p>L&rsquo;expansion de Micron comprend deux usines de pointe \u00e0 haut volume dans l&rsquo;Idaho, jusqu&rsquo;\u00e0 quatre usines de pointe \u00e0 haut volume \u00e0 New York et des capacit\u00e9s d&#8217;emballage avanc\u00e9es pour la m\u00e9moire \u00e0 large bande passante (HBM) pour les applications d&rsquo;intelligence artificielle.<\/p>\n<p>Micron s&rsquo;attend \u00e0 ce que sa deuxi\u00e8me usine de l&rsquo;Idaho soit mise en service avant la premi\u00e8re usine de New York et, apr\u00e8s l&rsquo;ach\u00e8vement de cette derni\u00e8re, Micron pr\u00e9voit d&rsquo;introduire aux \u00c9tats-Unis des capacit\u00e9s de conditionnement HBM avanc\u00e9es.<\/p>\n<p>\u00ab\u00a0Cet investissement d&rsquo;environ 200 milliards de dollars renforcera le leadership technologique des \u00c9tats-Unis, cr\u00e9era des dizaines de milliers d&#8217;emplois am\u00e9ricains dans l&rsquo;ensemble de l&rsquo;\u00e9cosyst\u00e8me des semi-conducteurs et garantira l&rsquo;approvisionnement national en semi-conducteurs, ce qui est essentiel pour la s\u00e9curit\u00e9 \u00e9conomique et nationale. Nous sommes reconnaissants du soutien du pr\u00e9sident Trump, du secr\u00e9taire Lutnick et de nos partenaires f\u00e9d\u00e9raux, \u00e9tatiques et locaux qui ont jou\u00e9 un r\u00f4le d\u00e9terminant dans l&rsquo;avancement de la fabrication nationale de semi-conducteurs\u00a0\u00bb, a d\u00e9clar\u00e9 Sanjay Mehrotra, pr\u00e9sident du conseil d&rsquo;administration, pr\u00e9sident et directeur g\u00e9n\u00e9ral de Micron.<\/p>\n<p>\u00c0 l&rsquo;instar de TI, les premi\u00e8res nouvelles usines commencent \u00e0 peine \u00e0 entrer en service, la premi\u00e8re nouvelle usine en Idaho produisant des DRAM devant commencer \u00e0 fonctionner en 2027. Le march\u00e9 des m\u00e9moires est aussi notoirement inconstant, avec des creux importants. Micron affirme qu&rsquo;elle continuera \u00e0 g\u00e9rer la croissance de son offre en fonction des conditions du march\u00e9, ce qui signifie que plusieurs de ces usines pourraient ne pas \u00eatre construites.<\/p>\n<ul>\n<li><a href=\"https:\/\/www.eenewseurope.com\/en\/micron-restructures-for-ai\/\">Micron se restructure pour l&rsquo;IA<\/a><\/li>\n<li><a href=\"https:\/\/www.eenewseurope.com\/en\/150bn-us-funds-could-create-ten-fabs\/\">Micron va investir 150 milliards de dollars dans dix usines de fabrication de DRAM<\/a><\/li>\n<\/ul>\n<p>Les annonces de TI et de Micron s&rsquo;appuient sur le soutien politique en faveur du retour de la fabrication de puces aux \u00c9tats-Unis, comme l&rsquo;ont soulign\u00e9 l&rsquo;administration Trump et les clients.<\/p>\n<p>\u00ab Depuis pr\u00e8s d&rsquo;un si\u00e8cle, Texas Instruments est une entreprise am\u00e9ricaine de premier plan qui stimule l&rsquo;innovation dans les domaines de la technologie et de la fabrication \u00bb, a d\u00e9clar\u00e9 le secr\u00e9taire am\u00e9ricain au commerce, Howard Lutnick. \u00ab Le pr\u00e9sident Trump a fait de l&rsquo;augmentation de la fabrication de semi-conducteurs en Am\u00e9rique une priorit\u00e9 &#8211; y compris ces semi-conducteurs fondamentaux qui entrent dans la composition des appareils \u00e9lectroniques que les gens utilisent tous les jours. Notre partenariat avec TI soutiendra la fabrication de puces aux \u00c9tats-Unis pour les d\u00e9cennies \u00e0 venir \u00bb.<\/p>\n<p>\u00ab Les puces fabriqu\u00e9es aux \u00c9tats-Unis par Texas Instruments contribuent \u00e0 donner vie aux produits Apple. Ensemble, nous continuerons \u00e0 cr\u00e9er des opportunit\u00e9s, \u00e0 stimuler l&rsquo;innovation et \u00e0 investir dans l&rsquo;avenir de la fabrication de pointe aux \u00c9tats-Unis \u00bb, a d\u00e9clar\u00e9 Tim Cook, PDG d&rsquo;Apple.<\/p>\n<p>\u00ab\u00a0Chez Ford, 80 % des v\u00e9hicules que nous vendons aux \u00c9tats-Unis sont assembl\u00e9s aux \u00c9tats-Unis, et nous sommes fiers d&rsquo;\u00eatre aux c\u00f4t\u00e9s de leaders technologiques tels que TI, qui continuent \u00e0 investir dans la fabrication aux \u00c9tats-Unis\u00a0\u00bb, a d\u00e9clar\u00e9 Jim Farley, pr\u00e9sident et directeur g\u00e9n\u00e9ral de Ford Motor Company.<\/p>\n<p>La p\u00e9nurie de microcontr\u00f4leurs automobiles tels que ceux fabriqu\u00e9s par TI a constitu\u00e9 un probl\u00e8me majeur pour la cha\u00eene d&rsquo;approvisionnement dans les ann\u00e9es qui ont suivi la pand\u00e9mie de grippe aviaire.<\/p>\n<p>\u00ab Chez Medtronic, nos technologies m\u00e9dicales s&rsquo;appuient sur des semi-conducteurs pour offrir pr\u00e9cision, performance et innovation \u00e0 grande \u00e9chelle \u00bb, a d\u00e9clar\u00e9 Geoff Martha, pr\u00e9sident-directeur g\u00e9n\u00e9ral de Medtronic, dont le si\u00e8ge se trouve en Irlande. \u00ab Texas Instruments a \u00e9t\u00e9 un partenaire essentiel, en particulier pendant les p\u00e9nuries mondiales de puces, nous aidant \u00e0 maintenir la continuit\u00e9 de l&rsquo;approvisionnement et \u00e0 acc\u00e9l\u00e9rer le d\u00e9veloppement de th\u00e9rapies r\u00e9volutionnaires. Nous sommes fiers de nous appuyer sur les semi-conducteurs de TI fabriqu\u00e9s aux \u00c9tats-Unis pour transformer les soins de sant\u00e9 et am\u00e9liorer les r\u00e9sultats pour les patients du monde entier. \u00bb<\/p>\n<p>SpaceX utilise la derni\u00e8re technologie SiGe 300 mm de TI, fabriqu\u00e9e \u00e0 Sherman, pour ses terminaux satellitaires \u00e0 large bande StarLink.<\/p>\n<p>\u00ab\u00a0SpaceX fabrique des dizaines de milliers de kits Starlink par jour &#8211; tous aux \u00c9tats-Unis &#8211; et nous r\u00e9alisons d&rsquo;\u00e9normes investissements dans la fabrication de circuits imprim\u00e9s et le conditionnement du silicium afin de poursuivre notre expansion\u00a0\u00bb, a d\u00e9clar\u00e9 Gwynne Shotwell, pr\u00e9sident et directeur de l&rsquo;exploitation de SpaceX. \u00ab\u00a0Les semi-conducteurs de TI fabriqu\u00e9s aux \u00c9tats-Unis sont essentiels pour garantir une cha\u00eene d&rsquo;approvisionnement am\u00e9ricaine pour nos produits, et leurs capacit\u00e9s avanc\u00e9es de fabrication de silicium fournissent les performances et la fiabilit\u00e9 n\u00e9cessaires pour nous aider \u00e0 r\u00e9pondre \u00e0 la demande croissante d&rsquo;Internet \u00e0 haut d\u00e9bit dans le monde entier.\u00a0\u00bb<\/p>\n<p>TI travaille \u00e9galement avec Nvidia pour fournir des dispositifs d&rsquo;alimentation pour son <a href=\"https:\/\/www.eenewseurope.com\/en\/nvidia-consortium-pushes-800v-power-distribution-for-ai-datacentres\/\">architecture d&rsquo;alimentation 800V pour les usines d&rsquo;IA et les centres de donn\u00e9es hyperscalaires<\/a>, ce qui constituera une source de volumes plus \u00e9lev\u00e9s pour les composants de puissance.<\/p>\n<p><a title=\"www.ti.com\" href=\"http:\/\/www.ti.com\" target=\"_blank\" rel=\"noopener\">www.ti.com<\/a> <a href=\"http:\/\/www.ti.com\">;<\/a> <a href=\"http:\/\/www.micron.com\">www.micron.com<\/a><\/p>\n","protected":false},"excerpt":{"rendered":"<p>Texas Instruments (TI) a de nouveau annonc\u00e9 son intention d&rsquo;investir dans sept usines de semi-conducteurs aux \u00c9tats-Unis, pour un co\u00fbt accru de 60 milliards de dollars. \u00c0 l&rsquo;instar de l&rsquo;annonce r\u00e9cente de Micron Technology concernant les fabs de m\u00e9moire aux \u00c9tats-Unis, l&rsquo;annonce de TI couvre les investissements existants dans les fabs. Les investissements \u00e0 Richardson [&hellip;]<\/p>\n","protected":false},"author":34,"featured_media":481837,"comment_status":"closed","ping_status":"closed","sticky":false,"template":"","format":"standard","meta":{"_acf_changed":false,"footnotes":""},"categories":[880],"tags":[2264,7025],"domains":[47],"ppma_author":[3640,1153],"class_list":["post-481864","post","type-post","status-publish","format-standard","has-post-thumbnail","hentry","category-actualites-economiques","tag-fabs","tag-usa","domains-electronique-eci"],"acf":[],"yoast_head":"<title>Les fabs de TI et Micron montrent le co\u00fbt \u00e9lev\u00e9 de la politi...<\/title>\n<meta name=\"description\" content=\"TI a de nouveau annonc\u00e9 son intention d&#039;investir dans sept fabs aux \u00c9tats-Unis, pour un co\u00fbt accru de 60 milliards de dollars\" \/>\n<meta name=\"robots\" content=\"index, follow, max-snippet:-1, max-image-preview:large, max-video-preview:-1\" \/>\n<link rel=\"canonical\" href=\"https:\/\/www.ecinews.fr\/fr\/wp-json\/wp\/v2\/posts\/481864\/\" \/>\n<meta property=\"og:locale\" content=\"fr_FR\" \/>\n<meta property=\"og:type\" content=\"article\" \/>\n<meta property=\"og:title\" content=\"Les fabs de TI et Micron montrent le co\u00fbt \u00e9lev\u00e9 de la politique\" \/>\n<meta property=\"og:description\" content=\"TI a de nouveau annonc\u00e9 son intention d&#039;investir dans sept fabs aux \u00c9tats-Unis, pour un co\u00fbt accru de 60 milliards de dollars\" \/>\n<meta property=\"og:url\" content=\"https:\/\/www.ecinews.fr\/fr\/wp-json\/wp\/v2\/posts\/481864\/\" \/>\n<meta property=\"og:site_name\" content=\"EENewsEurope\" \/>\n<meta property=\"article:published_time\" content=\"2025-06-19T16:01:48+00:00\" \/>\n<meta property=\"og:image\" content=\"https:\/\/www.ecinews.fr\/wp-content\/uploads\/2025\/06\/ti-sherman-texas-wafer-fab-8-scaled.jpg\" \/>\n\t<meta property=\"og:image:width\" content=\"1080\" \/>\n\t<meta property=\"og:image:height\" content=\"608\" \/>\n\t<meta property=\"og:image:type\" content=\"image\/jpeg\" \/>\n<meta name=\"author\" content=\"Nick Flaherty, A Delapalisse\" \/>\n<meta name=\"twitter:card\" content=\"summary_large_image\" \/>\n<meta name=\"twitter:label1\" content=\"Written by\" \/>\n\t<meta name=\"twitter:data1\" content=\"A Delapalisse\" \/>\n\t<meta name=\"twitter:label2\" content=\"Est. reading time\" \/>\n\t<meta name=\"twitter:data2\" content=\"7 minutes\" \/>\n<script type=\"application\/ld+json\" class=\"yoast-schema-graph\">{\"@context\":\"https:\/\/schema.org\",\"@graph\":[{\"@type\":\"Article\",\"@id\":\"https:\/\/www.ecinews.fr\/fr\/les-fabs-de-ti-et-micron-montrent-le-cout-eleve-de-la-politique\/#article\",\"isPartOf\":{\"@id\":\"https:\/\/www.ecinews.fr\/fr\/les-fabs-de-ti-et-micron-montrent-le-cout-eleve-de-la-politique\/\"},\"author\":{\"name\":\"A Delapalisse\",\"@id\":\"https:\/\/www.ecinews.fr\/fr\/#\/schema\/person\/0aa2cfb0bd8949724a68cbac8d8321b4\"},\"headline\":\"Les fabs de TI et Micron montrent le co\u00fbt \u00e9lev\u00e9 de la politique\",\"datePublished\":\"2025-06-19T16:01:48+00:00\",\"dateModified\":\"2025-06-19T16:01:48+00:00\",\"mainEntityOfPage\":{\"@id\":\"https:\/\/www.ecinews.fr\/fr\/les-fabs-de-ti-et-micron-montrent-le-cout-eleve-de-la-politique\/\"},\"wordCount\":1550,\"publisher\":{\"@id\":\"https:\/\/www.ecinews.fr\/fr\/#organization\"},\"keywords\":[\"Fabs\",\"USA\"],\"articleSection\":[\"Actualit\u00e9s \u00e9conomiques\"],\"inLanguage\":\"fr-FR\"},{\"@type\":\"WebPage\",\"@id\":\"https:\/\/www.ecinews.fr\/fr\/les-fabs-de-ti-et-micron-montrent-le-cout-eleve-de-la-politique\/\",\"url\":\"https:\/\/www.ecinews.fr\/fr\/les-fabs-de-ti-et-micron-montrent-le-cout-eleve-de-la-politique\/\",\"name\":\"Les fabs de TI et Micron montrent le co\u00fbt \u00e9lev\u00e9 de la politique -\",\"isPartOf\":{\"@id\":\"https:\/\/www.ecinews.fr\/fr\/#website\"},\"datePublished\":\"2025-06-19T16:01:48+00:00\",\"dateModified\":\"2025-06-19T16:01:48+00:00\",\"description\":\"TI a de nouveau annonc\u00e9 son intention d'investir dans sept fabs aux \u00c9tats-Unis, pour un co\u00fbt accru de 60 milliards de dollars\",\"breadcrumb\":{\"@id\":\"https:\/\/www.ecinews.fr\/fr\/les-fabs-de-ti-et-micron-montrent-le-cout-eleve-de-la-politique\/#breadcrumb\"},\"inLanguage\":\"fr-FR\",\"potentialAction\":[{\"@type\":\"ReadAction\",\"target\":[\"https:\/\/www.ecinews.fr\/fr\/les-fabs-de-ti-et-micron-montrent-le-cout-eleve-de-la-politique\/\"]}]},{\"@type\":\"BreadcrumbList\",\"@id\":\"https:\/\/www.ecinews.fr\/fr\/les-fabs-de-ti-et-micron-montrent-le-cout-eleve-de-la-politique\/#breadcrumb\",\"itemListElement\":[{\"@type\":\"ListItem\",\"position\":1,\"name\":\"Home\",\"item\":\"https:\/\/www.ecinews.fr\/fr\/\"},{\"@type\":\"ListItem\",\"position\":2,\"name\":\"Les fabs de TI et Micron montrent le co\u00fbt \u00e9lev\u00e9 de la politique\"}]},{\"@type\":\"WebSite\",\"@id\":\"https:\/\/www.ecinews.fr\/fr\/#website\",\"url\":\"https:\/\/www.ecinews.fr\/fr\/\",\"name\":\"EENewsEurope\",\"description\":\"Just another WordPress site\",\"publisher\":{\"@id\":\"https:\/\/www.ecinews.fr\/fr\/#organization\"},\"potentialAction\":[{\"@type\":\"SearchAction\",\"target\":{\"@type\":\"EntryPoint\",\"urlTemplate\":\"https:\/\/www.ecinews.fr\/fr\/?s={search_term_string}\"},\"query-input\":\"required name=search_term_string\"}],\"inLanguage\":\"fr-FR\"},{\"@type\":\"Organization\",\"@id\":\"https:\/\/www.ecinews.fr\/fr\/#organization\",\"name\":\"EENewsEurope\",\"url\":\"https:\/\/www.ecinews.fr\/fr\/\",\"logo\":{\"@type\":\"ImageObject\",\"inLanguage\":\"fr-FR\",\"@id\":\"https:\/\/www.ecinews.fr\/fr\/#\/schema\/logo\/image\/\",\"url\":\"https:\/\/www.ecinews.fr\/wp-content\/uploads\/2022\/02\/logo-1.jpg\",\"contentUrl\":\"https:\/\/www.ecinews.fr\/wp-content\/uploads\/2022\/02\/logo-1.jpg\",\"width\":283,\"height\":113,\"caption\":\"EENewsEurope\"},\"image\":{\"@id\":\"https:\/\/www.ecinews.fr\/fr\/#\/schema\/logo\/image\/\"}},{\"@type\":\"Person\",\"@id\":\"https:\/\/www.ecinews.fr\/fr\/#\/schema\/person\/0aa2cfb0bd8949724a68cbac8d8321b4\",\"name\":\"A Delapalisse\",\"image\":{\"@type\":\"ImageObject\",\"inLanguage\":\"fr-FR\",\"@id\":\"https:\/\/www.ecinews.fr\/fr\/#\/schema\/person\/image\/211ac42237c2e9683c0964086c393cb4\",\"url\":\"https:\/\/secure.gravatar.com\/avatar\/ad45a8c5da24bc9c7c4940dd1c48a695?s=96&d=mm&r=g\",\"contentUrl\":\"https:\/\/secure.gravatar.com\/avatar\/ad45a8c5da24bc9c7c4940dd1c48a695?s=96&d=mm&r=g\",\"caption\":\"A Delapalisse\"},\"sameAs\":[\"http:\/\/ECI\"]}]}<\/script>","yoast_head_json":{"title":"Les fabs de TI et Micron montrent le co\u00fbt \u00e9lev\u00e9 de la politi...","description":"TI a de nouveau annonc\u00e9 son intention d'investir dans sept fabs aux \u00c9tats-Unis, pour un co\u00fbt accru de 60 milliards de dollars","robots":{"index":"index","follow":"follow","max-snippet":"max-snippet:-1","max-image-preview":"max-image-preview:large","max-video-preview":"max-video-preview:-1"},"canonical":"https:\/\/www.ecinews.fr\/fr\/wp-json\/wp\/v2\/posts\/481864\/","og_locale":"fr_FR","og_type":"article","og_title":"Les fabs de TI et Micron montrent le co\u00fbt \u00e9lev\u00e9 de la politique","og_description":"TI a de nouveau annonc\u00e9 son intention d'investir dans sept fabs aux \u00c9tats-Unis, pour un co\u00fbt accru de 60 milliards de dollars","og_url":"https:\/\/www.ecinews.fr\/fr\/wp-json\/wp\/v2\/posts\/481864\/","og_site_name":"EENewsEurope","article_published_time":"2025-06-19T16:01:48+00:00","og_image":[{"width":1080,"height":608,"url":"https:\/\/www.ecinews.fr\/wp-content\/uploads\/2025\/06\/ti-sherman-texas-wafer-fab-8-scaled.jpg","type":"image\/jpeg"}],"author":"Nick Flaherty, A Delapalisse","twitter_card":"summary_large_image","twitter_misc":{"Written by":"A Delapalisse","Est. reading time":"7 minutes"},"schema":{"@context":"https:\/\/schema.org","@graph":[{"@type":"Article","@id":"https:\/\/www.ecinews.fr\/fr\/les-fabs-de-ti-et-micron-montrent-le-cout-eleve-de-la-politique\/#article","isPartOf":{"@id":"https:\/\/www.ecinews.fr\/fr\/les-fabs-de-ti-et-micron-montrent-le-cout-eleve-de-la-politique\/"},"author":{"name":"A Delapalisse","@id":"https:\/\/www.ecinews.fr\/fr\/#\/schema\/person\/0aa2cfb0bd8949724a68cbac8d8321b4"},"headline":"Les fabs de TI et Micron montrent le co\u00fbt \u00e9lev\u00e9 de la politique","datePublished":"2025-06-19T16:01:48+00:00","dateModified":"2025-06-19T16:01:48+00:00","mainEntityOfPage":{"@id":"https:\/\/www.ecinews.fr\/fr\/les-fabs-de-ti-et-micron-montrent-le-cout-eleve-de-la-politique\/"},"wordCount":1550,"publisher":{"@id":"https:\/\/www.ecinews.fr\/fr\/#organization"},"keywords":["Fabs","USA"],"articleSection":["Actualit\u00e9s \u00e9conomiques"],"inLanguage":"fr-FR"},{"@type":"WebPage","@id":"https:\/\/www.ecinews.fr\/fr\/les-fabs-de-ti-et-micron-montrent-le-cout-eleve-de-la-politique\/","url":"https:\/\/www.ecinews.fr\/fr\/les-fabs-de-ti-et-micron-montrent-le-cout-eleve-de-la-politique\/","name":"Les fabs de TI et Micron montrent le co\u00fbt \u00e9lev\u00e9 de la politique -","isPartOf":{"@id":"https:\/\/www.ecinews.fr\/fr\/#website"},"datePublished":"2025-06-19T16:01:48+00:00","dateModified":"2025-06-19T16:01:48+00:00","description":"TI a de nouveau annonc\u00e9 son intention d'investir dans sept fabs aux \u00c9tats-Unis, pour un co\u00fbt accru de 60 milliards de dollars","breadcrumb":{"@id":"https:\/\/www.ecinews.fr\/fr\/les-fabs-de-ti-et-micron-montrent-le-cout-eleve-de-la-politique\/#breadcrumb"},"inLanguage":"fr-FR","potentialAction":[{"@type":"ReadAction","target":["https:\/\/www.ecinews.fr\/fr\/les-fabs-de-ti-et-micron-montrent-le-cout-eleve-de-la-politique\/"]}]},{"@type":"BreadcrumbList","@id":"https:\/\/www.ecinews.fr\/fr\/les-fabs-de-ti-et-micron-montrent-le-cout-eleve-de-la-politique\/#breadcrumb","itemListElement":[{"@type":"ListItem","position":1,"name":"Home","item":"https:\/\/www.ecinews.fr\/fr\/"},{"@type":"ListItem","position":2,"name":"Les fabs de TI et Micron montrent le co\u00fbt \u00e9lev\u00e9 de la politique"}]},{"@type":"WebSite","@id":"https:\/\/www.ecinews.fr\/fr\/#website","url":"https:\/\/www.ecinews.fr\/fr\/","name":"EENewsEurope","description":"Just another WordPress site","publisher":{"@id":"https:\/\/www.ecinews.fr\/fr\/#organization"},"potentialAction":[{"@type":"SearchAction","target":{"@type":"EntryPoint","urlTemplate":"https:\/\/www.ecinews.fr\/fr\/?s={search_term_string}"},"query-input":"required name=search_term_string"}],"inLanguage":"fr-FR"},{"@type":"Organization","@id":"https:\/\/www.ecinews.fr\/fr\/#organization","name":"EENewsEurope","url":"https:\/\/www.ecinews.fr\/fr\/","logo":{"@type":"ImageObject","inLanguage":"fr-FR","@id":"https:\/\/www.ecinews.fr\/fr\/#\/schema\/logo\/image\/","url":"https:\/\/www.ecinews.fr\/wp-content\/uploads\/2022\/02\/logo-1.jpg","contentUrl":"https:\/\/www.ecinews.fr\/wp-content\/uploads\/2022\/02\/logo-1.jpg","width":283,"height":113,"caption":"EENewsEurope"},"image":{"@id":"https:\/\/www.ecinews.fr\/fr\/#\/schema\/logo\/image\/"}},{"@type":"Person","@id":"https:\/\/www.ecinews.fr\/fr\/#\/schema\/person\/0aa2cfb0bd8949724a68cbac8d8321b4","name":"A Delapalisse","image":{"@type":"ImageObject","inLanguage":"fr-FR","@id":"https:\/\/www.ecinews.fr\/fr\/#\/schema\/person\/image\/211ac42237c2e9683c0964086c393cb4","url":"https:\/\/secure.gravatar.com\/avatar\/ad45a8c5da24bc9c7c4940dd1c48a695?s=96&d=mm&r=g","contentUrl":"https:\/\/secure.gravatar.com\/avatar\/ad45a8c5da24bc9c7c4940dd1c48a695?s=96&d=mm&r=g","caption":"A Delapalisse"},"sameAs":["http:\/\/ECI"]}]}},"authors":[{"term_id":3640,"user_id":0,"is_guest":1,"slug":"nick-flaherty","display_name":"Nick Flaherty","avatar_url":"https:\/\/secure.gravatar.com\/avatar\/?s=96&d=mm&r=g","0":null,"1":"","2":"","3":"","4":"","5":"","6":"","7":"","8":""},{"term_id":1153,"user_id":34,"is_guest":0,"slug":"adelapalisse","display_name":"A Delapalisse","avatar_url":"https:\/\/secure.gravatar.com\/avatar\/ad45a8c5da24bc9c7c4940dd1c48a695?s=96&d=mm&r=g","0":null,"1":"","2":"","3":"","4":"","5":"","6":"","7":"","8":""}],"_links":{"self":[{"href":"https:\/\/www.ecinews.fr\/fr\/wp-json\/wp\/v2\/posts\/481864"}],"collection":[{"href":"https:\/\/www.ecinews.fr\/fr\/wp-json\/wp\/v2\/posts"}],"about":[{"href":"https:\/\/www.ecinews.fr\/fr\/wp-json\/wp\/v2\/types\/post"}],"author":[{"embeddable":true,"href":"https:\/\/www.ecinews.fr\/fr\/wp-json\/wp\/v2\/users\/34"}],"replies":[{"embeddable":true,"href":"https:\/\/www.ecinews.fr\/fr\/wp-json\/wp\/v2\/comments?post=481864"}],"version-history":[{"count":0,"href":"https:\/\/www.ecinews.fr\/fr\/wp-json\/wp\/v2\/posts\/481864\/revisions"}],"wp:featuredmedia":[{"embeddable":true,"href":"https:\/\/www.ecinews.fr\/fr\/wp-json\/wp\/v2\/media\/481837"}],"wp:attachment":[{"href":"https:\/\/www.ecinews.fr\/fr\/wp-json\/wp\/v2\/media?parent=481864"}],"wp:term":[{"taxonomy":"category","embeddable":true,"href":"https:\/\/www.ecinews.fr\/fr\/wp-json\/wp\/v2\/categories?post=481864"},{"taxonomy":"post_tag","embeddable":true,"href":"https:\/\/www.ecinews.fr\/fr\/wp-json\/wp\/v2\/tags?post=481864"},{"taxonomy":"domains","embeddable":true,"href":"https:\/\/www.ecinews.fr\/fr\/wp-json\/wp\/v2\/domains?post=481864"},{"taxonomy":"author","embeddable":true,"href":"https:\/\/www.ecinews.fr\/fr\/wp-json\/wp\/v2\/ppma_author?post=481864"}],"curies":[{"name":"wp","href":"https:\/\/api.w.org\/{rel}","templated":true}]}}