{"id":481212,"date":"2025-06-07T08:06:07","date_gmt":"2025-06-07T06:06:07","guid":{"rendered":"https:\/\/www.ecinews.fr\/?p=481212"},"modified":"2025-06-06T18:20:12","modified_gmt":"2025-06-06T16:20:12","slug":"un-plan-de-11-milliard-deuros-pour-lusine-de-gf-a-dresde","status":"publish","type":"post","link":"https:\/\/www.ecinews.fr\/fr\/un-plan-de-11-milliard-deuros-pour-lusine-de-gf-a-dresde\/","title":{"rendered":"Un plan de 1,1 milliard d&rsquo;euros pour l&rsquo;usine de GF \u00e0 Dresde"},"content":{"rendered":"<p>GlobalFoundries (GF) d\u00e9penserait 1 milliard d&rsquo;euros pour doubler la production de son usine de fabrication de puces \u00e0 Dresde, en Allemagne, au cours des prochaines ann\u00e9es.<\/p>\n<p>Cette annonce intervient alors que l&rsquo;entreprise a fait \u00e9tat d&rsquo;un financement suppl\u00e9mentaire de 3 milliards de dollars pour son usine CMOS de Malta, dans l&rsquo;\u00c9tat de New York aux USA, et son usine de nitrure de gallium (GaN) dans le Vermont. L&rsquo;entreprise avait d\u00e9j\u00e0 annonc\u00e9 un financement de 13 milliards de dollars pour ces sites ainsi que pour le centre de photonique et de packaging avanc\u00e9 de New York, lanc\u00e9 r\u00e9cemment. Toutefois, l&rsquo;administration am\u00e9ricaine a d\u00e9cid\u00e9 de r\u00e9duire son soutien aux centres du Vermont et de packaging.<\/p>\n<p>Il reste \u00e0 savoir si cela fait partie de l&rsquo;actuel CHIPS Act de l&rsquo;UE ou des n\u00e9gociations pour le <a href=\"https:\/\/www.eenewseurope.com\/en\/industry-groups-boost-call-for-eu-chips-act-2-0\/\">prochain CHIPS Act<\/a>. L&rsquo;actuel CHIPS Act a \u00e9t\u00e9 <a href=\"https:\/\/www.eenewseurope.com\/en\/the-european-chips-act-has-no-clothes\/#:~:text=The%20European%20Chips%20Act%20is,Europe's%20technological%20sovereignty%20and%20competitiveness.\">critiqu\u00e9 par les auditeurs europ\u00e9ens<\/a> pour son manque de transparence en mati\u00e8re de financement, de r\u00e9sultats et d&rsquo;avantages l&rsquo;industrie des semi-conducteurs en Europe.<\/p>\n<ul>\n<li><a href=\"https:\/\/www.eenewseurope.com\/en\/amkor-glofo-cut-ribbon-on-portugal-packaging-partnership\/\">Amkor et GF inaugurent une usine d&#8217;emballage de puces au Portugal<\/a><\/li>\n<li><a href=\"https:\/\/www.eenewseurope.com\/en\/globalfoundries-looks-to-dresden-fab-expansion\/\">GF se tourne vers l&rsquo;expansion de la fabrique de Dresde<\/a><\/li>\n<\/ul>\n<p>L&rsquo;investissement \u00e0 Dresde permettra de doubler la production pour atteindre 1,5 million de plaquettes par an dans plusieurs ann\u00e9es. L&rsquo;usine est essentielle pour la technologie de processus de faible puissance 22nm 22FDX FD-SOI utilis\u00e9e pour les composants de puissance et RF et fournit \u00e9galement des processus 28nm, 40nm et 55nm pour des composants tels que les microcontr\u00f4leurs automobiles et IoT.<\/p>\n<p>GF et indie Semiconductor (en Inde) ont conclu un partenariat strat\u00e9gique pour d\u00e9velopper des syst\u00e8mes sur puce (SoC) radar \u00e0 77 GHz et 120 GHz sur 22FDX pour des puces de syst\u00e8mes avanc\u00e9s d&rsquo;aide \u00e0 la conduite (ADAS) essentiels \u00e0 la s\u00e9curit\u00e9. Elle travaille \u00e9galement avec Bosch sur un capteur radar \u00e0 puce unique sur 22FDX.<\/p>\n<p>GF travaille \u00e9galement avec Ayar Labs sur le premier chiplet d&rsquo;interconnexion optique Universal Chiplet Interconnect Express (UCIe) de l&rsquo;industrie utilisant une plate-forme photonique monolithique.<\/p>\n<p>L&rsquo;usine dispose actuellement de 60 000 m\u00e8tres carr\u00e9s de salles blanches et emploie environ 3 200 personnes. L&rsquo;entreprise cherchait \u00e0 obtenir un financement d&rsquo;un milliard d&rsquo;euros dans le cadre du deuxi\u00e8me IPCEI (projet important d&rsquo;int\u00e9r\u00eat europ\u00e9en commun), qui a \u00e9t\u00e9 approuv\u00e9 en juin 2023.<\/p>\n<p>L&rsquo;op\u00e9ration b\u00e9n\u00e9ficierait d&rsquo;un soutien de plusieurs centaines de millions d&rsquo;euros de la part du gouvernement allemand, qui a \u00e9galement soutenu l&rsquo;<a href=\"https:\/\/www.eenewseurope.com\/en\/final-e1bn-funding-for-infineon-dresden-fab-as-tariffs-cut-in\/\">usine Smart Power d&rsquo;Infineon<\/a>, \u00e9galement situ\u00e9e \u00e0 Dresde, \u00e0 hauteur d&rsquo;un milliard d&rsquo;euros.<\/p>\n<p>Cette initiative intervient alors que <a href=\"https:\/\/www.eenewseurope.com\/en\/e5n-subsidy-approved-as-esmc-breaks-ground-for-dresden-fab\/\">TSMC construit \u00e9galement une usine \u00e0 Dresde<\/a> avec des technologies de traitement similaires en partenariat avec NXP Semiconductor et Bosch. ESMC se concentre sur les technologies de traitement en 28 nm et 22 nm et b\u00e9n\u00e9ficie de 5 milliards d&rsquo;euros de subventions europ\u00e9ennes.<\/p>\n<p><a href=\"http:\/\/www.gf.com\">www.gf.com<\/a><\/p>\n","protected":false},"excerpt":{"rendered":"<p>GlobalFoundries (GF) d\u00e9penserait 1 milliard d&rsquo;euros pour doubler la production de son usine de fabrication de puces \u00e0 Dresde, en Allemagne, au cours des prochaines ann\u00e9es. Cette annonce intervient alors que l&rsquo;entreprise a fait \u00e9tat d&rsquo;un financement suppl\u00e9mentaire de 3 milliards de dollars pour son usine CMOS de Malta, dans l&rsquo;\u00c9tat de New York aux [&hellip;]<\/p>\n","protected":false},"author":40,"featured_media":481209,"comment_status":"closed","ping_status":"closed","sticky":false,"template":"","format":"standard","meta":{"_acf_changed":false,"footnotes":""},"categories":[880],"tags":[2777,8615,2421],"domains":[47],"ppma_author":[3640,6199],"class_list":["post-481212","post","type-post","status-publish","format-standard","has-post-thumbnail","hentry","category-actualites-economiques","tag-fd-soi-22nm","tag-globalfoundries-fr","tag-wafer-fabs","domains-electronique-eci"],"acf":[],"yoast_head":"<title>Un plan de 1,1 milliard d&#039;euros pour l&#039;usine de GF \u00e0 Dresde ...<\/title>\n<meta name=\"description\" content=\"GlobalFoundries (GF) d\u00e9penserait 1 milliard \u20ac pour doubler sa production de puces \u00e0 Dresde, en Allemagne, au cours des prochaines ann\u00e9es.\" \/>\n<meta name=\"robots\" content=\"index, follow, max-snippet:-1, max-image-preview:large, max-video-preview:-1\" \/>\n<link rel=\"canonical\" href=\"https:\/\/www.ecinews.fr\/fr\/wp-json\/wp\/v2\/posts\/481212\/\" \/>\n<meta property=\"og:locale\" content=\"fr_FR\" \/>\n<meta property=\"og:type\" content=\"article\" \/>\n<meta property=\"og:title\" content=\"Un plan de 1,1 milliard d&#039;euros pour l&#039;usine de GF \u00e0 Dresde\" \/>\n<meta property=\"og:description\" content=\"GlobalFoundries (GF) d\u00e9penserait 1 milliard \u20ac pour doubler sa production de puces \u00e0 Dresde, en Allemagne, au cours des prochaines ann\u00e9es.\" \/>\n<meta property=\"og:url\" content=\"https:\/\/www.ecinews.fr\/fr\/wp-json\/wp\/v2\/posts\/481212\/\" \/>\n<meta property=\"og:site_name\" content=\"EENewsEurope\" \/>\n<meta property=\"article:published_time\" content=\"2025-06-07T06:06:07+00:00\" \/>\n<meta property=\"article:modified_time\" content=\"2025-06-06T16:20:12+00:00\" \/>\n<meta property=\"og:image\" content=\"https:\/\/www.ecinews.fr\/wp-content\/uploads\/2025\/06\/GF_DD_Luftbild.jpeg\" \/>\n\t<meta property=\"og:image:width\" content=\"1024\" \/>\n\t<meta property=\"og:image:height\" content=\"682\" \/>\n\t<meta property=\"og:image:type\" content=\"image\/jpeg\" \/>\n<meta name=\"author\" content=\"Nick Flaherty, A Delapalisse\" \/>\n<meta name=\"twitter:card\" content=\"summary_large_image\" \/>\n<meta name=\"twitter:label1\" content=\"Written by\" \/>\n\t<meta name=\"twitter:data1\" content=\"A Delapalisse\" \/>\n\t<meta name=\"twitter:label2\" content=\"Est. reading time\" \/>\n\t<meta name=\"twitter:data2\" content=\"2 minutes\" \/>\n<script type=\"application\/ld+json\" class=\"yoast-schema-graph\">{\"@context\":\"https:\/\/schema.org\",\"@graph\":[{\"@type\":\"Article\",\"@id\":\"https:\/\/www.ecinews.fr\/fr\/un-plan-de-11-milliard-deuros-pour-lusine-de-gf-a-dresde\/#article\",\"isPartOf\":{\"@id\":\"https:\/\/www.ecinews.fr\/fr\/un-plan-de-11-milliard-deuros-pour-lusine-de-gf-a-dresde\/\"},\"author\":{\"name\":\"A Delapalisse\",\"@id\":\"https:\/\/www.ecinews.fr\/fr\/#\/schema\/person\/4b3db5ba5c953c5fddeb226df86d8635\"},\"headline\":\"Un plan de 1,1 milliard d&rsquo;euros pour l&rsquo;usine de GF \u00e0 Dresde\",\"datePublished\":\"2025-06-07T06:06:07+00:00\",\"dateModified\":\"2025-06-06T16:20:12+00:00\",\"mainEntityOfPage\":{\"@id\":\"https:\/\/www.ecinews.fr\/fr\/un-plan-de-11-milliard-deuros-pour-lusine-de-gf-a-dresde\/\"},\"wordCount\":504,\"publisher\":{\"@id\":\"https:\/\/www.ecinews.fr\/fr\/#organization\"},\"keywords\":[\"FD-SOI 22nm\",\"Globalfoundries\",\"Wafer fabs\"],\"articleSection\":[\"Actualit\u00e9s \u00e9conomiques\"],\"inLanguage\":\"fr-FR\"},{\"@type\":\"WebPage\",\"@id\":\"https:\/\/www.ecinews.fr\/fr\/un-plan-de-11-milliard-deuros-pour-lusine-de-gf-a-dresde\/\",\"url\":\"https:\/\/www.ecinews.fr\/fr\/un-plan-de-11-milliard-deuros-pour-lusine-de-gf-a-dresde\/\",\"name\":\"Un plan de 1,1 milliard d'euros pour l'usine de GF \u00e0 Dresde -\",\"isPartOf\":{\"@id\":\"https:\/\/www.ecinews.fr\/fr\/#website\"},\"datePublished\":\"2025-06-07T06:06:07+00:00\",\"dateModified\":\"2025-06-06T16:20:12+00:00\",\"description\":\"GlobalFoundries (GF) d\u00e9penserait 1 milliard \u20ac pour doubler sa production de puces \u00e0 Dresde, en Allemagne, au cours des prochaines ann\u00e9es.\",\"breadcrumb\":{\"@id\":\"https:\/\/www.ecinews.fr\/fr\/un-plan-de-11-milliard-deuros-pour-lusine-de-gf-a-dresde\/#breadcrumb\"},\"inLanguage\":\"fr-FR\",\"potentialAction\":[{\"@type\":\"ReadAction\",\"target\":[\"https:\/\/www.ecinews.fr\/fr\/un-plan-de-11-milliard-deuros-pour-lusine-de-gf-a-dresde\/\"]}]},{\"@type\":\"BreadcrumbList\",\"@id\":\"https:\/\/www.ecinews.fr\/fr\/un-plan-de-11-milliard-deuros-pour-lusine-de-gf-a-dresde\/#breadcrumb\",\"itemListElement\":[{\"@type\":\"ListItem\",\"position\":1,\"name\":\"Home\",\"item\":\"https:\/\/www.ecinews.fr\/fr\/\"},{\"@type\":\"ListItem\",\"position\":2,\"name\":\"Un plan de 1,1 milliard d&rsquo;euros pour l&rsquo;usine de GF \u00e0 Dresde\"}]},{\"@type\":\"WebSite\",\"@id\":\"https:\/\/www.ecinews.fr\/fr\/#website\",\"url\":\"https:\/\/www.ecinews.fr\/fr\/\",\"name\":\"EENewsEurope\",\"description\":\"Just another WordPress site\",\"publisher\":{\"@id\":\"https:\/\/www.ecinews.fr\/fr\/#organization\"},\"potentialAction\":[{\"@type\":\"SearchAction\",\"target\":{\"@type\":\"EntryPoint\",\"urlTemplate\":\"https:\/\/www.ecinews.fr\/fr\/?s={search_term_string}\"},\"query-input\":\"required name=search_term_string\"}],\"inLanguage\":\"fr-FR\"},{\"@type\":\"Organization\",\"@id\":\"https:\/\/www.ecinews.fr\/fr\/#organization\",\"name\":\"EENewsEurope\",\"url\":\"https:\/\/www.ecinews.fr\/fr\/\",\"logo\":{\"@type\":\"ImageObject\",\"inLanguage\":\"fr-FR\",\"@id\":\"https:\/\/www.ecinews.fr\/fr\/#\/schema\/logo\/image\/\",\"url\":\"https:\/\/www.ecinews.fr\/wp-content\/uploads\/2022\/02\/logo-1.jpg\",\"contentUrl\":\"https:\/\/www.ecinews.fr\/wp-content\/uploads\/2022\/02\/logo-1.jpg\",\"width\":283,\"height\":113,\"caption\":\"EENewsEurope\"},\"image\":{\"@id\":\"https:\/\/www.ecinews.fr\/fr\/#\/schema\/logo\/image\/\"}},{\"@type\":\"Person\",\"@id\":\"https:\/\/www.ecinews.fr\/fr\/#\/schema\/person\/4b3db5ba5c953c5fddeb226df86d8635\",\"name\":\"A Delapalisse\",\"image\":{\"@type\":\"ImageObject\",\"inLanguage\":\"fr-FR\",\"@id\":\"https:\/\/www.ecinews.fr\/fr\/#\/schema\/person\/image\/09af0e1236b95ff53924b8dfe5af278e\",\"url\":\"https:\/\/secure.gravatar.com\/avatar\/010f811c0933b47aea7e9204117b17c6?s=96&d=mm&r=g\",\"contentUrl\":\"https:\/\/secure.gravatar.com\/avatar\/010f811c0933b47aea7e9204117b17c6?s=96&d=mm&r=g\",\"caption\":\"A Delapalisse\"}}]}<\/script>","yoast_head_json":{"title":"Un plan de 1,1 milliard d'euros pour l'usine de GF \u00e0 Dresde ...","description":"GlobalFoundries (GF) d\u00e9penserait 1 milliard \u20ac pour doubler sa production de puces \u00e0 Dresde, en Allemagne, au cours des prochaines ann\u00e9es.","robots":{"index":"index","follow":"follow","max-snippet":"max-snippet:-1","max-image-preview":"max-image-preview:large","max-video-preview":"max-video-preview:-1"},"canonical":"https:\/\/www.ecinews.fr\/fr\/wp-json\/wp\/v2\/posts\/481212\/","og_locale":"fr_FR","og_type":"article","og_title":"Un plan de 1,1 milliard d'euros pour l'usine de GF \u00e0 Dresde","og_description":"GlobalFoundries (GF) d\u00e9penserait 1 milliard \u20ac pour doubler sa production de puces \u00e0 Dresde, en Allemagne, au cours des prochaines ann\u00e9es.","og_url":"https:\/\/www.ecinews.fr\/fr\/wp-json\/wp\/v2\/posts\/481212\/","og_site_name":"EENewsEurope","article_published_time":"2025-06-07T06:06:07+00:00","article_modified_time":"2025-06-06T16:20:12+00:00","og_image":[{"width":1024,"height":682,"url":"https:\/\/www.ecinews.fr\/wp-content\/uploads\/2025\/06\/GF_DD_Luftbild.jpeg","type":"image\/jpeg"}],"author":"Nick Flaherty, A Delapalisse","twitter_card":"summary_large_image","twitter_misc":{"Written by":"A Delapalisse","Est. reading time":"2 minutes"},"schema":{"@context":"https:\/\/schema.org","@graph":[{"@type":"Article","@id":"https:\/\/www.ecinews.fr\/fr\/un-plan-de-11-milliard-deuros-pour-lusine-de-gf-a-dresde\/#article","isPartOf":{"@id":"https:\/\/www.ecinews.fr\/fr\/un-plan-de-11-milliard-deuros-pour-lusine-de-gf-a-dresde\/"},"author":{"name":"A Delapalisse","@id":"https:\/\/www.ecinews.fr\/fr\/#\/schema\/person\/4b3db5ba5c953c5fddeb226df86d8635"},"headline":"Un plan de 1,1 milliard d&rsquo;euros pour l&rsquo;usine de GF \u00e0 Dresde","datePublished":"2025-06-07T06:06:07+00:00","dateModified":"2025-06-06T16:20:12+00:00","mainEntityOfPage":{"@id":"https:\/\/www.ecinews.fr\/fr\/un-plan-de-11-milliard-deuros-pour-lusine-de-gf-a-dresde\/"},"wordCount":504,"publisher":{"@id":"https:\/\/www.ecinews.fr\/fr\/#organization"},"keywords":["FD-SOI 22nm","Globalfoundries","Wafer fabs"],"articleSection":["Actualit\u00e9s \u00e9conomiques"],"inLanguage":"fr-FR"},{"@type":"WebPage","@id":"https:\/\/www.ecinews.fr\/fr\/un-plan-de-11-milliard-deuros-pour-lusine-de-gf-a-dresde\/","url":"https:\/\/www.ecinews.fr\/fr\/un-plan-de-11-milliard-deuros-pour-lusine-de-gf-a-dresde\/","name":"Un plan de 1,1 milliard d'euros pour l'usine de GF \u00e0 Dresde -","isPartOf":{"@id":"https:\/\/www.ecinews.fr\/fr\/#website"},"datePublished":"2025-06-07T06:06:07+00:00","dateModified":"2025-06-06T16:20:12+00:00","description":"GlobalFoundries (GF) d\u00e9penserait 1 milliard \u20ac pour doubler sa production de puces \u00e0 Dresde, en Allemagne, au cours des prochaines ann\u00e9es.","breadcrumb":{"@id":"https:\/\/www.ecinews.fr\/fr\/un-plan-de-11-milliard-deuros-pour-lusine-de-gf-a-dresde\/#breadcrumb"},"inLanguage":"fr-FR","potentialAction":[{"@type":"ReadAction","target":["https:\/\/www.ecinews.fr\/fr\/un-plan-de-11-milliard-deuros-pour-lusine-de-gf-a-dresde\/"]}]},{"@type":"BreadcrumbList","@id":"https:\/\/www.ecinews.fr\/fr\/un-plan-de-11-milliard-deuros-pour-lusine-de-gf-a-dresde\/#breadcrumb","itemListElement":[{"@type":"ListItem","position":1,"name":"Home","item":"https:\/\/www.ecinews.fr\/fr\/"},{"@type":"ListItem","position":2,"name":"Un plan de 1,1 milliard d&rsquo;euros pour l&rsquo;usine de GF \u00e0 Dresde"}]},{"@type":"WebSite","@id":"https:\/\/www.ecinews.fr\/fr\/#website","url":"https:\/\/www.ecinews.fr\/fr\/","name":"EENewsEurope","description":"Just another WordPress site","publisher":{"@id":"https:\/\/www.ecinews.fr\/fr\/#organization"},"potentialAction":[{"@type":"SearchAction","target":{"@type":"EntryPoint","urlTemplate":"https:\/\/www.ecinews.fr\/fr\/?s={search_term_string}"},"query-input":"required name=search_term_string"}],"inLanguage":"fr-FR"},{"@type":"Organization","@id":"https:\/\/www.ecinews.fr\/fr\/#organization","name":"EENewsEurope","url":"https:\/\/www.ecinews.fr\/fr\/","logo":{"@type":"ImageObject","inLanguage":"fr-FR","@id":"https:\/\/www.ecinews.fr\/fr\/#\/schema\/logo\/image\/","url":"https:\/\/www.ecinews.fr\/wp-content\/uploads\/2022\/02\/logo-1.jpg","contentUrl":"https:\/\/www.ecinews.fr\/wp-content\/uploads\/2022\/02\/logo-1.jpg","width":283,"height":113,"caption":"EENewsEurope"},"image":{"@id":"https:\/\/www.ecinews.fr\/fr\/#\/schema\/logo\/image\/"}},{"@type":"Person","@id":"https:\/\/www.ecinews.fr\/fr\/#\/schema\/person\/4b3db5ba5c953c5fddeb226df86d8635","name":"A Delapalisse","image":{"@type":"ImageObject","inLanguage":"fr-FR","@id":"https:\/\/www.ecinews.fr\/fr\/#\/schema\/person\/image\/09af0e1236b95ff53924b8dfe5af278e","url":"https:\/\/secure.gravatar.com\/avatar\/010f811c0933b47aea7e9204117b17c6?s=96&d=mm&r=g","contentUrl":"https:\/\/secure.gravatar.com\/avatar\/010f811c0933b47aea7e9204117b17c6?s=96&d=mm&r=g","caption":"A Delapalisse"}}]}},"authors":[{"term_id":3640,"user_id":0,"is_guest":1,"slug":"nick-flaherty","display_name":"Nick Flaherty","avatar_url":"https:\/\/secure.gravatar.com\/avatar\/?s=96&d=mm&r=g","0":null,"1":"","2":"","3":"","4":"","5":"","6":"","7":"","8":""},{"term_id":6199,"user_id":40,"is_guest":0,"slug":"andre-rousselotemisys-com","display_name":"A Delapalisse","avatar_url":"https:\/\/secure.gravatar.com\/avatar\/010f811c0933b47aea7e9204117b17c6?s=96&d=mm&r=g","0":null,"1":"","2":"","3":"","4":"","5":"","6":"","7":"","8":""}],"_links":{"self":[{"href":"https:\/\/www.ecinews.fr\/fr\/wp-json\/wp\/v2\/posts\/481212"}],"collection":[{"href":"https:\/\/www.ecinews.fr\/fr\/wp-json\/wp\/v2\/posts"}],"about":[{"href":"https:\/\/www.ecinews.fr\/fr\/wp-json\/wp\/v2\/types\/post"}],"author":[{"embeddable":true,"href":"https:\/\/www.ecinews.fr\/fr\/wp-json\/wp\/v2\/users\/40"}],"replies":[{"embeddable":true,"href":"https:\/\/www.ecinews.fr\/fr\/wp-json\/wp\/v2\/comments?post=481212"}],"version-history":[{"count":0,"href":"https:\/\/www.ecinews.fr\/fr\/wp-json\/wp\/v2\/posts\/481212\/revisions"}],"wp:featuredmedia":[{"embeddable":true,"href":"https:\/\/www.ecinews.fr\/fr\/wp-json\/wp\/v2\/media\/481209"}],"wp:attachment":[{"href":"https:\/\/www.ecinews.fr\/fr\/wp-json\/wp\/v2\/media?parent=481212"}],"wp:term":[{"taxonomy":"category","embeddable":true,"href":"https:\/\/www.ecinews.fr\/fr\/wp-json\/wp\/v2\/categories?post=481212"},{"taxonomy":"post_tag","embeddable":true,"href":"https:\/\/www.ecinews.fr\/fr\/wp-json\/wp\/v2\/tags?post=481212"},{"taxonomy":"domains","embeddable":true,"href":"https:\/\/www.ecinews.fr\/fr\/wp-json\/wp\/v2\/domains?post=481212"},{"taxonomy":"author","embeddable":true,"href":"https:\/\/www.ecinews.fr\/fr\/wp-json\/wp\/v2\/ppma_author?post=481212"}],"curies":[{"name":"wp","href":"https:\/\/api.w.org\/{rel}","templated":true}]}}