{"id":481086,"date":"2025-06-05T07:57:07","date_gmt":"2025-06-05T05:57:07","guid":{"rendered":"https:\/\/www.ecinews.fr\/?p=481086"},"modified":"2025-06-04T22:07:43","modified_gmt":"2025-06-04T20:07:43","slug":"ia-generative-portee-sur-raspberry-pi-5","status":"publish","type":"post","link":"https:\/\/www.ecinews.fr\/fr\/ia-generative-portee-sur-raspberry-pi-5\/","title":{"rendered":"IA g\u00e9n\u00e9rative port\u00e9e sur Raspberry Pi 5"},"content":{"rendered":"<h2>EdgeCortix a annonc\u00e9 que son module d&rsquo;acc\u00e9l\u00e9ration de l&rsquo;IA, SAKURA-II M.2, est maintenant disponible pour les plateformes bas\u00e9es sur Arm, y compris Raspberry Pi 5 et la plateforme AETINA Rockchip. Le module offre de hautes performances et une grande efficacit\u00e9 pour les applications informatiques d&rsquo;intelligence artificielle tout en d\u00e9mocratisant les capacit\u00e9s d&rsquo;intelligence artificielle g\u00e9n\u00e9rative en temps r\u00e9el.<\/h2>\n<p>Con\u00e7u en mettant l&rsquo;accent sur une faible consommation d&rsquo;\u00e9nergie et un d\u00e9bit d&rsquo;IA \u00e9lev\u00e9, le module SAKURA-II M.2 permet aux d\u00e9veloppeurs d&rsquo;ex\u00e9cuter des mod\u00e8les d&rsquo;apprentissage profond avanc\u00e9s directement sur des plateformes compactes et abordables, telles que le Raspberry Pi 5 et d&rsquo;autres plateformes bas\u00e9es sur Arm, sans d\u00e9pendre d&rsquo;une infrastructure en nuage. Les capacit\u00e9s d&rsquo;IA g\u00e9n\u00e9rative pour les plateformes Arm embarqu\u00e9es devraient alimenter la prochaine vague de syst\u00e8mes intelligents et autonomes.<\/p>\n<p>\u00ab La mise \u00e0 disposition de notre technologie d&rsquo;acc\u00e9l\u00e9ration d&rsquo;IA \u00e0 faible consommation aux utilisateurs de Raspberry Pi 5 ouvre la voie aux innovateurs et aux entreprises du monde entier pour construire rapidement des appareils et des syst\u00e8mes plus intelligents, plus rapides et plus efficaces bas\u00e9s sur l&rsquo;IA \u00bb, a d\u00e9clar\u00e9 le Dr Sakyasingha Dasgupta, fondateur et PDG d&rsquo;EdgeCortix.<\/p>\n<p>\u00ab L&rsquo;association du Raspberry Pi 5 et de SAKURA-II d&rsquo;EdgeCortix offre une plateforme incroyablement efficace et \u00e9volutive pour l&rsquo;IA g\u00e9n\u00e9rative edge en temps r\u00e9el \u00bb, a d\u00e9clar\u00e9 Sailesh Chittipeddi, Venture Partner chez Novo Tellus Capital Partners et membre du conseil d&rsquo;administration de Lantronix et de Tessolve. \u00ab Ce qui est tout aussi convaincant, c&rsquo;est la capacit\u00e9 de SAKURA-II \u00e0 acc\u00e9l\u00e9rer une large gamme de syst\u00e8mes bas\u00e9s sur Arm, permettant aux ing\u00e9nieurs des applications IoT et edge de la prochaine g\u00e9n\u00e9ration de d\u00e9ployer une IA haute performance dans diverses applications sans le co\u00fbt ou le fardeau \u00e9nerg\u00e9tique du mat\u00e9riel de centre de donn\u00e9es traditionnel. \u00bb<\/p>\n<p>Le module avec Raspberry Pi 5 et d&rsquo;autres plateformes Arm permet l&rsquo;ex\u00e9cution directe de l&rsquo;IA g\u00e9n\u00e9rative la plus r\u00e9cente sur l&rsquo;appareil, avec une latence et une consommation d \u00ab \u00e9nergie minimales, y compris les mod\u00e8les d&rsquo;IA avanc\u00e9s tels que les transformateurs de vision, les petits mod\u00e8les de langage et les mod\u00e8les de langage de vision (VLM). En outre, SAKURA-II et Raspberry Pi offrent une IA puissante \u00e0 une fraction du co\u00fbt des produits traditionnels, r\u00e9duisant ainsi les besoins en infrastructure et permettant une mise \u00e0 l \u00bb \u00e9chelle de fa\u00e7on \u00e9conomique.<\/p>\n<p>Optimis\u00e9 pour Arm, le module permet de d\u00e9charger de mani\u00e8re transparente les charges de travail d&rsquo;IA des processeurs Arm, ce qui permet d&rsquo;\u00e9quilibrer les performances et l&rsquo;efficacit\u00e9. Les d\u00e9veloppeurs peuvent rapidement passer du prototype \u00e0 la production en utilisant des modules SAKURA-II M.2 pr\u00eats \u00e0 la production avec des Raspberry Pi 5 certifi\u00e9s et d&rsquo;autres plateformes Arm.<\/p>\n<p>Cette combinaison est id\u00e9ale pour l&rsquo;IA autonome dans des environnements contraints par le SWaP-C, parfaits pour les drones, la robotique, l&rsquo;agriculture intelligente et la s\u00e9curit\u00e9, o\u00f9 les limites de taille, de poids, d&rsquo;\u00e9nergie et de co\u00fbt exigent une intelligence efficace sur l&rsquo;appareil.<\/p>\n<p>Avec ces plateformes Arm, EdgeCortix permet \u00e0 un large \u00e9cosyst\u00e8me de d\u00e9veloppeurs et d&rsquo;innovateurs de mat\u00e9riel de construire une IA de pointe \u00e9conomique et pr\u00eate \u00e0 la production. Cela permet aux startups et aux entreprises de d\u00e9ployer des applications intelligentes sans d\u00e9pendre du cloud, en ex\u00e9cutant l&rsquo;IA g\u00e9n\u00e9rative sur l&rsquo;appareil avec des exigences minimales en mati\u00e8re d&rsquo;\u00e9nergie.<\/p>\n<p><a href=\"http:\/\/www.edgecortix.com\/en\">www.edgecortix.com\/en<\/a><\/p>\n","protected":false},"excerpt":{"rendered":"<p>Les capacit\u00e9s d&rsquo;IA g\u00e9n\u00e9rative pour les plateformes Arm embarqu\u00e9es devraient alimenter la prochaine vague de syst\u00e8mes intelligents et autonomes.<\/p>\n","protected":false},"author":40,"featured_media":481054,"comment_status":"closed","ping_status":"closed","sticky":false,"template":"","format":"standard","meta":{"_acf_changed":false,"footnotes":""},"categories":[883],"tags":[2456,4223,9920,4039,9917],"domains":[47],"ppma_author":[3682,6199],"class_list":["post-481086","post","type-post","status-publish","format-standard","has-post-thumbnail","hentry","category-technologies","tag-arm-fr","tag-edge-ai-fr","tag-edgecortix-fr","tag-ia-generative","tag-raspberry-pi-5-fr","domains-electronique-eci"],"acf":[],"yoast_head":"<title>IA g\u00e9n\u00e9rative port\u00e9e sur Raspberry Pi 5 ...<\/title>\n<meta name=\"description\" content=\"Les capacit\u00e9s d&#039;IA g\u00e9n\u00e9rative pour plateformes Arm embarqu\u00e9es devraient alimenter la prochaine vague de syst\u00e8mes intelligents et autonomes.\" \/>\n<meta name=\"robots\" content=\"index, follow, max-snippet:-1, max-image-preview:large, max-video-preview:-1\" \/>\n<link rel=\"canonical\" href=\"https:\/\/www.ecinews.fr\/fr\/wp-json\/wp\/v2\/posts\/481086\/\" \/>\n<meta property=\"og:locale\" content=\"fr_FR\" \/>\n<meta property=\"og:type\" content=\"article\" \/>\n<meta property=\"og:title\" content=\"IA g\u00e9n\u00e9rative port\u00e9e sur Raspberry Pi 5\" \/>\n<meta property=\"og:description\" content=\"Les capacit\u00e9s d&#039;IA g\u00e9n\u00e9rative pour plateformes Arm embarqu\u00e9es devraient alimenter la prochaine vague de syst\u00e8mes intelligents et autonomes.\" \/>\n<meta property=\"og:url\" content=\"https:\/\/www.ecinews.fr\/fr\/wp-json\/wp\/v2\/posts\/481086\/\" \/>\n<meta property=\"og:site_name\" content=\"EENewsEurope\" \/>\n<meta property=\"article:published_time\" content=\"2025-06-05T05:57:07+00:00\" \/>\n<meta property=\"article:modified_time\" content=\"2025-06-04T20:07:43+00:00\" \/>\n<meta property=\"og:image\" content=\"https:\/\/www.ecinews.fr\/wp-content\/uploads\/2025\/06\/Vision-Language-Models-AI-Generated-scaled.jpg\" \/>\n\t<meta property=\"og:image:width\" content=\"1080\" \/>\n\t<meta property=\"og:image:height\" content=\"810\" \/>\n\t<meta property=\"og:image:type\" content=\"image\/jpeg\" \/>\n<meta name=\"author\" content=\"Jean-Pierre Joosting, A Delapalisse\" \/>\n<meta name=\"twitter:card\" content=\"summary_large_image\" \/>\n<meta name=\"twitter:label1\" content=\"Written by\" \/>\n\t<meta name=\"twitter:data1\" content=\"A Delapalisse\" \/>\n\t<meta name=\"twitter:label2\" content=\"Est. reading time\" \/>\n\t<meta name=\"twitter:data2\" content=\"3 minutes\" \/>\n<script type=\"application\/ld+json\" class=\"yoast-schema-graph\">{\"@context\":\"https:\/\/schema.org\",\"@graph\":[{\"@type\":\"Article\",\"@id\":\"https:\/\/www.ecinews.fr\/fr\/ia-generative-portee-sur-raspberry-pi-5\/#article\",\"isPartOf\":{\"@id\":\"https:\/\/www.ecinews.fr\/fr\/ia-generative-portee-sur-raspberry-pi-5\/\"},\"author\":{\"name\":\"A Delapalisse\",\"@id\":\"https:\/\/www.ecinews.fr\/fr\/#\/schema\/person\/4b3db5ba5c953c5fddeb226df86d8635\"},\"headline\":\"IA g\u00e9n\u00e9rative port\u00e9e sur Raspberry Pi 5\",\"datePublished\":\"2025-06-05T05:57:07+00:00\",\"dateModified\":\"2025-06-04T20:07:43+00:00\",\"mainEntityOfPage\":{\"@id\":\"https:\/\/www.ecinews.fr\/fr\/ia-generative-portee-sur-raspberry-pi-5\/\"},\"wordCount\":637,\"publisher\":{\"@id\":\"https:\/\/www.ecinews.fr\/fr\/#organization\"},\"keywords\":[\"Arm\",\"Edge AI\",\"EdgeCortix\",\"IA g\u00e9n\u00e9rative\",\"Raspberry Pi 5\"],\"articleSection\":[\"Technologies\"],\"inLanguage\":\"fr-FR\"},{\"@type\":\"WebPage\",\"@id\":\"https:\/\/www.ecinews.fr\/fr\/ia-generative-portee-sur-raspberry-pi-5\/\",\"url\":\"https:\/\/www.ecinews.fr\/fr\/ia-generative-portee-sur-raspberry-pi-5\/\",\"name\":\"IA g\u00e9n\u00e9rative port\u00e9e sur Raspberry Pi 5 -\",\"isPartOf\":{\"@id\":\"https:\/\/www.ecinews.fr\/fr\/#website\"},\"datePublished\":\"2025-06-05T05:57:07+00:00\",\"dateModified\":\"2025-06-04T20:07:43+00:00\",\"description\":\"Les capacit\u00e9s d'IA g\u00e9n\u00e9rative pour plateformes Arm embarqu\u00e9es devraient alimenter la prochaine vague de syst\u00e8mes intelligents et autonomes.\",\"breadcrumb\":{\"@id\":\"https:\/\/www.ecinews.fr\/fr\/ia-generative-portee-sur-raspberry-pi-5\/#breadcrumb\"},\"inLanguage\":\"fr-FR\",\"potentialAction\":[{\"@type\":\"ReadAction\",\"target\":[\"https:\/\/www.ecinews.fr\/fr\/ia-generative-portee-sur-raspberry-pi-5\/\"]}]},{\"@type\":\"BreadcrumbList\",\"@id\":\"https:\/\/www.ecinews.fr\/fr\/ia-generative-portee-sur-raspberry-pi-5\/#breadcrumb\",\"itemListElement\":[{\"@type\":\"ListItem\",\"position\":1,\"name\":\"Home\",\"item\":\"https:\/\/www.ecinews.fr\/fr\/\"},{\"@type\":\"ListItem\",\"position\":2,\"name\":\"IA g\u00e9n\u00e9rative port\u00e9e sur Raspberry Pi 5\"}]},{\"@type\":\"WebSite\",\"@id\":\"https:\/\/www.ecinews.fr\/fr\/#website\",\"url\":\"https:\/\/www.ecinews.fr\/fr\/\",\"name\":\"EENewsEurope\",\"description\":\"Just another WordPress site\",\"publisher\":{\"@id\":\"https:\/\/www.ecinews.fr\/fr\/#organization\"},\"potentialAction\":[{\"@type\":\"SearchAction\",\"target\":{\"@type\":\"EntryPoint\",\"urlTemplate\":\"https:\/\/www.ecinews.fr\/fr\/?s={search_term_string}\"},\"query-input\":\"required name=search_term_string\"}],\"inLanguage\":\"fr-FR\"},{\"@type\":\"Organization\",\"@id\":\"https:\/\/www.ecinews.fr\/fr\/#organization\",\"name\":\"EENewsEurope\",\"url\":\"https:\/\/www.ecinews.fr\/fr\/\",\"logo\":{\"@type\":\"ImageObject\",\"inLanguage\":\"fr-FR\",\"@id\":\"https:\/\/www.ecinews.fr\/fr\/#\/schema\/logo\/image\/\",\"url\":\"https:\/\/www.ecinews.fr\/wp-content\/uploads\/2022\/02\/logo-1.jpg\",\"contentUrl\":\"https:\/\/www.ecinews.fr\/wp-content\/uploads\/2022\/02\/logo-1.jpg\",\"width\":283,\"height\":113,\"caption\":\"EENewsEurope\"},\"image\":{\"@id\":\"https:\/\/www.ecinews.fr\/fr\/#\/schema\/logo\/image\/\"}},{\"@type\":\"Person\",\"@id\":\"https:\/\/www.ecinews.fr\/fr\/#\/schema\/person\/4b3db5ba5c953c5fddeb226df86d8635\",\"name\":\"A Delapalisse\",\"image\":{\"@type\":\"ImageObject\",\"inLanguage\":\"fr-FR\",\"@id\":\"https:\/\/www.ecinews.fr\/fr\/#\/schema\/person\/image\/09af0e1236b95ff53924b8dfe5af278e\",\"url\":\"https:\/\/secure.gravatar.com\/avatar\/010f811c0933b47aea7e9204117b17c6?s=96&d=mm&r=g\",\"contentUrl\":\"https:\/\/secure.gravatar.com\/avatar\/010f811c0933b47aea7e9204117b17c6?s=96&d=mm&r=g\",\"caption\":\"A Delapalisse\"}}]}<\/script>","yoast_head_json":{"title":"IA g\u00e9n\u00e9rative port\u00e9e sur Raspberry Pi 5 ...","description":"Les capacit\u00e9s d'IA g\u00e9n\u00e9rative pour plateformes Arm embarqu\u00e9es devraient alimenter la prochaine vague de syst\u00e8mes intelligents et autonomes.","robots":{"index":"index","follow":"follow","max-snippet":"max-snippet:-1","max-image-preview":"max-image-preview:large","max-video-preview":"max-video-preview:-1"},"canonical":"https:\/\/www.ecinews.fr\/fr\/wp-json\/wp\/v2\/posts\/481086\/","og_locale":"fr_FR","og_type":"article","og_title":"IA g\u00e9n\u00e9rative port\u00e9e sur Raspberry Pi 5","og_description":"Les capacit\u00e9s d'IA g\u00e9n\u00e9rative pour plateformes Arm embarqu\u00e9es devraient alimenter la prochaine vague de syst\u00e8mes intelligents et autonomes.","og_url":"https:\/\/www.ecinews.fr\/fr\/wp-json\/wp\/v2\/posts\/481086\/","og_site_name":"EENewsEurope","article_published_time":"2025-06-05T05:57:07+00:00","article_modified_time":"2025-06-04T20:07:43+00:00","og_image":[{"width":1080,"height":810,"url":"https:\/\/www.ecinews.fr\/wp-content\/uploads\/2025\/06\/Vision-Language-Models-AI-Generated-scaled.jpg","type":"image\/jpeg"}],"author":"Jean-Pierre Joosting, A Delapalisse","twitter_card":"summary_large_image","twitter_misc":{"Written by":"A Delapalisse","Est. reading time":"3 minutes"},"schema":{"@context":"https:\/\/schema.org","@graph":[{"@type":"Article","@id":"https:\/\/www.ecinews.fr\/fr\/ia-generative-portee-sur-raspberry-pi-5\/#article","isPartOf":{"@id":"https:\/\/www.ecinews.fr\/fr\/ia-generative-portee-sur-raspberry-pi-5\/"},"author":{"name":"A Delapalisse","@id":"https:\/\/www.ecinews.fr\/fr\/#\/schema\/person\/4b3db5ba5c953c5fddeb226df86d8635"},"headline":"IA g\u00e9n\u00e9rative port\u00e9e sur Raspberry Pi 5","datePublished":"2025-06-05T05:57:07+00:00","dateModified":"2025-06-04T20:07:43+00:00","mainEntityOfPage":{"@id":"https:\/\/www.ecinews.fr\/fr\/ia-generative-portee-sur-raspberry-pi-5\/"},"wordCount":637,"publisher":{"@id":"https:\/\/www.ecinews.fr\/fr\/#organization"},"keywords":["Arm","Edge AI","EdgeCortix","IA g\u00e9n\u00e9rative","Raspberry Pi 5"],"articleSection":["Technologies"],"inLanguage":"fr-FR"},{"@type":"WebPage","@id":"https:\/\/www.ecinews.fr\/fr\/ia-generative-portee-sur-raspberry-pi-5\/","url":"https:\/\/www.ecinews.fr\/fr\/ia-generative-portee-sur-raspberry-pi-5\/","name":"IA g\u00e9n\u00e9rative port\u00e9e sur Raspberry Pi 5 -","isPartOf":{"@id":"https:\/\/www.ecinews.fr\/fr\/#website"},"datePublished":"2025-06-05T05:57:07+00:00","dateModified":"2025-06-04T20:07:43+00:00","description":"Les capacit\u00e9s d'IA g\u00e9n\u00e9rative pour plateformes Arm embarqu\u00e9es devraient alimenter la prochaine vague de syst\u00e8mes intelligents et autonomes.","breadcrumb":{"@id":"https:\/\/www.ecinews.fr\/fr\/ia-generative-portee-sur-raspberry-pi-5\/#breadcrumb"},"inLanguage":"fr-FR","potentialAction":[{"@type":"ReadAction","target":["https:\/\/www.ecinews.fr\/fr\/ia-generative-portee-sur-raspberry-pi-5\/"]}]},{"@type":"BreadcrumbList","@id":"https:\/\/www.ecinews.fr\/fr\/ia-generative-portee-sur-raspberry-pi-5\/#breadcrumb","itemListElement":[{"@type":"ListItem","position":1,"name":"Home","item":"https:\/\/www.ecinews.fr\/fr\/"},{"@type":"ListItem","position":2,"name":"IA g\u00e9n\u00e9rative port\u00e9e sur Raspberry Pi 5"}]},{"@type":"WebSite","@id":"https:\/\/www.ecinews.fr\/fr\/#website","url":"https:\/\/www.ecinews.fr\/fr\/","name":"EENewsEurope","description":"Just another WordPress site","publisher":{"@id":"https:\/\/www.ecinews.fr\/fr\/#organization"},"potentialAction":[{"@type":"SearchAction","target":{"@type":"EntryPoint","urlTemplate":"https:\/\/www.ecinews.fr\/fr\/?s={search_term_string}"},"query-input":"required name=search_term_string"}],"inLanguage":"fr-FR"},{"@type":"Organization","@id":"https:\/\/www.ecinews.fr\/fr\/#organization","name":"EENewsEurope","url":"https:\/\/www.ecinews.fr\/fr\/","logo":{"@type":"ImageObject","inLanguage":"fr-FR","@id":"https:\/\/www.ecinews.fr\/fr\/#\/schema\/logo\/image\/","url":"https:\/\/www.ecinews.fr\/wp-content\/uploads\/2022\/02\/logo-1.jpg","contentUrl":"https:\/\/www.ecinews.fr\/wp-content\/uploads\/2022\/02\/logo-1.jpg","width":283,"height":113,"caption":"EENewsEurope"},"image":{"@id":"https:\/\/www.ecinews.fr\/fr\/#\/schema\/logo\/image\/"}},{"@type":"Person","@id":"https:\/\/www.ecinews.fr\/fr\/#\/schema\/person\/4b3db5ba5c953c5fddeb226df86d8635","name":"A Delapalisse","image":{"@type":"ImageObject","inLanguage":"fr-FR","@id":"https:\/\/www.ecinews.fr\/fr\/#\/schema\/person\/image\/09af0e1236b95ff53924b8dfe5af278e","url":"https:\/\/secure.gravatar.com\/avatar\/010f811c0933b47aea7e9204117b17c6?s=96&d=mm&r=g","contentUrl":"https:\/\/secure.gravatar.com\/avatar\/010f811c0933b47aea7e9204117b17c6?s=96&d=mm&r=g","caption":"A Delapalisse"}}]}},"authors":[{"term_id":3682,"user_id":0,"is_guest":1,"slug":"jean-pierre-joosting","display_name":"Jean-Pierre Joosting","avatar_url":"https:\/\/secure.gravatar.com\/avatar\/?s=96&d=mm&r=g","0":null,"1":"","2":"","3":"","4":"","5":"","6":"","7":"","8":""},{"term_id":6199,"user_id":40,"is_guest":0,"slug":"andre-rousselotemisys-com","display_name":"A Delapalisse","avatar_url":"https:\/\/secure.gravatar.com\/avatar\/010f811c0933b47aea7e9204117b17c6?s=96&d=mm&r=g","0":null,"1":"","2":"","3":"","4":"","5":"","6":"","7":"","8":""}],"_links":{"self":[{"href":"https:\/\/www.ecinews.fr\/fr\/wp-json\/wp\/v2\/posts\/481086"}],"collection":[{"href":"https:\/\/www.ecinews.fr\/fr\/wp-json\/wp\/v2\/posts"}],"about":[{"href":"https:\/\/www.ecinews.fr\/fr\/wp-json\/wp\/v2\/types\/post"}],"author":[{"embeddable":true,"href":"https:\/\/www.ecinews.fr\/fr\/wp-json\/wp\/v2\/users\/40"}],"replies":[{"embeddable":true,"href":"https:\/\/www.ecinews.fr\/fr\/wp-json\/wp\/v2\/comments?post=481086"}],"version-history":[{"count":0,"href":"https:\/\/www.ecinews.fr\/fr\/wp-json\/wp\/v2\/posts\/481086\/revisions"}],"wp:featuredmedia":[{"embeddable":true,"href":"https:\/\/www.ecinews.fr\/fr\/wp-json\/wp\/v2\/media\/481054"}],"wp:attachment":[{"href":"https:\/\/www.ecinews.fr\/fr\/wp-json\/wp\/v2\/media?parent=481086"}],"wp:term":[{"taxonomy":"category","embeddable":true,"href":"https:\/\/www.ecinews.fr\/fr\/wp-json\/wp\/v2\/categories?post=481086"},{"taxonomy":"post_tag","embeddable":true,"href":"https:\/\/www.ecinews.fr\/fr\/wp-json\/wp\/v2\/tags?post=481086"},{"taxonomy":"domains","embeddable":true,"href":"https:\/\/www.ecinews.fr\/fr\/wp-json\/wp\/v2\/domains?post=481086"},{"taxonomy":"author","embeddable":true,"href":"https:\/\/www.ecinews.fr\/fr\/wp-json\/wp\/v2\/ppma_author?post=481086"}],"curies":[{"name":"wp","href":"https:\/\/api.w.org\/{rel}","templated":true}]}}