{"id":480169,"date":"2025-05-21T08:29:04","date_gmt":"2025-05-21T06:29:04","guid":{"rendered":"https:\/\/www.ecinews.fr\/?p=480169"},"modified":"2025-05-21T08:29:04","modified_gmt":"2025-05-21T06:29:04","slug":"premiere-ligne-pilote-de-puces-quantiques-a-piege-a-ions-en-europe","status":"publish","type":"post","link":"https:\/\/www.ecinews.fr\/fr\/premiere-ligne-pilote-de-puces-quantiques-a-piege-a-ions-en-europe\/","title":{"rendered":"Premi\u00e8re ligne pilote de puces quantiques \u00e0 pi\u00e8ge \u00e0 ions en Europe"},"content":{"rendered":"<p>La ligne pilote europ\u00e9enne de 15 millions d&rsquo;euros pour la fabrication de processeurs quantiques \u00e0 pi\u00e8ge \u00e0 ions a \u00e9t\u00e9 approuv\u00e9e.<\/p>\n<p>La ligne CHAMP-ION sera coordonn\u00e9e par le groupe de recherche Silicon Austria Labs (SAL) et durera sept ans. Financ\u00e9e par l&rsquo;entreprise commune \u00ab\u00a0Chips\u00a0\u00bb, elle vise \u00e0 d\u00e9velopper un r\u00e9seau de lignes pilotes \u00e9volutives dans l&rsquo;UE afin de permettre une production industrielle de masse de haute qualit\u00e9 de pi\u00e8ges \u00e0 ions pour les ordinateurs quantiques, les syst\u00e8mes de d\u00e9tection et de communication.<\/p>\n<p>Infineon a \u00e9t\u00e9 un acteur cl\u00e9 dans ce domaine, avec des recherches centr\u00e9es sur Villach en Autriche, o\u00f9 SAL poss\u00e8de \u00e9galement un site. Le site de Dresde fait \u00e9galement partie du consortium, ce qui laisse pr\u00e9sager une possibilit\u00e9 de production de masse.<\/p>\n<p>Parmi les autres entreprises participant \u00e0 la ligne pilote figurent Alpine Quantum Technologies, neQxt et QUDORA Technologies, ainsi qu&rsquo;eleQtron et Parity Quantum Computing, qui <a href=\"https:\/\/www.eenewseurope.com\/en\/nxp-shows-german-10qubit-quantum-computer-demonstrator\/\">collaborent toutes deux avec NXP Semiconductors \u00e0 la conception d&rsquo;un mod\u00e8le.<\/a><\/p>\n<ul>\n<li><a href=\"https:\/\/www.eenewseurope.com\/en\/first-open-source-full-stack-ion-trap-quantum-computer\/\">Premier ordinateur quantique \u00e0 pi\u00e8ge \u00e0 ions \u00e0 source ouverte et \u00e0 pile compl\u00e8te<\/a><\/li>\n<li><a href=\"https:\/\/www.eenewseurope.com\/en\/eth-zurich-spinout-raises-4-2m-to-scale-trapped-ion-quantum-computer\/\">L&rsquo;ETH Zurich l\u00e8ve 2,4 millions de dollars pour d\u00e9velopper les ordinateurs quantiques \u00e0 pi\u00e8ge \u00e0 ions<\/a><\/li>\n<\/ul>\n<p>Les instituts de recherche comprennent l&rsquo;Institut national de m\u00e9trologie d&rsquo;Allemagne (PTB), l&rsquo;Institut des instruments scientifiques de l&rsquo;ASCR ISI, le Centre de recherche technique de Finlande (VTT), le Laboratoire international ib\u00e9rique de nanotechnologie (INL) et l&rsquo;Institut national de m\u00e9trologie d&rsquo;Italie (INRIM). L&rsquo;universit\u00e9 d&rsquo;Innsbruck, l&rsquo;universit\u00e9 Gottfried Wilhelm Leibnitz de Hanovre, l&rsquo;universit\u00e9 de Siegen, l&rsquo;universit\u00e9 Johannes Gutenberg de Mayence, l&rsquo;universit\u00e9 de Padoue et l&rsquo;universit\u00e9 Palacky d&rsquo;Olomouc participent \u00e9galement au projet.<\/p>\n<p>Outre la fabrication, la ligne comprendra des services de conception, de packaging et de fabrication de syst\u00e8mes de pi\u00e8ges \u00e0 ions multiples enti\u00e8rement int\u00e9gr\u00e9s, test\u00e9s et miniaturis\u00e9s, avec des structures \u00e9lectroniques et photoniques int\u00e9gr\u00e9es sur une puce.<\/p>\n<ul>\n<li><a href=\"https:\/\/www.eenewseurope.com\/en\/quantinuum-to-use-infineon-ion-traps-for-fault-tolerant-quantum-computer\/\">Quantinuum utilise les pi\u00e8ges \u00e0 ions d&rsquo;Infineon pour un ordinateur quantique \u00e0 tol\u00e9rance de pannes<\/a><\/li>\n<li><a href=\"https:\/\/www.eenewseurope.com\/en\/infineon-teams-for-commercial-ion-trap-quantum-processors\/\">Infineon fait \u00e9quipe pour commercialiser des puces quantiques \u00e0 pi\u00e8ge \u00e0 ions<\/a><\/li>\n<\/ul>\n<p>\u00ab\u00a0L&rsquo;initiative CHAMP-ION renforce le leadership de l&rsquo;Europe dans le paysage mondial de la technologie quantique et met en \u00e9vidence nos capacit\u00e9s scientifiques et technologiques exceptionnelles. Il est stimulant de voir que l&rsquo;innovation europ\u00e9enne est \u00e0 l&rsquo;origine d&rsquo;une initiative d&rsquo;un tel impact. Cette collaboration contribuera de mani\u00e8re significative \u00e0 la souverainet\u00e9 technologique et \u00e0 la r\u00e9silience \u00e9conomique de l&rsquo;Europe, tout en favorisant un \u00e9cosyst\u00e8me transfrontalier solide qui soutiendra les progr\u00e8s futurs de la technologie quantique\u00a0\u00bb, d\u00e9clare Christina Hirschl, PDG de SAL.<\/p>\n<p>\u00ab\u00a0La ligne pilote r\u00e9unit l&rsquo;expertise europ\u00e9enne en mati\u00e8re de technologie des pi\u00e8ges \u00e0 ions pour une production \u00e9volutive de puces quantiques\u00a0\u00bb, d\u00e9clare Mohssen Moridi, directeur principal de SAL. \u00ab\u00a0SAL \u00e9tant le principal site d&rsquo;h\u00e9bergement, nous sommes fiers de mettre au point des processus normalis\u00e9s pour r\u00e9pondre aux besoins de l&rsquo;industrie. Cette initiative incarne l&rsquo;ambition de l&rsquo;Europe de construire une cha\u00eene d&rsquo;approvisionnement fiable pour les technologies quantiques.\u00a0\u00bb<\/p>\n<p>\u00ab\u00a0Les technologies cl\u00e9s telles que la science quantique jouent un r\u00f4le important pour l&rsquo;Autriche en tant que lieu d&rsquo;innovation. Notre pays joue d\u00e9j\u00e0 un r\u00f4le de premier plan au niveau mondial dans ce domaine, que nous souhaitons d\u00e9velopper davantage gr\u00e2ce \u00e0 des investissements cibl\u00e9s. La participation de cinq organisations autrichiennes \u00e0 l&rsquo;initiative europ\u00e9enne CHAMP-ION, sous la direction de Silicon Austria Labs, est une autre \u00e9tape importante pour assurer la position de l&rsquo;Autriche dans la recherche quantique internationale et le d\u00e9veloppement d&rsquo;applications pratiques et pr\u00eates \u00e0 \u00eatre commercialis\u00e9es. L&rsquo;\u00e9conomie autrichienne en b\u00e9n\u00e9ficie \u00e9galement, car un site industriel comp\u00e9titif est indissociable d&rsquo;un site d&rsquo;innovation fort\u00a0\u00bb, a d\u00e9clar\u00e9 Peter Hanke, ministre de l&rsquo;innovation du gouvernement autrichien.<\/p>\n<p><a href=\"https:\/\/silicon-austria-labs.com\/en\/\">silicon-austria-labs.com\/fr\/<\/a><\/p>\n","protected":false},"excerpt":{"rendered":"<p>La ligne pilote europ\u00e9enne de 15 millions d&rsquo;euros pour la fabrication de processeurs quantiques \u00e0 pi\u00e8ge \u00e0 ions a \u00e9t\u00e9 approuv\u00e9e. La ligne CHAMP-ION sera coordonn\u00e9e par le groupe de recherche Silicon Austria Labs (SAL) et durera sept ans. Financ\u00e9e par l&rsquo;entreprise commune \u00ab\u00a0Chips\u00a0\u00bb, elle vise \u00e0 d\u00e9velopper un r\u00e9seau de lignes pilotes \u00e9volutives dans [&hellip;]<\/p>\n","protected":false},"author":40,"featured_media":480112,"comment_status":"closed","ping_status":"closed","sticky":false,"template":"","format":"standard","meta":{"_acf_changed":false,"footnotes":""},"categories":[880],"tags":[6720,1603,3859],"domains":[47],"ppma_author":[3640,6199],"class_list":["post-480169","post","type-post","status-publish","format-standard","has-post-thumbnail","hentry","category-actualites-economiques","tag-atome-piege","tag-quantique","tag-qubit-fr","domains-electronique-eci"],"acf":[],"yoast_head":"<title>Premi\u00e8re ligne pilote de puces quantiques \u00e0 pi\u00e8ge \u00e0 ions en...<\/title>\n<meta name=\"description\" content=\"Ligne pilote europ\u00e9enne de 15 millions \u20ac en Autriche pour la fabrication de processeurs et de capteurs quantiques \u00e0 pi\u00e8ge \u00e0 ions\" \/>\n<meta name=\"robots\" content=\"index, follow, max-snippet:-1, max-image-preview:large, max-video-preview:-1\" \/>\n<link rel=\"canonical\" href=\"https:\/\/www.ecinews.fr\/fr\/wp-json\/wp\/v2\/posts\/480169\/\" \/>\n<meta property=\"og:locale\" content=\"fr_FR\" \/>\n<meta property=\"og:type\" content=\"article\" \/>\n<meta property=\"og:title\" content=\"Premi\u00e8re ligne pilote de puces quantiques \u00e0 pi\u00e8ge \u00e0 ions en Europe\" \/>\n<meta property=\"og:description\" content=\"Ligne pilote europ\u00e9enne de 15 millions \u20ac en Autriche pour la fabrication de processeurs et de capteurs quantiques \u00e0 pi\u00e8ge \u00e0 ions\" \/>\n<meta property=\"og:url\" content=\"https:\/\/www.ecinews.fr\/fr\/wp-json\/wp\/v2\/posts\/480169\/\" \/>\n<meta property=\"og:site_name\" content=\"EENewsEurope\" \/>\n<meta property=\"article:published_time\" content=\"2025-05-21T06:29:04+00:00\" \/>\n<meta property=\"og:image\" content=\"https:\/\/www.ecinews.fr\/wp-content\/uploads\/2025\/05\/SAL-ion-trap-scaled.jpg\" \/>\n\t<meta property=\"og:image:width\" content=\"1080\" \/>\n\t<meta property=\"og:image:height\" content=\"720\" \/>\n\t<meta property=\"og:image:type\" content=\"image\/jpeg\" \/>\n<meta name=\"author\" content=\"Nick Flaherty, A Delapalisse\" \/>\n<meta name=\"twitter:card\" content=\"summary_large_image\" \/>\n<meta name=\"twitter:label1\" content=\"Written by\" \/>\n\t<meta name=\"twitter:data1\" content=\"A Delapalisse\" \/>\n\t<meta name=\"twitter:label2\" content=\"Est. reading time\" \/>\n\t<meta name=\"twitter:data2\" content=\"3 minutes\" \/>\n<script type=\"application\/ld+json\" class=\"yoast-schema-graph\">{\"@context\":\"https:\/\/schema.org\",\"@graph\":[{\"@type\":\"Article\",\"@id\":\"https:\/\/www.ecinews.fr\/fr\/premiere-ligne-pilote-de-puces-quantiques-a-piege-a-ions-en-europe\/#article\",\"isPartOf\":{\"@id\":\"https:\/\/www.ecinews.fr\/fr\/premiere-ligne-pilote-de-puces-quantiques-a-piege-a-ions-en-europe\/\"},\"author\":{\"name\":\"A Delapalisse\",\"@id\":\"https:\/\/www.ecinews.fr\/fr\/#\/schema\/person\/4b3db5ba5c953c5fddeb226df86d8635\"},\"headline\":\"Premi\u00e8re ligne pilote de puces quantiques \u00e0 pi\u00e8ge \u00e0 ions en Europe\",\"datePublished\":\"2025-05-21T06:29:04+00:00\",\"dateModified\":\"2025-05-21T06:29:04+00:00\",\"mainEntityOfPage\":{\"@id\":\"https:\/\/www.ecinews.fr\/fr\/premiere-ligne-pilote-de-puces-quantiques-a-piege-a-ions-en-europe\/\"},\"wordCount\":676,\"publisher\":{\"@id\":\"https:\/\/www.ecinews.fr\/fr\/#organization\"},\"keywords\":[\"atome pi\u00e9g\u00e9\",\"Quantique\",\"qubit\"],\"articleSection\":[\"Actualit\u00e9s \u00e9conomiques\"],\"inLanguage\":\"fr-FR\"},{\"@type\":\"WebPage\",\"@id\":\"https:\/\/www.ecinews.fr\/fr\/premiere-ligne-pilote-de-puces-quantiques-a-piege-a-ions-en-europe\/\",\"url\":\"https:\/\/www.ecinews.fr\/fr\/premiere-ligne-pilote-de-puces-quantiques-a-piege-a-ions-en-europe\/\",\"name\":\"Premi\u00e8re ligne pilote de puces quantiques \u00e0 pi\u00e8ge \u00e0 ions en Europe -\",\"isPartOf\":{\"@id\":\"https:\/\/www.ecinews.fr\/fr\/#website\"},\"datePublished\":\"2025-05-21T06:29:04+00:00\",\"dateModified\":\"2025-05-21T06:29:04+00:00\",\"description\":\"Ligne pilote europ\u00e9enne de 15 millions \u20ac en Autriche pour la fabrication de processeurs et de capteurs quantiques \u00e0 pi\u00e8ge \u00e0 ions\",\"breadcrumb\":{\"@id\":\"https:\/\/www.ecinews.fr\/fr\/premiere-ligne-pilote-de-puces-quantiques-a-piege-a-ions-en-europe\/#breadcrumb\"},\"inLanguage\":\"fr-FR\",\"potentialAction\":[{\"@type\":\"ReadAction\",\"target\":[\"https:\/\/www.ecinews.fr\/fr\/premiere-ligne-pilote-de-puces-quantiques-a-piege-a-ions-en-europe\/\"]}]},{\"@type\":\"BreadcrumbList\",\"@id\":\"https:\/\/www.ecinews.fr\/fr\/premiere-ligne-pilote-de-puces-quantiques-a-piege-a-ions-en-europe\/#breadcrumb\",\"itemListElement\":[{\"@type\":\"ListItem\",\"position\":1,\"name\":\"Home\",\"item\":\"https:\/\/www.ecinews.fr\/fr\/\"},{\"@type\":\"ListItem\",\"position\":2,\"name\":\"Premi\u00e8re ligne pilote de puces quantiques \u00e0 pi\u00e8ge \u00e0 ions en Europe\"}]},{\"@type\":\"WebSite\",\"@id\":\"https:\/\/www.ecinews.fr\/fr\/#website\",\"url\":\"https:\/\/www.ecinews.fr\/fr\/\",\"name\":\"EENewsEurope\",\"description\":\"Just another WordPress site\",\"publisher\":{\"@id\":\"https:\/\/www.ecinews.fr\/fr\/#organization\"},\"potentialAction\":[{\"@type\":\"SearchAction\",\"target\":{\"@type\":\"EntryPoint\",\"urlTemplate\":\"https:\/\/www.ecinews.fr\/fr\/?s={search_term_string}\"},\"query-input\":\"required name=search_term_string\"}],\"inLanguage\":\"fr-FR\"},{\"@type\":\"Organization\",\"@id\":\"https:\/\/www.ecinews.fr\/fr\/#organization\",\"name\":\"EENewsEurope\",\"url\":\"https:\/\/www.ecinews.fr\/fr\/\",\"logo\":{\"@type\":\"ImageObject\",\"inLanguage\":\"fr-FR\",\"@id\":\"https:\/\/www.ecinews.fr\/fr\/#\/schema\/logo\/image\/\",\"url\":\"https:\/\/www.ecinews.fr\/wp-content\/uploads\/2022\/02\/logo-1.jpg\",\"contentUrl\":\"https:\/\/www.ecinews.fr\/wp-content\/uploads\/2022\/02\/logo-1.jpg\",\"width\":283,\"height\":113,\"caption\":\"EENewsEurope\"},\"image\":{\"@id\":\"https:\/\/www.ecinews.fr\/fr\/#\/schema\/logo\/image\/\"}},{\"@type\":\"Person\",\"@id\":\"https:\/\/www.ecinews.fr\/fr\/#\/schema\/person\/4b3db5ba5c953c5fddeb226df86d8635\",\"name\":\"A Delapalisse\",\"image\":{\"@type\":\"ImageObject\",\"inLanguage\":\"fr-FR\",\"@id\":\"https:\/\/www.ecinews.fr\/fr\/#\/schema\/person\/image\/09af0e1236b95ff53924b8dfe5af278e\",\"url\":\"https:\/\/secure.gravatar.com\/avatar\/010f811c0933b47aea7e9204117b17c6?s=96&d=mm&r=g\",\"contentUrl\":\"https:\/\/secure.gravatar.com\/avatar\/010f811c0933b47aea7e9204117b17c6?s=96&d=mm&r=g\",\"caption\":\"A Delapalisse\"}}]}<\/script>","yoast_head_json":{"title":"Premi\u00e8re ligne pilote de puces quantiques \u00e0 pi\u00e8ge \u00e0 ions en...","description":"Ligne pilote europ\u00e9enne de 15 millions \u20ac en Autriche pour la fabrication de processeurs et de capteurs quantiques \u00e0 pi\u00e8ge \u00e0 ions","robots":{"index":"index","follow":"follow","max-snippet":"max-snippet:-1","max-image-preview":"max-image-preview:large","max-video-preview":"max-video-preview:-1"},"canonical":"https:\/\/www.ecinews.fr\/fr\/wp-json\/wp\/v2\/posts\/480169\/","og_locale":"fr_FR","og_type":"article","og_title":"Premi\u00e8re ligne pilote de puces quantiques \u00e0 pi\u00e8ge \u00e0 ions en Europe","og_description":"Ligne pilote europ\u00e9enne de 15 millions \u20ac en Autriche pour la fabrication de processeurs et de capteurs quantiques \u00e0 pi\u00e8ge \u00e0 ions","og_url":"https:\/\/www.ecinews.fr\/fr\/wp-json\/wp\/v2\/posts\/480169\/","og_site_name":"EENewsEurope","article_published_time":"2025-05-21T06:29:04+00:00","og_image":[{"width":1080,"height":720,"url":"https:\/\/www.ecinews.fr\/wp-content\/uploads\/2025\/05\/SAL-ion-trap-scaled.jpg","type":"image\/jpeg"}],"author":"Nick Flaherty, A Delapalisse","twitter_card":"summary_large_image","twitter_misc":{"Written by":"A Delapalisse","Est. reading time":"3 minutes"},"schema":{"@context":"https:\/\/schema.org","@graph":[{"@type":"Article","@id":"https:\/\/www.ecinews.fr\/fr\/premiere-ligne-pilote-de-puces-quantiques-a-piege-a-ions-en-europe\/#article","isPartOf":{"@id":"https:\/\/www.ecinews.fr\/fr\/premiere-ligne-pilote-de-puces-quantiques-a-piege-a-ions-en-europe\/"},"author":{"name":"A Delapalisse","@id":"https:\/\/www.ecinews.fr\/fr\/#\/schema\/person\/4b3db5ba5c953c5fddeb226df86d8635"},"headline":"Premi\u00e8re ligne pilote de puces quantiques \u00e0 pi\u00e8ge \u00e0 ions en Europe","datePublished":"2025-05-21T06:29:04+00:00","dateModified":"2025-05-21T06:29:04+00:00","mainEntityOfPage":{"@id":"https:\/\/www.ecinews.fr\/fr\/premiere-ligne-pilote-de-puces-quantiques-a-piege-a-ions-en-europe\/"},"wordCount":676,"publisher":{"@id":"https:\/\/www.ecinews.fr\/fr\/#organization"},"keywords":["atome pi\u00e9g\u00e9","Quantique","qubit"],"articleSection":["Actualit\u00e9s \u00e9conomiques"],"inLanguage":"fr-FR"},{"@type":"WebPage","@id":"https:\/\/www.ecinews.fr\/fr\/premiere-ligne-pilote-de-puces-quantiques-a-piege-a-ions-en-europe\/","url":"https:\/\/www.ecinews.fr\/fr\/premiere-ligne-pilote-de-puces-quantiques-a-piege-a-ions-en-europe\/","name":"Premi\u00e8re ligne pilote de puces quantiques \u00e0 pi\u00e8ge \u00e0 ions en Europe -","isPartOf":{"@id":"https:\/\/www.ecinews.fr\/fr\/#website"},"datePublished":"2025-05-21T06:29:04+00:00","dateModified":"2025-05-21T06:29:04+00:00","description":"Ligne pilote europ\u00e9enne de 15 millions \u20ac en Autriche pour la fabrication de processeurs et de capteurs quantiques \u00e0 pi\u00e8ge \u00e0 ions","breadcrumb":{"@id":"https:\/\/www.ecinews.fr\/fr\/premiere-ligne-pilote-de-puces-quantiques-a-piege-a-ions-en-europe\/#breadcrumb"},"inLanguage":"fr-FR","potentialAction":[{"@type":"ReadAction","target":["https:\/\/www.ecinews.fr\/fr\/premiere-ligne-pilote-de-puces-quantiques-a-piege-a-ions-en-europe\/"]}]},{"@type":"BreadcrumbList","@id":"https:\/\/www.ecinews.fr\/fr\/premiere-ligne-pilote-de-puces-quantiques-a-piege-a-ions-en-europe\/#breadcrumb","itemListElement":[{"@type":"ListItem","position":1,"name":"Home","item":"https:\/\/www.ecinews.fr\/fr\/"},{"@type":"ListItem","position":2,"name":"Premi\u00e8re ligne pilote de puces quantiques \u00e0 pi\u00e8ge \u00e0 ions en Europe"}]},{"@type":"WebSite","@id":"https:\/\/www.ecinews.fr\/fr\/#website","url":"https:\/\/www.ecinews.fr\/fr\/","name":"EENewsEurope","description":"Just another WordPress site","publisher":{"@id":"https:\/\/www.ecinews.fr\/fr\/#organization"},"potentialAction":[{"@type":"SearchAction","target":{"@type":"EntryPoint","urlTemplate":"https:\/\/www.ecinews.fr\/fr\/?s={search_term_string}"},"query-input":"required name=search_term_string"}],"inLanguage":"fr-FR"},{"@type":"Organization","@id":"https:\/\/www.ecinews.fr\/fr\/#organization","name":"EENewsEurope","url":"https:\/\/www.ecinews.fr\/fr\/","logo":{"@type":"ImageObject","inLanguage":"fr-FR","@id":"https:\/\/www.ecinews.fr\/fr\/#\/schema\/logo\/image\/","url":"https:\/\/www.ecinews.fr\/wp-content\/uploads\/2022\/02\/logo-1.jpg","contentUrl":"https:\/\/www.ecinews.fr\/wp-content\/uploads\/2022\/02\/logo-1.jpg","width":283,"height":113,"caption":"EENewsEurope"},"image":{"@id":"https:\/\/www.ecinews.fr\/fr\/#\/schema\/logo\/image\/"}},{"@type":"Person","@id":"https:\/\/www.ecinews.fr\/fr\/#\/schema\/person\/4b3db5ba5c953c5fddeb226df86d8635","name":"A Delapalisse","image":{"@type":"ImageObject","inLanguage":"fr-FR","@id":"https:\/\/www.ecinews.fr\/fr\/#\/schema\/person\/image\/09af0e1236b95ff53924b8dfe5af278e","url":"https:\/\/secure.gravatar.com\/avatar\/010f811c0933b47aea7e9204117b17c6?s=96&d=mm&r=g","contentUrl":"https:\/\/secure.gravatar.com\/avatar\/010f811c0933b47aea7e9204117b17c6?s=96&d=mm&r=g","caption":"A Delapalisse"}}]}},"authors":[{"term_id":3640,"user_id":0,"is_guest":1,"slug":"nick-flaherty","display_name":"Nick Flaherty","avatar_url":"https:\/\/secure.gravatar.com\/avatar\/?s=96&d=mm&r=g","0":null,"1":"","2":"","3":"","4":"","5":"","6":"","7":"","8":""},{"term_id":6199,"user_id":40,"is_guest":0,"slug":"andre-rousselotemisys-com","display_name":"A Delapalisse","avatar_url":"https:\/\/secure.gravatar.com\/avatar\/010f811c0933b47aea7e9204117b17c6?s=96&d=mm&r=g","0":null,"1":"","2":"","3":"","4":"","5":"","6":"","7":"","8":""}],"_links":{"self":[{"href":"https:\/\/www.ecinews.fr\/fr\/wp-json\/wp\/v2\/posts\/480169"}],"collection":[{"href":"https:\/\/www.ecinews.fr\/fr\/wp-json\/wp\/v2\/posts"}],"about":[{"href":"https:\/\/www.ecinews.fr\/fr\/wp-json\/wp\/v2\/types\/post"}],"author":[{"embeddable":true,"href":"https:\/\/www.ecinews.fr\/fr\/wp-json\/wp\/v2\/users\/40"}],"replies":[{"embeddable":true,"href":"https:\/\/www.ecinews.fr\/fr\/wp-json\/wp\/v2\/comments?post=480169"}],"version-history":[{"count":0,"href":"https:\/\/www.ecinews.fr\/fr\/wp-json\/wp\/v2\/posts\/480169\/revisions"}],"wp:featuredmedia":[{"embeddable":true,"href":"https:\/\/www.ecinews.fr\/fr\/wp-json\/wp\/v2\/media\/480112"}],"wp:attachment":[{"href":"https:\/\/www.ecinews.fr\/fr\/wp-json\/wp\/v2\/media?parent=480169"}],"wp:term":[{"taxonomy":"category","embeddable":true,"href":"https:\/\/www.ecinews.fr\/fr\/wp-json\/wp\/v2\/categories?post=480169"},{"taxonomy":"post_tag","embeddable":true,"href":"https:\/\/www.ecinews.fr\/fr\/wp-json\/wp\/v2\/tags?post=480169"},{"taxonomy":"domains","embeddable":true,"href":"https:\/\/www.ecinews.fr\/fr\/wp-json\/wp\/v2\/domains?post=480169"},{"taxonomy":"author","embeddable":true,"href":"https:\/\/www.ecinews.fr\/fr\/wp-json\/wp\/v2\/ppma_author?post=480169"}],"curies":[{"name":"wp","href":"https:\/\/api.w.org\/{rel}","templated":true}]}}