{"id":479582,"date":"2025-05-13T09:00:28","date_gmt":"2025-05-13T07:00:28","guid":{"rendered":"https:\/\/www.ecinews.fr\/?p=479582"},"modified":"2025-05-13T09:00:28","modified_gmt":"2025-05-13T07:00:28","slug":"lue-et-le-japon-vont-cooperer-sur-le-2-nm-et-le-quantique","status":"publish","type":"post","link":"https:\/\/www.ecinews.fr\/fr\/lue-et-le-japon-vont-cooperer-sur-le-2-nm-et-le-quantique\/","title":{"rendered":"L&rsquo;UE et le Japon  vont coop\u00e9rer sur le 2 nm et le quantique"},"content":{"rendered":"<h2>L&rsquo;Union europ\u00e9enne et le Japon ont convenu de coop\u00e9rer sur un certain nombre de sujets technologiques, notamment les puces et la technologie quantique, afin de renforcer la souverainet\u00e9 technologique des deux parties.<\/h2>\n<p>Les th\u00e8mes abord\u00e9s comprennent les composants et processus semi-conducteurs au-del\u00e0 de 2 nm, les chiplets et l&rsquo;int\u00e9gration h\u00e9t\u00e9rog\u00e8ne, l&rsquo;IA, les communications 5G et 6G et la technologie quantique.<\/p>\n<p>L&rsquo;accord a \u00e9t\u00e9 conclu lors de la troisi\u00e8me r\u00e9union du Conseil du partenariat num\u00e9rique qui s&rsquo;est tenue \u00e0 Tokyo, au Japon, le 12 mai. La r\u00e9union \u00e9tait pr\u00e9sid\u00e9e par Henna <strong>Virkkunen<\/strong>, vice-pr\u00e9sidente ex\u00e9cutive charg\u00e9e de la souverainet\u00e9 technologique \u00e0 la Commission europ\u00e9enne. Le 13 mai, Mme Virkkunen et le ministre japonais charg\u00e9 de la politique scientifique et technologique, Minoru Kiuchi, signeront une lettre d&rsquo;intention sur la collaboration en mati\u00e8re de technologie quantique.<\/p>\n<p>Dans une d\u00e9claration commune rendant compte de la r\u00e9union, l&rsquo;UE et le Japon ont d\u00e9clar\u00e9 : \u00ab\u00a0Les deux parties ont r\u00e9affirm\u00e9 la pertinence croissante du partenariat num\u00e9rique et de la collaboration conjointe qu&rsquo;il stimule dans le contexte des d\u00e9fis g\u00e9opolitiques. Il contribue \u00e0 jeter les bases d&rsquo;un renforcement de la r\u00e9silience et de la s\u00e9curit\u00e9 \u00e9conomiques mutuelles, ainsi que du maintien d&rsquo;un ordre international fond\u00e9 sur des r\u00e8gles.\u00a0\u00bb<\/p>\n<p>L&rsquo;Europe et le Japon sont tous deux d&rsquo;anciens leaders du march\u00e9 des puces qui ont \u00e9t\u00e9 \u00e9clips\u00e9s par l&rsquo;essor de la fabrication de puces \u00e0 Ta\u00efwan, en Cor\u00e9e du Sud et en Chine.<\/p>\n<p>Le Japon tente de d\u00e9velopper une capacit\u00e9 de fabrication de puces \u00e0 2 nm, ce qui serait proche de l&rsquo;avant-garde. Le Japon et l&rsquo;Europe ont persuad\u00e9 le leader mondial de la fabrication de puces, TSMC, de construire localement des usines de fabrication de wafers en joint-venture. Cependant, ces deux fabs sont con\u00e7ue pour une production de puces utilisant un process en de\u00e7\u00e0 de la pointe de la technologie.<\/p>\n<h4>Liens et articles connexes :<\/h4>\n<p><a href=\"https:\/\/ec.europa.eu\">https:\/\/ec.europa.eu<\/a><\/p>\n<h4>Articles de presse :<\/h4>\n<p><u><a href=\"https:\/\/www.eenewseurope.com\/en\/rapidus-plans-to-send-2nm-chips-to-broadcom-in-june-says-report\/\">Rapidus pr\u00e9voit d&rsquo;envoyer des puces 2nm \u00e0 Broadcom en juin, selon un rapport <\/a><\/u><\/p>\n<p><a href=\"https:\/\/www.eenewseurope.com\/en\/the-european-chips-act-has-no-clothes\/\">La loi sur les puces europ\u00e9ennes n&rsquo;a pas de v\u00eatements<\/a><\/p>\n<p><u><a href=\"https:\/\/www.eenewseurope.com\/en\/e5n-subsidy-approved-as-esmc-breaks-ground-for-dresden-fab\/\">Une subvention de 5 milliards d&rsquo;euros est approuv\u00e9e alors que l&rsquo;ESMC entame la construction de l&rsquo;usine de Dresde <\/a><\/u><\/p>\n","protected":false},"excerpt":{"rendered":"<p>L&rsquo;Union europ\u00e9enne et le Japon ont convenu de coop\u00e9rer sur un certain nombre de sujets technologiques, notamment les puces et la technologie quantique, afin de renforcer la souverainet\u00e9 technologique des deux parties. Les th\u00e8mes abord\u00e9s comprennent les composants et processus semi-conducteurs au-del\u00e0 de 2 nm, les chiplets et l&rsquo;int\u00e9gration h\u00e9t\u00e9rog\u00e8ne, l&rsquo;IA, les communications 5G et [&hellip;]<\/p>\n","protected":false},"author":40,"featured_media":479525,"comment_status":"closed","ping_status":"closed","sticky":false,"template":"","format":"standard","meta":{"_acf_changed":false,"footnotes":""},"categories":[3669],"tags":[2159,2123,1603],"domains":[47],"ppma_author":[3631,6199],"class_list":["post-479582","post","type-post","status-publish","format-standard","has-post-thumbnail","hentry","category-nouvelles","tag-2nm","tag-6g-fr","tag-quantique","domains-electronique-eci"],"acf":[],"yoast_head":"<title>L&#039;UE et le Japon vont coop\u00e9rer sur le 2 nm et le quantique ...<\/title>\n<meta name=\"description\" content=\"L&#039;UE et le Japon ont convenu de coop\u00e9rer sur un certain nombre de sujets technologiques, notamment les puces et la technologie quantique\" \/>\n<meta name=\"robots\" content=\"index, follow, max-snippet:-1, max-image-preview:large, max-video-preview:-1\" \/>\n<link rel=\"canonical\" href=\"https:\/\/www.ecinews.fr\/fr\/wp-json\/wp\/v2\/posts\/479582\/\" \/>\n<meta property=\"og:locale\" content=\"fr_FR\" \/>\n<meta property=\"og:type\" content=\"article\" \/>\n<meta property=\"og:title\" content=\"L&#039;UE et le Japon vont coop\u00e9rer sur le 2 nm et le quantique\" \/>\n<meta property=\"og:description\" content=\"L&#039;UE et le Japon ont convenu de coop\u00e9rer sur un certain nombre de sujets technologiques, notamment les puces et la technologie quantique\" \/>\n<meta property=\"og:url\" content=\"https:\/\/www.ecinews.fr\/fr\/wp-json\/wp\/v2\/posts\/479582\/\" \/>\n<meta property=\"og:site_name\" content=\"EENewsEurope\" \/>\n<meta property=\"article:published_time\" content=\"2025-05-13T07:00:28+00:00\" \/>\n<meta property=\"og:image\" content=\"https:\/\/www.ecinews.fr\/wp-content\/uploads\/2025\/05\/Screenshot-2025-05-12-at-15.14.23.png\" \/>\n\t<meta property=\"og:image:width\" content=\"637\" \/>\n\t<meta property=\"og:image:height\" content=\"398\" \/>\n\t<meta property=\"og:image:type\" content=\"image\/png\" \/>\n<meta name=\"author\" content=\"Peter Clarke, A Delapalisse\" \/>\n<meta name=\"twitter:card\" content=\"summary_large_image\" \/>\n<meta name=\"twitter:label1\" content=\"Written by\" \/>\n\t<meta name=\"twitter:data1\" content=\"A Delapalisse\" \/>\n\t<meta name=\"twitter:label2\" content=\"Est. reading time\" \/>\n\t<meta name=\"twitter:data2\" content=\"2 minutes\" \/>\n<script type=\"application\/ld+json\" class=\"yoast-schema-graph\">{\"@context\":\"https:\/\/schema.org\",\"@graph\":[{\"@type\":\"Article\",\"@id\":\"https:\/\/www.ecinews.fr\/fr\/lue-et-le-japon-vont-cooperer-sur-le-2-nm-et-le-quantique\/#article\",\"isPartOf\":{\"@id\":\"https:\/\/www.ecinews.fr\/fr\/lue-et-le-japon-vont-cooperer-sur-le-2-nm-et-le-quantique\/\"},\"author\":{\"name\":\"A Delapalisse\",\"@id\":\"https:\/\/www.ecinews.fr\/fr\/#\/schema\/person\/4b3db5ba5c953c5fddeb226df86d8635\"},\"headline\":\"L&rsquo;UE et le Japon vont coop\u00e9rer sur le 2 nm et le quantique\",\"datePublished\":\"2025-05-13T07:00:28+00:00\",\"dateModified\":\"2025-05-13T07:00:28+00:00\",\"mainEntityOfPage\":{\"@id\":\"https:\/\/www.ecinews.fr\/fr\/lue-et-le-japon-vont-cooperer-sur-le-2-nm-et-le-quantique\/\"},\"wordCount\":413,\"publisher\":{\"@id\":\"https:\/\/www.ecinews.fr\/fr\/#organization\"},\"keywords\":[\"2nm\",\"6G\",\"Quantique\"],\"articleSection\":[\"Nouvelles\"],\"inLanguage\":\"fr-FR\"},{\"@type\":\"WebPage\",\"@id\":\"https:\/\/www.ecinews.fr\/fr\/lue-et-le-japon-vont-cooperer-sur-le-2-nm-et-le-quantique\/\",\"url\":\"https:\/\/www.ecinews.fr\/fr\/lue-et-le-japon-vont-cooperer-sur-le-2-nm-et-le-quantique\/\",\"name\":\"L'UE et le Japon vont coop\u00e9rer sur le 2 nm et le quantique\",\"isPartOf\":{\"@id\":\"https:\/\/www.ecinews.fr\/fr\/#website\"},\"datePublished\":\"2025-05-13T07:00:28+00:00\",\"dateModified\":\"2025-05-13T07:00:28+00:00\",\"description\":\"L'UE et le Japon ont convenu de coop\u00e9rer sur un certain nombre de sujets technologiques, notamment les puces et la technologie quantique\",\"breadcrumb\":{\"@id\":\"https:\/\/www.ecinews.fr\/fr\/lue-et-le-japon-vont-cooperer-sur-le-2-nm-et-le-quantique\/#breadcrumb\"},\"inLanguage\":\"fr-FR\",\"potentialAction\":[{\"@type\":\"ReadAction\",\"target\":[\"https:\/\/www.ecinews.fr\/fr\/lue-et-le-japon-vont-cooperer-sur-le-2-nm-et-le-quantique\/\"]}]},{\"@type\":\"BreadcrumbList\",\"@id\":\"https:\/\/www.ecinews.fr\/fr\/lue-et-le-japon-vont-cooperer-sur-le-2-nm-et-le-quantique\/#breadcrumb\",\"itemListElement\":[{\"@type\":\"ListItem\",\"position\":1,\"name\":\"Home\",\"item\":\"https:\/\/www.ecinews.fr\/fr\/\"},{\"@type\":\"ListItem\",\"position\":2,\"name\":\"L&rsquo;UE et le Japon vont coop\u00e9rer sur le 2 nm et le quantique\"}]},{\"@type\":\"WebSite\",\"@id\":\"https:\/\/www.ecinews.fr\/fr\/#website\",\"url\":\"https:\/\/www.ecinews.fr\/fr\/\",\"name\":\"EENewsEurope\",\"description\":\"Just another WordPress site\",\"publisher\":{\"@id\":\"https:\/\/www.ecinews.fr\/fr\/#organization\"},\"potentialAction\":[{\"@type\":\"SearchAction\",\"target\":{\"@type\":\"EntryPoint\",\"urlTemplate\":\"https:\/\/www.ecinews.fr\/fr\/?s={search_term_string}\"},\"query-input\":\"required name=search_term_string\"}],\"inLanguage\":\"fr-FR\"},{\"@type\":\"Organization\",\"@id\":\"https:\/\/www.ecinews.fr\/fr\/#organization\",\"name\":\"EENewsEurope\",\"url\":\"https:\/\/www.ecinews.fr\/fr\/\",\"logo\":{\"@type\":\"ImageObject\",\"inLanguage\":\"fr-FR\",\"@id\":\"https:\/\/www.ecinews.fr\/fr\/#\/schema\/logo\/image\/\",\"url\":\"https:\/\/www.ecinews.fr\/wp-content\/uploads\/2022\/02\/logo-1.jpg\",\"contentUrl\":\"https:\/\/www.ecinews.fr\/wp-content\/uploads\/2022\/02\/logo-1.jpg\",\"width\":283,\"height\":113,\"caption\":\"EENewsEurope\"},\"image\":{\"@id\":\"https:\/\/www.ecinews.fr\/fr\/#\/schema\/logo\/image\/\"}},{\"@type\":\"Person\",\"@id\":\"https:\/\/www.ecinews.fr\/fr\/#\/schema\/person\/4b3db5ba5c953c5fddeb226df86d8635\",\"name\":\"A Delapalisse\",\"image\":{\"@type\":\"ImageObject\",\"inLanguage\":\"fr-FR\",\"@id\":\"https:\/\/www.ecinews.fr\/fr\/#\/schema\/person\/image\/09af0e1236b95ff53924b8dfe5af278e\",\"url\":\"https:\/\/secure.gravatar.com\/avatar\/010f811c0933b47aea7e9204117b17c6?s=96&d=mm&r=g\",\"contentUrl\":\"https:\/\/secure.gravatar.com\/avatar\/010f811c0933b47aea7e9204117b17c6?s=96&d=mm&r=g\",\"caption\":\"A Delapalisse\"}}]}<\/script>","yoast_head_json":{"title":"L'UE et le Japon vont coop\u00e9rer sur le 2 nm et le quantique ...","description":"L'UE et le Japon ont convenu de coop\u00e9rer sur un certain nombre de sujets technologiques, notamment les puces et la technologie quantique","robots":{"index":"index","follow":"follow","max-snippet":"max-snippet:-1","max-image-preview":"max-image-preview:large","max-video-preview":"max-video-preview:-1"},"canonical":"https:\/\/www.ecinews.fr\/fr\/wp-json\/wp\/v2\/posts\/479582\/","og_locale":"fr_FR","og_type":"article","og_title":"L'UE et le Japon vont coop\u00e9rer sur le 2 nm et le quantique","og_description":"L'UE et le Japon ont convenu de coop\u00e9rer sur un certain nombre de sujets technologiques, notamment les puces et la technologie quantique","og_url":"https:\/\/www.ecinews.fr\/fr\/wp-json\/wp\/v2\/posts\/479582\/","og_site_name":"EENewsEurope","article_published_time":"2025-05-13T07:00:28+00:00","og_image":[{"width":637,"height":398,"url":"https:\/\/www.ecinews.fr\/wp-content\/uploads\/2025\/05\/Screenshot-2025-05-12-at-15.14.23.png","type":"image\/png"}],"author":"Peter Clarke, A Delapalisse","twitter_card":"summary_large_image","twitter_misc":{"Written by":"A Delapalisse","Est. reading time":"2 minutes"},"schema":{"@context":"https:\/\/schema.org","@graph":[{"@type":"Article","@id":"https:\/\/www.ecinews.fr\/fr\/lue-et-le-japon-vont-cooperer-sur-le-2-nm-et-le-quantique\/#article","isPartOf":{"@id":"https:\/\/www.ecinews.fr\/fr\/lue-et-le-japon-vont-cooperer-sur-le-2-nm-et-le-quantique\/"},"author":{"name":"A Delapalisse","@id":"https:\/\/www.ecinews.fr\/fr\/#\/schema\/person\/4b3db5ba5c953c5fddeb226df86d8635"},"headline":"L&rsquo;UE et le Japon vont coop\u00e9rer sur le 2 nm et le quantique","datePublished":"2025-05-13T07:00:28+00:00","dateModified":"2025-05-13T07:00:28+00:00","mainEntityOfPage":{"@id":"https:\/\/www.ecinews.fr\/fr\/lue-et-le-japon-vont-cooperer-sur-le-2-nm-et-le-quantique\/"},"wordCount":413,"publisher":{"@id":"https:\/\/www.ecinews.fr\/fr\/#organization"},"keywords":["2nm","6G","Quantique"],"articleSection":["Nouvelles"],"inLanguage":"fr-FR"},{"@type":"WebPage","@id":"https:\/\/www.ecinews.fr\/fr\/lue-et-le-japon-vont-cooperer-sur-le-2-nm-et-le-quantique\/","url":"https:\/\/www.ecinews.fr\/fr\/lue-et-le-japon-vont-cooperer-sur-le-2-nm-et-le-quantique\/","name":"L'UE et le Japon vont coop\u00e9rer sur le 2 nm et le quantique","isPartOf":{"@id":"https:\/\/www.ecinews.fr\/fr\/#website"},"datePublished":"2025-05-13T07:00:28+00:00","dateModified":"2025-05-13T07:00:28+00:00","description":"L'UE et le Japon ont convenu de coop\u00e9rer sur un certain nombre de sujets technologiques, notamment les puces et la technologie quantique","breadcrumb":{"@id":"https:\/\/www.ecinews.fr\/fr\/lue-et-le-japon-vont-cooperer-sur-le-2-nm-et-le-quantique\/#breadcrumb"},"inLanguage":"fr-FR","potentialAction":[{"@type":"ReadAction","target":["https:\/\/www.ecinews.fr\/fr\/lue-et-le-japon-vont-cooperer-sur-le-2-nm-et-le-quantique\/"]}]},{"@type":"BreadcrumbList","@id":"https:\/\/www.ecinews.fr\/fr\/lue-et-le-japon-vont-cooperer-sur-le-2-nm-et-le-quantique\/#breadcrumb","itemListElement":[{"@type":"ListItem","position":1,"name":"Home","item":"https:\/\/www.ecinews.fr\/fr\/"},{"@type":"ListItem","position":2,"name":"L&rsquo;UE et le Japon vont coop\u00e9rer sur le 2 nm et le quantique"}]},{"@type":"WebSite","@id":"https:\/\/www.ecinews.fr\/fr\/#website","url":"https:\/\/www.ecinews.fr\/fr\/","name":"EENewsEurope","description":"Just another WordPress site","publisher":{"@id":"https:\/\/www.ecinews.fr\/fr\/#organization"},"potentialAction":[{"@type":"SearchAction","target":{"@type":"EntryPoint","urlTemplate":"https:\/\/www.ecinews.fr\/fr\/?s={search_term_string}"},"query-input":"required name=search_term_string"}],"inLanguage":"fr-FR"},{"@type":"Organization","@id":"https:\/\/www.ecinews.fr\/fr\/#organization","name":"EENewsEurope","url":"https:\/\/www.ecinews.fr\/fr\/","logo":{"@type":"ImageObject","inLanguage":"fr-FR","@id":"https:\/\/www.ecinews.fr\/fr\/#\/schema\/logo\/image\/","url":"https:\/\/www.ecinews.fr\/wp-content\/uploads\/2022\/02\/logo-1.jpg","contentUrl":"https:\/\/www.ecinews.fr\/wp-content\/uploads\/2022\/02\/logo-1.jpg","width":283,"height":113,"caption":"EENewsEurope"},"image":{"@id":"https:\/\/www.ecinews.fr\/fr\/#\/schema\/logo\/image\/"}},{"@type":"Person","@id":"https:\/\/www.ecinews.fr\/fr\/#\/schema\/person\/4b3db5ba5c953c5fddeb226df86d8635","name":"A Delapalisse","image":{"@type":"ImageObject","inLanguage":"fr-FR","@id":"https:\/\/www.ecinews.fr\/fr\/#\/schema\/person\/image\/09af0e1236b95ff53924b8dfe5af278e","url":"https:\/\/secure.gravatar.com\/avatar\/010f811c0933b47aea7e9204117b17c6?s=96&d=mm&r=g","contentUrl":"https:\/\/secure.gravatar.com\/avatar\/010f811c0933b47aea7e9204117b17c6?s=96&d=mm&r=g","caption":"A Delapalisse"}}]}},"authors":[{"term_id":3631,"user_id":0,"is_guest":1,"slug":"peter-clarke","display_name":"Peter Clarke","avatar_url":"https:\/\/secure.gravatar.com\/avatar\/?s=96&d=mm&r=g","0":null,"1":"","2":"","3":"","4":"","5":"","6":"","7":"","8":""},{"term_id":6199,"user_id":40,"is_guest":0,"slug":"andre-rousselotemisys-com","display_name":"A Delapalisse","avatar_url":"https:\/\/secure.gravatar.com\/avatar\/010f811c0933b47aea7e9204117b17c6?s=96&d=mm&r=g","0":null,"1":"","2":"","3":"","4":"","5":"","6":"","7":"","8":""}],"_links":{"self":[{"href":"https:\/\/www.ecinews.fr\/fr\/wp-json\/wp\/v2\/posts\/479582"}],"collection":[{"href":"https:\/\/www.ecinews.fr\/fr\/wp-json\/wp\/v2\/posts"}],"about":[{"href":"https:\/\/www.ecinews.fr\/fr\/wp-json\/wp\/v2\/types\/post"}],"author":[{"embeddable":true,"href":"https:\/\/www.ecinews.fr\/fr\/wp-json\/wp\/v2\/users\/40"}],"replies":[{"embeddable":true,"href":"https:\/\/www.ecinews.fr\/fr\/wp-json\/wp\/v2\/comments?post=479582"}],"version-history":[{"count":0,"href":"https:\/\/www.ecinews.fr\/fr\/wp-json\/wp\/v2\/posts\/479582\/revisions"}],"wp:featuredmedia":[{"embeddable":true,"href":"https:\/\/www.ecinews.fr\/fr\/wp-json\/wp\/v2\/media\/479525"}],"wp:attachment":[{"href":"https:\/\/www.ecinews.fr\/fr\/wp-json\/wp\/v2\/media?parent=479582"}],"wp:term":[{"taxonomy":"category","embeddable":true,"href":"https:\/\/www.ecinews.fr\/fr\/wp-json\/wp\/v2\/categories?post=479582"},{"taxonomy":"post_tag","embeddable":true,"href":"https:\/\/www.ecinews.fr\/fr\/wp-json\/wp\/v2\/tags?post=479582"},{"taxonomy":"domains","embeddable":true,"href":"https:\/\/www.ecinews.fr\/fr\/wp-json\/wp\/v2\/domains?post=479582"},{"taxonomy":"author","embeddable":true,"href":"https:\/\/www.ecinews.fr\/fr\/wp-json\/wp\/v2\/ppma_author?post=479582"}],"curies":[{"name":"wp","href":"https:\/\/api.w.org\/{rel}","templated":true}]}}