{"id":478845,"date":"2025-05-01T09:41:23","date_gmt":"2025-05-01T07:41:23","guid":{"rendered":"https:\/\/www.ecinews.fr\/?p=478845"},"modified":"2025-05-01T09:41:23","modified_gmt":"2025-05-01T07:41:23","slug":"kurt-sievers-quitte-nxp-et-prend-sa-retraite","status":"publish","type":"post","link":"https:\/\/www.ecinews.fr\/fr\/kurt-sievers-quitte-nxp-et-prend-sa-retraite\/","title":{"rendered":"Kurt Sievers quitte NXP et prend sa retraite"},"content":{"rendered":"<p>NXP Semiconductor a nomm\u00e9 un nouveau CEO qui succ\u00e9dera \u00e0 Kurt Sievers en octobre. Rafael Sotomayor prend ses fonctions de pr\u00e9sident aujourd&rsquo;hui, avec une transition vers le poste de CEO et pr\u00e9sident le 28 octobre 2025.<\/p>\n<p>M. Sotomayor est actuellement directeur g\u00e9n\u00e9ral de l&rsquo;activit\u00e9 \u00ab\u00a0secure connected edge\u00a0\u00bb et est bas\u00e9 \u00e0 San Jose, en Californie. Il a rejoint l&rsquo;entreprise il y a dix ans, apr\u00e8s avoir occup\u00e9 le poste de vice-pr\u00e9sident du marketing chez Broadcom.<\/p>\n<p>\u00ab\u00a0Rafael a fait partie int\u00e9grante de la cr\u00e9ation et de l&rsquo;\u00e9laboration de la strat\u00e9gie de NXP et a permis le succ\u00e8s de l&rsquo;entreprise. Nous sommes convaincus qu&rsquo;il est parfaitement apte \u00e0 assumer le r\u00f4le de pr\u00e9sident-directeur g\u00e9n\u00e9ral de NXP et \u00e0 mettre en \u0153uvre la vision de l&rsquo;entreprise en mati\u00e8re de leadership dans les syst\u00e8mes intelligents \u00e0 la pointe des march\u00e9s finaux de l&rsquo;automobile et de l&rsquo;industrie et de l&rsquo;IdO \u00ab\u00a0, a d\u00e9clar\u00e9 Julie Southern, pr\u00e9sidente du conseil d&rsquo;administration.<\/p>\n<ul>\n<li><a href=\"https:\/\/www.eenewseurope.com\/en\/nxp-semiconductors-hit-by-automotive-downturn\/\">NXP touch\u00e9 par le ralentissement de l&rsquo;industrie automobile<\/a><\/li>\n<li><a href=\"https:\/\/www.eenewseurope.com\/en\/nxp-to-cut-1800-jobs\/\">1800 suppressions d&#8217;emplois<\/a> et <a href=\"https:\/\/www.eenewseurope.com\/en\/e1bn-loan-for-nxp\/\">un pr\u00eat d&rsquo;un milliard d&rsquo;euros pour la R&amp;D<\/a><\/li>\n<\/ul>\n<p>\u00ab\u00a0Kurt a \u00e9t\u00e9 un CEO dynamique, visionnaire et tr\u00e8s efficace de NXP depuis mai 2020\u00a0\u00bb, a-t-elle d\u00e9clar\u00e9. \u00ab\u00a0Il a jou\u00e9 un r\u00f4le d\u00e9terminant dans la d\u00e9finition et la mise en \u0153uvre de la strat\u00e9gie de NXP visant \u00e0 \u00eatre le leader des syst\u00e8mes intelligents \u00e0 la p\u00e9riph\u00e9rie au sein des march\u00e9s finaux de l&rsquo;automobile et de l&rsquo;industrie et de l&rsquo;IoT. Apr\u00e8s une carri\u00e8re r\u00e9ussie de 30 ans chez NXP, nous sommes attrist\u00e9s de voir Kurt partir \u00e0 la retraite. L&rsquo;ensemble de la communaut\u00e9 NXP et nous-m\u00eames le remercions pour son leadership et lui souhaitons le meilleur pour sa retraite.\u00a0\u00bb<\/p>\n<p>NXP souligne que le d\u00e9part de Sievers est une d\u00e9cision purement personnelle et n&rsquo;est pas li\u00e9 \u00e0 un d\u00e9saccord avec le conseil d&rsquo;administration, ni \u00e0 des questions relatives aux performances strat\u00e9giques ou financi\u00e8res de l&rsquo;entreprise.<\/p>\n<p>Malgr\u00e9 la baisse continue de ses activit\u00e9s principales dans le domaine des puces automobiles, Sievers est prudemment optimiste pour le reste de l&rsquo;ann\u00e9e.<\/p>\n<p>\u00ab\u00a0Les r\u00e9sultats du premier trimestre de NXP et les pr\u00e9visions pour le deuxi\u00e8me trimestre confirment un optimisme prudent quant \u00e0 la capacit\u00e9 de NXP \u00e0 naviguer efficacement dans un ensemble de conditions de march\u00e9 difficiles. Nous \u00e9voluons dans un environnement tr\u00e8s incertain, influenc\u00e9 par des tarifs douaniers aux effets directs et indirects volatils. Compte tenu de ces facteurs externes, nous redoublons d&rsquo;efforts pour g\u00e9rer ce qui est sous notre contr\u00f4le direct, ce qui permet \u00e0 NXP de g\u00e9n\u00e9rer une rentabilit\u00e9 et des b\u00e9n\u00e9fices solides \u00ab\u00a0, a d\u00e9clar\u00e9 M. Sievers.<\/p>\n<p>Le chiffre d&rsquo;affaires du premier trimestre s&rsquo;est \u00e9lev\u00e9 \u00e0 2,84 milliards de dollars, soit une baisse de 9 % par rapport \u00e0 l&rsquo;ann\u00e9e pr\u00e9c\u00e9dente, et l&rsquo;on pr\u00e9voit une stagnation du chiffre d&rsquo;affaires pour le deuxi\u00e8me trimestre.<\/p>\n<p><a href=\"http:\/\/www.nxp.com\">www.nxp.com<\/a><\/p>\n","protected":false},"excerpt":{"rendered":"<p>NXP Semiconductor a nomm\u00e9 un nouveau CEO qui succ\u00e9dera \u00e0 Kurt Sievers en octobre. Rafael Sotomayor prend ses fonctions de pr\u00e9sident aujourd&rsquo;hui, avec une transition vers le poste de CEO et pr\u00e9sident le 28 octobre 2025. M. Sotomayor est actuellement directeur g\u00e9n\u00e9ral de l&rsquo;activit\u00e9 \u00ab\u00a0secure connected edge\u00a0\u00bb et est bas\u00e9 \u00e0 San Jose, en Californie. [&hellip;]<\/p>\n","protected":false},"author":40,"featured_media":478642,"comment_status":"closed","ping_status":"closed","sticky":false,"template":"","format":"standard","meta":{"_acf_changed":false,"footnotes":""},"categories":[880],"tags":[893,1640,891,4197],"domains":[47],"ppma_author":[3640,6199],"class_list":["post-478845","post","type-post","status-publish","format-standard","has-post-thumbnail","hentry","category-actualites-economiques","tag-authentication-encryption-fr","tag-automobile","tag-automotive-fr","tag-nxp-fr","domains-electronique-eci"],"acf":[],"yoast_head":"<title>Kurt Sievers quitte NXP et prend sa retraite ...<\/title>\n<meta name=\"description\" content=\"NXP Semiconductor a nomm\u00e9 Rafael Sotomayor au poste de directeur g\u00e9n\u00e9ral pour succ\u00e9der \u00e0 Kurt Sievers qui prendra sa retraite en octobre.\" \/>\n<meta name=\"robots\" content=\"index, follow, max-snippet:-1, max-image-preview:large, max-video-preview:-1\" \/>\n<link rel=\"canonical\" href=\"https:\/\/www.ecinews.fr\/fr\/wp-json\/wp\/v2\/posts\/478845\/\" \/>\n<meta property=\"og:locale\" content=\"fr_FR\" \/>\n<meta property=\"og:type\" content=\"article\" \/>\n<meta property=\"og:title\" content=\"Kurt Sievers quitte NXP et prend sa retraite\" \/>\n<meta property=\"og:description\" content=\"NXP Semiconductor a nomm\u00e9 Rafael Sotomayor au poste de directeur g\u00e9n\u00e9ral pour succ\u00e9der \u00e0 Kurt Sievers qui prendra sa retraite en octobre.\" \/>\n<meta property=\"og:url\" content=\"https:\/\/www.ecinews.fr\/fr\/wp-json\/wp\/v2\/posts\/478845\/\" \/>\n<meta property=\"og:site_name\" content=\"EENewsEurope\" \/>\n<meta property=\"article:published_time\" content=\"2025-05-01T07:41:23+00:00\" \/>\n<meta property=\"og:image\" content=\"https:\/\/www.ecinews.fr\/wp-content\/uploads\/2025\/04\/NXP-Sotomayor.jpg\" \/>\n\t<meta property=\"og:image:width\" content=\"800\" \/>\n\t<meta property=\"og:image:height\" content=\"800\" \/>\n\t<meta property=\"og:image:type\" content=\"image\/jpeg\" \/>\n<meta name=\"author\" content=\"Nick Flaherty, A Delapalisse\" \/>\n<meta name=\"twitter:card\" content=\"summary_large_image\" \/>\n<meta name=\"twitter:label1\" content=\"Written by\" \/>\n\t<meta name=\"twitter:data1\" content=\"A Delapalisse\" \/>\n\t<meta name=\"twitter:label2\" content=\"Est. reading time\" \/>\n\t<meta name=\"twitter:data2\" content=\"2 minutes\" \/>\n<script type=\"application\/ld+json\" class=\"yoast-schema-graph\">{\"@context\":\"https:\/\/schema.org\",\"@graph\":[{\"@type\":\"Article\",\"@id\":\"https:\/\/www.ecinews.fr\/fr\/kurt-sievers-quitte-nxp-et-prend-sa-retraite\/#article\",\"isPartOf\":{\"@id\":\"https:\/\/www.ecinews.fr\/fr\/kurt-sievers-quitte-nxp-et-prend-sa-retraite\/\"},\"author\":{\"name\":\"A Delapalisse\",\"@id\":\"https:\/\/www.ecinews.fr\/fr\/#\/schema\/person\/4b3db5ba5c953c5fddeb226df86d8635\"},\"headline\":\"Kurt Sievers quitte NXP et prend sa retraite\",\"datePublished\":\"2025-05-01T07:41:23+00:00\",\"dateModified\":\"2025-05-01T07:41:23+00:00\",\"mainEntityOfPage\":{\"@id\":\"https:\/\/www.ecinews.fr\/fr\/kurt-sievers-quitte-nxp-et-prend-sa-retraite\/\"},\"wordCount\":532,\"publisher\":{\"@id\":\"https:\/\/www.ecinews.fr\/fr\/#organization\"},\"keywords\":[\"Authentication &amp; Encryption\",\"Automobile\",\"Automotive\",\"NXP\"],\"articleSection\":[\"Actualit\u00e9s \u00e9conomiques\"],\"inLanguage\":\"fr-FR\"},{\"@type\":\"WebPage\",\"@id\":\"https:\/\/www.ecinews.fr\/fr\/kurt-sievers-quitte-nxp-et-prend-sa-retraite\/\",\"url\":\"https:\/\/www.ecinews.fr\/fr\/kurt-sievers-quitte-nxp-et-prend-sa-retraite\/\",\"name\":\"Kurt Sievers quitte NXP et prend sa retraite -\",\"isPartOf\":{\"@id\":\"https:\/\/www.ecinews.fr\/fr\/#website\"},\"datePublished\":\"2025-05-01T07:41:23+00:00\",\"dateModified\":\"2025-05-01T07:41:23+00:00\",\"description\":\"NXP Semiconductor a nomm\u00e9 Rafael Sotomayor au poste de directeur g\u00e9n\u00e9ral pour succ\u00e9der \u00e0 Kurt Sievers qui prendra sa retraite en octobre.\",\"breadcrumb\":{\"@id\":\"https:\/\/www.ecinews.fr\/fr\/kurt-sievers-quitte-nxp-et-prend-sa-retraite\/#breadcrumb\"},\"inLanguage\":\"fr-FR\",\"potentialAction\":[{\"@type\":\"ReadAction\",\"target\":[\"https:\/\/www.ecinews.fr\/fr\/kurt-sievers-quitte-nxp-et-prend-sa-retraite\/\"]}]},{\"@type\":\"BreadcrumbList\",\"@id\":\"https:\/\/www.ecinews.fr\/fr\/kurt-sievers-quitte-nxp-et-prend-sa-retraite\/#breadcrumb\",\"itemListElement\":[{\"@type\":\"ListItem\",\"position\":1,\"name\":\"Home\",\"item\":\"https:\/\/www.ecinews.fr\/fr\/\"},{\"@type\":\"ListItem\",\"position\":2,\"name\":\"Kurt Sievers quitte NXP et prend sa retraite\"}]},{\"@type\":\"WebSite\",\"@id\":\"https:\/\/www.ecinews.fr\/fr\/#website\",\"url\":\"https:\/\/www.ecinews.fr\/fr\/\",\"name\":\"EENewsEurope\",\"description\":\"Just another WordPress site\",\"publisher\":{\"@id\":\"https:\/\/www.ecinews.fr\/fr\/#organization\"},\"potentialAction\":[{\"@type\":\"SearchAction\",\"target\":{\"@type\":\"EntryPoint\",\"urlTemplate\":\"https:\/\/www.ecinews.fr\/fr\/?s={search_term_string}\"},\"query-input\":\"required name=search_term_string\"}],\"inLanguage\":\"fr-FR\"},{\"@type\":\"Organization\",\"@id\":\"https:\/\/www.ecinews.fr\/fr\/#organization\",\"name\":\"EENewsEurope\",\"url\":\"https:\/\/www.ecinews.fr\/fr\/\",\"logo\":{\"@type\":\"ImageObject\",\"inLanguage\":\"fr-FR\",\"@id\":\"https:\/\/www.ecinews.fr\/fr\/#\/schema\/logo\/image\/\",\"url\":\"https:\/\/www.ecinews.fr\/wp-content\/uploads\/2022\/02\/logo-1.jpg\",\"contentUrl\":\"https:\/\/www.ecinews.fr\/wp-content\/uploads\/2022\/02\/logo-1.jpg\",\"width\":283,\"height\":113,\"caption\":\"EENewsEurope\"},\"image\":{\"@id\":\"https:\/\/www.ecinews.fr\/fr\/#\/schema\/logo\/image\/\"}},{\"@type\":\"Person\",\"@id\":\"https:\/\/www.ecinews.fr\/fr\/#\/schema\/person\/4b3db5ba5c953c5fddeb226df86d8635\",\"name\":\"A Delapalisse\",\"image\":{\"@type\":\"ImageObject\",\"inLanguage\":\"fr-FR\",\"@id\":\"https:\/\/www.ecinews.fr\/fr\/#\/schema\/person\/image\/09af0e1236b95ff53924b8dfe5af278e\",\"url\":\"https:\/\/secure.gravatar.com\/avatar\/010f811c0933b47aea7e9204117b17c6?s=96&d=mm&r=g\",\"contentUrl\":\"https:\/\/secure.gravatar.com\/avatar\/010f811c0933b47aea7e9204117b17c6?s=96&d=mm&r=g\",\"caption\":\"A Delapalisse\"}}]}<\/script>","yoast_head_json":{"title":"Kurt Sievers quitte NXP et prend sa retraite ...","description":"NXP Semiconductor a nomm\u00e9 Rafael Sotomayor au poste de directeur g\u00e9n\u00e9ral pour succ\u00e9der \u00e0 Kurt Sievers qui prendra sa retraite en octobre.","robots":{"index":"index","follow":"follow","max-snippet":"max-snippet:-1","max-image-preview":"max-image-preview:large","max-video-preview":"max-video-preview:-1"},"canonical":"https:\/\/www.ecinews.fr\/fr\/wp-json\/wp\/v2\/posts\/478845\/","og_locale":"fr_FR","og_type":"article","og_title":"Kurt Sievers quitte NXP et prend sa retraite","og_description":"NXP Semiconductor a nomm\u00e9 Rafael Sotomayor au poste de directeur g\u00e9n\u00e9ral pour succ\u00e9der \u00e0 Kurt Sievers qui prendra sa retraite en octobre.","og_url":"https:\/\/www.ecinews.fr\/fr\/wp-json\/wp\/v2\/posts\/478845\/","og_site_name":"EENewsEurope","article_published_time":"2025-05-01T07:41:23+00:00","og_image":[{"width":800,"height":800,"url":"https:\/\/www.ecinews.fr\/wp-content\/uploads\/2025\/04\/NXP-Sotomayor.jpg","type":"image\/jpeg"}],"author":"Nick Flaherty, A Delapalisse","twitter_card":"summary_large_image","twitter_misc":{"Written by":"A Delapalisse","Est. reading time":"2 minutes"},"schema":{"@context":"https:\/\/schema.org","@graph":[{"@type":"Article","@id":"https:\/\/www.ecinews.fr\/fr\/kurt-sievers-quitte-nxp-et-prend-sa-retraite\/#article","isPartOf":{"@id":"https:\/\/www.ecinews.fr\/fr\/kurt-sievers-quitte-nxp-et-prend-sa-retraite\/"},"author":{"name":"A Delapalisse","@id":"https:\/\/www.ecinews.fr\/fr\/#\/schema\/person\/4b3db5ba5c953c5fddeb226df86d8635"},"headline":"Kurt Sievers quitte NXP et prend sa retraite","datePublished":"2025-05-01T07:41:23+00:00","dateModified":"2025-05-01T07:41:23+00:00","mainEntityOfPage":{"@id":"https:\/\/www.ecinews.fr\/fr\/kurt-sievers-quitte-nxp-et-prend-sa-retraite\/"},"wordCount":532,"publisher":{"@id":"https:\/\/www.ecinews.fr\/fr\/#organization"},"keywords":["Authentication &amp; Encryption","Automobile","Automotive","NXP"],"articleSection":["Actualit\u00e9s \u00e9conomiques"],"inLanguage":"fr-FR"},{"@type":"WebPage","@id":"https:\/\/www.ecinews.fr\/fr\/kurt-sievers-quitte-nxp-et-prend-sa-retraite\/","url":"https:\/\/www.ecinews.fr\/fr\/kurt-sievers-quitte-nxp-et-prend-sa-retraite\/","name":"Kurt Sievers quitte NXP et prend sa retraite -","isPartOf":{"@id":"https:\/\/www.ecinews.fr\/fr\/#website"},"datePublished":"2025-05-01T07:41:23+00:00","dateModified":"2025-05-01T07:41:23+00:00","description":"NXP Semiconductor a nomm\u00e9 Rafael Sotomayor au poste de directeur g\u00e9n\u00e9ral pour succ\u00e9der \u00e0 Kurt Sievers qui prendra sa retraite en octobre.","breadcrumb":{"@id":"https:\/\/www.ecinews.fr\/fr\/kurt-sievers-quitte-nxp-et-prend-sa-retraite\/#breadcrumb"},"inLanguage":"fr-FR","potentialAction":[{"@type":"ReadAction","target":["https:\/\/www.ecinews.fr\/fr\/kurt-sievers-quitte-nxp-et-prend-sa-retraite\/"]}]},{"@type":"BreadcrumbList","@id":"https:\/\/www.ecinews.fr\/fr\/kurt-sievers-quitte-nxp-et-prend-sa-retraite\/#breadcrumb","itemListElement":[{"@type":"ListItem","position":1,"name":"Home","item":"https:\/\/www.ecinews.fr\/fr\/"},{"@type":"ListItem","position":2,"name":"Kurt Sievers quitte NXP et prend sa retraite"}]},{"@type":"WebSite","@id":"https:\/\/www.ecinews.fr\/fr\/#website","url":"https:\/\/www.ecinews.fr\/fr\/","name":"EENewsEurope","description":"Just another WordPress site","publisher":{"@id":"https:\/\/www.ecinews.fr\/fr\/#organization"},"potentialAction":[{"@type":"SearchAction","target":{"@type":"EntryPoint","urlTemplate":"https:\/\/www.ecinews.fr\/fr\/?s={search_term_string}"},"query-input":"required name=search_term_string"}],"inLanguage":"fr-FR"},{"@type":"Organization","@id":"https:\/\/www.ecinews.fr\/fr\/#organization","name":"EENewsEurope","url":"https:\/\/www.ecinews.fr\/fr\/","logo":{"@type":"ImageObject","inLanguage":"fr-FR","@id":"https:\/\/www.ecinews.fr\/fr\/#\/schema\/logo\/image\/","url":"https:\/\/www.ecinews.fr\/wp-content\/uploads\/2022\/02\/logo-1.jpg","contentUrl":"https:\/\/www.ecinews.fr\/wp-content\/uploads\/2022\/02\/logo-1.jpg","width":283,"height":113,"caption":"EENewsEurope"},"image":{"@id":"https:\/\/www.ecinews.fr\/fr\/#\/schema\/logo\/image\/"}},{"@type":"Person","@id":"https:\/\/www.ecinews.fr\/fr\/#\/schema\/person\/4b3db5ba5c953c5fddeb226df86d8635","name":"A Delapalisse","image":{"@type":"ImageObject","inLanguage":"fr-FR","@id":"https:\/\/www.ecinews.fr\/fr\/#\/schema\/person\/image\/09af0e1236b95ff53924b8dfe5af278e","url":"https:\/\/secure.gravatar.com\/avatar\/010f811c0933b47aea7e9204117b17c6?s=96&d=mm&r=g","contentUrl":"https:\/\/secure.gravatar.com\/avatar\/010f811c0933b47aea7e9204117b17c6?s=96&d=mm&r=g","caption":"A Delapalisse"}}]}},"authors":[{"term_id":3640,"user_id":0,"is_guest":1,"slug":"nick-flaherty","display_name":"Nick Flaherty","avatar_url":"https:\/\/secure.gravatar.com\/avatar\/?s=96&d=mm&r=g","0":null,"1":"","2":"","3":"","4":"","5":"","6":"","7":"","8":""},{"term_id":6199,"user_id":40,"is_guest":0,"slug":"andre-rousselotemisys-com","display_name":"A Delapalisse","avatar_url":"https:\/\/secure.gravatar.com\/avatar\/010f811c0933b47aea7e9204117b17c6?s=96&d=mm&r=g","0":null,"1":"","2":"","3":"","4":"","5":"","6":"","7":"","8":""}],"_links":{"self":[{"href":"https:\/\/www.ecinews.fr\/fr\/wp-json\/wp\/v2\/posts\/478845"}],"collection":[{"href":"https:\/\/www.ecinews.fr\/fr\/wp-json\/wp\/v2\/posts"}],"about":[{"href":"https:\/\/www.ecinews.fr\/fr\/wp-json\/wp\/v2\/types\/post"}],"author":[{"embeddable":true,"href":"https:\/\/www.ecinews.fr\/fr\/wp-json\/wp\/v2\/users\/40"}],"replies":[{"embeddable":true,"href":"https:\/\/www.ecinews.fr\/fr\/wp-json\/wp\/v2\/comments?post=478845"}],"version-history":[{"count":0,"href":"https:\/\/www.ecinews.fr\/fr\/wp-json\/wp\/v2\/posts\/478845\/revisions"}],"wp:featuredmedia":[{"embeddable":true,"href":"https:\/\/www.ecinews.fr\/fr\/wp-json\/wp\/v2\/media\/478642"}],"wp:attachment":[{"href":"https:\/\/www.ecinews.fr\/fr\/wp-json\/wp\/v2\/media?parent=478845"}],"wp:term":[{"taxonomy":"category","embeddable":true,"href":"https:\/\/www.ecinews.fr\/fr\/wp-json\/wp\/v2\/categories?post=478845"},{"taxonomy":"post_tag","embeddable":true,"href":"https:\/\/www.ecinews.fr\/fr\/wp-json\/wp\/v2\/tags?post=478845"},{"taxonomy":"domains","embeddable":true,"href":"https:\/\/www.ecinews.fr\/fr\/wp-json\/wp\/v2\/domains?post=478845"},{"taxonomy":"author","embeddable":true,"href":"https:\/\/www.ecinews.fr\/fr\/wp-json\/wp\/v2\/ppma_author?post=478845"}],"curies":[{"name":"wp","href":"https:\/\/api.w.org\/{rel}","templated":true}]}}