{"id":478660,"date":"2025-04-29T08:34:03","date_gmt":"2025-04-29T06:34:03","guid":{"rendered":"https:\/\/www.ecinews.fr\/?p=478660"},"modified":"2025-04-29T08:34:03","modified_gmt":"2025-04-29T06:34:03","slug":"leurope-natteindra-pas-ses-objectifs-dans-les-semi-conducteurs","status":"publish","type":"post","link":"https:\/\/www.ecinews.fr\/fr\/leurope-natteindra-pas-ses-objectifs-dans-les-semi-conducteurs\/","title":{"rendered":"L&rsquo;Europe n&rsquo;atteindra pas ses objectifs dans les semi-conducteurs"},"content":{"rendered":"<p>Selon un rapport de la Cour des comptes europ\u00e9enne, l&rsquo;Europe ne parviendra pas \u00e0 atteindre son objectif d&rsquo;une part de 20 % du march\u00e9 mondial des semi-conducteurs d&rsquo;ici \u00e0 2030.<\/p>\n<p>Les investissements r\u00e9alis\u00e9s dans le cadre de la loi sur les puces de l&rsquo;UE 2022 ont donn\u00e9 un nouvel \u00e9lan au secteur europ\u00e9en des puces, mais il est peu probable qu&rsquo;ils am\u00e9liorent de mani\u00e8re significative la position de l&rsquo;UE, estiment les auditeurs, qui appellent \u00e0 un \u00ab\u00a0retour \u00e0 la r\u00e9alit\u00e9\u00a0\u00bb.<\/p>\n<ul>\n<li><a href=\"https:\/\/www.eenewseurope.com\/en\/intel-brings-3nm-production-to-europe-in-2025\/\">Intel produit du 3 nm en Europe \u00e0 partir de 2025<\/a><\/li>\n<li><a href=\"https:\/\/www.eenewseurope.com\/en\/e5n-subsidy-approved-as-esmc-breaks-ground-for-dresden-fab\/\">Une subvention de 5 milliards d&rsquo;euros pour l&rsquo;ouverture du chantier de l&rsquo;ESMC \u00e0 Dresde<\/a><\/li>\n<\/ul>\n<p>L&rsquo;UE doit de toute urgence revoir sa strat\u00e9gie pour le secteur des micropuces\u00a0\u00bb, a d\u00e9clar\u00e9 Annemie Turtelboom, membre de la Cour des comptes europ\u00e9enne charg\u00e9e de l&rsquo;audit. \u00ab\u00a0Il s&rsquo;agit d&rsquo;un domaine en \u00e9volution rapide, caract\u00e9ris\u00e9 par une concurrence g\u00e9opolitique intense, et nous sommes actuellement loin du rythme n\u00e9cessaire pour r\u00e9aliser nos ambitions. L&rsquo;objectif de 20 % \u00e9tait essentiellement th\u00e9orique &#8211; pour l&rsquo;atteindre, nous devrions environ quadrupler notre capacit\u00e9 de production d&rsquo;ici \u00e0 2030, mais nous sommes loin du compte avec notre rythme de progression actuel. L&rsquo;Europe doit \u00eatre comp\u00e9titive et la Commission europ\u00e9enne devrait r\u00e9\u00e9valuer sa strat\u00e9gie \u00e0 long terme pour l&rsquo;adapter \u00e0 la r\u00e9alit\u00e9 du terrain.<\/p>\n<p>La Commission n&rsquo;est responsable que de 4,5 milliards d&rsquo;euros sur les 86 milliards d&rsquo;euros de financement estim\u00e9s pour le Chips Act jusqu&rsquo;en 2030. Le reste devrait provenir des \u00c9tats membres et de l&rsquo;industrie.<\/p>\n<p>\u00c0 titre de comparaison, les principaux fabricants mondiaux ont pr\u00e9vu un budget d&rsquo;investissement de 405 milliards d&rsquo;euros sur trois ans seulement, ce qui \u00e9clipse la puissance de feu financi\u00e8re du Chips Act. La part de la r\u00e9gion devrait ainsi passer de 8 % en 2024 \u00e0 11,7 % en 2030.<\/p>\n<p>Cela ne renforcera peut-\u00eatre pas les appels en faveur d&rsquo;une deuxi\u00e8me version de la loi EU CHIPS afin d&rsquo;acc\u00e9l\u00e9rer le financement.<\/p>\n<ul>\n<li><a href=\"https:\/\/www.eenewseurope.com\/en\/industry-groups-boost-call-for-eu-chips-act-2-0\/\">Les groupes industriels r\u00e9clament la loi CHIPS 2.0 de l&rsquo;UE<\/a><\/li>\n<li><a href=\"https:\/\/www.eenewseurope.com\/en\/esia-calls-for-more-funds-and-support-from-european-chip-act-2-0\/\">L&rsquo;EISA demande plus de fonds et de soutien pour les puces europ\u00e9ennes<\/a><\/li>\n<li><a href=\"https:\/\/www.eenewseurope.com\/en\/european-chips-act-ignores-dependence-on-china-for-pcbs\/\">La loi sur les puces de l&rsquo;UE ne tient pas compte de la d\u00e9pendance \u00e0 l&rsquo;\u00e9gard de la Chine<\/a><\/li>\n<\/ul>\n<p>La d\u00e9pendance \u00e0 l&rsquo;\u00e9gard des importations de mati\u00e8res premi\u00e8res, les co\u00fbts \u00e9lev\u00e9s de l&rsquo;\u00e9nergie, les pr\u00e9occupations environnementales, les tensions g\u00e9opolitiques et les contr\u00f4les \u00e0 l&rsquo;exportation, ainsi que la p\u00e9nurie de travailleurs qualifi\u00e9s freineront \u00e9galement la r\u00e9gion, selon le rapport.<\/p>\n<p>Il est urgent de proc\u00e9der \u00e0 une v\u00e9rification de la r\u00e9alit\u00e9 de la loi sur les puces afin d&rsquo;\u00e9valuer si les ambitions et les objectifs auxquels elle contribue restent r\u00e9alistes compte tenu des ressources disponibles pour les atteindre, de la concurrence mondiale, ainsi que d&rsquo;autres facteurs cruciaux, tels que le co\u00fbt de l&rsquo;\u00e9nergie et la d\u00e9pendance \u00e0 l&rsquo;\u00e9gard des mati\u00e8res premi\u00e8res. Cela n\u00e9cessiterait des mesures correctives appropri\u00e9es \u00e0 court terme pour contribuer \u00e0 la r\u00e9alisation des objectifs strat\u00e9giques.<\/p>\n<p>Une nouvelle strat\u00e9gie sur les semi-conducteurs avec des objectifs plus clairs doit inclure une approche coordonn\u00e9e au niveau de l&rsquo;UE, y compris les interactions avec les \u00e9conomies concurrentes \u00e0 l&rsquo;\u00e9chelle mondiale d&rsquo;ici 2026, ainsi que des donn\u00e9es plus compl\u00e8tes.<\/p>\n<p>Le rapport est disponible ici : <a href=\"https:\/\/www.eenewseurope.com\/wp-content\/uploads\/2025\/04\/ECA-Semiconductor-report.pdf\">Rapport ECA Semiconductor<\/a><\/p>\n<p>&nbsp;<\/p>\n","protected":false},"excerpt":{"rendered":"<p>Selon un rapport de la Cour des comptes europ\u00e9enne, l&rsquo;Europe ne parviendra pas \u00e0 atteindre son objectif d&rsquo;une part de 20 % du march\u00e9 mondial des semi-conducteurs d&rsquo;ici \u00e0 2030. Les investissements r\u00e9alis\u00e9s dans le cadre de la loi sur les puces de l&rsquo;UE 2022 ont donn\u00e9 un nouvel \u00e9lan au secteur europ\u00e9en des puces, [&hellip;]<\/p>\n","protected":false},"author":40,"featured_media":478635,"comment_status":"closed","ping_status":"closed","sticky":false,"template":"","format":"standard","meta":{"_acf_changed":false,"footnotes":""},"categories":[880],"tags":[4833,913,906,6384],"domains":[47],"ppma_author":[3640,6199],"class_list":["post-478660","post","type-post","status-publish","format-standard","has-post-thumbnail","hentry","category-actualites-economiques","tag-marche-des-puces","tag-materials-processes-fr","tag-mpus-mcus-fr","tag-semi-conducteurs","domains-electronique-eci"],"acf":[],"yoast_head":"<title>L&#039;Europe n&#039;atteindra pas ses objectifs dans les semi-conducteurs ...<\/title>\n<meta name=\"description\" content=\"Selon la Cour des comptes europ\u00e9enne, l&#039;Europe ne parviendra pas \u00e0 une part de 20 % du march\u00e9 mondial des semi-conducteurs d&#039;ici \u00e0 2030.\" \/>\n<meta name=\"robots\" content=\"index, follow, max-snippet:-1, max-image-preview:large, max-video-preview:-1\" \/>\n<link rel=\"canonical\" href=\"https:\/\/www.ecinews.fr\/fr\/wp-json\/wp\/v2\/posts\/478660\/\" \/>\n<meta property=\"og:locale\" content=\"fr_FR\" \/>\n<meta property=\"og:type\" content=\"article\" \/>\n<meta property=\"og:title\" content=\"L&#039;Europe n&#039;atteindra pas ses objectifs dans les semi-conducteurs\" \/>\n<meta property=\"og:description\" content=\"Selon la Cour des comptes europ\u00e9enne, l&#039;Europe ne parviendra pas \u00e0 une part de 20 % du march\u00e9 mondial des semi-conducteurs d&#039;ici \u00e0 2030.\" \/>\n<meta property=\"og:url\" content=\"https:\/\/www.ecinews.fr\/fr\/wp-json\/wp\/v2\/posts\/478660\/\" \/>\n<meta property=\"og:site_name\" content=\"EENewsEurope\" \/>\n<meta property=\"article:published_time\" content=\"2025-04-29T06:34:03+00:00\" \/>\n<meta property=\"og:image\" content=\"https:\/\/www.ecinews.fr\/wp-content\/uploads\/2025\/04\/ECA-chips-scaled.jpg\" \/>\n\t<meta property=\"og:image:width\" content=\"1080\" \/>\n\t<meta property=\"og:image:height\" content=\"720\" \/>\n\t<meta property=\"og:image:type\" content=\"image\/jpeg\" \/>\n<meta name=\"author\" content=\"Nick Flaherty, A Delapalisse\" \/>\n<meta name=\"twitter:card\" content=\"summary_large_image\" \/>\n<meta name=\"twitter:label1\" content=\"Written by\" \/>\n\t<meta name=\"twitter:data1\" content=\"A Delapalisse\" \/>\n\t<meta name=\"twitter:label2\" content=\"Est. reading time\" \/>\n\t<meta name=\"twitter:data2\" content=\"3 minutes\" \/>\n<script type=\"application\/ld+json\" class=\"yoast-schema-graph\">{\"@context\":\"https:\/\/schema.org\",\"@graph\":[{\"@type\":\"Article\",\"@id\":\"https:\/\/www.ecinews.fr\/fr\/leurope-natteindra-pas-ses-objectifs-dans-les-semi-conducteurs\/#article\",\"isPartOf\":{\"@id\":\"https:\/\/www.ecinews.fr\/fr\/leurope-natteindra-pas-ses-objectifs-dans-les-semi-conducteurs\/\"},\"author\":{\"name\":\"A Delapalisse\",\"@id\":\"https:\/\/www.ecinews.fr\/fr\/#\/schema\/person\/4b3db5ba5c953c5fddeb226df86d8635\"},\"headline\":\"L&rsquo;Europe n&rsquo;atteindra pas ses objectifs dans les semi-conducteurs\",\"datePublished\":\"2025-04-29T06:34:03+00:00\",\"dateModified\":\"2025-04-29T06:34:03+00:00\",\"mainEntityOfPage\":{\"@id\":\"https:\/\/www.ecinews.fr\/fr\/leurope-natteindra-pas-ses-objectifs-dans-les-semi-conducteurs\/\"},\"wordCount\":591,\"publisher\":{\"@id\":\"https:\/\/www.ecinews.fr\/fr\/#organization\"},\"keywords\":[\"march\u00e9 des puces\",\"Materials &amp; processes\",\"MPUs\/MCUs\",\"Semi-conducteurs\"],\"articleSection\":[\"Actualit\u00e9s \u00e9conomiques\"],\"inLanguage\":\"fr-FR\"},{\"@type\":\"WebPage\",\"@id\":\"https:\/\/www.ecinews.fr\/fr\/leurope-natteindra-pas-ses-objectifs-dans-les-semi-conducteurs\/\",\"url\":\"https:\/\/www.ecinews.fr\/fr\/leurope-natteindra-pas-ses-objectifs-dans-les-semi-conducteurs\/\",\"name\":\"L'Europe n'atteindra pas ses objectifs dans les semi-conducteurs -\",\"isPartOf\":{\"@id\":\"https:\/\/www.ecinews.fr\/fr\/#website\"},\"datePublished\":\"2025-04-29T06:34:03+00:00\",\"dateModified\":\"2025-04-29T06:34:03+00:00\",\"description\":\"Selon la Cour des comptes europ\u00e9enne, l'Europe ne parviendra pas \u00e0 une part de 20 % du march\u00e9 mondial des semi-conducteurs d'ici \u00e0 2030.\",\"breadcrumb\":{\"@id\":\"https:\/\/www.ecinews.fr\/fr\/leurope-natteindra-pas-ses-objectifs-dans-les-semi-conducteurs\/#breadcrumb\"},\"inLanguage\":\"fr-FR\",\"potentialAction\":[{\"@type\":\"ReadAction\",\"target\":[\"https:\/\/www.ecinews.fr\/fr\/leurope-natteindra-pas-ses-objectifs-dans-les-semi-conducteurs\/\"]}]},{\"@type\":\"BreadcrumbList\",\"@id\":\"https:\/\/www.ecinews.fr\/fr\/leurope-natteindra-pas-ses-objectifs-dans-les-semi-conducteurs\/#breadcrumb\",\"itemListElement\":[{\"@type\":\"ListItem\",\"position\":1,\"name\":\"Home\",\"item\":\"https:\/\/www.ecinews.fr\/fr\/\"},{\"@type\":\"ListItem\",\"position\":2,\"name\":\"L&rsquo;Europe n&rsquo;atteindra pas ses objectifs dans les semi-conducteurs\"}]},{\"@type\":\"WebSite\",\"@id\":\"https:\/\/www.ecinews.fr\/fr\/#website\",\"url\":\"https:\/\/www.ecinews.fr\/fr\/\",\"name\":\"EENewsEurope\",\"description\":\"Just another WordPress site\",\"publisher\":{\"@id\":\"https:\/\/www.ecinews.fr\/fr\/#organization\"},\"potentialAction\":[{\"@type\":\"SearchAction\",\"target\":{\"@type\":\"EntryPoint\",\"urlTemplate\":\"https:\/\/www.ecinews.fr\/fr\/?s={search_term_string}\"},\"query-input\":\"required name=search_term_string\"}],\"inLanguage\":\"fr-FR\"},{\"@type\":\"Organization\",\"@id\":\"https:\/\/www.ecinews.fr\/fr\/#organization\",\"name\":\"EENewsEurope\",\"url\":\"https:\/\/www.ecinews.fr\/fr\/\",\"logo\":{\"@type\":\"ImageObject\",\"inLanguage\":\"fr-FR\",\"@id\":\"https:\/\/www.ecinews.fr\/fr\/#\/schema\/logo\/image\/\",\"url\":\"https:\/\/www.ecinews.fr\/wp-content\/uploads\/2022\/02\/logo-1.jpg\",\"contentUrl\":\"https:\/\/www.ecinews.fr\/wp-content\/uploads\/2022\/02\/logo-1.jpg\",\"width\":283,\"height\":113,\"caption\":\"EENewsEurope\"},\"image\":{\"@id\":\"https:\/\/www.ecinews.fr\/fr\/#\/schema\/logo\/image\/\"}},{\"@type\":\"Person\",\"@id\":\"https:\/\/www.ecinews.fr\/fr\/#\/schema\/person\/4b3db5ba5c953c5fddeb226df86d8635\",\"name\":\"A Delapalisse\",\"image\":{\"@type\":\"ImageObject\",\"inLanguage\":\"fr-FR\",\"@id\":\"https:\/\/www.ecinews.fr\/fr\/#\/schema\/person\/image\/09af0e1236b95ff53924b8dfe5af278e\",\"url\":\"https:\/\/secure.gravatar.com\/avatar\/010f811c0933b47aea7e9204117b17c6?s=96&d=mm&r=g\",\"contentUrl\":\"https:\/\/secure.gravatar.com\/avatar\/010f811c0933b47aea7e9204117b17c6?s=96&d=mm&r=g\",\"caption\":\"A Delapalisse\"}}]}<\/script>","yoast_head_json":{"title":"L'Europe n'atteindra pas ses objectifs dans les semi-conducteurs ...","description":"Selon la Cour des comptes europ\u00e9enne, l'Europe ne parviendra pas \u00e0 une part de 20 % du march\u00e9 mondial des semi-conducteurs d'ici \u00e0 2030.","robots":{"index":"index","follow":"follow","max-snippet":"max-snippet:-1","max-image-preview":"max-image-preview:large","max-video-preview":"max-video-preview:-1"},"canonical":"https:\/\/www.ecinews.fr\/fr\/wp-json\/wp\/v2\/posts\/478660\/","og_locale":"fr_FR","og_type":"article","og_title":"L'Europe n'atteindra pas ses objectifs dans les semi-conducteurs","og_description":"Selon la Cour des comptes europ\u00e9enne, l'Europe ne parviendra pas \u00e0 une part de 20 % du march\u00e9 mondial des semi-conducteurs d'ici \u00e0 2030.","og_url":"https:\/\/www.ecinews.fr\/fr\/wp-json\/wp\/v2\/posts\/478660\/","og_site_name":"EENewsEurope","article_published_time":"2025-04-29T06:34:03+00:00","og_image":[{"width":1080,"height":720,"url":"https:\/\/www.ecinews.fr\/wp-content\/uploads\/2025\/04\/ECA-chips-scaled.jpg","type":"image\/jpeg"}],"author":"Nick Flaherty, A Delapalisse","twitter_card":"summary_large_image","twitter_misc":{"Written by":"A Delapalisse","Est. reading time":"3 minutes"},"schema":{"@context":"https:\/\/schema.org","@graph":[{"@type":"Article","@id":"https:\/\/www.ecinews.fr\/fr\/leurope-natteindra-pas-ses-objectifs-dans-les-semi-conducteurs\/#article","isPartOf":{"@id":"https:\/\/www.ecinews.fr\/fr\/leurope-natteindra-pas-ses-objectifs-dans-les-semi-conducteurs\/"},"author":{"name":"A Delapalisse","@id":"https:\/\/www.ecinews.fr\/fr\/#\/schema\/person\/4b3db5ba5c953c5fddeb226df86d8635"},"headline":"L&rsquo;Europe n&rsquo;atteindra pas ses objectifs dans les semi-conducteurs","datePublished":"2025-04-29T06:34:03+00:00","dateModified":"2025-04-29T06:34:03+00:00","mainEntityOfPage":{"@id":"https:\/\/www.ecinews.fr\/fr\/leurope-natteindra-pas-ses-objectifs-dans-les-semi-conducteurs\/"},"wordCount":591,"publisher":{"@id":"https:\/\/www.ecinews.fr\/fr\/#organization"},"keywords":["march\u00e9 des puces","Materials &amp; processes","MPUs\/MCUs","Semi-conducteurs"],"articleSection":["Actualit\u00e9s \u00e9conomiques"],"inLanguage":"fr-FR"},{"@type":"WebPage","@id":"https:\/\/www.ecinews.fr\/fr\/leurope-natteindra-pas-ses-objectifs-dans-les-semi-conducteurs\/","url":"https:\/\/www.ecinews.fr\/fr\/leurope-natteindra-pas-ses-objectifs-dans-les-semi-conducteurs\/","name":"L'Europe n'atteindra pas ses objectifs dans les semi-conducteurs -","isPartOf":{"@id":"https:\/\/www.ecinews.fr\/fr\/#website"},"datePublished":"2025-04-29T06:34:03+00:00","dateModified":"2025-04-29T06:34:03+00:00","description":"Selon la Cour des comptes europ\u00e9enne, l'Europe ne parviendra pas \u00e0 une part de 20 % du march\u00e9 mondial des semi-conducteurs d'ici \u00e0 2030.","breadcrumb":{"@id":"https:\/\/www.ecinews.fr\/fr\/leurope-natteindra-pas-ses-objectifs-dans-les-semi-conducteurs\/#breadcrumb"},"inLanguage":"fr-FR","potentialAction":[{"@type":"ReadAction","target":["https:\/\/www.ecinews.fr\/fr\/leurope-natteindra-pas-ses-objectifs-dans-les-semi-conducteurs\/"]}]},{"@type":"BreadcrumbList","@id":"https:\/\/www.ecinews.fr\/fr\/leurope-natteindra-pas-ses-objectifs-dans-les-semi-conducteurs\/#breadcrumb","itemListElement":[{"@type":"ListItem","position":1,"name":"Home","item":"https:\/\/www.ecinews.fr\/fr\/"},{"@type":"ListItem","position":2,"name":"L&rsquo;Europe n&rsquo;atteindra pas ses objectifs dans les semi-conducteurs"}]},{"@type":"WebSite","@id":"https:\/\/www.ecinews.fr\/fr\/#website","url":"https:\/\/www.ecinews.fr\/fr\/","name":"EENewsEurope","description":"Just another WordPress site","publisher":{"@id":"https:\/\/www.ecinews.fr\/fr\/#organization"},"potentialAction":[{"@type":"SearchAction","target":{"@type":"EntryPoint","urlTemplate":"https:\/\/www.ecinews.fr\/fr\/?s={search_term_string}"},"query-input":"required name=search_term_string"}],"inLanguage":"fr-FR"},{"@type":"Organization","@id":"https:\/\/www.ecinews.fr\/fr\/#organization","name":"EENewsEurope","url":"https:\/\/www.ecinews.fr\/fr\/","logo":{"@type":"ImageObject","inLanguage":"fr-FR","@id":"https:\/\/www.ecinews.fr\/fr\/#\/schema\/logo\/image\/","url":"https:\/\/www.ecinews.fr\/wp-content\/uploads\/2022\/02\/logo-1.jpg","contentUrl":"https:\/\/www.ecinews.fr\/wp-content\/uploads\/2022\/02\/logo-1.jpg","width":283,"height":113,"caption":"EENewsEurope"},"image":{"@id":"https:\/\/www.ecinews.fr\/fr\/#\/schema\/logo\/image\/"}},{"@type":"Person","@id":"https:\/\/www.ecinews.fr\/fr\/#\/schema\/person\/4b3db5ba5c953c5fddeb226df86d8635","name":"A Delapalisse","image":{"@type":"ImageObject","inLanguage":"fr-FR","@id":"https:\/\/www.ecinews.fr\/fr\/#\/schema\/person\/image\/09af0e1236b95ff53924b8dfe5af278e","url":"https:\/\/secure.gravatar.com\/avatar\/010f811c0933b47aea7e9204117b17c6?s=96&d=mm&r=g","contentUrl":"https:\/\/secure.gravatar.com\/avatar\/010f811c0933b47aea7e9204117b17c6?s=96&d=mm&r=g","caption":"A Delapalisse"}}]}},"authors":[{"term_id":3640,"user_id":0,"is_guest":1,"slug":"nick-flaherty","display_name":"Nick Flaherty","avatar_url":"https:\/\/secure.gravatar.com\/avatar\/?s=96&d=mm&r=g","0":null,"1":"","2":"","3":"","4":"","5":"","6":"","7":"","8":""},{"term_id":6199,"user_id":40,"is_guest":0,"slug":"andre-rousselotemisys-com","display_name":"A Delapalisse","avatar_url":"https:\/\/secure.gravatar.com\/avatar\/010f811c0933b47aea7e9204117b17c6?s=96&d=mm&r=g","0":null,"1":"","2":"","3":"","4":"","5":"","6":"","7":"","8":""}],"_links":{"self":[{"href":"https:\/\/www.ecinews.fr\/fr\/wp-json\/wp\/v2\/posts\/478660"}],"collection":[{"href":"https:\/\/www.ecinews.fr\/fr\/wp-json\/wp\/v2\/posts"}],"about":[{"href":"https:\/\/www.ecinews.fr\/fr\/wp-json\/wp\/v2\/types\/post"}],"author":[{"embeddable":true,"href":"https:\/\/www.ecinews.fr\/fr\/wp-json\/wp\/v2\/users\/40"}],"replies":[{"embeddable":true,"href":"https:\/\/www.ecinews.fr\/fr\/wp-json\/wp\/v2\/comments?post=478660"}],"version-history":[{"count":0,"href":"https:\/\/www.ecinews.fr\/fr\/wp-json\/wp\/v2\/posts\/478660\/revisions"}],"wp:featuredmedia":[{"embeddable":true,"href":"https:\/\/www.ecinews.fr\/fr\/wp-json\/wp\/v2\/media\/478635"}],"wp:attachment":[{"href":"https:\/\/www.ecinews.fr\/fr\/wp-json\/wp\/v2\/media?parent=478660"}],"wp:term":[{"taxonomy":"category","embeddable":true,"href":"https:\/\/www.ecinews.fr\/fr\/wp-json\/wp\/v2\/categories?post=478660"},{"taxonomy":"post_tag","embeddable":true,"href":"https:\/\/www.ecinews.fr\/fr\/wp-json\/wp\/v2\/tags?post=478660"},{"taxonomy":"domains","embeddable":true,"href":"https:\/\/www.ecinews.fr\/fr\/wp-json\/wp\/v2\/domains?post=478660"},{"taxonomy":"author","embeddable":true,"href":"https:\/\/www.ecinews.fr\/fr\/wp-json\/wp\/v2\/ppma_author?post=478660"}],"curies":[{"name":"wp","href":"https:\/\/api.w.org\/{rel}","templated":true}]}}