{"id":477912,"date":"2025-04-16T23:09:16","date_gmt":"2025-04-16T21:09:16","guid":{"rendered":"https:\/\/www.ecinews.fr\/?p=477912"},"modified":"2025-04-16T23:09:16","modified_gmt":"2025-04-16T21:09:16","slug":"microcontroleurs-adaptatifs-pour-une-intelligence-contextuelle-multimodale","status":"publish","type":"post","link":"https:\/\/www.ecinews.fr\/fr\/microcontroleurs-adaptatifs-pour-une-intelligence-contextuelle-multimodale\/","title":{"rendered":"Microcontr\u00f4leurs adaptatifs pour une intelligence contextuelle multimodale"},"content":{"rendered":"<h3>Synaptics Incorporated a \u00e9largi sa gamme Synaptics Astra AI avec la nouvelle s\u00e9rie de microcontr\u00f4leurs adaptatifs SR, con\u00e7us pour une intelligence artificielle \u00e9volutive et contextuelle. Ces MCU de haute performance offrent trois niveaux d&rsquo;op\u00e9ration : performance (100 GOPS), efficacit\u00e9, et ultra-basse consommation (ULP) en mode always-on (AON).<\/h3>\n<p>Bas\u00e9s sur le c\u0153ur Arm Cortex-M55 et la NPU Arm Ethos-U55, ces microcontr\u00f4leurs sont compatibles avec le kit de d\u00e9veloppement AstraTM Machina Micro et son SDK open source. Ils permettent de r\u00e9pondre aux exigences croissantes des charges multimodales, int\u00e9grant des algorithmes avanc\u00e9s pour la vision, l&rsquo;audio et la voix.<\/p>\n<p>Les MCU SR-Series de Synaptics, gr\u00e2ce \u00e0 leur design compact, r\u00e9duisent les co\u00fbts \u00e9nerg\u00e9tiques tout en r\u00e9pondant aux besoins d&rsquo;une vari\u00e9t\u00e9 d&rsquo;applications IoT telles que les cam\u00e9ras de s\u00e9curit\u00e9, les appareils \u00e9lectrom\u00e9nagers connect\u00e9s ou encore les capteurs d&rsquo;affichage dynamique.<\/p>\n<p>Vikram Gupta, Senior Vice President de Synaptics, souligne : \u00ab Avec la s\u00e9rie SR, nous enrichissons notre vision de l&rsquo;Edge AI, en permettant le d\u00e9veloppement d\u2019appareils cognitifs capables de s\u2019adapter aux environnements avec des niveaux d\u2019intelligence diff\u00e9renci\u00e9s. \u00bb<\/p>\n<p>Paul Williamson, d&rsquo;Arm, ajoute : \u00ab Synaptics, avec cette innovation, fournit les solutions n\u00e9cessaires pour r\u00e9pondre aux d\u00e9fis grandissants des applications IoT en p\u00e9riph\u00e9rie. \u00bb<\/p>\n<h4>Caract\u00e9ristiques techniques majeures<\/h4>\n<ul>\n<li>\n<p>Trois microcontr\u00f4leurs : SR110, SR105, SR102.<\/p>\n<\/li>\n<li>\n<p>Jusqu&rsquo;\u00e0 4 Mo de m\u00e9moire syst\u00e8me.<\/p>\n<\/li>\n<li>\n<p>Traitement audio, vid\u00e9o et cam\u00e9ra int\u00e9gr\u00e9s.<\/p>\n<\/li>\n<li>\n<p>S\u00e9curit\u00e9 renforc\u00e9e : OTP, TRNG, AES-256.<\/p>\n<\/li>\n<\/ul>\n<p><a href=\"https:\/\/www.synaptics.com\/\">Synaptics<\/a><\/p>\n","protected":false},"excerpt":{"rendered":"<p>Synaptics Incorporated a \u00e9largi sa gamme Synaptics Astra AI avec la nouvelle s\u00e9rie de microcontr\u00f4leurs adaptatifs SR, con\u00e7us pour une intelligence artificielle \u00e9volutive et contextuelle. Ces MCU de haute performance offrent trois niveaux d&rsquo;op\u00e9ration : performance (100 GOPS), efficacit\u00e9, et ultra-basse consommation (ULP) en mode always-on (AON). Bas\u00e9s sur le c\u0153ur Arm Cortex-M55 et la [&hellip;]<\/p>\n","protected":false},"author":39,"featured_media":477910,"comment_status":"closed","ping_status":"closed","sticky":false,"template":"","format":"standard","meta":{"_acf_changed":false,"footnotes":""},"categories":[881],"tags":[3297,5502],"domains":[47],"ppma_author":[6113],"class_list":["post-477912","post","type-post","status-publish","format-standard","has-post-thumbnail","hentry","category-nouveaux-produits","tag-intelligence-artificielle-ia","tag-microcontroleur-fr","domains-electronique-eci"],"acf":[],"yoast_head":"<title>Microcontr\u00f4leurs adaptatifs pour une intelligence contextuelle...<\/title>\n<meta name=\"description\" content=\"Synaptics Incorporated a \u00e9largi sa gamme Synaptics Astra AI avec la nouvelle s\u00e9rie de microcontr\u00f4leurs adaptatifs SR\" \/>\n<meta name=\"robots\" content=\"index, follow, max-snippet:-1, max-image-preview:large, max-video-preview:-1\" \/>\n<link rel=\"canonical\" href=\"https:\/\/www.ecinews.fr\/fr\/wp-json\/wp\/v2\/posts\/477912\/\" \/>\n<meta property=\"og:locale\" content=\"fr_FR\" \/>\n<meta property=\"og:type\" content=\"article\" \/>\n<meta property=\"og:title\" content=\"Microcontr\u00f4leurs adaptatifs pour une intelligence contextuelle multimodale\" \/>\n<meta property=\"og:description\" content=\"Synaptics Incorporated a \u00e9largi sa gamme Synaptics Astra AI avec la nouvelle s\u00e9rie de microcontr\u00f4leurs adaptatifs SR\" \/>\n<meta property=\"og:url\" content=\"https:\/\/www.ecinews.fr\/fr\/wp-json\/wp\/v2\/posts\/477912\/\" \/>\n<meta property=\"og:site_name\" content=\"EENewsEurope\" \/>\n<meta property=\"article:published_time\" content=\"2025-04-16T21:09:16+00:00\" \/>\n<meta property=\"og:image\" content=\"https:\/\/www.ecinews.fr\/wp-content\/uploads\/2025\/04\/ECI4902-SYN002ASR-series-press-release_FR-scaled.jpg\" \/>\n\t<meta property=\"og:image:width\" content=\"1080\" \/>\n\t<meta property=\"og:image:height\" content=\"1080\" \/>\n\t<meta property=\"og:image:type\" content=\"image\/jpeg\" \/>\n<meta name=\"author\" content=\"NicolasFeste\" \/>\n<meta name=\"twitter:card\" content=\"summary_large_image\" \/>\n<meta name=\"twitter:label1\" content=\"Written by\" \/>\n\t<meta name=\"twitter:data1\" content=\"NicolasFeste\" \/>\n\t<meta name=\"twitter:label2\" content=\"Est. reading time\" \/>\n\t<meta name=\"twitter:data2\" content=\"1 minute\" \/>\n<script type=\"application\/ld+json\" class=\"yoast-schema-graph\">{\"@context\":\"https:\/\/schema.org\",\"@graph\":[{\"@type\":\"Article\",\"@id\":\"https:\/\/www.ecinews.fr\/fr\/microcontroleurs-adaptatifs-pour-une-intelligence-contextuelle-multimodale\/#article\",\"isPartOf\":{\"@id\":\"https:\/\/www.ecinews.fr\/fr\/microcontroleurs-adaptatifs-pour-une-intelligence-contextuelle-multimodale\/\"},\"author\":{\"name\":\"NicolasFeste\",\"@id\":\"https:\/\/www.ecinews.fr\/fr\/#\/schema\/person\/c7104a72b466a801f257e51481de0c43\"},\"headline\":\"Microcontr\u00f4leurs adaptatifs pour une intelligence contextuelle multimodale\",\"datePublished\":\"2025-04-16T21:09:16+00:00\",\"dateModified\":\"2025-04-16T21:09:16+00:00\",\"mainEntityOfPage\":{\"@id\":\"https:\/\/www.ecinews.fr\/fr\/microcontroleurs-adaptatifs-pour-une-intelligence-contextuelle-multimodale\/\"},\"wordCount\":272,\"publisher\":{\"@id\":\"https:\/\/www.ecinews.fr\/fr\/#organization\"},\"keywords\":[\"Intelligence Artificielle - IA\",\"Microcontr\u00f4leur\"],\"articleSection\":[\"Nouveaux produits\"],\"inLanguage\":\"fr-FR\"},{\"@type\":\"WebPage\",\"@id\":\"https:\/\/www.ecinews.fr\/fr\/microcontroleurs-adaptatifs-pour-une-intelligence-contextuelle-multimodale\/\",\"url\":\"https:\/\/www.ecinews.fr\/fr\/microcontroleurs-adaptatifs-pour-une-intelligence-contextuelle-multimodale\/\",\"name\":\"Microcontr\u00f4leurs adaptatifs pour une intelligence contextuelle multimodale -\",\"isPartOf\":{\"@id\":\"https:\/\/www.ecinews.fr\/fr\/#website\"},\"datePublished\":\"2025-04-16T21:09:16+00:00\",\"dateModified\":\"2025-04-16T21:09:16+00:00\",\"description\":\"Synaptics Incorporated a \u00e9largi sa gamme Synaptics Astra AI avec la nouvelle s\u00e9rie de microcontr\u00f4leurs adaptatifs SR\",\"breadcrumb\":{\"@id\":\"https:\/\/www.ecinews.fr\/fr\/microcontroleurs-adaptatifs-pour-une-intelligence-contextuelle-multimodale\/#breadcrumb\"},\"inLanguage\":\"fr-FR\",\"potentialAction\":[{\"@type\":\"ReadAction\",\"target\":[\"https:\/\/www.ecinews.fr\/fr\/microcontroleurs-adaptatifs-pour-une-intelligence-contextuelle-multimodale\/\"]}]},{\"@type\":\"BreadcrumbList\",\"@id\":\"https:\/\/www.ecinews.fr\/fr\/microcontroleurs-adaptatifs-pour-une-intelligence-contextuelle-multimodale\/#breadcrumb\",\"itemListElement\":[{\"@type\":\"ListItem\",\"position\":1,\"name\":\"Home\",\"item\":\"https:\/\/www.ecinews.fr\/fr\/\"},{\"@type\":\"ListItem\",\"position\":2,\"name\":\"Microcontr\u00f4leurs adaptatifs pour une intelligence contextuelle multimodale\"}]},{\"@type\":\"WebSite\",\"@id\":\"https:\/\/www.ecinews.fr\/fr\/#website\",\"url\":\"https:\/\/www.ecinews.fr\/fr\/\",\"name\":\"EENewsEurope\",\"description\":\"Just another WordPress site\",\"publisher\":{\"@id\":\"https:\/\/www.ecinews.fr\/fr\/#organization\"},\"potentialAction\":[{\"@type\":\"SearchAction\",\"target\":{\"@type\":\"EntryPoint\",\"urlTemplate\":\"https:\/\/www.ecinews.fr\/fr\/?s={search_term_string}\"},\"query-input\":\"required name=search_term_string\"}],\"inLanguage\":\"fr-FR\"},{\"@type\":\"Organization\",\"@id\":\"https:\/\/www.ecinews.fr\/fr\/#organization\",\"name\":\"EENewsEurope\",\"url\":\"https:\/\/www.ecinews.fr\/fr\/\",\"logo\":{\"@type\":\"ImageObject\",\"inLanguage\":\"fr-FR\",\"@id\":\"https:\/\/www.ecinews.fr\/fr\/#\/schema\/logo\/image\/\",\"url\":\"https:\/\/www.ecinews.fr\/wp-content\/uploads\/2022\/02\/logo-1.jpg\",\"contentUrl\":\"https:\/\/www.ecinews.fr\/wp-content\/uploads\/2022\/02\/logo-1.jpg\",\"width\":283,\"height\":113,\"caption\":\"EENewsEurope\"},\"image\":{\"@id\":\"https:\/\/www.ecinews.fr\/fr\/#\/schema\/logo\/image\/\"}},{\"@type\":\"Person\",\"@id\":\"https:\/\/www.ecinews.fr\/fr\/#\/schema\/person\/c7104a72b466a801f257e51481de0c43\",\"name\":\"NicolasFeste\",\"image\":{\"@type\":\"ImageObject\",\"inLanguage\":\"fr-FR\",\"@id\":\"https:\/\/www.ecinews.fr\/fr\/#\/schema\/person\/image\/1ea421e7d03c1e96a9ea2bcf2705734a\",\"url\":\"https:\/\/secure.gravatar.com\/avatar\/2e187f4d96902933ba445ed6c760e11c?s=96&d=mm&r=g\",\"contentUrl\":\"https:\/\/secure.gravatar.com\/avatar\/2e187f4d96902933ba445ed6c760e11c?s=96&d=mm&r=g\",\"caption\":\"NicolasFeste\"}}]}<\/script>","yoast_head_json":{"title":"Microcontr\u00f4leurs adaptatifs pour une intelligence contextuelle...","description":"Synaptics Incorporated a \u00e9largi sa gamme Synaptics Astra AI avec la nouvelle s\u00e9rie de microcontr\u00f4leurs adaptatifs SR","robots":{"index":"index","follow":"follow","max-snippet":"max-snippet:-1","max-image-preview":"max-image-preview:large","max-video-preview":"max-video-preview:-1"},"canonical":"https:\/\/www.ecinews.fr\/fr\/wp-json\/wp\/v2\/posts\/477912\/","og_locale":"fr_FR","og_type":"article","og_title":"Microcontr\u00f4leurs adaptatifs pour une intelligence contextuelle multimodale","og_description":"Synaptics Incorporated a \u00e9largi sa gamme Synaptics Astra AI avec la nouvelle s\u00e9rie de microcontr\u00f4leurs adaptatifs SR","og_url":"https:\/\/www.ecinews.fr\/fr\/wp-json\/wp\/v2\/posts\/477912\/","og_site_name":"EENewsEurope","article_published_time":"2025-04-16T21:09:16+00:00","og_image":[{"width":1080,"height":1080,"url":"https:\/\/www.ecinews.fr\/wp-content\/uploads\/2025\/04\/ECI4902-SYN002ASR-series-press-release_FR-scaled.jpg","type":"image\/jpeg"}],"author":"NicolasFeste","twitter_card":"summary_large_image","twitter_misc":{"Written by":"NicolasFeste","Est. reading time":"1 minute"},"schema":{"@context":"https:\/\/schema.org","@graph":[{"@type":"Article","@id":"https:\/\/www.ecinews.fr\/fr\/microcontroleurs-adaptatifs-pour-une-intelligence-contextuelle-multimodale\/#article","isPartOf":{"@id":"https:\/\/www.ecinews.fr\/fr\/microcontroleurs-adaptatifs-pour-une-intelligence-contextuelle-multimodale\/"},"author":{"name":"NicolasFeste","@id":"https:\/\/www.ecinews.fr\/fr\/#\/schema\/person\/c7104a72b466a801f257e51481de0c43"},"headline":"Microcontr\u00f4leurs adaptatifs pour une intelligence contextuelle multimodale","datePublished":"2025-04-16T21:09:16+00:00","dateModified":"2025-04-16T21:09:16+00:00","mainEntityOfPage":{"@id":"https:\/\/www.ecinews.fr\/fr\/microcontroleurs-adaptatifs-pour-une-intelligence-contextuelle-multimodale\/"},"wordCount":272,"publisher":{"@id":"https:\/\/www.ecinews.fr\/fr\/#organization"},"keywords":["Intelligence Artificielle - IA","Microcontr\u00f4leur"],"articleSection":["Nouveaux produits"],"inLanguage":"fr-FR"},{"@type":"WebPage","@id":"https:\/\/www.ecinews.fr\/fr\/microcontroleurs-adaptatifs-pour-une-intelligence-contextuelle-multimodale\/","url":"https:\/\/www.ecinews.fr\/fr\/microcontroleurs-adaptatifs-pour-une-intelligence-contextuelle-multimodale\/","name":"Microcontr\u00f4leurs adaptatifs pour une intelligence contextuelle multimodale -","isPartOf":{"@id":"https:\/\/www.ecinews.fr\/fr\/#website"},"datePublished":"2025-04-16T21:09:16+00:00","dateModified":"2025-04-16T21:09:16+00:00","description":"Synaptics Incorporated a \u00e9largi sa gamme Synaptics Astra AI avec la nouvelle s\u00e9rie de microcontr\u00f4leurs adaptatifs SR","breadcrumb":{"@id":"https:\/\/www.ecinews.fr\/fr\/microcontroleurs-adaptatifs-pour-une-intelligence-contextuelle-multimodale\/#breadcrumb"},"inLanguage":"fr-FR","potentialAction":[{"@type":"ReadAction","target":["https:\/\/www.ecinews.fr\/fr\/microcontroleurs-adaptatifs-pour-une-intelligence-contextuelle-multimodale\/"]}]},{"@type":"BreadcrumbList","@id":"https:\/\/www.ecinews.fr\/fr\/microcontroleurs-adaptatifs-pour-une-intelligence-contextuelle-multimodale\/#breadcrumb","itemListElement":[{"@type":"ListItem","position":1,"name":"Home","item":"https:\/\/www.ecinews.fr\/fr\/"},{"@type":"ListItem","position":2,"name":"Microcontr\u00f4leurs adaptatifs pour une intelligence contextuelle multimodale"}]},{"@type":"WebSite","@id":"https:\/\/www.ecinews.fr\/fr\/#website","url":"https:\/\/www.ecinews.fr\/fr\/","name":"EENewsEurope","description":"Just another WordPress site","publisher":{"@id":"https:\/\/www.ecinews.fr\/fr\/#organization"},"potentialAction":[{"@type":"SearchAction","target":{"@type":"EntryPoint","urlTemplate":"https:\/\/www.ecinews.fr\/fr\/?s={search_term_string}"},"query-input":"required name=search_term_string"}],"inLanguage":"fr-FR"},{"@type":"Organization","@id":"https:\/\/www.ecinews.fr\/fr\/#organization","name":"EENewsEurope","url":"https:\/\/www.ecinews.fr\/fr\/","logo":{"@type":"ImageObject","inLanguage":"fr-FR","@id":"https:\/\/www.ecinews.fr\/fr\/#\/schema\/logo\/image\/","url":"https:\/\/www.ecinews.fr\/wp-content\/uploads\/2022\/02\/logo-1.jpg","contentUrl":"https:\/\/www.ecinews.fr\/wp-content\/uploads\/2022\/02\/logo-1.jpg","width":283,"height":113,"caption":"EENewsEurope"},"image":{"@id":"https:\/\/www.ecinews.fr\/fr\/#\/schema\/logo\/image\/"}},{"@type":"Person","@id":"https:\/\/www.ecinews.fr\/fr\/#\/schema\/person\/c7104a72b466a801f257e51481de0c43","name":"NicolasFeste","image":{"@type":"ImageObject","inLanguage":"fr-FR","@id":"https:\/\/www.ecinews.fr\/fr\/#\/schema\/person\/image\/1ea421e7d03c1e96a9ea2bcf2705734a","url":"https:\/\/secure.gravatar.com\/avatar\/2e187f4d96902933ba445ed6c760e11c?s=96&d=mm&r=g","contentUrl":"https:\/\/secure.gravatar.com\/avatar\/2e187f4d96902933ba445ed6c760e11c?s=96&d=mm&r=g","caption":"NicolasFeste"}}]}},"authors":[{"term_id":6113,"user_id":39,"is_guest":0,"slug":"nicolasfeste","display_name":"NicolasFeste","avatar_url":"https:\/\/secure.gravatar.com\/avatar\/2e187f4d96902933ba445ed6c760e11c?s=96&d=mm&r=g","0":null,"1":"","2":"","3":"","4":"","5":"","6":"","7":"","8":""}],"_links":{"self":[{"href":"https:\/\/www.ecinews.fr\/fr\/wp-json\/wp\/v2\/posts\/477912"}],"collection":[{"href":"https:\/\/www.ecinews.fr\/fr\/wp-json\/wp\/v2\/posts"}],"about":[{"href":"https:\/\/www.ecinews.fr\/fr\/wp-json\/wp\/v2\/types\/post"}],"author":[{"embeddable":true,"href":"https:\/\/www.ecinews.fr\/fr\/wp-json\/wp\/v2\/users\/39"}],"replies":[{"embeddable":true,"href":"https:\/\/www.ecinews.fr\/fr\/wp-json\/wp\/v2\/comments?post=477912"}],"version-history":[{"count":0,"href":"https:\/\/www.ecinews.fr\/fr\/wp-json\/wp\/v2\/posts\/477912\/revisions"}],"wp:featuredmedia":[{"embeddable":true,"href":"https:\/\/www.ecinews.fr\/fr\/wp-json\/wp\/v2\/media\/477910"}],"wp:attachment":[{"href":"https:\/\/www.ecinews.fr\/fr\/wp-json\/wp\/v2\/media?parent=477912"}],"wp:term":[{"taxonomy":"category","embeddable":true,"href":"https:\/\/www.ecinews.fr\/fr\/wp-json\/wp\/v2\/categories?post=477912"},{"taxonomy":"post_tag","embeddable":true,"href":"https:\/\/www.ecinews.fr\/fr\/wp-json\/wp\/v2\/tags?post=477912"},{"taxonomy":"domains","embeddable":true,"href":"https:\/\/www.ecinews.fr\/fr\/wp-json\/wp\/v2\/domains?post=477912"},{"taxonomy":"author","embeddable":true,"href":"https:\/\/www.ecinews.fr\/fr\/wp-json\/wp\/v2\/ppma_author?post=477912"}],"curies":[{"name":"wp","href":"https:\/\/api.w.org\/{rel}","templated":true}]}}