{"id":477410,"date":"2025-04-11T07:39:55","date_gmt":"2025-04-11T05:39:55","guid":{"rendered":"https:\/\/www.ecinews.fr\/?p=477410"},"modified":"2025-04-10T18:10:57","modified_gmt":"2025-04-10T16:10:57","slug":"quelle-est-la-taille-de-linternet","status":"publish","type":"post","link":"https:\/\/www.ecinews.fr\/fr\/quelle-est-la-taille-de-linternet\/","title":{"rendered":"Quelle est la taille de l&rsquo;internet ?"},"content":{"rendered":"<p>L&rsquo;internet est sans doute la plus grande machine de la plan\u00e8te, mais les estimations de sa taille r\u00e9elle varient beaucoup.<\/p>\n<p>Une mesure fiable est le trafic, qui vient d&rsquo;atteindre un record. Les donn\u00e9es globales transmises par l&rsquo;op\u00e9rateur d&rsquo;\u00e9change Internet DE-CIX ont d\u00e9pass\u00e9 les 25 Tbit\/s mardi apr\u00e8s-midi.<\/p>\n<p>Cela repr\u00e9sente plus d&rsquo;un doublement du trafic mondial de peering \u00e0 DE-CIX depuis 2020, soit une augmentation de 130 % en cinq ans. L&rsquo;ann\u00e9e derni\u00e8re, le trafic a atteint son apog\u00e9e sur le site de Dallas, o\u00f9 la r\u00e9gion a franchi le seuil de 1 Tbit\/s pour la premi\u00e8re fois.<\/p>\n<p>Cette fois, le pic de trafic mondial n&rsquo;a pas co\u00efncid\u00e9 avec un pic de trafic dans un IX r\u00e9gional, mais s&rsquo;est r\u00e9parti sur plusieurs r\u00e9gions, de Dallas \u00e0 Madrid en passant par Francfort et Istanbul.<\/p>\n<p>\u00ab\u00a0Ce pic est le r\u00e9sultat d&rsquo;un trafic de donn\u00e9es plus \u00e9lev\u00e9 que d&rsquo;habitude, d\u00fb \u00e0 la confluence de plusieurs \u00e9v\u00e9nements, notamment la diffusion en direct de comp\u00e9titions sportives et les mises \u00e0 jour de logiciels, ainsi que la consommation habituelle de contenu et de services num\u00e9riques\u00a0\u00bb, a d\u00e9clar\u00e9 Thomas King, directeur technique de DE-CIX.<\/p>\n<p>\u00ab\u00a0Ce pic d\u00e9montre la puissance du peering, le ciment qui unit les diff\u00e9rents r\u00e9seaux &#8211; y compris les r\u00e9seaux qui fournissent du contenu vid\u00e9o, des t\u00e9l\u00e9chargements de logiciels et l&rsquo;internet mobile &#8211; qui composent l&rsquo;internet\u00a0\u00bb.<\/p>\n<p>Une autre mesure est la quantit\u00e9 de donn\u00e9es transport\u00e9es. En 2024, l&rsquo;op\u00e9rateur a enregistr\u00e9 un d\u00e9bit total de 68 exaoctets sur les 3 400 r\u00e9seaux connect\u00e9s \u00e0 ses sites, ce qui constitue un nouveau record pour le volume du trafic mondial de donn\u00e9es sur une p\u00e9riode de 12 mois.<\/p>\n<p>DE-CIX a lanc\u00e9 son premier Internet Exchange \u00e0 Francfort en 1995 et a donc 30 ans cette ann\u00e9e. Il fournit des centres de donn\u00e9es et des points d&rsquo;\u00e9change neutres dans le monde entier pour l&rsquo;Internet, le cloud, les fournisseurs de contenu et les r\u00e9seaux d&rsquo;entreprise. La plateforme DE-CIX, interconnect\u00e9e \u00e0 l&rsquo;\u00e9chelle mondiale, est accessible depuis des centres de donn\u00e9es situ\u00e9s dans plus de 600 villes et interconnecte plus de 4 000 r\u00e9seaux dans le monde entier.<\/p>\n<p><a href=\"http:\/\/www.de-cix.net\/30years\">www.de-cix.net\/30years<\/a><\/p>\n<p>Articles compl\u00e9mentaires :<\/p>\n<p><a href=\"https:\/\/www.eenewseurope.com\/en\/internet-boost-with-first-data-transmission-over-1pbit-s\/\">Coup d&rsquo;acc\u00e9l\u00e9rateur sur l&rsquo;internet avec la premi\u00e8re transmission de donn\u00e9es \u00e0 plus de 1Pbit\/s<\/a><\/p>\n<p><a href=\"https:\/\/www.eenewseurope.com\/en\/industry-to-generate-as-much-data-as-mobile-subscribers-in-2030\/\">D&rsquo;ici 2030, l&rsquo;industrie g\u00e9n\u00e9rera autant de donn\u00e9es que les t\u00e9l\u00e9phones portables<\/a><\/p>\n<p>&nbsp;<\/p>\n","protected":false},"excerpt":{"rendered":"<p>L&rsquo;internet est sans doute la plus grande machine de la plan\u00e8te, mais les estimations de sa taille r\u00e9elle varient beaucoup. Une mesure fiable est le trafic, qui vient d&rsquo;atteindre un record. Les donn\u00e9es globales transmises par l&rsquo;op\u00e9rateur d&rsquo;\u00e9change Internet DE-CIX ont d\u00e9pass\u00e9 les 25 Tbit\/s mardi apr\u00e8s-midi. Cela repr\u00e9sente plus d&rsquo;un doublement du trafic mondial [&hellip;]<\/p>\n","protected":false},"author":40,"featured_media":477344,"comment_status":"closed","ping_status":"closed","sticky":false,"template":"","format":"standard","meta":{"_acf_changed":false,"footnotes":""},"categories":[883],"tags":[903,2260,9296],"domains":[47],"ppma_author":[3640,6199],"class_list":["post-477410","post","type-post","status-publish","format-standard","has-post-thumbnail","hentry","category-technologies","tag-interconnect-cables-fr","tag-internet","tag-internet-des-objets","domains-electronique-eci"],"acf":[],"yoast_head":"<title>Quelle est la taille de l&#039;internet ? ...<\/title>\n<meta name=\"description\" content=\"L&#039;internet est la plus grande machine de la plan\u00e8te, mais les estimations de sa taille varient. Mardi, le trafic Internet a atteint 25Tbit\/s\" \/>\n<meta name=\"robots\" content=\"index, follow, max-snippet:-1, max-image-preview:large, max-video-preview:-1\" \/>\n<link rel=\"canonical\" href=\"https:\/\/www.ecinews.fr\/fr\/wp-json\/wp\/v2\/posts\/477410\/\" \/>\n<meta property=\"og:locale\" content=\"fr_FR\" \/>\n<meta property=\"og:type\" content=\"article\" \/>\n<meta property=\"og:title\" content=\"Quelle est la taille de l&#039;internet ?\" \/>\n<meta property=\"og:description\" content=\"L&#039;internet est la plus grande machine de la plan\u00e8te, mais les estimations de sa taille varient. Mardi, le trafic Internet a atteint 25Tbit\/s\" \/>\n<meta property=\"og:url\" content=\"https:\/\/www.ecinews.fr\/fr\/wp-json\/wp\/v2\/posts\/477410\/\" \/>\n<meta property=\"og:site_name\" content=\"EENewsEurope\" \/>\n<meta property=\"article:published_time\" content=\"2025-04-11T05:39:55+00:00\" \/>\n<meta property=\"article:modified_time\" content=\"2025-04-10T16:10:57+00:00\" \/>\n<meta property=\"og:image\" content=\"https:\/\/www.ecinews.fr\/wp-content\/uploads\/2025\/04\/Maps-world-scaled.jpg\" \/>\n\t<meta property=\"og:image:width\" content=\"1080\" \/>\n\t<meta property=\"og:image:height\" content=\"691\" \/>\n\t<meta property=\"og:image:type\" content=\"image\/jpeg\" \/>\n<meta name=\"author\" content=\"Nick Flaherty, A Delapalisse\" \/>\n<meta name=\"twitter:card\" content=\"summary_large_image\" \/>\n<meta name=\"twitter:label1\" content=\"Written by\" \/>\n\t<meta name=\"twitter:data1\" content=\"A Delapalisse\" \/>\n\t<meta name=\"twitter:label2\" content=\"Est. reading time\" \/>\n\t<meta name=\"twitter:data2\" content=\"2 minutes\" \/>\n<script type=\"application\/ld+json\" class=\"yoast-schema-graph\">{\"@context\":\"https:\/\/schema.org\",\"@graph\":[{\"@type\":\"Article\",\"@id\":\"https:\/\/www.ecinews.fr\/fr\/quelle-est-la-taille-de-linternet\/#article\",\"isPartOf\":{\"@id\":\"https:\/\/www.ecinews.fr\/fr\/quelle-est-la-taille-de-linternet\/\"},\"author\":{\"name\":\"A Delapalisse\",\"@id\":\"https:\/\/www.eenewseurope.com\/en\/#\/schema\/person\/4b3db5ba5c953c5fddeb226df86d8635\"},\"headline\":\"Quelle est la taille de l&rsquo;internet ?\",\"datePublished\":\"2025-04-11T05:39:55+00:00\",\"dateModified\":\"2025-04-10T16:10:57+00:00\",\"mainEntityOfPage\":{\"@id\":\"https:\/\/www.ecinews.fr\/fr\/quelle-est-la-taille-de-linternet\/\"},\"wordCount\":439,\"publisher\":{\"@id\":\"https:\/\/www.eenewseurope.com\/en\/#organization\"},\"keywords\":[\"Interconnect &amp; cables\",\"Internet\",\"Internet des objets\"],\"articleSection\":[\"Technologies\"],\"inLanguage\":\"fr-FR\"},{\"@type\":\"WebPage\",\"@id\":\"https:\/\/www.ecinews.fr\/fr\/quelle-est-la-taille-de-linternet\/\",\"url\":\"https:\/\/www.ecinews.fr\/fr\/quelle-est-la-taille-de-linternet\/\",\"name\":\"Quelle est la taille de l'internet ? -\",\"isPartOf\":{\"@id\":\"https:\/\/www.eenewseurope.com\/en\/#website\"},\"datePublished\":\"2025-04-11T05:39:55+00:00\",\"dateModified\":\"2025-04-10T16:10:57+00:00\",\"description\":\"L'internet est la plus grande machine de la plan\u00e8te, mais les estimations de sa taille varient. Mardi, le trafic Internet a atteint 25Tbit\/s\",\"breadcrumb\":{\"@id\":\"https:\/\/www.ecinews.fr\/fr\/quelle-est-la-taille-de-linternet\/#breadcrumb\"},\"inLanguage\":\"fr-FR\",\"potentialAction\":[{\"@type\":\"ReadAction\",\"target\":[\"https:\/\/www.ecinews.fr\/fr\/quelle-est-la-taille-de-linternet\/\"]}]},{\"@type\":\"BreadcrumbList\",\"@id\":\"https:\/\/www.ecinews.fr\/fr\/quelle-est-la-taille-de-linternet\/#breadcrumb\",\"itemListElement\":[{\"@type\":\"ListItem\",\"position\":1,\"name\":\"Home\",\"item\":\"https:\/\/www.ecinews.fr\/fr\/\"},{\"@type\":\"ListItem\",\"position\":2,\"name\":\"Quelle est la taille de l&rsquo;internet ?\"}]},{\"@type\":\"WebSite\",\"@id\":\"https:\/\/www.eenewseurope.com\/en\/#website\",\"url\":\"https:\/\/www.eenewseurope.com\/en\/\",\"name\":\"EENewsEurope\",\"description\":\"Just another WordPress site\",\"publisher\":{\"@id\":\"https:\/\/www.eenewseurope.com\/en\/#organization\"},\"potentialAction\":[{\"@type\":\"SearchAction\",\"target\":{\"@type\":\"EntryPoint\",\"urlTemplate\":\"https:\/\/www.eenewseurope.com\/en\/?s={search_term_string}\"},\"query-input\":\"required name=search_term_string\"}],\"inLanguage\":\"fr-FR\"},{\"@type\":\"Organization\",\"@id\":\"https:\/\/www.eenewseurope.com\/en\/#organization\",\"name\":\"EENewsEurope\",\"url\":\"https:\/\/www.eenewseurope.com\/en\/\",\"logo\":{\"@type\":\"ImageObject\",\"inLanguage\":\"fr-FR\",\"@id\":\"https:\/\/www.eenewseurope.com\/en\/#\/schema\/logo\/image\/\",\"url\":\"https:\/\/www.ecinews.fr\/wp-content\/uploads\/2022\/02\/logo-1.jpg\",\"contentUrl\":\"https:\/\/www.ecinews.fr\/wp-content\/uploads\/2022\/02\/logo-1.jpg\",\"width\":283,\"height\":113,\"caption\":\"EENewsEurope\"},\"image\":{\"@id\":\"https:\/\/www.eenewseurope.com\/en\/#\/schema\/logo\/image\/\"}},{\"@type\":\"Person\",\"@id\":\"https:\/\/www.eenewseurope.com\/en\/#\/schema\/person\/4b3db5ba5c953c5fddeb226df86d8635\",\"name\":\"A Delapalisse\",\"image\":{\"@type\":\"ImageObject\",\"inLanguage\":\"fr-FR\",\"@id\":\"https:\/\/www.eenewseurope.com\/en\/#\/schema\/person\/image\/09af0e1236b95ff53924b8dfe5af278e\",\"url\":\"https:\/\/secure.gravatar.com\/avatar\/010f811c0933b47aea7e9204117b17c6?s=96&d=mm&r=g\",\"contentUrl\":\"https:\/\/secure.gravatar.com\/avatar\/010f811c0933b47aea7e9204117b17c6?s=96&d=mm&r=g\",\"caption\":\"A Delapalisse\"}}]}<\/script>","yoast_head_json":{"title":"Quelle est la taille de l'internet ? ...","description":"L'internet est la plus grande machine de la plan\u00e8te, mais les estimations de sa taille varient. Mardi, le trafic Internet a atteint 25Tbit\/s","robots":{"index":"index","follow":"follow","max-snippet":"max-snippet:-1","max-image-preview":"max-image-preview:large","max-video-preview":"max-video-preview:-1"},"canonical":"https:\/\/www.ecinews.fr\/fr\/wp-json\/wp\/v2\/posts\/477410\/","og_locale":"fr_FR","og_type":"article","og_title":"Quelle est la taille de l'internet ?","og_description":"L'internet est la plus grande machine de la plan\u00e8te, mais les estimations de sa taille varient. Mardi, le trafic Internet a atteint 25Tbit\/s","og_url":"https:\/\/www.ecinews.fr\/fr\/wp-json\/wp\/v2\/posts\/477410\/","og_site_name":"EENewsEurope","article_published_time":"2025-04-11T05:39:55+00:00","article_modified_time":"2025-04-10T16:10:57+00:00","og_image":[{"width":1080,"height":691,"url":"https:\/\/www.ecinews.fr\/wp-content\/uploads\/2025\/04\/Maps-world-scaled.jpg","type":"image\/jpeg"}],"author":"Nick Flaherty, A Delapalisse","twitter_card":"summary_large_image","twitter_misc":{"Written by":"A Delapalisse","Est. reading time":"2 minutes"},"schema":{"@context":"https:\/\/schema.org","@graph":[{"@type":"Article","@id":"https:\/\/www.ecinews.fr\/fr\/quelle-est-la-taille-de-linternet\/#article","isPartOf":{"@id":"https:\/\/www.ecinews.fr\/fr\/quelle-est-la-taille-de-linternet\/"},"author":{"name":"A Delapalisse","@id":"https:\/\/www.eenewseurope.com\/en\/#\/schema\/person\/4b3db5ba5c953c5fddeb226df86d8635"},"headline":"Quelle est la taille de l&rsquo;internet ?","datePublished":"2025-04-11T05:39:55+00:00","dateModified":"2025-04-10T16:10:57+00:00","mainEntityOfPage":{"@id":"https:\/\/www.ecinews.fr\/fr\/quelle-est-la-taille-de-linternet\/"},"wordCount":439,"publisher":{"@id":"https:\/\/www.eenewseurope.com\/en\/#organization"},"keywords":["Interconnect &amp; cables","Internet","Internet des objets"],"articleSection":["Technologies"],"inLanguage":"fr-FR"},{"@type":"WebPage","@id":"https:\/\/www.ecinews.fr\/fr\/quelle-est-la-taille-de-linternet\/","url":"https:\/\/www.ecinews.fr\/fr\/quelle-est-la-taille-de-linternet\/","name":"Quelle est la taille de l'internet ? -","isPartOf":{"@id":"https:\/\/www.eenewseurope.com\/en\/#website"},"datePublished":"2025-04-11T05:39:55+00:00","dateModified":"2025-04-10T16:10:57+00:00","description":"L'internet est la plus grande machine de la plan\u00e8te, mais les estimations de sa taille varient. Mardi, le trafic Internet a atteint 25Tbit\/s","breadcrumb":{"@id":"https:\/\/www.ecinews.fr\/fr\/quelle-est-la-taille-de-linternet\/#breadcrumb"},"inLanguage":"fr-FR","potentialAction":[{"@type":"ReadAction","target":["https:\/\/www.ecinews.fr\/fr\/quelle-est-la-taille-de-linternet\/"]}]},{"@type":"BreadcrumbList","@id":"https:\/\/www.ecinews.fr\/fr\/quelle-est-la-taille-de-linternet\/#breadcrumb","itemListElement":[{"@type":"ListItem","position":1,"name":"Home","item":"https:\/\/www.ecinews.fr\/fr\/"},{"@type":"ListItem","position":2,"name":"Quelle est la taille de l&rsquo;internet ?"}]},{"@type":"WebSite","@id":"https:\/\/www.eenewseurope.com\/en\/#website","url":"https:\/\/www.eenewseurope.com\/en\/","name":"EENewsEurope","description":"Just another WordPress site","publisher":{"@id":"https:\/\/www.eenewseurope.com\/en\/#organization"},"potentialAction":[{"@type":"SearchAction","target":{"@type":"EntryPoint","urlTemplate":"https:\/\/www.eenewseurope.com\/en\/?s={search_term_string}"},"query-input":"required name=search_term_string"}],"inLanguage":"fr-FR"},{"@type":"Organization","@id":"https:\/\/www.eenewseurope.com\/en\/#organization","name":"EENewsEurope","url":"https:\/\/www.eenewseurope.com\/en\/","logo":{"@type":"ImageObject","inLanguage":"fr-FR","@id":"https:\/\/www.eenewseurope.com\/en\/#\/schema\/logo\/image\/","url":"https:\/\/www.ecinews.fr\/wp-content\/uploads\/2022\/02\/logo-1.jpg","contentUrl":"https:\/\/www.ecinews.fr\/wp-content\/uploads\/2022\/02\/logo-1.jpg","width":283,"height":113,"caption":"EENewsEurope"},"image":{"@id":"https:\/\/www.eenewseurope.com\/en\/#\/schema\/logo\/image\/"}},{"@type":"Person","@id":"https:\/\/www.eenewseurope.com\/en\/#\/schema\/person\/4b3db5ba5c953c5fddeb226df86d8635","name":"A Delapalisse","image":{"@type":"ImageObject","inLanguage":"fr-FR","@id":"https:\/\/www.eenewseurope.com\/en\/#\/schema\/person\/image\/09af0e1236b95ff53924b8dfe5af278e","url":"https:\/\/secure.gravatar.com\/avatar\/010f811c0933b47aea7e9204117b17c6?s=96&d=mm&r=g","contentUrl":"https:\/\/secure.gravatar.com\/avatar\/010f811c0933b47aea7e9204117b17c6?s=96&d=mm&r=g","caption":"A Delapalisse"}}]}},"authors":[{"term_id":3640,"user_id":0,"is_guest":1,"slug":"nick-flaherty","display_name":"Nick Flaherty","avatar_url":"https:\/\/secure.gravatar.com\/avatar\/?s=96&d=mm&r=g","0":null,"1":"","2":"","3":"","4":"","5":"","6":"","7":"","8":""},{"term_id":6199,"user_id":40,"is_guest":0,"slug":"andre-rousselotemisys-com","display_name":"A Delapalisse","avatar_url":"https:\/\/secure.gravatar.com\/avatar\/010f811c0933b47aea7e9204117b17c6?s=96&d=mm&r=g","0":null,"1":"","2":"","3":"","4":"","5":"","6":"","7":"","8":""}],"_links":{"self":[{"href":"https:\/\/www.ecinews.fr\/fr\/wp-json\/wp\/v2\/posts\/477410"}],"collection":[{"href":"https:\/\/www.ecinews.fr\/fr\/wp-json\/wp\/v2\/posts"}],"about":[{"href":"https:\/\/www.ecinews.fr\/fr\/wp-json\/wp\/v2\/types\/post"}],"author":[{"embeddable":true,"href":"https:\/\/www.ecinews.fr\/fr\/wp-json\/wp\/v2\/users\/40"}],"replies":[{"embeddable":true,"href":"https:\/\/www.ecinews.fr\/fr\/wp-json\/wp\/v2\/comments?post=477410"}],"version-history":[{"count":0,"href":"https:\/\/www.ecinews.fr\/fr\/wp-json\/wp\/v2\/posts\/477410\/revisions"}],"wp:featuredmedia":[{"embeddable":true,"href":"https:\/\/www.ecinews.fr\/fr\/wp-json\/wp\/v2\/media\/477344"}],"wp:attachment":[{"href":"https:\/\/www.ecinews.fr\/fr\/wp-json\/wp\/v2\/media?parent=477410"}],"wp:term":[{"taxonomy":"category","embeddable":true,"href":"https:\/\/www.ecinews.fr\/fr\/wp-json\/wp\/v2\/categories?post=477410"},{"taxonomy":"post_tag","embeddable":true,"href":"https:\/\/www.ecinews.fr\/fr\/wp-json\/wp\/v2\/tags?post=477410"},{"taxonomy":"domains","embeddable":true,"href":"https:\/\/www.ecinews.fr\/fr\/wp-json\/wp\/v2\/domains?post=477410"},{"taxonomy":"author","embeddable":true,"href":"https:\/\/www.ecinews.fr\/fr\/wp-json\/wp\/v2\/ppma_author?post=477410"}],"curies":[{"name":"wp","href":"https:\/\/api.w.org\/{rel}","templated":true}]}}