{"id":476868,"date":"2025-04-03T17:27:38","date_gmt":"2025-04-03T15:27:38","guid":{"rendered":"https:\/\/www.ecinews.fr\/?p=476868"},"modified":"2025-04-03T17:27:38","modified_gmt":"2025-04-03T15:27:38","slug":"ti-nouvelle-gamme-de-modulateurs-a-isolation-fonctionnelle-une-premiere-sur-le-marche","status":"publish","type":"post","link":"https:\/\/www.ecinews.fr\/fr\/ti-nouvelle-gamme-de-modulateurs-a-isolation-fonctionnelle-une-premiere-sur-le-marche\/","title":{"rendered":"TI, nouvelle gamme de modulateurs \u00e0 isolation fonctionnelle, une premi\u00e8re sur le march\u00e9"},"content":{"rendered":"<h3><span style=\"font-size: 14px;\">Les nouveaux dispositifs analogiques de Texas Instruments (TI) mesurent les courants et la tension avec grande pr\u00e9cision gr\u00e2ce \u00e0 un niveau de r\u00e9solution tr\u00e8s \u00e9lev\u00e9, permettant ainsi aux robots de r\u00e9aliser des t\u00e2ches aussi minutieuses que complexes.<\/span><\/h3>\n<p>Ce sont les premiers modulateurs \u00e0 isolation fonctionnelle du march\u00e9. Ils aideront les ing\u00e9nieurs \u00e0 concevoir une commande moteur plus pr\u00e9cise sur les robots compacts. L\u2019AMC0106M05, l\u2019AMC0136 et l\u2019AMC0106M25 offrent une r\u00e9solution plus \u00e9lev\u00e9e, avec un nombre effectif de bits (ENOB) compris entre 12 et 14, afin de garantir des mesures fiables et exactes du courant de phase et de la tension en CC.\u00a0Propos\u00e9es dans un bo\u00eetier compact de 3,5 mm x 2,7 mm, ces nouvelles adjonctions au portefeuille de convertisseurs analogiques-num\u00e9riques (CAN) de TI assurent une gestion fluide du couple et une bonne commande moteur, tout en r\u00e9duisant la taille et les co\u00fbts des robots basse tension (&lt; 60 V).<\/p>\n<p><strong>Avantages<\/strong><br \/>\nAujourd&rsquo;hui, on demande aux ing\u00e9nieurs de concevoir des robots plus intelligents, capables de r\u00e9aliser des t\u00e2ches plus minutieuses. Ces modulateurs \u00e0 isolation galvanique, sont en mesure de gagner en pr\u00e9cision sur la commande moteur et la protection des syst\u00e8mes. Il est ainsi possible pour des robots, plus compacts, plus sophistiqu\u00e9s, d\u2019accomplir diverses actions complexes, par exemple faire passer un fil dans le chas d\u2019une aiguille ou manipuler des \u00e9crous et des boulons de petite taille. En outre, ces nouveaux<br \/>\nmodulateurs occupent 50 % d\u2019espace en moins sur le circuit imprim\u00e9 que les solutions d\u2019isolation renforc\u00e9e traditionnelles. Ce gain de place permet d\u2019ajouter des fonctionnalit\u00e9s qui favorisent la pr\u00e9cision de commande et la fiabilit\u00e9 des op\u00e9rations sur les applications de robot<\/p>\n<p>Karthik Vasanth, VP directeur g\u00e9n\u00e9ral et responsable des convertisseurs \u00a0chez TI. \u00ab Par exemple, l\u00e0 o\u00f9 les robots humano\u00efdes restaient jusqu\u2019ici cantonn\u00e9s \u00e0 des t\u00e2ches simples, nos nouveaux modulateurs \u00e0 isolation fonctionnelle leur permettent d\u00e9sormais de d\u00e9ployer davantage de dext\u00e9rit\u00e9 et de pr\u00e9cision. \u00bb.<\/p>\n<p><strong>Disponibilit\u00e9<\/strong><br \/>\nLes nouveaux modulateurs \u00e0 isolation fonctionnelle de TI sont disponibles d\u00e8s \u00e0 pr\u00e9sent sur TI.com, dans un bo\u00eetier VSON (Very Thin Small-Outline) \u00e0 8 broches. Afin de faciliter le travail des concepteurs, des modules d&rsquo;\u00e9valuation sont propos\u00e9s pour chacun des trois mod\u00e8les, ainsi que des concepts de r\u00e9f\u00e9rence et des mod\u00e8les de simulation.<\/p>\n<p><a href=\"https:\/\/www.ti.com\/\">Texas Instruments (TI)<\/a> &#8211; <a href=\"https:\/\/www.ti.com\/lit\/ta\/ssztd76\/ssztd76.pdf?hqs=asc-dcc-sensbr-amc01x-pr-ta-amc01x-wwe&amp;ts=1743689730644&amp;ref_url=https%253A%252F%252Fwww.ti.com%252Fabout-ti%252Fnewsroom%252Fnews-releases%252F2025%252Fti-introduces-new-line-of-functionally-isolated-modulators--the-first-of-their-kind-in-the-industry.html\">Article technique sur les nouveaux modulateurs<\/a><\/p>\n","protected":false},"excerpt":{"rendered":"<p>Les nouveaux dispositifs analogiques de Texas Instruments (TI) mesurent les courants et la tension avec grande pr\u00e9cision gr\u00e2ce \u00e0 un niveau de r\u00e9solution tr\u00e8s \u00e9lev\u00e9, permettant ainsi aux robots de r\u00e9aliser des t\u00e2ches aussi minutieuses que complexes. Ce sont les premiers modulateurs \u00e0 isolation fonctionnelle du march\u00e9. Ils aideront les ing\u00e9nieurs \u00e0 concevoir une commande [&hellip;]<\/p>\n","protected":false},"author":11,"featured_media":476874,"comment_status":"closed","ping_status":"closed","sticky":true,"template":"","format":"standard","meta":{"_acf_changed":false,"footnotes":""},"categories":[886],"tags":[9380,4523],"domains":[47],"ppma_author":[1143],"class_list":["post-476868","post","type-post","status-publish","format-standard","has-post-thumbnail","hentry","category-news-fr","tag-modulateur","tag-robotique-fr","domains-electronique-eci"],"acf":[],"yoast_head":"<title>TI, nouvelle gamme de modulateurs \u00e0 isolation fonctionnelle, u...<\/title>\n<meta name=\"description\" content=\"modulateurs \u00e0 isolation fonctionnelle. Ils aideront les ing\u00e9nieurs \u00e0 concevoir une commande moteur plus pr\u00e9cise sur les robots compacts.\" \/>\n<meta name=\"robots\" content=\"index, follow, max-snippet:-1, max-image-preview:large, max-video-preview:-1\" \/>\n<link rel=\"canonical\" href=\"https:\/\/www.ecinews.fr\/fr\/wp-json\/wp\/v2\/posts\/476868\/\" \/>\n<meta property=\"og:locale\" content=\"fr_FR\" \/>\n<meta property=\"og:type\" content=\"article\" \/>\n<meta property=\"og:title\" content=\"TI, nouvelle gamme de modulateurs \u00e0 isolation fonctionnelle, une premi\u00e8re sur le march\u00e9\" \/>\n<meta property=\"og:description\" content=\"modulateurs \u00e0 isolation fonctionnelle. Ils aideront les ing\u00e9nieurs \u00e0 concevoir une commande moteur plus pr\u00e9cise sur les robots compacts.\" \/>\n<meta property=\"og:url\" content=\"https:\/\/www.ecinews.fr\/fr\/wp-json\/wp\/v2\/posts\/476868\/\" \/>\n<meta property=\"og:site_name\" content=\"EENewsEurope\" \/>\n<meta property=\"article:published_time\" content=\"2025-04-03T15:27:38+00:00\" \/>\n<meta property=\"og:image\" content=\"https:\/\/www.ecinews.fr\/wp-content\/uploads\/2025\/04\/TI-robot.jpg\" \/>\n\t<meta property=\"og:image:width\" content=\"600\" \/>\n\t<meta property=\"og:image:height\" content=\"352\" \/>\n\t<meta property=\"og:image:type\" content=\"image\/jpeg\" \/>\n<meta name=\"author\" content=\"Daniel Cardon\" \/>\n<meta name=\"twitter:card\" content=\"summary_large_image\" \/>\n<meta name=\"twitter:label1\" content=\"Written by\" \/>\n\t<meta name=\"twitter:data1\" content=\"Daniel Cardon\" \/>\n\t<meta name=\"twitter:label2\" content=\"Est. reading time\" \/>\n\t<meta name=\"twitter:data2\" content=\"2 minutes\" \/>\n<script type=\"application\/ld+json\" class=\"yoast-schema-graph\">{\"@context\":\"https:\/\/schema.org\",\"@graph\":[{\"@type\":\"Article\",\"@id\":\"https:\/\/www.ecinews.fr\/fr\/ti-nouvelle-gamme-de-modulateurs-a-isolation-fonctionnelle-une-premiere-sur-le-marche\/#article\",\"isPartOf\":{\"@id\":\"https:\/\/www.ecinews.fr\/fr\/ti-nouvelle-gamme-de-modulateurs-a-isolation-fonctionnelle-une-premiere-sur-le-marche\/\"},\"author\":{\"name\":\"Daniel Cardon\",\"@id\":\"https:\/\/www.eenewseurope.com\/en\/#\/schema\/person\/93c44cde463762f40a8236eaa44c1c17\"},\"headline\":\"TI, nouvelle gamme de modulateurs \u00e0 isolation fonctionnelle, une premi\u00e8re sur le march\u00e9\",\"datePublished\":\"2025-04-03T15:27:38+00:00\",\"dateModified\":\"2025-04-03T15:27:38+00:00\",\"mainEntityOfPage\":{\"@id\":\"https:\/\/www.ecinews.fr\/fr\/ti-nouvelle-gamme-de-modulateurs-a-isolation-fonctionnelle-une-premiere-sur-le-marche\/\"},\"wordCount\":428,\"publisher\":{\"@id\":\"https:\/\/www.eenewseurope.com\/en\/#organization\"},\"keywords\":[\"Modulateur\",\"robotique\"],\"articleSection\":[\"Actualit\u00e9 g\u00e9n\u00e9rale\"],\"inLanguage\":\"fr-FR\"},{\"@type\":\"WebPage\",\"@id\":\"https:\/\/www.ecinews.fr\/fr\/ti-nouvelle-gamme-de-modulateurs-a-isolation-fonctionnelle-une-premiere-sur-le-marche\/\",\"url\":\"https:\/\/www.ecinews.fr\/fr\/ti-nouvelle-gamme-de-modulateurs-a-isolation-fonctionnelle-une-premiere-sur-le-marche\/\",\"name\":\"TI, nouvelle gamme de modulateurs \u00e0 isolation fonctionnelle, une premi\u00e8re sur le march\u00e9 -\",\"isPartOf\":{\"@id\":\"https:\/\/www.eenewseurope.com\/en\/#website\"},\"datePublished\":\"2025-04-03T15:27:38+00:00\",\"dateModified\":\"2025-04-03T15:27:38+00:00\",\"description\":\"modulateurs \u00e0 isolation fonctionnelle. Ils aideront les ing\u00e9nieurs \u00e0 concevoir une commande moteur plus pr\u00e9cise sur les robots compacts.\",\"breadcrumb\":{\"@id\":\"https:\/\/www.ecinews.fr\/fr\/ti-nouvelle-gamme-de-modulateurs-a-isolation-fonctionnelle-une-premiere-sur-le-marche\/#breadcrumb\"},\"inLanguage\":\"fr-FR\",\"potentialAction\":[{\"@type\":\"ReadAction\",\"target\":[\"https:\/\/www.ecinews.fr\/fr\/ti-nouvelle-gamme-de-modulateurs-a-isolation-fonctionnelle-une-premiere-sur-le-marche\/\"]}]},{\"@type\":\"BreadcrumbList\",\"@id\":\"https:\/\/www.ecinews.fr\/fr\/ti-nouvelle-gamme-de-modulateurs-a-isolation-fonctionnelle-une-premiere-sur-le-marche\/#breadcrumb\",\"itemListElement\":[{\"@type\":\"ListItem\",\"position\":1,\"name\":\"Home\",\"item\":\"https:\/\/www.ecinews.fr\/fr\/\"},{\"@type\":\"ListItem\",\"position\":2,\"name\":\"TI, nouvelle gamme de modulateurs \u00e0 isolation fonctionnelle, une premi\u00e8re sur le march\u00e9\"}]},{\"@type\":\"WebSite\",\"@id\":\"https:\/\/www.eenewseurope.com\/en\/#website\",\"url\":\"https:\/\/www.eenewseurope.com\/en\/\",\"name\":\"EENewsEurope\",\"description\":\"Just another WordPress site\",\"publisher\":{\"@id\":\"https:\/\/www.eenewseurope.com\/en\/#organization\"},\"potentialAction\":[{\"@type\":\"SearchAction\",\"target\":{\"@type\":\"EntryPoint\",\"urlTemplate\":\"https:\/\/www.eenewseurope.com\/en\/?s={search_term_string}\"},\"query-input\":\"required name=search_term_string\"}],\"inLanguage\":\"fr-FR\"},{\"@type\":\"Organization\",\"@id\":\"https:\/\/www.eenewseurope.com\/en\/#organization\",\"name\":\"EENewsEurope\",\"url\":\"https:\/\/www.eenewseurope.com\/en\/\",\"logo\":{\"@type\":\"ImageObject\",\"inLanguage\":\"fr-FR\",\"@id\":\"https:\/\/www.eenewseurope.com\/en\/#\/schema\/logo\/image\/\",\"url\":\"https:\/\/www.ecinews.fr\/wp-content\/uploads\/2022\/02\/logo-1.jpg\",\"contentUrl\":\"https:\/\/www.ecinews.fr\/wp-content\/uploads\/2022\/02\/logo-1.jpg\",\"width\":283,\"height\":113,\"caption\":\"EENewsEurope\"},\"image\":{\"@id\":\"https:\/\/www.eenewseurope.com\/en\/#\/schema\/logo\/image\/\"}},{\"@type\":\"Person\",\"@id\":\"https:\/\/www.eenewseurope.com\/en\/#\/schema\/person\/93c44cde463762f40a8236eaa44c1c17\",\"name\":\"Daniel Cardon\",\"image\":{\"@type\":\"ImageObject\",\"inLanguage\":\"fr-FR\",\"@id\":\"https:\/\/www.eenewseurope.com\/en\/#\/schema\/person\/image\/2b243f6bcc1cff7d86aadfb2cd0bd870\",\"url\":\"https:\/\/secure.gravatar.com\/avatar\/de9edc136dfc061ad4778e04635baefa?s=96&d=mm&r=g\",\"contentUrl\":\"https:\/\/secure.gravatar.com\/avatar\/de9edc136dfc061ad4778e04635baefa?s=96&d=mm&r=g\",\"caption\":\"Daniel Cardon\"}}]}<\/script>","yoast_head_json":{"title":"TI, nouvelle gamme de modulateurs \u00e0 isolation fonctionnelle, u...","description":"modulateurs \u00e0 isolation fonctionnelle. Ils aideront les ing\u00e9nieurs \u00e0 concevoir une commande moteur plus pr\u00e9cise sur les robots compacts.","robots":{"index":"index","follow":"follow","max-snippet":"max-snippet:-1","max-image-preview":"max-image-preview:large","max-video-preview":"max-video-preview:-1"},"canonical":"https:\/\/www.ecinews.fr\/fr\/wp-json\/wp\/v2\/posts\/476868\/","og_locale":"fr_FR","og_type":"article","og_title":"TI, nouvelle gamme de modulateurs \u00e0 isolation fonctionnelle, une premi\u00e8re sur le march\u00e9","og_description":"modulateurs \u00e0 isolation fonctionnelle. Ils aideront les ing\u00e9nieurs \u00e0 concevoir une commande moteur plus pr\u00e9cise sur les robots compacts.","og_url":"https:\/\/www.ecinews.fr\/fr\/wp-json\/wp\/v2\/posts\/476868\/","og_site_name":"EENewsEurope","article_published_time":"2025-04-03T15:27:38+00:00","og_image":[{"width":600,"height":352,"url":"https:\/\/www.ecinews.fr\/wp-content\/uploads\/2025\/04\/TI-robot.jpg","type":"image\/jpeg"}],"author":"Daniel Cardon","twitter_card":"summary_large_image","twitter_misc":{"Written by":"Daniel Cardon","Est. reading time":"2 minutes"},"schema":{"@context":"https:\/\/schema.org","@graph":[{"@type":"Article","@id":"https:\/\/www.ecinews.fr\/fr\/ti-nouvelle-gamme-de-modulateurs-a-isolation-fonctionnelle-une-premiere-sur-le-marche\/#article","isPartOf":{"@id":"https:\/\/www.ecinews.fr\/fr\/ti-nouvelle-gamme-de-modulateurs-a-isolation-fonctionnelle-une-premiere-sur-le-marche\/"},"author":{"name":"Daniel Cardon","@id":"https:\/\/www.eenewseurope.com\/en\/#\/schema\/person\/93c44cde463762f40a8236eaa44c1c17"},"headline":"TI, nouvelle gamme de modulateurs \u00e0 isolation fonctionnelle, une premi\u00e8re sur le march\u00e9","datePublished":"2025-04-03T15:27:38+00:00","dateModified":"2025-04-03T15:27:38+00:00","mainEntityOfPage":{"@id":"https:\/\/www.ecinews.fr\/fr\/ti-nouvelle-gamme-de-modulateurs-a-isolation-fonctionnelle-une-premiere-sur-le-marche\/"},"wordCount":428,"publisher":{"@id":"https:\/\/www.eenewseurope.com\/en\/#organization"},"keywords":["Modulateur","robotique"],"articleSection":["Actualit\u00e9 g\u00e9n\u00e9rale"],"inLanguage":"fr-FR"},{"@type":"WebPage","@id":"https:\/\/www.ecinews.fr\/fr\/ti-nouvelle-gamme-de-modulateurs-a-isolation-fonctionnelle-une-premiere-sur-le-marche\/","url":"https:\/\/www.ecinews.fr\/fr\/ti-nouvelle-gamme-de-modulateurs-a-isolation-fonctionnelle-une-premiere-sur-le-marche\/","name":"TI, nouvelle gamme de modulateurs \u00e0 isolation fonctionnelle, une premi\u00e8re sur le march\u00e9 -","isPartOf":{"@id":"https:\/\/www.eenewseurope.com\/en\/#website"},"datePublished":"2025-04-03T15:27:38+00:00","dateModified":"2025-04-03T15:27:38+00:00","description":"modulateurs \u00e0 isolation fonctionnelle. Ils aideront les ing\u00e9nieurs \u00e0 concevoir une commande moteur plus pr\u00e9cise sur les robots compacts.","breadcrumb":{"@id":"https:\/\/www.ecinews.fr\/fr\/ti-nouvelle-gamme-de-modulateurs-a-isolation-fonctionnelle-une-premiere-sur-le-marche\/#breadcrumb"},"inLanguage":"fr-FR","potentialAction":[{"@type":"ReadAction","target":["https:\/\/www.ecinews.fr\/fr\/ti-nouvelle-gamme-de-modulateurs-a-isolation-fonctionnelle-une-premiere-sur-le-marche\/"]}]},{"@type":"BreadcrumbList","@id":"https:\/\/www.ecinews.fr\/fr\/ti-nouvelle-gamme-de-modulateurs-a-isolation-fonctionnelle-une-premiere-sur-le-marche\/#breadcrumb","itemListElement":[{"@type":"ListItem","position":1,"name":"Home","item":"https:\/\/www.ecinews.fr\/fr\/"},{"@type":"ListItem","position":2,"name":"TI, nouvelle gamme de modulateurs \u00e0 isolation fonctionnelle, une premi\u00e8re sur le march\u00e9"}]},{"@type":"WebSite","@id":"https:\/\/www.eenewseurope.com\/en\/#website","url":"https:\/\/www.eenewseurope.com\/en\/","name":"EENewsEurope","description":"Just another WordPress site","publisher":{"@id":"https:\/\/www.eenewseurope.com\/en\/#organization"},"potentialAction":[{"@type":"SearchAction","target":{"@type":"EntryPoint","urlTemplate":"https:\/\/www.eenewseurope.com\/en\/?s={search_term_string}"},"query-input":"required name=search_term_string"}],"inLanguage":"fr-FR"},{"@type":"Organization","@id":"https:\/\/www.eenewseurope.com\/en\/#organization","name":"EENewsEurope","url":"https:\/\/www.eenewseurope.com\/en\/","logo":{"@type":"ImageObject","inLanguage":"fr-FR","@id":"https:\/\/www.eenewseurope.com\/en\/#\/schema\/logo\/image\/","url":"https:\/\/www.ecinews.fr\/wp-content\/uploads\/2022\/02\/logo-1.jpg","contentUrl":"https:\/\/www.ecinews.fr\/wp-content\/uploads\/2022\/02\/logo-1.jpg","width":283,"height":113,"caption":"EENewsEurope"},"image":{"@id":"https:\/\/www.eenewseurope.com\/en\/#\/schema\/logo\/image\/"}},{"@type":"Person","@id":"https:\/\/www.eenewseurope.com\/en\/#\/schema\/person\/93c44cde463762f40a8236eaa44c1c17","name":"Daniel Cardon","image":{"@type":"ImageObject","inLanguage":"fr-FR","@id":"https:\/\/www.eenewseurope.com\/en\/#\/schema\/person\/image\/2b243f6bcc1cff7d86aadfb2cd0bd870","url":"https:\/\/secure.gravatar.com\/avatar\/de9edc136dfc061ad4778e04635baefa?s=96&d=mm&r=g","contentUrl":"https:\/\/secure.gravatar.com\/avatar\/de9edc136dfc061ad4778e04635baefa?s=96&d=mm&r=g","caption":"Daniel Cardon"}}]}},"authors":[{"term_id":1143,"user_id":11,"is_guest":0,"slug":"danielcardon","display_name":"Daniel Cardon","avatar_url":"https:\/\/secure.gravatar.com\/avatar\/de9edc136dfc061ad4778e04635baefa?s=96&d=mm&r=g","0":null,"1":"","2":"","3":"","4":"","5":"","6":"","7":"","8":""}],"_links":{"self":[{"href":"https:\/\/www.ecinews.fr\/fr\/wp-json\/wp\/v2\/posts\/476868"}],"collection":[{"href":"https:\/\/www.ecinews.fr\/fr\/wp-json\/wp\/v2\/posts"}],"about":[{"href":"https:\/\/www.ecinews.fr\/fr\/wp-json\/wp\/v2\/types\/post"}],"author":[{"embeddable":true,"href":"https:\/\/www.ecinews.fr\/fr\/wp-json\/wp\/v2\/users\/11"}],"replies":[{"embeddable":true,"href":"https:\/\/www.ecinews.fr\/fr\/wp-json\/wp\/v2\/comments?post=476868"}],"version-history":[{"count":0,"href":"https:\/\/www.ecinews.fr\/fr\/wp-json\/wp\/v2\/posts\/476868\/revisions"}],"wp:featuredmedia":[{"embeddable":true,"href":"https:\/\/www.ecinews.fr\/fr\/wp-json\/wp\/v2\/media\/476874"}],"wp:attachment":[{"href":"https:\/\/www.ecinews.fr\/fr\/wp-json\/wp\/v2\/media?parent=476868"}],"wp:term":[{"taxonomy":"category","embeddable":true,"href":"https:\/\/www.ecinews.fr\/fr\/wp-json\/wp\/v2\/categories?post=476868"},{"taxonomy":"post_tag","embeddable":true,"href":"https:\/\/www.ecinews.fr\/fr\/wp-json\/wp\/v2\/tags?post=476868"},{"taxonomy":"domains","embeddable":true,"href":"https:\/\/www.ecinews.fr\/fr\/wp-json\/wp\/v2\/domains?post=476868"},{"taxonomy":"author","embeddable":true,"href":"https:\/\/www.ecinews.fr\/fr\/wp-json\/wp\/v2\/ppma_author?post=476868"}],"curies":[{"name":"wp","href":"https:\/\/api.w.org\/{rel}","templated":true}]}}