{"id":476770,"date":"2025-04-02T18:34:12","date_gmt":"2025-04-02T16:34:12","guid":{"rendered":"https:\/\/www.eenewseurope.com\/?p=476770"},"modified":"2025-04-02T18:34:12","modified_gmt":"2025-04-02T16:34:12","slug":"microoled-equipe-la-nouvelle-lunette-de-visee-xtraim-de-thales","status":"publish","type":"post","link":"https:\/\/www.ecinews.fr\/fr\/microoled-equipe-la-nouvelle-lunette-de-visee-xtraim-de-thales\/","title":{"rendered":"Microoled \u00e9quipe la nouvelle lunette de vis\u00e9e XTRAIM de Thales"},"content":{"rendered":"<h3><span style=\"font-size: 16px;\"> Microoled, sp\u00e9cialiste reconnu des\u00a0 micro-\u00e9crans OLED haute performance, a \u00e9t\u00e9 s\u00e9lectionn\u00e9 par Thales pour \u00e9quiper leur produit innovant XTRAIM\u00a0<\/span><\/h3>\n<p>XTRAIM, est\u00a0 une nouvelle lunette de vis\u00e9e offrant des capacit\u00e9s de d\u00e9camouflage de jour comme de nuit n\u00e9cessitant jusque-l\u00e0 l\u2019utilisation de plusieurs \u00e9quipements. Compatible avec toutes les armes d\u2019\u00e9paule individuelles de type fusil d\u2019assaut (HK416) ou fusil mitrailleur (MINIMI), XTRAIM permet aux forces arm\u00e9es d\u2019ouvrir l\u2019emploi de ces armes au tir de pr\u00e9cision de nuit. Con\u00e7ue en lien \u00e9troit avec les utilisateurs, cette lunette offre une ergonomie optimale et des fonctionnalit\u00e9s r\u00e9pondant au mieux aux besoins op\u00e9rationnels.<\/p>\n<p>Les microdisplays innovants et performants de Microoled, permettent \u00e0 la lunette XTRAIM de proposer une qualit\u00e9 d&rsquo;affichage exceptionnelle, m\u00eame en plein jour. Gr\u00e2ce \u00e0 leur haute luminance, ils assurent une visibilit\u00e9 optimale dans des environnements tr\u00e8s lumineux, un facteur critique pour les op\u00e9rations sur le terrain.<\/p>\n<p>Il faut noter que les microdisplays pr\u00e9sentent une faible consommation \u00e9nerg\u00e9tique, garantissant une utilisation prolong\u00e9e de la lunette, sans alourdir l\u2019\u00e9quipement du combattant. Cette caract\u00e9ristique est essentielle pour des missions o\u00f9 la durabilit\u00e9 et l&rsquo;efficacit\u00e9 de l&rsquo;\u00e9quipement sont d\u00e9terminantes.<\/p>\n<p>\u00ab XTRAIM est d\u00e9j\u00e0 utilis\u00e9e avec succ\u00e8s sur le terrain par des Forces militaires \u00e0 travers le monde. Notre ligne de production nous permet de livrer rapidement et en quantit\u00e9 \u00bb a d\u00e9clar\u00e9 Alexis Morel, VP BL Optronique et Electronique de Missile, Thales<br \/>\n<a href=\"https:\/\/microoled.net\/\">Microoled\u00a0<\/a> \u00a0&#8211;\u00a0 \u00a0<a href=\"https:\/\/www.thalesgroup.com\/fr\">Thales<\/a><\/p>\n<p>&nbsp;<\/p>\n<p>&nbsp;<\/p>\n<p>&nbsp;<\/p>\n","protected":false},"excerpt":{"rendered":"<p>Microoled, sp\u00e9cialiste reconnu des\u00a0 micro-\u00e9crans OLED haute performance, a \u00e9t\u00e9 s\u00e9lectionn\u00e9 par Thales pour \u00e9quiper leur produit innovant XTRAIM\u00a0 XTRAIM, est\u00a0 une nouvelle lunette de vis\u00e9e offrant des capacit\u00e9s de d\u00e9camouflage de jour comme de nuit n\u00e9cessitant jusque-l\u00e0 l\u2019utilisation de plusieurs \u00e9quipements. Compatible avec toutes les armes d\u2019\u00e9paule individuelles de type fusil d\u2019assaut (HK416) ou [&hellip;]<\/p>\n","protected":false},"author":11,"featured_media":476772,"comment_status":"closed","ping_status":"closed","sticky":true,"template":"","format":"standard","meta":{"_acf_changed":false,"footnotes":""},"categories":[886],"tags":[9366,9365,2261],"domains":[47],"ppma_author":[1143],"class_list":["post-476770","post","type-post","status-publish","format-standard","has-post-thumbnail","hentry","category-news-fr","tag-lunette-militaire","tag-miicro-ecran","tag-oled-fr","domains-electronique-eci"],"acf":[],"yoast_head":"<title>Microoled \u00e9quipe la nouvelle lunette de vis\u00e9e XTRAIM de Thales ...<\/title>\n<meta name=\"description\" content=\"Microoled \u00e9quipe la nouvelle lunette de vis\u00e9e XTRAIM de Thales\" \/>\n<meta name=\"robots\" content=\"index, follow, max-snippet:-1, max-image-preview:large, max-video-preview:-1\" \/>\n<link rel=\"canonical\" href=\"https:\/\/www.ecinews.fr\/fr\/wp-json\/wp\/v2\/posts\/476770\/\" \/>\n<meta property=\"og:locale\" content=\"fr_FR\" \/>\n<meta property=\"og:type\" content=\"article\" \/>\n<meta property=\"og:title\" content=\"Microoled \u00e9quipe la nouvelle lunette de vis\u00e9e XTRAIM de Thales\" \/>\n<meta property=\"og:description\" content=\"Microoled \u00e9quipe la nouvelle lunette de vis\u00e9e XTRAIM de Thales\" \/>\n<meta property=\"og:url\" content=\"https:\/\/www.ecinews.fr\/fr\/wp-json\/wp\/v2\/posts\/476770\/\" \/>\n<meta property=\"og:site_name\" content=\"EENewsEurope\" \/>\n<meta property=\"article:published_time\" content=\"2025-04-02T16:34:12+00:00\" \/>\n<meta property=\"og:image\" content=\"https:\/\/www.ecinews.fr\/wp-content\/uploads\/2025\/04\/Thales-Microoled.jpg\" \/>\n\t<meta property=\"og:image:width\" content=\"546\" \/>\n\t<meta property=\"og:image:height\" content=\"358\" \/>\n\t<meta property=\"og:image:type\" content=\"image\/jpeg\" \/>\n<meta name=\"author\" content=\"Daniel Cardon\" \/>\n<meta name=\"twitter:card\" content=\"summary_large_image\" \/>\n<meta name=\"twitter:label1\" content=\"Written by\" \/>\n\t<meta name=\"twitter:data1\" content=\"Daniel Cardon\" \/>\n\t<meta name=\"twitter:label2\" content=\"Est. reading time\" \/>\n\t<meta name=\"twitter:data2\" content=\"2 minutes\" \/>\n<script type=\"application\/ld+json\" class=\"yoast-schema-graph\">{\"@context\":\"https:\/\/schema.org\",\"@graph\":[{\"@type\":\"Article\",\"@id\":\"https:\/\/www.ecinews.fr\/fr\/microoled-equipe-la-nouvelle-lunette-de-visee-xtraim-de-thales\/#article\",\"isPartOf\":{\"@id\":\"https:\/\/www.ecinews.fr\/fr\/microoled-equipe-la-nouvelle-lunette-de-visee-xtraim-de-thales\/\"},\"author\":{\"name\":\"Daniel Cardon\",\"@id\":\"https:\/\/www.eenewseurope.com\/en\/#\/schema\/person\/93c44cde463762f40a8236eaa44c1c17\"},\"headline\":\"Microoled \u00e9quipe la nouvelle lunette de vis\u00e9e XTRAIM de Thales\",\"datePublished\":\"2025-04-02T16:34:12+00:00\",\"dateModified\":\"2025-04-02T16:34:12+00:00\",\"mainEntityOfPage\":{\"@id\":\"https:\/\/www.ecinews.fr\/fr\/microoled-equipe-la-nouvelle-lunette-de-visee-xtraim-de-thales\/\"},\"wordCount\":271,\"publisher\":{\"@id\":\"https:\/\/www.eenewseurope.com\/en\/#organization\"},\"keywords\":[\"Lunette militaire\",\"Miicro-\u00e9cran\",\"OLED\"],\"articleSection\":[\"Actualit\u00e9 g\u00e9n\u00e9rale\"],\"inLanguage\":\"fr-FR\"},{\"@type\":\"WebPage\",\"@id\":\"https:\/\/www.ecinews.fr\/fr\/microoled-equipe-la-nouvelle-lunette-de-visee-xtraim-de-thales\/\",\"url\":\"https:\/\/www.ecinews.fr\/fr\/microoled-equipe-la-nouvelle-lunette-de-visee-xtraim-de-thales\/\",\"name\":\"Microoled \u00e9quipe la nouvelle lunette de vis\u00e9e XTRAIM de Thales -\",\"isPartOf\":{\"@id\":\"https:\/\/www.eenewseurope.com\/en\/#website\"},\"datePublished\":\"2025-04-02T16:34:12+00:00\",\"dateModified\":\"2025-04-02T16:34:12+00:00\",\"description\":\"Microoled \u00e9quipe la nouvelle lunette de vis\u00e9e XTRAIM de Thales\",\"breadcrumb\":{\"@id\":\"https:\/\/www.ecinews.fr\/fr\/microoled-equipe-la-nouvelle-lunette-de-visee-xtraim-de-thales\/#breadcrumb\"},\"inLanguage\":\"fr-FR\",\"potentialAction\":[{\"@type\":\"ReadAction\",\"target\":[\"https:\/\/www.ecinews.fr\/fr\/microoled-equipe-la-nouvelle-lunette-de-visee-xtraim-de-thales\/\"]}]},{\"@type\":\"BreadcrumbList\",\"@id\":\"https:\/\/www.ecinews.fr\/fr\/microoled-equipe-la-nouvelle-lunette-de-visee-xtraim-de-thales\/#breadcrumb\",\"itemListElement\":[{\"@type\":\"ListItem\",\"position\":1,\"name\":\"Home\",\"item\":\"https:\/\/www.ecinews.fr\/fr\/\"},{\"@type\":\"ListItem\",\"position\":2,\"name\":\"Microoled \u00e9quipe la nouvelle lunette de vis\u00e9e XTRAIM de Thales\"}]},{\"@type\":\"WebSite\",\"@id\":\"https:\/\/www.eenewseurope.com\/en\/#website\",\"url\":\"https:\/\/www.eenewseurope.com\/en\/\",\"name\":\"EENewsEurope\",\"description\":\"Just another WordPress site\",\"publisher\":{\"@id\":\"https:\/\/www.eenewseurope.com\/en\/#organization\"},\"potentialAction\":[{\"@type\":\"SearchAction\",\"target\":{\"@type\":\"EntryPoint\",\"urlTemplate\":\"https:\/\/www.eenewseurope.com\/en\/?s={search_term_string}\"},\"query-input\":\"required name=search_term_string\"}],\"inLanguage\":\"fr-FR\"},{\"@type\":\"Organization\",\"@id\":\"https:\/\/www.eenewseurope.com\/en\/#organization\",\"name\":\"EENewsEurope\",\"url\":\"https:\/\/www.eenewseurope.com\/en\/\",\"logo\":{\"@type\":\"ImageObject\",\"inLanguage\":\"fr-FR\",\"@id\":\"https:\/\/www.eenewseurope.com\/en\/#\/schema\/logo\/image\/\",\"url\":\"https:\/\/www.ecinews.fr\/wp-content\/uploads\/2022\/02\/logo-1.jpg\",\"contentUrl\":\"https:\/\/www.ecinews.fr\/wp-content\/uploads\/2022\/02\/logo-1.jpg\",\"width\":283,\"height\":113,\"caption\":\"EENewsEurope\"},\"image\":{\"@id\":\"https:\/\/www.eenewseurope.com\/en\/#\/schema\/logo\/image\/\"}},{\"@type\":\"Person\",\"@id\":\"https:\/\/www.eenewseurope.com\/en\/#\/schema\/person\/93c44cde463762f40a8236eaa44c1c17\",\"name\":\"Daniel Cardon\",\"image\":{\"@type\":\"ImageObject\",\"inLanguage\":\"fr-FR\",\"@id\":\"https:\/\/www.eenewseurope.com\/en\/#\/schema\/person\/image\/2b243f6bcc1cff7d86aadfb2cd0bd870\",\"url\":\"https:\/\/secure.gravatar.com\/avatar\/de9edc136dfc061ad4778e04635baefa?s=96&d=mm&r=g\",\"contentUrl\":\"https:\/\/secure.gravatar.com\/avatar\/de9edc136dfc061ad4778e04635baefa?s=96&d=mm&r=g\",\"caption\":\"Daniel Cardon\"}}]}<\/script>","yoast_head_json":{"title":"Microoled \u00e9quipe la nouvelle lunette de vis\u00e9e XTRAIM de Thales ...","description":"Microoled \u00e9quipe la nouvelle lunette de vis\u00e9e XTRAIM de Thales","robots":{"index":"index","follow":"follow","max-snippet":"max-snippet:-1","max-image-preview":"max-image-preview:large","max-video-preview":"max-video-preview:-1"},"canonical":"https:\/\/www.ecinews.fr\/fr\/wp-json\/wp\/v2\/posts\/476770\/","og_locale":"fr_FR","og_type":"article","og_title":"Microoled \u00e9quipe la nouvelle lunette de vis\u00e9e XTRAIM de Thales","og_description":"Microoled \u00e9quipe la nouvelle lunette de vis\u00e9e XTRAIM de Thales","og_url":"https:\/\/www.ecinews.fr\/fr\/wp-json\/wp\/v2\/posts\/476770\/","og_site_name":"EENewsEurope","article_published_time":"2025-04-02T16:34:12+00:00","og_image":[{"width":546,"height":358,"url":"https:\/\/www.ecinews.fr\/wp-content\/uploads\/2025\/04\/Thales-Microoled.jpg","type":"image\/jpeg"}],"author":"Daniel Cardon","twitter_card":"summary_large_image","twitter_misc":{"Written by":"Daniel Cardon","Est. reading time":"2 minutes"},"schema":{"@context":"https:\/\/schema.org","@graph":[{"@type":"Article","@id":"https:\/\/www.ecinews.fr\/fr\/microoled-equipe-la-nouvelle-lunette-de-visee-xtraim-de-thales\/#article","isPartOf":{"@id":"https:\/\/www.ecinews.fr\/fr\/microoled-equipe-la-nouvelle-lunette-de-visee-xtraim-de-thales\/"},"author":{"name":"Daniel Cardon","@id":"https:\/\/www.eenewseurope.com\/en\/#\/schema\/person\/93c44cde463762f40a8236eaa44c1c17"},"headline":"Microoled \u00e9quipe la nouvelle lunette de vis\u00e9e XTRAIM de Thales","datePublished":"2025-04-02T16:34:12+00:00","dateModified":"2025-04-02T16:34:12+00:00","mainEntityOfPage":{"@id":"https:\/\/www.ecinews.fr\/fr\/microoled-equipe-la-nouvelle-lunette-de-visee-xtraim-de-thales\/"},"wordCount":271,"publisher":{"@id":"https:\/\/www.eenewseurope.com\/en\/#organization"},"keywords":["Lunette militaire","Miicro-\u00e9cran","OLED"],"articleSection":["Actualit\u00e9 g\u00e9n\u00e9rale"],"inLanguage":"fr-FR"},{"@type":"WebPage","@id":"https:\/\/www.ecinews.fr\/fr\/microoled-equipe-la-nouvelle-lunette-de-visee-xtraim-de-thales\/","url":"https:\/\/www.ecinews.fr\/fr\/microoled-equipe-la-nouvelle-lunette-de-visee-xtraim-de-thales\/","name":"Microoled \u00e9quipe la nouvelle lunette de vis\u00e9e XTRAIM de Thales -","isPartOf":{"@id":"https:\/\/www.eenewseurope.com\/en\/#website"},"datePublished":"2025-04-02T16:34:12+00:00","dateModified":"2025-04-02T16:34:12+00:00","description":"Microoled \u00e9quipe la nouvelle lunette de vis\u00e9e XTRAIM de Thales","breadcrumb":{"@id":"https:\/\/www.ecinews.fr\/fr\/microoled-equipe-la-nouvelle-lunette-de-visee-xtraim-de-thales\/#breadcrumb"},"inLanguage":"fr-FR","potentialAction":[{"@type":"ReadAction","target":["https:\/\/www.ecinews.fr\/fr\/microoled-equipe-la-nouvelle-lunette-de-visee-xtraim-de-thales\/"]}]},{"@type":"BreadcrumbList","@id":"https:\/\/www.ecinews.fr\/fr\/microoled-equipe-la-nouvelle-lunette-de-visee-xtraim-de-thales\/#breadcrumb","itemListElement":[{"@type":"ListItem","position":1,"name":"Home","item":"https:\/\/www.ecinews.fr\/fr\/"},{"@type":"ListItem","position":2,"name":"Microoled \u00e9quipe la nouvelle lunette de vis\u00e9e XTRAIM de Thales"}]},{"@type":"WebSite","@id":"https:\/\/www.eenewseurope.com\/en\/#website","url":"https:\/\/www.eenewseurope.com\/en\/","name":"EENewsEurope","description":"Just another WordPress site","publisher":{"@id":"https:\/\/www.eenewseurope.com\/en\/#organization"},"potentialAction":[{"@type":"SearchAction","target":{"@type":"EntryPoint","urlTemplate":"https:\/\/www.eenewseurope.com\/en\/?s={search_term_string}"},"query-input":"required name=search_term_string"}],"inLanguage":"fr-FR"},{"@type":"Organization","@id":"https:\/\/www.eenewseurope.com\/en\/#organization","name":"EENewsEurope","url":"https:\/\/www.eenewseurope.com\/en\/","logo":{"@type":"ImageObject","inLanguage":"fr-FR","@id":"https:\/\/www.eenewseurope.com\/en\/#\/schema\/logo\/image\/","url":"https:\/\/www.ecinews.fr\/wp-content\/uploads\/2022\/02\/logo-1.jpg","contentUrl":"https:\/\/www.ecinews.fr\/wp-content\/uploads\/2022\/02\/logo-1.jpg","width":283,"height":113,"caption":"EENewsEurope"},"image":{"@id":"https:\/\/www.eenewseurope.com\/en\/#\/schema\/logo\/image\/"}},{"@type":"Person","@id":"https:\/\/www.eenewseurope.com\/en\/#\/schema\/person\/93c44cde463762f40a8236eaa44c1c17","name":"Daniel Cardon","image":{"@type":"ImageObject","inLanguage":"fr-FR","@id":"https:\/\/www.eenewseurope.com\/en\/#\/schema\/person\/image\/2b243f6bcc1cff7d86aadfb2cd0bd870","url":"https:\/\/secure.gravatar.com\/avatar\/de9edc136dfc061ad4778e04635baefa?s=96&d=mm&r=g","contentUrl":"https:\/\/secure.gravatar.com\/avatar\/de9edc136dfc061ad4778e04635baefa?s=96&d=mm&r=g","caption":"Daniel Cardon"}}]}},"authors":[{"term_id":1143,"user_id":11,"is_guest":0,"slug":"danielcardon","display_name":"Daniel Cardon","avatar_url":"https:\/\/secure.gravatar.com\/avatar\/de9edc136dfc061ad4778e04635baefa?s=96&d=mm&r=g","0":null,"1":"","2":"","3":"","4":"","5":"","6":"","7":"","8":""}],"_links":{"self":[{"href":"https:\/\/www.ecinews.fr\/fr\/wp-json\/wp\/v2\/posts\/476770"}],"collection":[{"href":"https:\/\/www.ecinews.fr\/fr\/wp-json\/wp\/v2\/posts"}],"about":[{"href":"https:\/\/www.ecinews.fr\/fr\/wp-json\/wp\/v2\/types\/post"}],"author":[{"embeddable":true,"href":"https:\/\/www.ecinews.fr\/fr\/wp-json\/wp\/v2\/users\/11"}],"replies":[{"embeddable":true,"href":"https:\/\/www.ecinews.fr\/fr\/wp-json\/wp\/v2\/comments?post=476770"}],"version-history":[{"count":0,"href":"https:\/\/www.ecinews.fr\/fr\/wp-json\/wp\/v2\/posts\/476770\/revisions"}],"wp:featuredmedia":[{"embeddable":true,"href":"https:\/\/www.ecinews.fr\/fr\/wp-json\/wp\/v2\/media\/476772"}],"wp:attachment":[{"href":"https:\/\/www.ecinews.fr\/fr\/wp-json\/wp\/v2\/media?parent=476770"}],"wp:term":[{"taxonomy":"category","embeddable":true,"href":"https:\/\/www.ecinews.fr\/fr\/wp-json\/wp\/v2\/categories?post=476770"},{"taxonomy":"post_tag","embeddable":true,"href":"https:\/\/www.ecinews.fr\/fr\/wp-json\/wp\/v2\/tags?post=476770"},{"taxonomy":"domains","embeddable":true,"href":"https:\/\/www.ecinews.fr\/fr\/wp-json\/wp\/v2\/domains?post=476770"},{"taxonomy":"author","embeddable":true,"href":"https:\/\/www.ecinews.fr\/fr\/wp-json\/wp\/v2\/ppma_author?post=476770"}],"curies":[{"name":"wp","href":"https:\/\/api.w.org\/{rel}","templated":true}]}}