{"id":476763,"date":"2025-04-03T07:10:47","date_gmt":"2025-04-03T05:10:47","guid":{"rendered":"https:\/\/www.ecinews.fr\/?p=476763"},"modified":"2025-04-02T17:06:24","modified_gmt":"2025-04-02T15:06:24","slug":"arm-accelere-la-migration-des-processeurs-neoverse-vers-le-cloud","status":"publish","type":"post","link":"https:\/\/www.ecinews.fr\/fr\/arm-accelere-la-migration-des-processeurs-neoverse-vers-le-cloud\/","title":{"rendered":"Arm acc\u00e9l\u00e8re la migration des processeurs Neoverse vers le cloud"},"content":{"rendered":"<h2>Arm pr\u00e9sente une s\u00e9rie de mises \u00e0 jour de l&rsquo;assistance \u00e0 la migration dans le cloud fournie aux d\u00e9veloppeurs, ce qui permet \u00e0 ces derniers d&rsquo;acc\u00e9l\u00e9rer la migration des logiciels gr\u00e2ce \u00e0 des ressources d\u00e9di\u00e9es, \u00e0 l&rsquo;engagement de la communaut\u00e9 et \u00e0 l&rsquo;assistance technique directe.<\/h2>\n<p>Avec plus d&rsquo;instances cloud bas\u00e9es sur Arm disponibles que jamais auparavant, le nombre de d\u00e9veloppeurs qui migrent des plates-formes traditionnelles vers Arm augmente rapidement. Cette migration est motiv\u00e9e par la recherche d&rsquo;une plus grande efficacit\u00e9 \u00e9nerg\u00e9tique, de performances am\u00e9lior\u00e9es et d&rsquo;options \u00e9largies. Les logiciels modernes, cloud-natifs et compatibles avec l&rsquo;IA sur Arm r\u00e9duisent le co\u00fbt total de possession et soutiennent les progr\u00e8s vers la r\u00e9duction de l&#8217;empreinte carbone gr\u00e2ce \u00e0 l&rsquo;efficacit\u00e9 \u00e9nerg\u00e9tique. En cons\u00e9quence, Arm met \u00e0 jour ses ressources de migration vers le cloud et ajoute de nouveaux canaux pour l&rsquo;engagement des d\u00e9veloppeurs, y compris :<\/p>\n<p><strong>Cloud Migration Resource Hub<\/strong> &#8211; permet aux d\u00e9veloppeurs \u00e0 la recherche de ressources pertinentes pour la migration des charges de travail courantes d&rsquo;utiliser ce portail pour acc\u00e9der \u00e0 plus de 100 parcours d&rsquo;apprentissage \u00e9tape par \u00e9tape pour la migration des principales charges de travail \u00e0 travers de multiples plates-formes cloud. En outre, le tableau de bord de l&rsquo;\u00e9cosyst\u00e8me logiciel pour Arm fournit des informations actualis\u00e9es sur les versions Arm compatibles avec les principaux composants logiciels libres et commerciaux.<\/p>\n<p><strong>Support communautaire<\/strong> &#8211; permet aux d\u00e9veloppeurs de chercher des r\u00e9ponses aupr\u00e8s de l&rsquo;\u00e9cosyst\u00e8me dynamique d&rsquo;experts d&rsquo;Arm. Les d\u00e9veloppeurs peuvent acc\u00e9der au GitHub sp\u00e9cifique \u00e0 la migration et rejoindre le programme des d\u00e9veloppeurs d&rsquo;Arm pour les prochains webinaires, tutoriels, sessions d&rsquo;experts, et plus encore.<\/p>\n<p><strong>Experts en ing\u00e9nierie pour les entreprises<\/strong> &#8211; une \u00e9quipe d&rsquo;experts en migration Arm Cloud avec lesquels les d\u00e9veloppeurs peuvent interagir directement concernant les besoins sp\u00e9cifiques de migration Arm.<\/p>\n<p>Selon Bhumik Patel, directeur du d\u00e9veloppement de l&rsquo;\u00e9cosyst\u00e8me des serveurs chez Arm, un nombre important d&rsquo;organisations sont d\u00e9j\u00e0 en train de faire la transition de leurs charges de travail pour profiter de ces avantages. Des entreprises telles qu&rsquo;Uber sont en train de migrer l&rsquo;ensemble de leur plateforme, comprenant plus de 5 000 services, vers des h\u00f4tes bas\u00e9s sur Arm afin d&rsquo;am\u00e9liorer le rapport prix-performance, d&rsquo;acc\u00e9der au dernier silicium optimis\u00e9 pour l&rsquo;IA et de r\u00e9duire leur empreinte carbone globale. Spotify enregistre des performances sup\u00e9rieures d&rsquo;environ 250 % sur Axion bas\u00e9 sur Arm par rapport aux charges de travail ex\u00e9cut\u00e9es sur Google Cloud \u00e0 ce jour, et Datadog a transf\u00e9r\u00e9 70 % de ses charges de travail sur AWS Graviton bas\u00e9 sur Arm.<\/p>\n<p>De plus, dans le cloud, les d\u00e9veloppeurs qui d\u00e9placent des charges de travail d&rsquo;IA peuvent profiter des int\u00e9grations Arm Kleidi dans la derni\u00e8re g\u00e9n\u00e9ration de frameworks de premier plan tels que PyTorch et b\u00e9n\u00e9ficier automatiquement d&rsquo;am\u00e9liorations spectaculaires des performances de l&rsquo;IA sur Arm sans prendre d&rsquo;autres mesures. De plus, la disponibilit\u00e9 de l&rsquo;extension Arm pour GitHub Copilot rend la technologie bas\u00e9e sur Arm plus accessible et simplifie les migrations vers l&rsquo;architecture Arm tout en r\u00e9duisant le temps et les co\u00fbts de d\u00e9veloppement.<\/p>\n<p><a href=\"http:\/\/www.arm.com\">www.arm.com<\/a><\/p>\n","protected":false},"excerpt":{"rendered":"<p>En 2025, environ 50 % des ordinateurs livr\u00e9s aux principaux fournisseurs d&rsquo;informatique en nuage seront des processeurs bas\u00e9s sur la technologie Arm.<\/p>\n","protected":false},"author":40,"featured_media":476731,"comment_status":"closed","ping_status":"closed","sticky":false,"template":"","format":"standard","meta":{"_acf_changed":false,"footnotes":""},"categories":[880],"tags":[2616,5127,4444],"domains":[47],"ppma_author":[3682,6199],"class_list":["post-476763","post","type-post","status-publish","format-standard","has-post-thumbnail","hentry","category-actualites-economiques","tag-cloud-fr","tag-hpc-fr","tag-neoverse","domains-electronique-eci"],"acf":[],"yoast_head":"<title>Arm acc\u00e9l\u00e8re la migration des processeurs Neoverse vers le cl...<\/title>\n<meta name=\"description\" content=\"En 2025, environ 50 % des ordinateurs livr\u00e9s aux fournisseurs d&#039;informatique cloud seront des processeurs bas\u00e9s sur la technologie Arm.\" \/>\n<meta name=\"robots\" content=\"index, follow, max-snippet:-1, max-image-preview:large, max-video-preview:-1\" \/>\n<link rel=\"canonical\" href=\"https:\/\/www.ecinews.fr\/fr\/wp-json\/wp\/v2\/posts\/476763\/\" \/>\n<meta property=\"og:locale\" content=\"fr_FR\" \/>\n<meta property=\"og:type\" content=\"article\" \/>\n<meta property=\"og:title\" content=\"Arm acc\u00e9l\u00e8re la migration des processeurs Neoverse vers le cloud\" \/>\n<meta property=\"og:description\" content=\"En 2025, environ 50 % des ordinateurs livr\u00e9s aux fournisseurs d&#039;informatique cloud seront des processeurs bas\u00e9s sur la technologie Arm.\" \/>\n<meta property=\"og:url\" content=\"https:\/\/www.ecinews.fr\/fr\/wp-json\/wp\/v2\/posts\/476763\/\" \/>\n<meta property=\"og:site_name\" content=\"EENewsEurope\" \/>\n<meta property=\"article:published_time\" content=\"2025-04-03T05:10:47+00:00\" \/>\n<meta property=\"article:modified_time\" content=\"2025-04-02T15:06:24+00:00\" \/>\n<meta property=\"og:image\" content=\"https:\/\/www.ecinews.fr\/wp-content\/uploads\/2025\/04\/Cloud-Data.jpg\" \/>\n\t<meta property=\"og:image:width\" content=\"1000\" \/>\n\t<meta property=\"og:image:height\" content=\"667\" \/>\n\t<meta property=\"og:image:type\" content=\"image\/jpeg\" \/>\n<meta name=\"author\" content=\"Jean-Pierre Joosting, A Delapalisse\" \/>\n<meta name=\"twitter:card\" content=\"summary_large_image\" \/>\n<meta name=\"twitter:label1\" content=\"Written by\" \/>\n\t<meta name=\"twitter:data1\" content=\"A Delapalisse\" \/>\n\t<meta name=\"twitter:label2\" content=\"Est. reading time\" \/>\n\t<meta name=\"twitter:data2\" content=\"3 minutes\" \/>\n<script type=\"application\/ld+json\" class=\"yoast-schema-graph\">{\"@context\":\"https:\/\/schema.org\",\"@graph\":[{\"@type\":\"Article\",\"@id\":\"https:\/\/www.ecinews.fr\/fr\/arm-accelere-la-migration-des-processeurs-neoverse-vers-le-cloud\/#article\",\"isPartOf\":{\"@id\":\"https:\/\/www.ecinews.fr\/fr\/arm-accelere-la-migration-des-processeurs-neoverse-vers-le-cloud\/\"},\"author\":{\"name\":\"A Delapalisse\",\"@id\":\"https:\/\/www.ecinews.fr\/fr\/#\/schema\/person\/4b3db5ba5c953c5fddeb226df86d8635\"},\"headline\":\"Arm acc\u00e9l\u00e8re la migration des processeurs Neoverse vers le cloud\",\"datePublished\":\"2025-04-03T05:10:47+00:00\",\"dateModified\":\"2025-04-02T15:06:24+00:00\",\"mainEntityOfPage\":{\"@id\":\"https:\/\/www.ecinews.fr\/fr\/arm-accelere-la-migration-des-processeurs-neoverse-vers-le-cloud\/\"},\"wordCount\":584,\"publisher\":{\"@id\":\"https:\/\/www.ecinews.fr\/fr\/#organization\"},\"keywords\":[\"Cloud\",\"HPC\",\"Neoverse\"],\"articleSection\":[\"Actualit\u00e9s \u00e9conomiques\"],\"inLanguage\":\"fr-FR\"},{\"@type\":\"WebPage\",\"@id\":\"https:\/\/www.ecinews.fr\/fr\/arm-accelere-la-migration-des-processeurs-neoverse-vers-le-cloud\/\",\"url\":\"https:\/\/www.ecinews.fr\/fr\/arm-accelere-la-migration-des-processeurs-neoverse-vers-le-cloud\/\",\"name\":\"Arm acc\u00e9l\u00e8re la migration des processeurs Neoverse vers le cloud\",\"isPartOf\":{\"@id\":\"https:\/\/www.ecinews.fr\/fr\/#website\"},\"datePublished\":\"2025-04-03T05:10:47+00:00\",\"dateModified\":\"2025-04-02T15:06:24+00:00\",\"description\":\"En 2025, environ 50 % des ordinateurs livr\u00e9s aux fournisseurs d'informatique cloud seront des processeurs bas\u00e9s sur la technologie Arm.\",\"breadcrumb\":{\"@id\":\"https:\/\/www.ecinews.fr\/fr\/arm-accelere-la-migration-des-processeurs-neoverse-vers-le-cloud\/#breadcrumb\"},\"inLanguage\":\"fr-FR\",\"potentialAction\":[{\"@type\":\"ReadAction\",\"target\":[\"https:\/\/www.ecinews.fr\/fr\/arm-accelere-la-migration-des-processeurs-neoverse-vers-le-cloud\/\"]}]},{\"@type\":\"BreadcrumbList\",\"@id\":\"https:\/\/www.ecinews.fr\/fr\/arm-accelere-la-migration-des-processeurs-neoverse-vers-le-cloud\/#breadcrumb\",\"itemListElement\":[{\"@type\":\"ListItem\",\"position\":1,\"name\":\"Home\",\"item\":\"https:\/\/www.ecinews.fr\/fr\/\"},{\"@type\":\"ListItem\",\"position\":2,\"name\":\"Arm acc\u00e9l\u00e8re la migration des processeurs Neoverse vers le cloud\"}]},{\"@type\":\"WebSite\",\"@id\":\"https:\/\/www.ecinews.fr\/fr\/#website\",\"url\":\"https:\/\/www.ecinews.fr\/fr\/\",\"name\":\"EENewsEurope\",\"description\":\"Just another WordPress site\",\"publisher\":{\"@id\":\"https:\/\/www.ecinews.fr\/fr\/#organization\"},\"potentialAction\":[{\"@type\":\"SearchAction\",\"target\":{\"@type\":\"EntryPoint\",\"urlTemplate\":\"https:\/\/www.ecinews.fr\/fr\/?s={search_term_string}\"},\"query-input\":\"required name=search_term_string\"}],\"inLanguage\":\"fr-FR\"},{\"@type\":\"Organization\",\"@id\":\"https:\/\/www.ecinews.fr\/fr\/#organization\",\"name\":\"EENewsEurope\",\"url\":\"https:\/\/www.ecinews.fr\/fr\/\",\"logo\":{\"@type\":\"ImageObject\",\"inLanguage\":\"fr-FR\",\"@id\":\"https:\/\/www.ecinews.fr\/fr\/#\/schema\/logo\/image\/\",\"url\":\"https:\/\/www.ecinews.fr\/wp-content\/uploads\/2022\/02\/logo-1.jpg\",\"contentUrl\":\"https:\/\/www.ecinews.fr\/wp-content\/uploads\/2022\/02\/logo-1.jpg\",\"width\":283,\"height\":113,\"caption\":\"EENewsEurope\"},\"image\":{\"@id\":\"https:\/\/www.ecinews.fr\/fr\/#\/schema\/logo\/image\/\"}},{\"@type\":\"Person\",\"@id\":\"https:\/\/www.ecinews.fr\/fr\/#\/schema\/person\/4b3db5ba5c953c5fddeb226df86d8635\",\"name\":\"A Delapalisse\",\"image\":{\"@type\":\"ImageObject\",\"inLanguage\":\"fr-FR\",\"@id\":\"https:\/\/www.ecinews.fr\/fr\/#\/schema\/person\/image\/09af0e1236b95ff53924b8dfe5af278e\",\"url\":\"https:\/\/secure.gravatar.com\/avatar\/010f811c0933b47aea7e9204117b17c6?s=96&d=mm&r=g\",\"contentUrl\":\"https:\/\/secure.gravatar.com\/avatar\/010f811c0933b47aea7e9204117b17c6?s=96&d=mm&r=g\",\"caption\":\"A Delapalisse\"}}]}<\/script>","yoast_head_json":{"title":"Arm acc\u00e9l\u00e8re la migration des processeurs Neoverse vers le cl...","description":"En 2025, environ 50 % des ordinateurs livr\u00e9s aux fournisseurs d'informatique cloud seront des processeurs bas\u00e9s sur la technologie Arm.","robots":{"index":"index","follow":"follow","max-snippet":"max-snippet:-1","max-image-preview":"max-image-preview:large","max-video-preview":"max-video-preview:-1"},"canonical":"https:\/\/www.ecinews.fr\/fr\/wp-json\/wp\/v2\/posts\/476763\/","og_locale":"fr_FR","og_type":"article","og_title":"Arm acc\u00e9l\u00e8re la migration des processeurs Neoverse vers le cloud","og_description":"En 2025, environ 50 % des ordinateurs livr\u00e9s aux fournisseurs d'informatique cloud seront des processeurs bas\u00e9s sur la technologie Arm.","og_url":"https:\/\/www.ecinews.fr\/fr\/wp-json\/wp\/v2\/posts\/476763\/","og_site_name":"EENewsEurope","article_published_time":"2025-04-03T05:10:47+00:00","article_modified_time":"2025-04-02T15:06:24+00:00","og_image":[{"width":1000,"height":667,"url":"https:\/\/www.ecinews.fr\/wp-content\/uploads\/2025\/04\/Cloud-Data.jpg","type":"image\/jpeg"}],"author":"Jean-Pierre Joosting, A Delapalisse","twitter_card":"summary_large_image","twitter_misc":{"Written by":"A Delapalisse","Est. reading time":"3 minutes"},"schema":{"@context":"https:\/\/schema.org","@graph":[{"@type":"Article","@id":"https:\/\/www.ecinews.fr\/fr\/arm-accelere-la-migration-des-processeurs-neoverse-vers-le-cloud\/#article","isPartOf":{"@id":"https:\/\/www.ecinews.fr\/fr\/arm-accelere-la-migration-des-processeurs-neoverse-vers-le-cloud\/"},"author":{"name":"A Delapalisse","@id":"https:\/\/www.ecinews.fr\/fr\/#\/schema\/person\/4b3db5ba5c953c5fddeb226df86d8635"},"headline":"Arm acc\u00e9l\u00e8re la migration des processeurs Neoverse vers le cloud","datePublished":"2025-04-03T05:10:47+00:00","dateModified":"2025-04-02T15:06:24+00:00","mainEntityOfPage":{"@id":"https:\/\/www.ecinews.fr\/fr\/arm-accelere-la-migration-des-processeurs-neoverse-vers-le-cloud\/"},"wordCount":584,"publisher":{"@id":"https:\/\/www.ecinews.fr\/fr\/#organization"},"keywords":["Cloud","HPC","Neoverse"],"articleSection":["Actualit\u00e9s \u00e9conomiques"],"inLanguage":"fr-FR"},{"@type":"WebPage","@id":"https:\/\/www.ecinews.fr\/fr\/arm-accelere-la-migration-des-processeurs-neoverse-vers-le-cloud\/","url":"https:\/\/www.ecinews.fr\/fr\/arm-accelere-la-migration-des-processeurs-neoverse-vers-le-cloud\/","name":"Arm acc\u00e9l\u00e8re la migration des processeurs Neoverse vers le cloud","isPartOf":{"@id":"https:\/\/www.ecinews.fr\/fr\/#website"},"datePublished":"2025-04-03T05:10:47+00:00","dateModified":"2025-04-02T15:06:24+00:00","description":"En 2025, environ 50 % des ordinateurs livr\u00e9s aux fournisseurs d'informatique cloud seront des processeurs bas\u00e9s sur la technologie Arm.","breadcrumb":{"@id":"https:\/\/www.ecinews.fr\/fr\/arm-accelere-la-migration-des-processeurs-neoverse-vers-le-cloud\/#breadcrumb"},"inLanguage":"fr-FR","potentialAction":[{"@type":"ReadAction","target":["https:\/\/www.ecinews.fr\/fr\/arm-accelere-la-migration-des-processeurs-neoverse-vers-le-cloud\/"]}]},{"@type":"BreadcrumbList","@id":"https:\/\/www.ecinews.fr\/fr\/arm-accelere-la-migration-des-processeurs-neoverse-vers-le-cloud\/#breadcrumb","itemListElement":[{"@type":"ListItem","position":1,"name":"Home","item":"https:\/\/www.ecinews.fr\/fr\/"},{"@type":"ListItem","position":2,"name":"Arm acc\u00e9l\u00e8re la migration des processeurs Neoverse vers le cloud"}]},{"@type":"WebSite","@id":"https:\/\/www.ecinews.fr\/fr\/#website","url":"https:\/\/www.ecinews.fr\/fr\/","name":"EENewsEurope","description":"Just another WordPress site","publisher":{"@id":"https:\/\/www.ecinews.fr\/fr\/#organization"},"potentialAction":[{"@type":"SearchAction","target":{"@type":"EntryPoint","urlTemplate":"https:\/\/www.ecinews.fr\/fr\/?s={search_term_string}"},"query-input":"required name=search_term_string"}],"inLanguage":"fr-FR"},{"@type":"Organization","@id":"https:\/\/www.ecinews.fr\/fr\/#organization","name":"EENewsEurope","url":"https:\/\/www.ecinews.fr\/fr\/","logo":{"@type":"ImageObject","inLanguage":"fr-FR","@id":"https:\/\/www.ecinews.fr\/fr\/#\/schema\/logo\/image\/","url":"https:\/\/www.ecinews.fr\/wp-content\/uploads\/2022\/02\/logo-1.jpg","contentUrl":"https:\/\/www.ecinews.fr\/wp-content\/uploads\/2022\/02\/logo-1.jpg","width":283,"height":113,"caption":"EENewsEurope"},"image":{"@id":"https:\/\/www.ecinews.fr\/fr\/#\/schema\/logo\/image\/"}},{"@type":"Person","@id":"https:\/\/www.ecinews.fr\/fr\/#\/schema\/person\/4b3db5ba5c953c5fddeb226df86d8635","name":"A Delapalisse","image":{"@type":"ImageObject","inLanguage":"fr-FR","@id":"https:\/\/www.ecinews.fr\/fr\/#\/schema\/person\/image\/09af0e1236b95ff53924b8dfe5af278e","url":"https:\/\/secure.gravatar.com\/avatar\/010f811c0933b47aea7e9204117b17c6?s=96&d=mm&r=g","contentUrl":"https:\/\/secure.gravatar.com\/avatar\/010f811c0933b47aea7e9204117b17c6?s=96&d=mm&r=g","caption":"A Delapalisse"}}]}},"authors":[{"term_id":3682,"user_id":0,"is_guest":1,"slug":"jean-pierre-joosting","display_name":"Jean-Pierre Joosting","avatar_url":"https:\/\/secure.gravatar.com\/avatar\/?s=96&d=mm&r=g","0":null,"1":"","2":"","3":"","4":"","5":"","6":"","7":"","8":""},{"term_id":6199,"user_id":40,"is_guest":0,"slug":"andre-rousselotemisys-com","display_name":"A Delapalisse","avatar_url":"https:\/\/secure.gravatar.com\/avatar\/010f811c0933b47aea7e9204117b17c6?s=96&d=mm&r=g","0":null,"1":"","2":"","3":"","4":"","5":"","6":"","7":"","8":""}],"_links":{"self":[{"href":"https:\/\/www.ecinews.fr\/fr\/wp-json\/wp\/v2\/posts\/476763"}],"collection":[{"href":"https:\/\/www.ecinews.fr\/fr\/wp-json\/wp\/v2\/posts"}],"about":[{"href":"https:\/\/www.ecinews.fr\/fr\/wp-json\/wp\/v2\/types\/post"}],"author":[{"embeddable":true,"href":"https:\/\/www.ecinews.fr\/fr\/wp-json\/wp\/v2\/users\/40"}],"replies":[{"embeddable":true,"href":"https:\/\/www.ecinews.fr\/fr\/wp-json\/wp\/v2\/comments?post=476763"}],"version-history":[{"count":0,"href":"https:\/\/www.ecinews.fr\/fr\/wp-json\/wp\/v2\/posts\/476763\/revisions"}],"wp:featuredmedia":[{"embeddable":true,"href":"https:\/\/www.ecinews.fr\/fr\/wp-json\/wp\/v2\/media\/476731"}],"wp:attachment":[{"href":"https:\/\/www.ecinews.fr\/fr\/wp-json\/wp\/v2\/media?parent=476763"}],"wp:term":[{"taxonomy":"category","embeddable":true,"href":"https:\/\/www.ecinews.fr\/fr\/wp-json\/wp\/v2\/categories?post=476763"},{"taxonomy":"post_tag","embeddable":true,"href":"https:\/\/www.ecinews.fr\/fr\/wp-json\/wp\/v2\/tags?post=476763"},{"taxonomy":"domains","embeddable":true,"href":"https:\/\/www.ecinews.fr\/fr\/wp-json\/wp\/v2\/domains?post=476763"},{"taxonomy":"author","embeddable":true,"href":"https:\/\/www.ecinews.fr\/fr\/wp-json\/wp\/v2\/ppma_author?post=476763"}],"curies":[{"name":"wp","href":"https:\/\/api.w.org\/{rel}","templated":true}]}}