{"id":476698,"date":"2025-04-02T10:54:16","date_gmt":"2025-04-02T08:54:16","guid":{"rendered":"https:\/\/www.ecinews.fr\/?p=476698"},"modified":"2025-04-02T10:54:16","modified_gmt":"2025-04-02T08:54:16","slug":"spectra7-specialiste-acc-vendu-pour-9-millions","status":"publish","type":"post","link":"https:\/\/www.ecinews.fr\/fr\/spectra7-specialiste-acc-vendu-pour-9-millions\/","title":{"rendered":"Spectra7 sp\u00e9cialiste ACC vendu pour $9 millions"},"content":{"rendered":"<p>La soci\u00e9t\u00e9 Parade Technologies s&rsquo;appr\u00eate \u00e0 acqu\u00e9rir les actifs de Spectra7 Microsystems pour un montant de 9 millions de dollars au cours des deux prochaines semaines.<\/p>\n<p>Spectra7, qui dispose d&rsquo;un centre de conception \u00e0 Cork, en Irlande, a d\u00e9velopp\u00e9 une technologie de pointe pour les c\u00e2bles en cuivre actifs (ACC) en utilisant du silicium germanium (SiGe). Elle visait \u00e0 tirer parti de l&rsquo;essor des centres de donn\u00e9es d&rsquo;intelligence artificielle, qui n\u00e9cessitent des connexions \u00e0 haut d\u00e9bit entre les baies. La soci\u00e9t\u00e9 est <a href=\"https:\/\/www.eenewseurope.com\/en\/startups-to-merge-to-form-new-analog-chip-venture\/\">n\u00e9e en 2012 de la fusion<\/a> de Redmere \u00e0 Cork, qui d\u00e9veloppait les dispositifs de c\u00e2ble actif, et de Fresco Microchip \u00e0 Toronto, au Canada, qui d\u00e9veloppait des semi-conducteurs RF, analogiques et num\u00e9riques pour les appareils grand public, y compris les t\u00e9l\u00e9viseurs.<\/p>\n<p>En f\u00e9vrier, elle a sign\u00e9 une importante commande avec le g\u00e9ant asiatique des centres de donn\u00e9es Tencent pour son circuit int\u00e9gr\u00e9 GC2502 Dual Channel 56Gbps PAM4Linear Equalizer IC fonctionnant dans une configuration de c\u00e2ble en cuivre actif \u00e0 200 Gbit\/s.<\/p>\n<p>\u00ab\u00a0Nous sommes heureux de poursuivre et d&rsquo;\u00e9tendre notre relation avec Tencent, qui continue \u00e0 faire progresser les capacit\u00e9s et les performances de son centre de donn\u00e9es gr\u00e2ce \u00e0 la transition en cours vers le c\u00e2blage en cuivre actif\u00a0\u00bb, a d\u00e9clar\u00e9 Omar Javaid, directeur g\u00e9n\u00e9ral de Spectra7, qui a \u00e9galement conclu des accords avec Luxshare, Foxconn et Amphenol. \u00ab\u00a0ACC peut r\u00e9duire consid\u00e9rablement les besoins en \u00e9nergie tout en fonctionnant aux vitesses requises pour soutenir la r\u00e9volution de l&rsquo;IA qui se d\u00e9roule actuellement et qui entra\u00eene le d\u00e9but d&rsquo;un nouveau cycle de mise \u00e0 niveau \u00e0 haute performance.\u00a0\u00bb<\/p>\n<ul>\n<li><a href=\"https:\/\/www.eenewseurope.com\/en\/spectra7-demos-800gbit-s-active-copper-cables-receives-first-chip-order\/\">Spectra7 fait la d\u00e9monstration d&rsquo;un c\u00e2ble en cuivre actif de 800G<\/a><\/li>\n<li><a href=\"https:\/\/www.eenewseurope.com\/en\/copper-fights-back-at-800gbit-s-in-the-data-centre\/\">Le cuivre se d\u00e9fend dans les centres de donn\u00e9es<\/a><\/li>\n<\/ul>\n<p>\u00ab\u00a0Les solutions de c\u00e2blage en cuivre actif constituent un \u00e9l\u00e9ment essentiel de nos plans de d\u00e9veloppement des centres de donn\u00e9es, car elles permettent d&rsquo;atteindre des vitesses tr\u00e8s \u00e9lev\u00e9es, une faible latence et une faible consommation d&rsquo;\u00e9nergie \u00e0 un co\u00fbt tr\u00e8s bas, ce qui est n\u00e9cessaire pour une mise en \u0153uvre r\u00e9ussie, \u00e9tant donn\u00e9 que les centres de donn\u00e9es s&rsquo;orientent de plus en plus vers des applications \u00e0 bande passante tr\u00e8s \u00e9lev\u00e9e, en particulier les applications d&rsquo;intelligence artificielle \u00ab\u00a0, a d\u00e9clar\u00e9 Tom Miao, directeur des achats de Tencent. \u00ab\u00a0Spectra7 s&rsquo;est av\u00e9r\u00e9 \u00eatre un partenaire fiable et performant dans cet effort, en d\u00e9ployant des solutions de cuivre actif qui r\u00e9pondent \u00e0 des crit\u00e8res d&rsquo;application exigeants.\u00a0\u00bb<\/p>\n<p>Parade Technologies est un fournisseur canadien d&rsquo;\u00e9crans vid\u00e9o, de contr\u00f4leurs tactiles et de puces d&rsquo;interface \u00e0 grande vitesse. Elle pr\u00e9voit d&rsquo;utiliser la technologie de Spectra7 dans de nouveaux mod\u00e8les grand public \u00e0 haute vitesse et de se d\u00e9velopper sur le march\u00e9 des centres de donn\u00e9es d&rsquo;intelligence artificielle. Elle pr\u00e9voit d&#8217;embaucher un nombre important d&#8217;employ\u00e9s de Spectra7 afin d&rsquo;assurer la continuit\u00e9 de l&rsquo;expertise technique et de l&rsquo;assistance \u00e0 la client\u00e8le.<\/p>\n<p>Une assembl\u00e9e des actionnaires a \u00e9t\u00e9 fix\u00e9e au 14 avril et la transaction devrait \u00eatre conclue au cours du deuxi\u00e8me trimestre 2025. Parade a fourni un financement provisoire de 750 000 dollars pour permettre \u00e0 Spectra7 de poursuivre ses activit\u00e9s jusqu&rsquo;\u00e0 cette date.<\/p>\n<p>\u00ab\u00a0Nous sommes ravis de ce r\u00e9sultat et impatients de conclure cette transaction. Le travail de pionnier de Spectra7 et ses produits de c\u00e2ble en cuivre actif, les meilleurs de leur cat\u00e9gorie, ont un partenaire de choix en la personne de Parade, une puissance de l&rsquo;industrie. Nos clients, nos partenaires et l&rsquo;industrie en b\u00e9n\u00e9ficieront \u00e9norm\u00e9ment\u00a0\u00bb, a d\u00e9clar\u00e9 M. Javaid.<\/p>\n<p>www.spectra7.com <a href=\"http:\/\/www.spectra7.com\">;<\/a> <a href=\"http:\/\/www.paradetech.com\">www.paradetech.com<\/a><\/p>\n<p>&nbsp;<\/p>\n<p>&nbsp;<\/p>\n","protected":false},"excerpt":{"rendered":"<p>La soci\u00e9t\u00e9 Parade Technologies s&rsquo;appr\u00eate \u00e0 acqu\u00e9rir les actifs de Spectra7 Microsystems pour un montant de 9 millions de dollars au cours des deux prochaines semaines. Spectra7, qui dispose d&rsquo;un centre de conception \u00e0 Cork, en Irlande, a d\u00e9velopp\u00e9 une technologie de pointe pour les c\u00e2bles en cuivre actifs (ACC) en utilisant du silicium germanium [&hellip;]<\/p>\n","protected":false},"author":40,"featured_media":476665,"comment_status":"closed","ping_status":"closed","sticky":false,"template":"","format":"standard","meta":{"_acf_changed":false,"footnotes":""},"categories":[880,883],"tags":[9353,5127,2198],"domains":[47],"ppma_author":[3640,6199],"class_list":["post-476698","post","type-post","status-publish","format-standard","has-post-thumbnail","hentry","category-actualites-economiques","category-technologies","tag-acc","tag-hpc-fr","tag-ia","domains-electronique-eci"],"acf":[],"yoast_head":"<title>Spectra7 sp\u00e9cialiste ACC vendu pour $9 millions ...<\/title>\n<meta name=\"description\" content=\"La soci\u00e9t\u00e9 Parade Technologies s&#039;appr\u00eate \u00e0 acqu\u00e9rir les actifs de Spectra7 Microsystems pour $9 millions dans les prochaines 2 semaines.\" \/>\n<meta name=\"robots\" content=\"index, follow, max-snippet:-1, max-image-preview:large, max-video-preview:-1\" \/>\n<link rel=\"canonical\" href=\"https:\/\/www.ecinews.fr\/fr\/wp-json\/wp\/v2\/posts\/476698\/\" \/>\n<meta property=\"og:locale\" content=\"fr_FR\" \/>\n<meta property=\"og:type\" content=\"article\" \/>\n<meta property=\"og:title\" content=\"Spectra7 sp\u00e9cialiste ACC vendu pour $9 millions\" \/>\n<meta property=\"og:description\" content=\"La soci\u00e9t\u00e9 Parade Technologies s&#039;appr\u00eate \u00e0 acqu\u00e9rir les actifs de Spectra7 Microsystems pour $9 millions dans les prochaines 2 semaines.\" \/>\n<meta property=\"og:url\" content=\"https:\/\/www.ecinews.fr\/fr\/wp-json\/wp\/v2\/posts\/476698\/\" \/>\n<meta property=\"og:site_name\" content=\"EENewsEurope\" \/>\n<meta property=\"article:published_time\" content=\"2025-04-02T08:54:16+00:00\" \/>\n<meta property=\"og:image\" content=\"https:\/\/www.eenewseurope.com\/wp-content\/uploads\/2025\/04\/Spectra7.png\" \/>\n\t<meta property=\"og:image:width\" content=\"1304\" \/>\n\t<meta property=\"og:image:height\" content=\"1004\" \/>\n\t<meta property=\"og:image:type\" content=\"image\/png\" \/>\n<meta name=\"author\" content=\"Nick Flaherty, A Delapalisse\" \/>\n<meta name=\"twitter:card\" content=\"summary_large_image\" \/>\n<meta name=\"twitter:label1\" content=\"Written by\" \/>\n\t<meta name=\"twitter:data1\" content=\"A Delapalisse\" \/>\n\t<meta name=\"twitter:label2\" content=\"Est. reading time\" \/>\n\t<meta name=\"twitter:data2\" content=\"3 minutes\" \/>\n<script type=\"application\/ld+json\" class=\"yoast-schema-graph\">{\"@context\":\"https:\/\/schema.org\",\"@graph\":[{\"@type\":\"Article\",\"@id\":\"https:\/\/www.eenewseurope.com\/fr\/spectra7-specialiste-acc-vendu-pour-9-millions\/#article\",\"isPartOf\":{\"@id\":\"https:\/\/www.eenewseurope.com\/fr\/spectra7-specialiste-acc-vendu-pour-9-millions\/\"},\"author\":{\"name\":\"A Delapalisse\",\"@id\":\"https:\/\/www.ecinews.fr\/fr\/#\/schema\/person\/4b3db5ba5c953c5fddeb226df86d8635\"},\"headline\":\"Spectra7 sp\u00e9cialiste ACC vendu pour $9 millions\",\"datePublished\":\"2025-04-02T08:54:16+00:00\",\"dateModified\":\"2025-04-02T08:54:16+00:00\",\"mainEntityOfPage\":{\"@id\":\"https:\/\/www.eenewseurope.com\/fr\/spectra7-specialiste-acc-vendu-pour-9-millions\/\"},\"wordCount\":655,\"publisher\":{\"@id\":\"https:\/\/www.ecinews.fr\/fr\/#organization\"},\"keywords\":[\"ACC\",\"HPC\",\"IA\"],\"articleSection\":[\"Actualit\u00e9s \u00e9conomiques\",\"Technologies\"],\"inLanguage\":\"fr-FR\"},{\"@type\":\"WebPage\",\"@id\":\"https:\/\/www.eenewseurope.com\/fr\/spectra7-specialiste-acc-vendu-pour-9-millions\/\",\"url\":\"https:\/\/www.eenewseurope.com\/fr\/spectra7-specialiste-acc-vendu-pour-9-millions\/\",\"name\":\"Spectra7 sp\u00e9cialiste ACC vendu pour $9 millions -\",\"isPartOf\":{\"@id\":\"https:\/\/www.ecinews.fr\/fr\/#website\"},\"datePublished\":\"2025-04-02T08:54:16+00:00\",\"dateModified\":\"2025-04-02T08:54:16+00:00\",\"description\":\"La soci\u00e9t\u00e9 Parade Technologies s'appr\u00eate \u00e0 acqu\u00e9rir les actifs de Spectra7 Microsystems pour $9 millions dans les prochaines 2 semaines.\",\"breadcrumb\":{\"@id\":\"https:\/\/www.eenewseurope.com\/fr\/spectra7-specialiste-acc-vendu-pour-9-millions\/#breadcrumb\"},\"inLanguage\":\"fr-FR\",\"potentialAction\":[{\"@type\":\"ReadAction\",\"target\":[\"https:\/\/www.eenewseurope.com\/fr\/spectra7-specialiste-acc-vendu-pour-9-millions\/\"]}]},{\"@type\":\"BreadcrumbList\",\"@id\":\"https:\/\/www.eenewseurope.com\/fr\/spectra7-specialiste-acc-vendu-pour-9-millions\/#breadcrumb\",\"itemListElement\":[{\"@type\":\"ListItem\",\"position\":1,\"name\":\"Home\",\"item\":\"https:\/\/www.ecinews.fr\/fr\/\"},{\"@type\":\"ListItem\",\"position\":2,\"name\":\"Spectra7 sp\u00e9cialiste ACC vendu pour $9 millions\"}]},{\"@type\":\"WebSite\",\"@id\":\"https:\/\/www.ecinews.fr\/fr\/#website\",\"url\":\"https:\/\/www.ecinews.fr\/fr\/\",\"name\":\"EENewsEurope\",\"description\":\"Just another WordPress site\",\"publisher\":{\"@id\":\"https:\/\/www.ecinews.fr\/fr\/#organization\"},\"potentialAction\":[{\"@type\":\"SearchAction\",\"target\":{\"@type\":\"EntryPoint\",\"urlTemplate\":\"https:\/\/www.ecinews.fr\/fr\/?s={search_term_string}\"},\"query-input\":\"required name=search_term_string\"}],\"inLanguage\":\"fr-FR\"},{\"@type\":\"Organization\",\"@id\":\"https:\/\/www.ecinews.fr\/fr\/#organization\",\"name\":\"EENewsEurope\",\"url\":\"https:\/\/www.ecinews.fr\/fr\/\",\"logo\":{\"@type\":\"ImageObject\",\"inLanguage\":\"fr-FR\",\"@id\":\"https:\/\/www.ecinews.fr\/fr\/#\/schema\/logo\/image\/\",\"url\":\"https:\/\/www.ecinews.fr\/wp-content\/uploads\/2022\/02\/logo-1.jpg\",\"contentUrl\":\"https:\/\/www.ecinews.fr\/wp-content\/uploads\/2022\/02\/logo-1.jpg\",\"width\":283,\"height\":113,\"caption\":\"EENewsEurope\"},\"image\":{\"@id\":\"https:\/\/www.ecinews.fr\/fr\/#\/schema\/logo\/image\/\"}},{\"@type\":\"Person\",\"@id\":\"https:\/\/www.ecinews.fr\/fr\/#\/schema\/person\/4b3db5ba5c953c5fddeb226df86d8635\",\"name\":\"A Delapalisse\",\"image\":{\"@type\":\"ImageObject\",\"inLanguage\":\"fr-FR\",\"@id\":\"https:\/\/www.ecinews.fr\/fr\/#\/schema\/person\/image\/09af0e1236b95ff53924b8dfe5af278e\",\"url\":\"https:\/\/secure.gravatar.com\/avatar\/010f811c0933b47aea7e9204117b17c6?s=96&d=mm&r=g\",\"contentUrl\":\"https:\/\/secure.gravatar.com\/avatar\/010f811c0933b47aea7e9204117b17c6?s=96&d=mm&r=g\",\"caption\":\"A Delapalisse\"}}]}<\/script>","yoast_head_json":{"title":"Spectra7 sp\u00e9cialiste ACC vendu pour $9 millions ...","description":"La soci\u00e9t\u00e9 Parade Technologies s'appr\u00eate \u00e0 acqu\u00e9rir les actifs de Spectra7 Microsystems pour $9 millions dans les prochaines 2 semaines.","robots":{"index":"index","follow":"follow","max-snippet":"max-snippet:-1","max-image-preview":"max-image-preview:large","max-video-preview":"max-video-preview:-1"},"canonical":"https:\/\/www.ecinews.fr\/fr\/wp-json\/wp\/v2\/posts\/476698\/","og_locale":"fr_FR","og_type":"article","og_title":"Spectra7 sp\u00e9cialiste ACC vendu pour $9 millions","og_description":"La soci\u00e9t\u00e9 Parade Technologies s'appr\u00eate \u00e0 acqu\u00e9rir les actifs de Spectra7 Microsystems pour $9 millions dans les prochaines 2 semaines.","og_url":"https:\/\/www.ecinews.fr\/fr\/wp-json\/wp\/v2\/posts\/476698\/","og_site_name":"EENewsEurope","article_published_time":"2025-04-02T08:54:16+00:00","og_image":[{"width":1304,"height":1004,"url":"https:\/\/www.eenewseurope.com\/wp-content\/uploads\/2025\/04\/Spectra7.png","type":"image\/png"}],"author":"Nick Flaherty, A Delapalisse","twitter_card":"summary_large_image","twitter_misc":{"Written by":"A Delapalisse","Est. reading time":"3 minutes"},"schema":{"@context":"https:\/\/schema.org","@graph":[{"@type":"Article","@id":"https:\/\/www.eenewseurope.com\/fr\/spectra7-specialiste-acc-vendu-pour-9-millions\/#article","isPartOf":{"@id":"https:\/\/www.eenewseurope.com\/fr\/spectra7-specialiste-acc-vendu-pour-9-millions\/"},"author":{"name":"A Delapalisse","@id":"https:\/\/www.ecinews.fr\/fr\/#\/schema\/person\/4b3db5ba5c953c5fddeb226df86d8635"},"headline":"Spectra7 sp\u00e9cialiste ACC vendu pour $9 millions","datePublished":"2025-04-02T08:54:16+00:00","dateModified":"2025-04-02T08:54:16+00:00","mainEntityOfPage":{"@id":"https:\/\/www.eenewseurope.com\/fr\/spectra7-specialiste-acc-vendu-pour-9-millions\/"},"wordCount":655,"publisher":{"@id":"https:\/\/www.ecinews.fr\/fr\/#organization"},"keywords":["ACC","HPC","IA"],"articleSection":["Actualit\u00e9s \u00e9conomiques","Technologies"],"inLanguage":"fr-FR"},{"@type":"WebPage","@id":"https:\/\/www.eenewseurope.com\/fr\/spectra7-specialiste-acc-vendu-pour-9-millions\/","url":"https:\/\/www.eenewseurope.com\/fr\/spectra7-specialiste-acc-vendu-pour-9-millions\/","name":"Spectra7 sp\u00e9cialiste ACC vendu pour $9 millions -","isPartOf":{"@id":"https:\/\/www.ecinews.fr\/fr\/#website"},"datePublished":"2025-04-02T08:54:16+00:00","dateModified":"2025-04-02T08:54:16+00:00","description":"La soci\u00e9t\u00e9 Parade Technologies s'appr\u00eate \u00e0 acqu\u00e9rir les actifs de Spectra7 Microsystems pour $9 millions dans les prochaines 2 semaines.","breadcrumb":{"@id":"https:\/\/www.eenewseurope.com\/fr\/spectra7-specialiste-acc-vendu-pour-9-millions\/#breadcrumb"},"inLanguage":"fr-FR","potentialAction":[{"@type":"ReadAction","target":["https:\/\/www.eenewseurope.com\/fr\/spectra7-specialiste-acc-vendu-pour-9-millions\/"]}]},{"@type":"BreadcrumbList","@id":"https:\/\/www.eenewseurope.com\/fr\/spectra7-specialiste-acc-vendu-pour-9-millions\/#breadcrumb","itemListElement":[{"@type":"ListItem","position":1,"name":"Home","item":"https:\/\/www.ecinews.fr\/fr\/"},{"@type":"ListItem","position":2,"name":"Spectra7 sp\u00e9cialiste ACC vendu pour $9 millions"}]},{"@type":"WebSite","@id":"https:\/\/www.ecinews.fr\/fr\/#website","url":"https:\/\/www.ecinews.fr\/fr\/","name":"EENewsEurope","description":"Just another WordPress site","publisher":{"@id":"https:\/\/www.ecinews.fr\/fr\/#organization"},"potentialAction":[{"@type":"SearchAction","target":{"@type":"EntryPoint","urlTemplate":"https:\/\/www.ecinews.fr\/fr\/?s={search_term_string}"},"query-input":"required name=search_term_string"}],"inLanguage":"fr-FR"},{"@type":"Organization","@id":"https:\/\/www.ecinews.fr\/fr\/#organization","name":"EENewsEurope","url":"https:\/\/www.ecinews.fr\/fr\/","logo":{"@type":"ImageObject","inLanguage":"fr-FR","@id":"https:\/\/www.ecinews.fr\/fr\/#\/schema\/logo\/image\/","url":"https:\/\/www.ecinews.fr\/wp-content\/uploads\/2022\/02\/logo-1.jpg","contentUrl":"https:\/\/www.ecinews.fr\/wp-content\/uploads\/2022\/02\/logo-1.jpg","width":283,"height":113,"caption":"EENewsEurope"},"image":{"@id":"https:\/\/www.ecinews.fr\/fr\/#\/schema\/logo\/image\/"}},{"@type":"Person","@id":"https:\/\/www.ecinews.fr\/fr\/#\/schema\/person\/4b3db5ba5c953c5fddeb226df86d8635","name":"A Delapalisse","image":{"@type":"ImageObject","inLanguage":"fr-FR","@id":"https:\/\/www.ecinews.fr\/fr\/#\/schema\/person\/image\/09af0e1236b95ff53924b8dfe5af278e","url":"https:\/\/secure.gravatar.com\/avatar\/010f811c0933b47aea7e9204117b17c6?s=96&d=mm&r=g","contentUrl":"https:\/\/secure.gravatar.com\/avatar\/010f811c0933b47aea7e9204117b17c6?s=96&d=mm&r=g","caption":"A Delapalisse"}}]}},"authors":[{"term_id":3640,"user_id":0,"is_guest":1,"slug":"nick-flaherty","display_name":"Nick Flaherty","avatar_url":"https:\/\/secure.gravatar.com\/avatar\/?s=96&d=mm&r=g","0":null,"1":"","2":"","3":"","4":"","5":"","6":"","7":"","8":""},{"term_id":6199,"user_id":40,"is_guest":0,"slug":"andre-rousselotemisys-com","display_name":"A Delapalisse","avatar_url":"https:\/\/secure.gravatar.com\/avatar\/010f811c0933b47aea7e9204117b17c6?s=96&d=mm&r=g","0":null,"1":"","2":"","3":"","4":"","5":"","6":"","7":"","8":""}],"_links":{"self":[{"href":"https:\/\/www.ecinews.fr\/fr\/wp-json\/wp\/v2\/posts\/476698"}],"collection":[{"href":"https:\/\/www.ecinews.fr\/fr\/wp-json\/wp\/v2\/posts"}],"about":[{"href":"https:\/\/www.ecinews.fr\/fr\/wp-json\/wp\/v2\/types\/post"}],"author":[{"embeddable":true,"href":"https:\/\/www.ecinews.fr\/fr\/wp-json\/wp\/v2\/users\/40"}],"replies":[{"embeddable":true,"href":"https:\/\/www.ecinews.fr\/fr\/wp-json\/wp\/v2\/comments?post=476698"}],"version-history":[{"count":0,"href":"https:\/\/www.ecinews.fr\/fr\/wp-json\/wp\/v2\/posts\/476698\/revisions"}],"wp:featuredmedia":[{"embeddable":true,"href":"https:\/\/www.ecinews.fr\/fr\/wp-json\/wp\/v2\/media\/476665"}],"wp:attachment":[{"href":"https:\/\/www.ecinews.fr\/fr\/wp-json\/wp\/v2\/media?parent=476698"}],"wp:term":[{"taxonomy":"category","embeddable":true,"href":"https:\/\/www.ecinews.fr\/fr\/wp-json\/wp\/v2\/categories?post=476698"},{"taxonomy":"post_tag","embeddable":true,"href":"https:\/\/www.ecinews.fr\/fr\/wp-json\/wp\/v2\/tags?post=476698"},{"taxonomy":"domains","embeddable":true,"href":"https:\/\/www.ecinews.fr\/fr\/wp-json\/wp\/v2\/domains?post=476698"},{"taxonomy":"author","embeddable":true,"href":"https:\/\/www.ecinews.fr\/fr\/wp-json\/wp\/v2\/ppma_author?post=476698"}],"curies":[{"name":"wp","href":"https:\/\/api.w.org\/{rel}","templated":true}]}}