{"id":476474,"date":"2025-03-31T09:47:36","date_gmt":"2025-03-31T07:47:36","guid":{"rendered":"https:\/\/www.ecinews.fr\/?p=476474"},"modified":"2025-03-31T09:47:36","modified_gmt":"2025-03-31T07:47:36","slug":"intel-transfere-la-production-3-nm-en-europe-en-2025","status":"publish","type":"post","link":"https:\/\/www.ecinews.fr\/fr\/intel-transfere-la-production-3-nm-en-europe-en-2025\/","title":{"rendered":"Intel transf\u00e8re la production 3 nm en Europe en 2025"},"content":{"rendered":"<p>Dans le courant de l&rsquo;ann\u00e9e, Intel transf\u00e9rera en Europe la production \u00e0 grande \u00e9chelle de puces 3nm dans son usine Fab34 en Irlande.<\/p>\n<p>Intel 3 est le deuxi\u00e8me n\u0153ud de lithographie EUV de l&rsquo;entreprise, avec une am\u00e9lioration de 18 % de la performance par watt par rapport \u00e0 Intel 4. Le processus est propos\u00e9 aux clients de donderie et a fait l&rsquo;objet d&rsquo;une fabrication \u00e0 haut volume dans l&rsquo;Oregon en 2024, puis d&rsquo;une fabrication \u00e0 haut volume \u00e0 Leixlip en Irlande en 2025, indique l&rsquo;entreprise dans son rapport annuel. Il s&rsquo;agit de la premi\u00e8re confirmation de la production de 3 nm apr\u00e8s la mont\u00e9e en puissance du <a href=\"https:\/\/www.eenewseurope.com\/en\/intel-begins-euv-lithography-of-intel-4-process-in-ireland\/\">processus EUV de premi\u00e8re g\u00e9n\u00e9ration<\/a>.<\/p>\n<p>Les offres de processeurs de serveurs Xeon 6 Scalable sont bas\u00e9es sur cette technologie.<\/p>\n<p>L&rsquo;un des probl\u00e8mes de la cha\u00eene d&rsquo;approvisionnement en semi-conducteurs est le manque de technologies de pointe en Europe. La disponibilit\u00e9 du processus Intel 3 dans le cadre d&rsquo;Intel Foundry Services pourrait constituer une capacit\u00e9 cl\u00e9 pour l&rsquo;entreprise en difficult\u00e9.<\/p>\n<ul>\n<li><a href=\"https:\/\/www.eenewseurope.com\/en\/foundry-unit-haunts-tepid-intel-fourth-quarter-results\/\">L&rsquo;unit\u00e9 de la fonderie hante les r\u00e9sultats ti\u00e8des de 2024<\/a><\/li>\n<\/ul>\n<p>L&rsquo;entreprise a <a href=\"https:\/\/www.eenewseurope.com\/en\/intel-has-potential-investors-for-irish-fab-says-report\/\">cherch\u00e9 des investisseurs<\/a> pour l&rsquo;aider \u00e0 financer son expansion et a vendu l&rsquo;ann\u00e9e derni\u00e8re <a href=\"https:\/\/www.eenewseurope.com\/en\/intel-sells-off-half-its-irish-fab-for-11bn\/\">la moiti\u00e9 ancienne de l&rsquo;usine au fonds d&rsquo;investissement Apollo<\/a>.<\/p>\n<p>Intel 4, 3 et 18A sont propos\u00e9s aux clients de fonderie, ainsi que les process \u00e9tablis 7nm et 16nm. L&rsquo;entreprise travaille \u00e9galement avec <a href=\"https:\/\/www.eenewseurope.com\/en\/with-umc-deal-intel-reveals-potential-to-be-foundries-foundry\/\">UMC sur un process de fonderie de 12 nm.<\/a><\/p>\n<p>\u00ab\u00a0Nous pr\u00e9voyons de commencer la fabrication en grand volume de Panther Lake, notre nouvelle famille de produits clients et nos premiers processeurs sur <a href=\"https:\/\/www.eenewseurope.com\/en\/intel-is-sampling-panther-lake-processor-on-18a-process\/\">Intel 18A en 2025<\/a>\u00ab\u00a0, a d\u00e9clar\u00e9 l&rsquo;entreprise. Ce processeur sera construit en Arizona.<\/p>\n<p>\u00ab\u00a0Intel 14A, notre troisi\u00e8me technologie de traitement avanc\u00e9e offerte aux clients externes, est en cours de d\u00e9veloppement actif avec des am\u00e9liorations de performance par watt et d&rsquo;\u00e9chelle de densit\u00e9 par rapport \u00e0 Intel 18A\u00a0\u00bb, a d\u00e9clar\u00e9 l&rsquo;entreprise, qui s&rsquo;<a href=\"https:\/\/www.eenewseurope.com\/en\/intel-looks-to-14a-process-in-2026\/\">attend \u00e0 ce que cette technologie soit disponible en 2026<\/a>.<\/p>\n<p>Toutefois, l&rsquo;usine pr\u00e9vue \u00e0 Madgeburg, en Allemagne, est toujours en suspens, de m\u00eame que l&rsquo;usine de packaging pr\u00e9vue en Pologne.<\/p>\n<p>Le PDG Lip-tan Bu a pris les r\u00eanes de l&rsquo;entreprise le mois dernier, apr\u00e8s l&rsquo;\u00e9viction de Pat Gelsinger <a href=\"https:\/\/www.eenewseurope.com\/en\/gelsinger-steps-down-at-intel\/\">en 2024<\/a>.<\/p>\n<p><a href=\"http:\/\/www.intel.com\">www.intel.com<\/a><\/p>\n","protected":false},"excerpt":{"rendered":"<p>Dans le courant de l&rsquo;ann\u00e9e, Intel transf\u00e9rera en Europe la production \u00e0 grande \u00e9chelle de puces 3nm dans son usine Fab34 en Irlande. Intel 3 est le deuxi\u00e8me n\u0153ud de lithographie EUV de l&rsquo;entreprise, avec une am\u00e9lioration de 18 % de la performance par watt par rapport \u00e0 Intel 4. Le processus est propos\u00e9 aux [&hellip;]<\/p>\n","protected":false},"author":40,"featured_media":476447,"comment_status":"closed","ping_status":"closed","sticky":false,"template":"","format":"standard","meta":{"_acf_changed":false,"footnotes":""},"categories":[880],"tags":[2540,1795,8799],"domains":[47],"ppma_author":[3640,6199],"class_list":["post-476474","post","type-post","status-publish","format-standard","has-post-thumbnail","hentry","category-actualites-economiques","tag-3nm","tag-fonderies","tag-intel-foundry","domains-electronique-eci"],"acf":[],"yoast_head":"<title>Intel transf\u00e8re la production 3 nm en Europe en 2025 ...<\/title>\n<meta name=\"description\" content=\"Dans le courant de l&#039;ann\u00e9e, Intel transf\u00e9rera en Europe la production \u00e0 grande \u00e9chelle de puces 3nm dans son usine Fab34 en Irlande.\" \/>\n<meta name=\"robots\" content=\"index, follow, max-snippet:-1, max-image-preview:large, max-video-preview:-1\" \/>\n<link rel=\"canonical\" href=\"https:\/\/www.ecinews.fr\/fr\/wp-json\/wp\/v2\/posts\/476474\/\" \/>\n<meta property=\"og:locale\" content=\"fr_FR\" \/>\n<meta property=\"og:type\" content=\"article\" \/>\n<meta property=\"og:title\" content=\"Intel transf\u00e8re la production 3 nm en Europe en 2025\" \/>\n<meta property=\"og:description\" content=\"Dans le courant de l&#039;ann\u00e9e, Intel transf\u00e9rera en Europe la production \u00e0 grande \u00e9chelle de puces 3nm dans son usine Fab34 en Irlande.\" \/>\n<meta property=\"og:url\" content=\"https:\/\/www.ecinews.fr\/fr\/wp-json\/wp\/v2\/posts\/476474\/\" \/>\n<meta property=\"og:site_name\" content=\"EENewsEurope\" \/>\n<meta property=\"article:published_time\" content=\"2025-03-31T07:47:36+00:00\" \/>\n<meta property=\"og:image\" content=\"https:\/\/www.ecinews.fr\/wp-content\/uploads\/2025\/03\/idl-ire-2024-leixlip-1024x576.png\" \/>\n\t<meta property=\"og:image:width\" content=\"1024\" \/>\n\t<meta property=\"og:image:height\" content=\"576\" \/>\n\t<meta property=\"og:image:type\" content=\"image\/png\" \/>\n<meta name=\"author\" content=\"Nick Flaherty, A Delapalisse\" \/>\n<meta name=\"twitter:card\" content=\"summary_large_image\" \/>\n<meta name=\"twitter:label1\" content=\"Written by\" \/>\n\t<meta name=\"twitter:data1\" content=\"A Delapalisse\" \/>\n\t<meta name=\"twitter:label2\" content=\"Est. reading time\" \/>\n\t<meta name=\"twitter:data2\" content=\"2 minutes\" \/>\n<script type=\"application\/ld+json\" class=\"yoast-schema-graph\">{\"@context\":\"https:\/\/schema.org\",\"@graph\":[{\"@type\":\"Article\",\"@id\":\"https:\/\/www.ecinews.fr\/fr\/intel-transfere-la-production-3-nm-en-europe-en-2025\/#article\",\"isPartOf\":{\"@id\":\"https:\/\/www.ecinews.fr\/fr\/intel-transfere-la-production-3-nm-en-europe-en-2025\/\"},\"author\":{\"name\":\"A Delapalisse\",\"@id\":\"https:\/\/www.ecinews.fr\/fr\/#\/schema\/person\/4b3db5ba5c953c5fddeb226df86d8635\"},\"headline\":\"Intel transf\u00e8re la production 3 nm en Europe en 2025\",\"datePublished\":\"2025-03-31T07:47:36+00:00\",\"dateModified\":\"2025-03-31T07:47:36+00:00\",\"mainEntityOfPage\":{\"@id\":\"https:\/\/www.ecinews.fr\/fr\/intel-transfere-la-production-3-nm-en-europe-en-2025\/\"},\"wordCount\":401,\"publisher\":{\"@id\":\"https:\/\/www.ecinews.fr\/fr\/#organization\"},\"keywords\":[\"3nm\",\"Fonderies\",\"Intel Foundry\"],\"articleSection\":[\"Actualit\u00e9s \u00e9conomiques\"],\"inLanguage\":\"fr-FR\"},{\"@type\":\"WebPage\",\"@id\":\"https:\/\/www.ecinews.fr\/fr\/intel-transfere-la-production-3-nm-en-europe-en-2025\/\",\"url\":\"https:\/\/www.ecinews.fr\/fr\/intel-transfere-la-production-3-nm-en-europe-en-2025\/\",\"name\":\"Intel transf\u00e8re la production 3 nm en Europe en 2025 -\",\"isPartOf\":{\"@id\":\"https:\/\/www.ecinews.fr\/fr\/#website\"},\"datePublished\":\"2025-03-31T07:47:36+00:00\",\"dateModified\":\"2025-03-31T07:47:36+00:00\",\"description\":\"Dans le courant de l'ann\u00e9e, Intel transf\u00e9rera en Europe la production \u00e0 grande \u00e9chelle de puces 3nm dans son usine Fab34 en Irlande.\",\"breadcrumb\":{\"@id\":\"https:\/\/www.ecinews.fr\/fr\/intel-transfere-la-production-3-nm-en-europe-en-2025\/#breadcrumb\"},\"inLanguage\":\"fr-FR\",\"potentialAction\":[{\"@type\":\"ReadAction\",\"target\":[\"https:\/\/www.ecinews.fr\/fr\/intel-transfere-la-production-3-nm-en-europe-en-2025\/\"]}]},{\"@type\":\"BreadcrumbList\",\"@id\":\"https:\/\/www.ecinews.fr\/fr\/intel-transfere-la-production-3-nm-en-europe-en-2025\/#breadcrumb\",\"itemListElement\":[{\"@type\":\"ListItem\",\"position\":1,\"name\":\"Home\",\"item\":\"https:\/\/www.ecinews.fr\/fr\/\"},{\"@type\":\"ListItem\",\"position\":2,\"name\":\"Intel transf\u00e8re la production 3 nm en Europe en 2025\"}]},{\"@type\":\"WebSite\",\"@id\":\"https:\/\/www.ecinews.fr\/fr\/#website\",\"url\":\"https:\/\/www.ecinews.fr\/fr\/\",\"name\":\"EENewsEurope\",\"description\":\"Just another WordPress site\",\"publisher\":{\"@id\":\"https:\/\/www.ecinews.fr\/fr\/#organization\"},\"potentialAction\":[{\"@type\":\"SearchAction\",\"target\":{\"@type\":\"EntryPoint\",\"urlTemplate\":\"https:\/\/www.ecinews.fr\/fr\/?s={search_term_string}\"},\"query-input\":\"required name=search_term_string\"}],\"inLanguage\":\"fr-FR\"},{\"@type\":\"Organization\",\"@id\":\"https:\/\/www.ecinews.fr\/fr\/#organization\",\"name\":\"EENewsEurope\",\"url\":\"https:\/\/www.ecinews.fr\/fr\/\",\"logo\":{\"@type\":\"ImageObject\",\"inLanguage\":\"fr-FR\",\"@id\":\"https:\/\/www.ecinews.fr\/fr\/#\/schema\/logo\/image\/\",\"url\":\"https:\/\/www.ecinews.fr\/wp-content\/uploads\/2022\/02\/logo-1.jpg\",\"contentUrl\":\"https:\/\/www.ecinews.fr\/wp-content\/uploads\/2022\/02\/logo-1.jpg\",\"width\":283,\"height\":113,\"caption\":\"EENewsEurope\"},\"image\":{\"@id\":\"https:\/\/www.ecinews.fr\/fr\/#\/schema\/logo\/image\/\"}},{\"@type\":\"Person\",\"@id\":\"https:\/\/www.ecinews.fr\/fr\/#\/schema\/person\/4b3db5ba5c953c5fddeb226df86d8635\",\"name\":\"A Delapalisse\",\"image\":{\"@type\":\"ImageObject\",\"inLanguage\":\"fr-FR\",\"@id\":\"https:\/\/www.ecinews.fr\/fr\/#\/schema\/person\/image\/09af0e1236b95ff53924b8dfe5af278e\",\"url\":\"https:\/\/secure.gravatar.com\/avatar\/010f811c0933b47aea7e9204117b17c6?s=96&d=mm&r=g\",\"contentUrl\":\"https:\/\/secure.gravatar.com\/avatar\/010f811c0933b47aea7e9204117b17c6?s=96&d=mm&r=g\",\"caption\":\"A Delapalisse\"}}]}<\/script>","yoast_head_json":{"title":"Intel transf\u00e8re la production 3 nm en Europe en 2025 ...","description":"Dans le courant de l'ann\u00e9e, Intel transf\u00e9rera en Europe la production \u00e0 grande \u00e9chelle de puces 3nm dans son usine Fab34 en Irlande.","robots":{"index":"index","follow":"follow","max-snippet":"max-snippet:-1","max-image-preview":"max-image-preview:large","max-video-preview":"max-video-preview:-1"},"canonical":"https:\/\/www.ecinews.fr\/fr\/wp-json\/wp\/v2\/posts\/476474\/","og_locale":"fr_FR","og_type":"article","og_title":"Intel transf\u00e8re la production 3 nm en Europe en 2025","og_description":"Dans le courant de l'ann\u00e9e, Intel transf\u00e9rera en Europe la production \u00e0 grande \u00e9chelle de puces 3nm dans son usine Fab34 en Irlande.","og_url":"https:\/\/www.ecinews.fr\/fr\/wp-json\/wp\/v2\/posts\/476474\/","og_site_name":"EENewsEurope","article_published_time":"2025-03-31T07:47:36+00:00","og_image":[{"width":1024,"height":576,"url":"https:\/\/www.ecinews.fr\/wp-content\/uploads\/2025\/03\/idl-ire-2024-leixlip-1024x576.png","type":"image\/png"}],"author":"Nick Flaherty, A Delapalisse","twitter_card":"summary_large_image","twitter_misc":{"Written by":"A Delapalisse","Est. reading time":"2 minutes"},"schema":{"@context":"https:\/\/schema.org","@graph":[{"@type":"Article","@id":"https:\/\/www.ecinews.fr\/fr\/intel-transfere-la-production-3-nm-en-europe-en-2025\/#article","isPartOf":{"@id":"https:\/\/www.ecinews.fr\/fr\/intel-transfere-la-production-3-nm-en-europe-en-2025\/"},"author":{"name":"A Delapalisse","@id":"https:\/\/www.ecinews.fr\/fr\/#\/schema\/person\/4b3db5ba5c953c5fddeb226df86d8635"},"headline":"Intel transf\u00e8re la production 3 nm en Europe en 2025","datePublished":"2025-03-31T07:47:36+00:00","dateModified":"2025-03-31T07:47:36+00:00","mainEntityOfPage":{"@id":"https:\/\/www.ecinews.fr\/fr\/intel-transfere-la-production-3-nm-en-europe-en-2025\/"},"wordCount":401,"publisher":{"@id":"https:\/\/www.ecinews.fr\/fr\/#organization"},"keywords":["3nm","Fonderies","Intel Foundry"],"articleSection":["Actualit\u00e9s \u00e9conomiques"],"inLanguage":"fr-FR"},{"@type":"WebPage","@id":"https:\/\/www.ecinews.fr\/fr\/intel-transfere-la-production-3-nm-en-europe-en-2025\/","url":"https:\/\/www.ecinews.fr\/fr\/intel-transfere-la-production-3-nm-en-europe-en-2025\/","name":"Intel transf\u00e8re la production 3 nm en Europe en 2025 -","isPartOf":{"@id":"https:\/\/www.ecinews.fr\/fr\/#website"},"datePublished":"2025-03-31T07:47:36+00:00","dateModified":"2025-03-31T07:47:36+00:00","description":"Dans le courant de l'ann\u00e9e, Intel transf\u00e9rera en Europe la production \u00e0 grande \u00e9chelle de puces 3nm dans son usine Fab34 en Irlande.","breadcrumb":{"@id":"https:\/\/www.ecinews.fr\/fr\/intel-transfere-la-production-3-nm-en-europe-en-2025\/#breadcrumb"},"inLanguage":"fr-FR","potentialAction":[{"@type":"ReadAction","target":["https:\/\/www.ecinews.fr\/fr\/intel-transfere-la-production-3-nm-en-europe-en-2025\/"]}]},{"@type":"BreadcrumbList","@id":"https:\/\/www.ecinews.fr\/fr\/intel-transfere-la-production-3-nm-en-europe-en-2025\/#breadcrumb","itemListElement":[{"@type":"ListItem","position":1,"name":"Home","item":"https:\/\/www.ecinews.fr\/fr\/"},{"@type":"ListItem","position":2,"name":"Intel transf\u00e8re la production 3 nm en Europe en 2025"}]},{"@type":"WebSite","@id":"https:\/\/www.ecinews.fr\/fr\/#website","url":"https:\/\/www.ecinews.fr\/fr\/","name":"EENewsEurope","description":"Just another WordPress site","publisher":{"@id":"https:\/\/www.ecinews.fr\/fr\/#organization"},"potentialAction":[{"@type":"SearchAction","target":{"@type":"EntryPoint","urlTemplate":"https:\/\/www.ecinews.fr\/fr\/?s={search_term_string}"},"query-input":"required name=search_term_string"}],"inLanguage":"fr-FR"},{"@type":"Organization","@id":"https:\/\/www.ecinews.fr\/fr\/#organization","name":"EENewsEurope","url":"https:\/\/www.ecinews.fr\/fr\/","logo":{"@type":"ImageObject","inLanguage":"fr-FR","@id":"https:\/\/www.ecinews.fr\/fr\/#\/schema\/logo\/image\/","url":"https:\/\/www.ecinews.fr\/wp-content\/uploads\/2022\/02\/logo-1.jpg","contentUrl":"https:\/\/www.ecinews.fr\/wp-content\/uploads\/2022\/02\/logo-1.jpg","width":283,"height":113,"caption":"EENewsEurope"},"image":{"@id":"https:\/\/www.ecinews.fr\/fr\/#\/schema\/logo\/image\/"}},{"@type":"Person","@id":"https:\/\/www.ecinews.fr\/fr\/#\/schema\/person\/4b3db5ba5c953c5fddeb226df86d8635","name":"A Delapalisse","image":{"@type":"ImageObject","inLanguage":"fr-FR","@id":"https:\/\/www.ecinews.fr\/fr\/#\/schema\/person\/image\/09af0e1236b95ff53924b8dfe5af278e","url":"https:\/\/secure.gravatar.com\/avatar\/010f811c0933b47aea7e9204117b17c6?s=96&d=mm&r=g","contentUrl":"https:\/\/secure.gravatar.com\/avatar\/010f811c0933b47aea7e9204117b17c6?s=96&d=mm&r=g","caption":"A Delapalisse"}}]}},"authors":[{"term_id":3640,"user_id":0,"is_guest":1,"slug":"nick-flaherty","display_name":"Nick Flaherty","avatar_url":"https:\/\/secure.gravatar.com\/avatar\/?s=96&d=mm&r=g","0":null,"1":"","2":"","3":"","4":"","5":"","6":"","7":"","8":""},{"term_id":6199,"user_id":40,"is_guest":0,"slug":"andre-rousselotemisys-com","display_name":"A Delapalisse","avatar_url":"https:\/\/secure.gravatar.com\/avatar\/010f811c0933b47aea7e9204117b17c6?s=96&d=mm&r=g","0":null,"1":"","2":"","3":"","4":"","5":"","6":"","7":"","8":""}],"_links":{"self":[{"href":"https:\/\/www.ecinews.fr\/fr\/wp-json\/wp\/v2\/posts\/476474"}],"collection":[{"href":"https:\/\/www.ecinews.fr\/fr\/wp-json\/wp\/v2\/posts"}],"about":[{"href":"https:\/\/www.ecinews.fr\/fr\/wp-json\/wp\/v2\/types\/post"}],"author":[{"embeddable":true,"href":"https:\/\/www.ecinews.fr\/fr\/wp-json\/wp\/v2\/users\/40"}],"replies":[{"embeddable":true,"href":"https:\/\/www.ecinews.fr\/fr\/wp-json\/wp\/v2\/comments?post=476474"}],"version-history":[{"count":0,"href":"https:\/\/www.ecinews.fr\/fr\/wp-json\/wp\/v2\/posts\/476474\/revisions"}],"wp:featuredmedia":[{"embeddable":true,"href":"https:\/\/www.ecinews.fr\/fr\/wp-json\/wp\/v2\/media\/476447"}],"wp:attachment":[{"href":"https:\/\/www.ecinews.fr\/fr\/wp-json\/wp\/v2\/media?parent=476474"}],"wp:term":[{"taxonomy":"category","embeddable":true,"href":"https:\/\/www.ecinews.fr\/fr\/wp-json\/wp\/v2\/categories?post=476474"},{"taxonomy":"post_tag","embeddable":true,"href":"https:\/\/www.ecinews.fr\/fr\/wp-json\/wp\/v2\/tags?post=476474"},{"taxonomy":"domains","embeddable":true,"href":"https:\/\/www.ecinews.fr\/fr\/wp-json\/wp\/v2\/domains?post=476474"},{"taxonomy":"author","embeddable":true,"href":"https:\/\/www.ecinews.fr\/fr\/wp-json\/wp\/v2\/ppma_author?post=476474"}],"curies":[{"name":"wp","href":"https:\/\/api.w.org\/{rel}","templated":true}]}}