{"id":474767,"date":"2025-03-09T21:56:16","date_gmt":"2025-03-09T20:56:16","guid":{"rendered":"https:\/\/www.ecinews.fr\/?p=474767"},"modified":"2025-03-12T19:53:13","modified_gmt":"2025-03-12T18:53:13","slug":"une-journee-dediee-a-lelectronique-de-puissace","status":"publish","type":"post","link":"https:\/\/www.ecinews.fr\/fr\/une-journee-dediee-a-lelectronique-de-puissace\/","title":{"rendered":"Une journ\u00e9e d\u00e9di\u00e9e \u00e0 l&rsquo;\u00e9lectronique de puissace"},"content":{"rendered":"<h3><span style=\"font-size: 16px;\">La deuxi\u00e8me journ\u00e9e de l\u2019\u00e9lectronique de puissance organis\u00e9e par Acsiel, se tiendra \u00e0 Lille, \u00e0 l\u2019\u00c9cole Nationale Sup\u00e9rieure des Arts et M\u00e9tiers le 27 mars 2025, sur le th\u00e8me : Concevoir des convertisseurs en accord avec les d\u00e9fis de la transition \u00e9nerg\u00e9tique : besoins et contraintes.<\/span><\/h3>\n<p><strong>Deux conf\u00e9rences d\u00e9bats le matin<\/strong>\u00a0:<\/p>\n<ul>\n<li>\n<p><span class=\"OYPEnA font-feature-liga-off font-feature-clig-off font-feature-calt-off text-decoration-none text-strikethrough-none\">\u00a0Les convertisseurs du Watt au Gigawatt : panorama des activit\u00e9s industrielles et de recherche en \u00e9lectronique de puissance. Sommes-nous en phase ?<\/span><\/p>\n<\/li>\n<li>\n<p><span class=\"OYPEnA font-feature-liga-off font-feature-clig-off font-feature-calt-off text-decoration-none text-strikethrough-none\">Recharge massive des VE et r\u00e9seau : regards crois\u00e9s sur les convertisseurs stationnaires et embarqu\u00e9s<\/span><\/p>\n<\/li>\n<\/ul>\n<p><strong>Deux Ateliers l\u2019apr\u00e8s-midi<\/strong><\/p>\n<ul>\n<li>\n<p><span class=\"OYPEnA font-feature-liga-off font-feature-clig-off font-feature-calt-off text-decoration-none text-strikethrough-none\">L\u2019\u00e9coconception : vers de nouvelles opportunit\u00e9s pour le d\u00e9veloppement des futurs convertisseurs<\/span><\/p>\n<\/li>\n<li>\n<p><span class=\"OYPEnA font-feature-liga-off font-feature-clig-off font-feature-calt-off text-decoration-none text-strikethrough-none\">Diversit\u00e9 des formations et des parcours professionnels en \u00e9lectronique de puissance<\/span><\/p>\n<\/li>\n<\/ul>\n<p>Initi\u00e9e en 2023 par\u00a0<a title=\"site #ACSIEL\" href=\"https:\/\/acsiel.fr\/\" target=\"acsiel.fr\" rel=\"noopener\">ACSIEL<\/a>\u00a0et le\u00a0<a title=\"Site P\u00f4le MEDEE\" href=\"https:\/\/www.pole-medee.com\/\" target=\"www.pole-medee.com\" rel=\"noopener\">P\u00f4le MEDEE<\/a>, la Journ\u00e9e \u00c9lectronique de Puissance Hauts-de-France s\u2019inscrit dans le contexte de la transition \u00e9nerg\u00e9tique. Cette ann\u00e9e, elle mettra en lumi\u00e8re les innovations et les d\u00e9fis associ\u00e9s \u00e0 la conception de\u00a0<a title=\"Lire notre article sur les convertisseurs de puissance\" href=\"https:\/\/acsiel.fr\/au-coeur-de-lelectronique\/comprendre-les-technologies-de-lelectronique\/composants-de-puissance\/convertisseurs-de-puissance-innovations\/\" target=\"acsiel.fr\" rel=\"noopener\">convertisseurs de puissance<\/a>. Cette \u00e9dition se concentrera sur l\u2019alignement des activit\u00e9s industrielles et de recherche, ainsi que sur l\u2019importance de l\u2019\u00e9coconception et de la formation pour r\u00e9pondre aux besoins \u00e9nerg\u00e9tiques actuels et futurs.<\/p>\n<p><a href=\"https:\/\/acsiel.fr\/\" target=\"acsiel.fr\" rel=\"noopener\">Acsiel<\/a><\/p>\n","protected":false},"excerpt":{"rendered":"<p>La deuxi\u00e8me journ\u00e9e de l\u2019\u00e9lectronique de puissance organis\u00e9e par Acsiel, se tiendra \u00e0 Lille, \u00e0 l\u2019\u00c9cole Nationale Sup\u00e9rieure des Arts et M\u00e9tiers le 27 mars 2025, sur le th\u00e8me : Concevoir des convertisseurs en accord avec les d\u00e9fis de la transition \u00e9nerg\u00e9tique : besoins et contraintes. Deux conf\u00e9rences d\u00e9bats le matin\u00a0: \u00a0Les convertisseurs du Watt [&hellip;]<\/p>\n","protected":false},"author":11,"featured_media":474773,"comment_status":"closed","ping_status":"closed","sticky":true,"template":"","format":"standard","meta":{"_acf_changed":false,"footnotes":""},"categories":[886],"tags":[9130,6463],"domains":[47],"ppma_author":[1143],"class_list":["post-474767","post","type-post","status-publish","format-standard","has-post-thumbnail","hentry","category-news-fr","tag-acsiel","tag-electronique-de-puissance-fr","domains-electronique-eci"],"acf":[],"yoast_head":"<title>Une journ\u00e9e d\u00e9di\u00e9e \u00e0 l&#039;\u00e9lectronique de puissace ...<\/title>\n<meta name=\"description\" content=\"La deuxi\u00e8me journ\u00e9e de l\u2019\u00e9lectronique de puissance organis\u00e9e par Acsiel, se tiendra \u00e0 Lille, \u00e0 l\u2019\u00c9cole Nationale Sup\u00e9rieure des Arts et M\u00e9tiers...\" \/>\n<meta name=\"robots\" content=\"index, follow, max-snippet:-1, max-image-preview:large, max-video-preview:-1\" \/>\n<link rel=\"canonical\" href=\"https:\/\/www.ecinews.fr\/fr\/wp-json\/wp\/v2\/posts\/474767\/\" \/>\n<meta property=\"og:locale\" content=\"fr_FR\" \/>\n<meta property=\"og:type\" content=\"article\" \/>\n<meta property=\"og:title\" content=\"Une journ\u00e9e d\u00e9di\u00e9e \u00e0 l&#039;\u00e9lectronique de puissace\" \/>\n<meta property=\"og:description\" content=\"La deuxi\u00e8me journ\u00e9e de l\u2019\u00e9lectronique de puissance organis\u00e9e par Acsiel, se tiendra \u00e0 Lille, \u00e0 l\u2019\u00c9cole Nationale Sup\u00e9rieure des Arts et M\u00e9tiers le 27 mars 2025, sur le th\u00e8me : Concevoir des convertisseurs en accord avec les d\u00e9fis de la transition \u00e9nerg\u00e9tique : besoins et contraintes. Deux conf\u00e9rences d\u00e9bats le matin\u00a0: \u00a0Les convertisseurs du Watt [&hellip;]\" \/>\n<meta property=\"og:url\" content=\"https:\/\/www.ecinews.fr\/fr\/wp-json\/wp\/v2\/posts\/474767\/\" \/>\n<meta property=\"og:site_name\" content=\"EENewsEurope\" \/>\n<meta property=\"article:published_time\" content=\"2025-03-09T20:56:16+00:00\" \/>\n<meta property=\"article:modified_time\" content=\"2025-03-12T18:53:13+00:00\" \/>\n<meta property=\"og:image\" content=\"https:\/\/www.ecinews.fr\/wp-content\/uploads\/2025\/03\/ACSIEL-2-1.jpg\" \/>\n\t<meta property=\"og:image:width\" content=\"159\" \/>\n\t<meta property=\"og:image:height\" content=\"129\" \/>\n\t<meta property=\"og:image:type\" content=\"image\/jpeg\" \/>\n<meta name=\"author\" content=\"Daniel Cardon\" \/>\n<meta name=\"twitter:card\" content=\"summary_large_image\" \/>\n<meta name=\"twitter:label1\" content=\"Written by\" \/>\n\t<meta name=\"twitter:data1\" content=\"Daniel Cardon\" \/>\n\t<meta name=\"twitter:label2\" content=\"Est. reading time\" \/>\n\t<meta name=\"twitter:data2\" content=\"1 minute\" \/>\n<script type=\"application\/ld+json\" class=\"yoast-schema-graph\">{\"@context\":\"https:\/\/schema.org\",\"@graph\":[{\"@type\":\"Article\",\"@id\":\"https:\/\/www.ecinews.fr\/fr\/une-journee-dediee-a-lelectronique-de-puissace\/#article\",\"isPartOf\":{\"@id\":\"https:\/\/www.ecinews.fr\/fr\/une-journee-dediee-a-lelectronique-de-puissace\/\"},\"author\":{\"name\":\"Daniel Cardon\",\"@id\":\"https:\/\/www.eenewseurope.com\/en\/#\/schema\/person\/93c44cde463762f40a8236eaa44c1c17\"},\"headline\":\"Une journ\u00e9e d\u00e9di\u00e9e \u00e0 l&rsquo;\u00e9lectronique de puissace\",\"datePublished\":\"2025-03-09T20:56:16+00:00\",\"dateModified\":\"2025-03-12T18:53:13+00:00\",\"mainEntityOfPage\":{\"@id\":\"https:\/\/www.ecinews.fr\/fr\/une-journee-dediee-a-lelectronique-de-puissace\/\"},\"wordCount\":221,\"publisher\":{\"@id\":\"https:\/\/www.eenewseurope.com\/en\/#organization\"},\"keywords\":[\"Acsiel\",\"\u00c9lectronique de puissance\"],\"articleSection\":[\"Actualit\u00e9 g\u00e9n\u00e9rale\"],\"inLanguage\":\"fr-FR\"},{\"@type\":\"WebPage\",\"@id\":\"https:\/\/www.ecinews.fr\/fr\/une-journee-dediee-a-lelectronique-de-puissace\/\",\"url\":\"https:\/\/www.ecinews.fr\/fr\/une-journee-dediee-a-lelectronique-de-puissace\/\",\"name\":\"Une journ\u00e9e d\u00e9di\u00e9e \u00e0 l'\u00e9lectronique de puissace -\",\"isPartOf\":{\"@id\":\"https:\/\/www.eenewseurope.com\/en\/#website\"},\"datePublished\":\"2025-03-09T20:56:16+00:00\",\"dateModified\":\"2025-03-12T18:53:13+00:00\",\"breadcrumb\":{\"@id\":\"https:\/\/www.ecinews.fr\/fr\/une-journee-dediee-a-lelectronique-de-puissace\/#breadcrumb\"},\"inLanguage\":\"fr-FR\",\"potentialAction\":[{\"@type\":\"ReadAction\",\"target\":[\"https:\/\/www.ecinews.fr\/fr\/une-journee-dediee-a-lelectronique-de-puissace\/\"]}]},{\"@type\":\"BreadcrumbList\",\"@id\":\"https:\/\/www.ecinews.fr\/fr\/une-journee-dediee-a-lelectronique-de-puissace\/#breadcrumb\",\"itemListElement\":[{\"@type\":\"ListItem\",\"position\":1,\"name\":\"Home\",\"item\":\"https:\/\/www.ecinews.fr\/fr\/\"},{\"@type\":\"ListItem\",\"position\":2,\"name\":\"Une journ\u00e9e d\u00e9di\u00e9e \u00e0 l&rsquo;\u00e9lectronique de puissace\"}]},{\"@type\":\"WebSite\",\"@id\":\"https:\/\/www.eenewseurope.com\/en\/#website\",\"url\":\"https:\/\/www.eenewseurope.com\/en\/\",\"name\":\"EENewsEurope\",\"description\":\"Just another WordPress site\",\"publisher\":{\"@id\":\"https:\/\/www.eenewseurope.com\/en\/#organization\"},\"potentialAction\":[{\"@type\":\"SearchAction\",\"target\":{\"@type\":\"EntryPoint\",\"urlTemplate\":\"https:\/\/www.eenewseurope.com\/en\/?s={search_term_string}\"},\"query-input\":\"required name=search_term_string\"}],\"inLanguage\":\"fr-FR\"},{\"@type\":\"Organization\",\"@id\":\"https:\/\/www.eenewseurope.com\/en\/#organization\",\"name\":\"EENewsEurope\",\"url\":\"https:\/\/www.eenewseurope.com\/en\/\",\"logo\":{\"@type\":\"ImageObject\",\"inLanguage\":\"fr-FR\",\"@id\":\"https:\/\/www.eenewseurope.com\/en\/#\/schema\/logo\/image\/\",\"url\":\"https:\/\/www.ecinews.fr\/wp-content\/uploads\/2022\/02\/logo-1.jpg\",\"contentUrl\":\"https:\/\/www.ecinews.fr\/wp-content\/uploads\/2022\/02\/logo-1.jpg\",\"width\":283,\"height\":113,\"caption\":\"EENewsEurope\"},\"image\":{\"@id\":\"https:\/\/www.eenewseurope.com\/en\/#\/schema\/logo\/image\/\"}},{\"@type\":\"Person\",\"@id\":\"https:\/\/www.eenewseurope.com\/en\/#\/schema\/person\/93c44cde463762f40a8236eaa44c1c17\",\"name\":\"Daniel Cardon\",\"image\":{\"@type\":\"ImageObject\",\"inLanguage\":\"fr-FR\",\"@id\":\"https:\/\/www.eenewseurope.com\/en\/#\/schema\/person\/image\/2b243f6bcc1cff7d86aadfb2cd0bd870\",\"url\":\"https:\/\/secure.gravatar.com\/avatar\/de9edc136dfc061ad4778e04635baefa?s=96&d=mm&r=g\",\"contentUrl\":\"https:\/\/secure.gravatar.com\/avatar\/de9edc136dfc061ad4778e04635baefa?s=96&d=mm&r=g\",\"caption\":\"Daniel Cardon\"}}]}<\/script>","yoast_head_json":{"title":"Une journ\u00e9e d\u00e9di\u00e9e \u00e0 l'\u00e9lectronique de puissace ...","description":"La deuxi\u00e8me journ\u00e9e de l\u2019\u00e9lectronique de puissance organis\u00e9e par Acsiel, se tiendra \u00e0 Lille, \u00e0 l\u2019\u00c9cole Nationale Sup\u00e9rieure des Arts et M\u00e9tiers...","robots":{"index":"index","follow":"follow","max-snippet":"max-snippet:-1","max-image-preview":"max-image-preview:large","max-video-preview":"max-video-preview:-1"},"canonical":"https:\/\/www.ecinews.fr\/fr\/wp-json\/wp\/v2\/posts\/474767\/","og_locale":"fr_FR","og_type":"article","og_title":"Une journ\u00e9e d\u00e9di\u00e9e \u00e0 l'\u00e9lectronique de puissace","og_description":"La deuxi\u00e8me journ\u00e9e de l\u2019\u00e9lectronique de puissance organis\u00e9e par Acsiel, se tiendra \u00e0 Lille, \u00e0 l\u2019\u00c9cole Nationale Sup\u00e9rieure des Arts et M\u00e9tiers le 27 mars 2025, sur le th\u00e8me : Concevoir des convertisseurs en accord avec les d\u00e9fis de la transition \u00e9nerg\u00e9tique : besoins et contraintes. Deux conf\u00e9rences d\u00e9bats le matin\u00a0: \u00a0Les convertisseurs du Watt [&hellip;]","og_url":"https:\/\/www.ecinews.fr\/fr\/wp-json\/wp\/v2\/posts\/474767\/","og_site_name":"EENewsEurope","article_published_time":"2025-03-09T20:56:16+00:00","article_modified_time":"2025-03-12T18:53:13+00:00","og_image":[{"width":159,"height":129,"url":"https:\/\/www.ecinews.fr\/wp-content\/uploads\/2025\/03\/ACSIEL-2-1.jpg","type":"image\/jpeg"}],"author":"Daniel Cardon","twitter_card":"summary_large_image","twitter_misc":{"Written by":"Daniel Cardon","Est. reading time":"1 minute"},"schema":{"@context":"https:\/\/schema.org","@graph":[{"@type":"Article","@id":"https:\/\/www.ecinews.fr\/fr\/une-journee-dediee-a-lelectronique-de-puissace\/#article","isPartOf":{"@id":"https:\/\/www.ecinews.fr\/fr\/une-journee-dediee-a-lelectronique-de-puissace\/"},"author":{"name":"Daniel Cardon","@id":"https:\/\/www.eenewseurope.com\/en\/#\/schema\/person\/93c44cde463762f40a8236eaa44c1c17"},"headline":"Une journ\u00e9e d\u00e9di\u00e9e \u00e0 l&rsquo;\u00e9lectronique de puissace","datePublished":"2025-03-09T20:56:16+00:00","dateModified":"2025-03-12T18:53:13+00:00","mainEntityOfPage":{"@id":"https:\/\/www.ecinews.fr\/fr\/une-journee-dediee-a-lelectronique-de-puissace\/"},"wordCount":221,"publisher":{"@id":"https:\/\/www.eenewseurope.com\/en\/#organization"},"keywords":["Acsiel","\u00c9lectronique de puissance"],"articleSection":["Actualit\u00e9 g\u00e9n\u00e9rale"],"inLanguage":"fr-FR"},{"@type":"WebPage","@id":"https:\/\/www.ecinews.fr\/fr\/une-journee-dediee-a-lelectronique-de-puissace\/","url":"https:\/\/www.ecinews.fr\/fr\/une-journee-dediee-a-lelectronique-de-puissace\/","name":"Une journ\u00e9e d\u00e9di\u00e9e \u00e0 l'\u00e9lectronique de puissace -","isPartOf":{"@id":"https:\/\/www.eenewseurope.com\/en\/#website"},"datePublished":"2025-03-09T20:56:16+00:00","dateModified":"2025-03-12T18:53:13+00:00","breadcrumb":{"@id":"https:\/\/www.ecinews.fr\/fr\/une-journee-dediee-a-lelectronique-de-puissace\/#breadcrumb"},"inLanguage":"fr-FR","potentialAction":[{"@type":"ReadAction","target":["https:\/\/www.ecinews.fr\/fr\/une-journee-dediee-a-lelectronique-de-puissace\/"]}]},{"@type":"BreadcrumbList","@id":"https:\/\/www.ecinews.fr\/fr\/une-journee-dediee-a-lelectronique-de-puissace\/#breadcrumb","itemListElement":[{"@type":"ListItem","position":1,"name":"Home","item":"https:\/\/www.ecinews.fr\/fr\/"},{"@type":"ListItem","position":2,"name":"Une journ\u00e9e d\u00e9di\u00e9e \u00e0 l&rsquo;\u00e9lectronique de puissace"}]},{"@type":"WebSite","@id":"https:\/\/www.eenewseurope.com\/en\/#website","url":"https:\/\/www.eenewseurope.com\/en\/","name":"EENewsEurope","description":"Just another WordPress site","publisher":{"@id":"https:\/\/www.eenewseurope.com\/en\/#organization"},"potentialAction":[{"@type":"SearchAction","target":{"@type":"EntryPoint","urlTemplate":"https:\/\/www.eenewseurope.com\/en\/?s={search_term_string}"},"query-input":"required name=search_term_string"}],"inLanguage":"fr-FR"},{"@type":"Organization","@id":"https:\/\/www.eenewseurope.com\/en\/#organization","name":"EENewsEurope","url":"https:\/\/www.eenewseurope.com\/en\/","logo":{"@type":"ImageObject","inLanguage":"fr-FR","@id":"https:\/\/www.eenewseurope.com\/en\/#\/schema\/logo\/image\/","url":"https:\/\/www.ecinews.fr\/wp-content\/uploads\/2022\/02\/logo-1.jpg","contentUrl":"https:\/\/www.ecinews.fr\/wp-content\/uploads\/2022\/02\/logo-1.jpg","width":283,"height":113,"caption":"EENewsEurope"},"image":{"@id":"https:\/\/www.eenewseurope.com\/en\/#\/schema\/logo\/image\/"}},{"@type":"Person","@id":"https:\/\/www.eenewseurope.com\/en\/#\/schema\/person\/93c44cde463762f40a8236eaa44c1c17","name":"Daniel Cardon","image":{"@type":"ImageObject","inLanguage":"fr-FR","@id":"https:\/\/www.eenewseurope.com\/en\/#\/schema\/person\/image\/2b243f6bcc1cff7d86aadfb2cd0bd870","url":"https:\/\/secure.gravatar.com\/avatar\/de9edc136dfc061ad4778e04635baefa?s=96&d=mm&r=g","contentUrl":"https:\/\/secure.gravatar.com\/avatar\/de9edc136dfc061ad4778e04635baefa?s=96&d=mm&r=g","caption":"Daniel Cardon"}}]}},"authors":[{"term_id":1143,"user_id":11,"is_guest":0,"slug":"danielcardon","display_name":"Daniel Cardon","avatar_url":"https:\/\/secure.gravatar.com\/avatar\/de9edc136dfc061ad4778e04635baefa?s=96&d=mm&r=g","0":null,"1":"","2":"","3":"","4":"","5":"","6":"","7":"","8":""}],"_links":{"self":[{"href":"https:\/\/www.ecinews.fr\/fr\/wp-json\/wp\/v2\/posts\/474767"}],"collection":[{"href":"https:\/\/www.ecinews.fr\/fr\/wp-json\/wp\/v2\/posts"}],"about":[{"href":"https:\/\/www.ecinews.fr\/fr\/wp-json\/wp\/v2\/types\/post"}],"author":[{"embeddable":true,"href":"https:\/\/www.ecinews.fr\/fr\/wp-json\/wp\/v2\/users\/11"}],"replies":[{"embeddable":true,"href":"https:\/\/www.ecinews.fr\/fr\/wp-json\/wp\/v2\/comments?post=474767"}],"version-history":[{"count":0,"href":"https:\/\/www.ecinews.fr\/fr\/wp-json\/wp\/v2\/posts\/474767\/revisions"}],"wp:featuredmedia":[{"embeddable":true,"href":"https:\/\/www.ecinews.fr\/fr\/wp-json\/wp\/v2\/media\/474773"}],"wp:attachment":[{"href":"https:\/\/www.ecinews.fr\/fr\/wp-json\/wp\/v2\/media?parent=474767"}],"wp:term":[{"taxonomy":"category","embeddable":true,"href":"https:\/\/www.ecinews.fr\/fr\/wp-json\/wp\/v2\/categories?post=474767"},{"taxonomy":"post_tag","embeddable":true,"href":"https:\/\/www.ecinews.fr\/fr\/wp-json\/wp\/v2\/tags?post=474767"},{"taxonomy":"domains","embeddable":true,"href":"https:\/\/www.ecinews.fr\/fr\/wp-json\/wp\/v2\/domains?post=474767"},{"taxonomy":"author","embeddable":true,"href":"https:\/\/www.ecinews.fr\/fr\/wp-json\/wp\/v2\/ppma_author?post=474767"}],"curies":[{"name":"wp","href":"https:\/\/api.w.org\/{rel}","templated":true}]}}