{"id":474711,"date":"2025-03-08T09:51:08","date_gmt":"2025-03-08T08:51:08","guid":{"rendered":"https:\/\/www.ecinews.fr\/?p=474711"},"modified":"2025-03-08T09:53:09","modified_gmt":"2025-03-08T08:53:09","slug":"de-lia-au-satellite-mobile-world-congress-2025","status":"publish","type":"post","link":"https:\/\/www.ecinews.fr\/fr\/de-lia-au-satellite-mobile-world-congress-2025\/","title":{"rendered":"De l&rsquo;IA au satellite : Mobile World Congress 2025"},"content":{"rendered":"<p>Le secteur mondial des t\u00e9l\u00e9communications s&rsquo;est rendu cette semaine \u00e0 Barcelone pour le Mobile World Congress 2025.<\/p>\n<p>Plus de 109 000 participants de 209 pays sont venus voir les derni\u00e8res technologies mobiles avanc\u00e9es, en particulier pour les satellites, et l&rsquo;IA de 2900 exposants. Le pavillon 4YFN a accueilli plus de 1 000 startups et plus de 900 investisseurs. Plus de la moiti\u00e9 (56 %) des participants repr\u00e9sentaient des secteurs adjacents \u00e0 l&rsquo;\u00e9cosyst\u00e8me mobile de base.<\/p>\n<p>\u00ab\u00a0L&rsquo;\u00e9v\u00e9nement de cette ann\u00e9e a montr\u00e9 \u00e0 quel point la technologie remod\u00e8le rapidement le monde qui nous entoure. Des r\u00e9seaux aliment\u00e9s par l&rsquo;IA \u00e0 l&rsquo;avenir de la mobilit\u00e9 intelligente, les discussions de cette semaine \u00e0 Barcelone donneront le ton pour l&rsquo;ann\u00e9e \u00e0 venir. Ce qui se passe au MWC ne reste pas au MWC, cela d\u00e9clenche de v\u00e9ritables changements. J&rsquo;ai h\u00e2te de voir o\u00f9 cette dynamique nous m\u00e8nera, en particulier au MWC25 de Shanghai en juin de cette ann\u00e9e.<\/p>\n<p>Si l&rsquo;IA est omnipr\u00e9sente, avec une <a href=\"https:\/\/www.eenewseurope.com\/en\/industrial-camera-taps-prophesee-event-driven-ai-sensor\/\">cam\u00e9ra industrielle utilisant l&rsquo;IA neuromorphique<\/a>, ce <a href=\"https:\/\/www.eenewseurope.com\/en\/ai-drives-mobile-world-congress-2024\/\">n&rsquo;\u00e9tait pas le cas en 2024<\/a>, car il y avait des nouvelles importantes sur l&rsquo;\u00e9volution des r\u00e9seaux non terrestres (NTN) par satellite, avec la <a href=\"https:\/\/www.eenewseurope.com\/en\/nordic-skylo-partner-on-cellular-satellite-communications\/\">voix sur NB-IoT<\/a> sur les <a href=\"https:\/\/www.eenewseurope.com\/en\/nordic-semi-myriota-provide-nb-iot-over-satellite\/\">puces de Nordic Semiconductor<\/a>, la <a href=\"https:\/\/www.eenewseurope.com\/en\/first-monolithic-quad-band-satellite-receiver-for-industrial-automotive\/\">premi\u00e8re puce GNSS monolithique quadri-bande<\/a> et <a href=\"https:\/\/www.eenewseurope.com\/en\/ensilica-to-build-fully-integrated-asics-for-resilient-gnss\/\">un contrat de conception d&rsquo;ASIC GNSS pour l&rsquo;ESA<\/a>.<\/p>\n<ul>\n<li><a href=\"https:\/\/www.eenewseurope.com\/en\/click-add-on-board-provides-global-lte-m-nb-iot-connectivity\/\">Cartes d&rsquo;extension pour une connectivit\u00e9 NB-IoT globale<\/a><\/li>\n<li><a href=\"https:\/\/www.eenewseurope.com\/en\/voice-over-satellite-breakthroughs-with-nb-iot\/\">Perc\u00e9e de la voix par satellite gr\u00e2ce \u00e0 NB-IoT<\/a><\/li>\n<\/ul>\n<p>Retour sur terre. L&rsquo;OpenRAN est moins \u00e9vident, mais c&rsquo;est parce qu&rsquo;il est devenu fondamental, explique Peter Claydon, PDG de RANsemi, concepteur britannique de puces pour les t\u00e9l\u00e9communications.<\/p>\n<p>\u00ab\u00a0Nous avons constat\u00e9 une acceptation g\u00e9n\u00e9rale de la stagnation de la croissance du march\u00e9 des r\u00e9seaux sans fil publics. Cependant, nous avons \u00e9galement constat\u00e9 une augmentation du nombre d&rsquo;entreprises d\u00e9ployant des r\u00e9seaux 5G priv\u00e9s et vendant des \u00e9quipements dans ces r\u00e9seaux. Beaucoup d&rsquo;entre eux sont des d\u00e9ploiements \u00e0 l&rsquo;int\u00e9rieur des b\u00e2timents et des zones locales bas\u00e9s sur des petites cellules\u00a0\u00bb, a d\u00e9clar\u00e9 Claydon.<\/p>\n<p>\u00ab\u00a0D&rsquo;un point de vue technologique, l&rsquo;IA \u00e9tait omnipr\u00e9sente, ce qui n&rsquo;est pas surprenant. Nous sommes au d\u00e9but du cycle de l&rsquo;engouement. Bien que l&rsquo;on n&rsquo;ait pas beaucoup parl\u00e9 de l&rsquo;Open RAN, il est clair que l&rsquo;Open RAN est d\u00e9sormais quelque chose dont on suppose l&rsquo;existence. Tout le monde l&rsquo;a, et si vous ne l&rsquo;avez pas, c&rsquo;est \u00e0 ce moment-l\u00e0 que les questions seront pos\u00e9es.<\/p>\n<ul>\n<li><a href=\"https:\/\/www.eenewseurope.com\/en\/antevia-networks-taps-ransemi-for-5g-open-ran-radio-units\/\">Antevia Networks fait appel \u00e0 RANsemi pour le 5G Open RAN<\/a><\/li>\n<li><a href=\"https:\/\/www.eenewseurope.com\/en\/end-to-end-5g-open-ran-starter-kit-simplifies-testing\/\">Kit de d\u00e9marrage 5G Open RAN de bout en bout<\/a><\/li>\n<\/ul>\n<p>\u00ab\u00a0Chez RANsemi, nous avons rencontr\u00e9 de nombreux clients existants pendant le salon, et nous sommes heureux d&rsquo;annoncer que beaucoup d&rsquo;entre eux sont en train de passer \u00e0 un d\u00e9ploiement en volume\u00a0\u00bb, a-t-il d\u00e9clar\u00e9. \u00ab\u00a0De plus, nous connaissons une croissance significative dans l&rsquo;acquisition de nouveaux clients, en particulier en Inde et au Moyen-Orient. Cela t\u00e9moigne de notre forte pr\u00e9sence sur le march\u00e9 et du soutien croissant des gouvernements aux initiatives locales de conception et de fabrication.\u00a0\u00bb<\/p>\n<p>L&rsquo;IA entra\u00eene \u00e9galement des changements dans l&rsquo;infrastructure. Nokia a vu son acquisition d&rsquo;Infinera se concr\u00e9tiser, soulignant le passage au \u00ab\u00a0cloud commun\u00a0\u00bb.<\/p>\n<ul>\n<li><a href=\"https:\/\/www.eenewseurope.com\/en\/europe-clears-nokias-2-3bn-infinera-ai-takeover-at-the-last-minute\/\">L&rsquo;Europe autorise l&rsquo;op\u00e9ration Infinera de Nokia \u00e0 la derni\u00e8re minute<\/a><\/li>\n<\/ul>\n<p>\u00ab\u00a0Plut\u00f4t que de s&rsquo;appuyer sur des environnements cloisonn\u00e9s, les op\u00e9rateurs exploitent d\u00e9sormais des plateformes cloud multi-tenant pour optimiser les co\u00fbts et l&rsquo;efficacit\u00e9, ce qui se traduit par une meilleure \u00e9volutivit\u00e9, une gestion plus facile du r\u00e9seau et une moindre d\u00e9pendance \u00e0 l&rsquo;\u00e9gard des \u00e9cosyst\u00e8mes propri\u00e9taires d&rsquo;un seul fournisseur\u00a0\u00bb, a d\u00e9clar\u00e9 Ivo Ivanov, PDG du sp\u00e9cialiste allemand de l&rsquo;interconnexion DE-CIX.<\/p>\n<p>Toutefois, cette \u00e9volution de l&rsquo;infrastructure soul\u00e8ve des d\u00e9fis qui lui sont propres. Si les op\u00e9rateurs de r\u00e9seaux et les entreprises consolident les charges de travail dans des environnements en cloud partag\u00e9s, ils ont besoin d&rsquo;une connectivit\u00e9 fiable pour garantir un acc\u00e8s aux donn\u00e9es coh\u00e9rent et \u00e0 faible latence .<\/p>\n<p>\u00ab\u00a0Les connexions Internet publiques ne suffiront pas \u00e0 elles seules, surtout lorsqu&rsquo;il s&rsquo;agit d&rsquo;inf\u00e9rence d&rsquo;IA comme l&rsquo;analyse ou l&rsquo;utilisation de LLM o\u00f9 chaque milliseconde compte. C&rsquo;est pourquoi nous assistons \u00e0 une \u00e9volution vers une interconnexion directe et \u00e0 haut d\u00e9bit entre les fournisseurs de cloud, les op\u00e9rateurs t\u00e9l\u00e9coms et les r\u00e9seaux d&rsquo;entreprise en 2025, le \u00ab\u00a0cloud commun\u00a0\u00bb.\u00a0\u00bb<\/p>\n<p>\u00ab\u00a0L&rsquo;une des annonces les plus importantes a \u00e9t\u00e9 faite par Nokia, AMD, Cisco et Jio, qui ont <a href=\"https:\/\/newsroom.cisco.com\/c\/r\/newsroom\/en\/us\/a\/y2025\/m03\/jio-platforms-limited-along-with-amd-cisco-and-nokia-unveil-plans-for-open-telecom-ai-platform-at-mobile-world-congress-2025.html\">d\u00e9voil\u00e9 ensemble des<\/a> plans pour une plateforme ax\u00e9e sur l&rsquo;IA afin de red\u00e9finir les op\u00e9rations de t\u00e9l\u00e9communications\u00a0\u00bb, a-t-il d\u00e9clar\u00e9<\/p>\n<p>L&rsquo;objectif est de rationaliser les op\u00e9rations du r\u00e9seau et d&rsquo;optimiser les performances en temps r\u00e9el. \u00ab\u00a0Cela nous a rappel\u00e9 une autre tendance que nous voyons \u00e9merger : l&rsquo;IA n&rsquo;est pas seulement une technologie orient\u00e9e vers le consommateur, mais un composant int\u00e9gr\u00e9 dans le tissu m\u00eame de l&rsquo;infrastructure\u00a0\u00bb, a-t-il d\u00e9clar\u00e9.<\/p>\n<p>\u00ab\u00a0L&rsquo;app\u00e9tit de l&rsquo;IA pour la puissance de calcul oblige l&rsquo;industrie \u00e0 repenser cette infrastructure. Avec des mod\u00e8les d&rsquo;IA qui gagnent en taille et en complexit\u00e9, les architectures cloud traditionnelles risquent de ne pas suffire. L&rsquo;informatique edge, la colocation, les \u00e9changes dans le cloud et l&rsquo;interconnexion directe entre le nuage et les services d&rsquo;IA apparaissent comme des \u00e9l\u00e9ments essentiels des r\u00e9seaux \u00ab\u00a0pr\u00eats pour l&rsquo;IA\u00a0\u00bb de demain.<\/p>\n<p>Le Mobile World Congress se tiendra l&rsquo;ann\u00e9e prochaine du 2 au 5 mars 2026.<\/p>\n<p><a href=\"http:\/\/www.mwcbarcelona.com\">www.mwcbarcelona.com<\/a><\/p>\n<p>&nbsp;<\/p>\n","protected":false},"excerpt":{"rendered":"<p>Le secteur mondial des t\u00e9l\u00e9communications s&rsquo;est rendu cette semaine \u00e0 Barcelone pour le Mobile World Congress 2025. Plus de 109 000 participants de 209 pays sont venus voir les derni\u00e8res technologies mobiles avanc\u00e9es, en particulier pour les satellites, et l&rsquo;IA de 2900 exposants. Le pavillon 4YFN a accueilli plus de 1 000 startups et plus [&hellip;]<\/p>\n","protected":false},"author":34,"featured_media":474692,"comment_status":"closed","ping_status":"closed","sticky":false,"template":"","format":"standard","meta":{"_acf_changed":false,"footnotes":""},"categories":[887],"tags":[2770,2198,919,3173],"domains":[47],"ppma_author":[3640,1153],"class_list":["post-474711","post","type-post","status-publish","format-standard","has-post-thumbnail","hentry","category-applications","tag-edge-fr","tag-ia","tag-iot-fr","tag-telecommunications","domains-electronique-eci"],"acf":[],"yoast_head":"<title>De l&#039;IA au satellite : Mobile World Congress 2025 ...<\/title>\n<meta name=\"description\" content=\"Le secteur des t\u00e9l\u00e9coms s&#039;est rendu \u00e0 Barcelone pour le Mobile World Congress 2025, avec des innovations allant de l&#039;IA aux satellites.\" \/>\n<meta name=\"robots\" content=\"index, follow, max-snippet:-1, max-image-preview:large, max-video-preview:-1\" \/>\n<link rel=\"canonical\" href=\"https:\/\/www.ecinews.fr\/fr\/wp-json\/wp\/v2\/posts\/474711\/\" \/>\n<meta property=\"og:locale\" content=\"fr_FR\" \/>\n<meta property=\"og:type\" content=\"article\" \/>\n<meta property=\"og:title\" content=\"De l&#039;IA au satellite : Mobile World Congress 2025\" \/>\n<meta property=\"og:description\" content=\"Le secteur des t\u00e9l\u00e9coms s&#039;est rendu \u00e0 Barcelone pour le Mobile World Congress 2025, avec des innovations allant de l&#039;IA aux satellites.\" \/>\n<meta property=\"og:url\" content=\"https:\/\/www.ecinews.fr\/fr\/wp-json\/wp\/v2\/posts\/474711\/\" \/>\n<meta property=\"og:site_name\" content=\"EENewsEurope\" \/>\n<meta property=\"article:published_time\" content=\"2025-03-08T08:51:08+00:00\" \/>\n<meta property=\"article:modified_time\" content=\"2025-03-08T08:53:09+00:00\" \/>\n<meta property=\"og:image\" content=\"https:\/\/www.ecinews.fr\/wp-content\/uploads\/2025\/03\/MWC2025.png\" \/>\n\t<meta property=\"og:image:width\" content=\"1202\" \/>\n\t<meta property=\"og:image:height\" content=\"862\" \/>\n\t<meta property=\"og:image:type\" content=\"image\/png\" \/>\n<meta name=\"author\" content=\"Nick Flaherty, A Delapalisse\" \/>\n<meta name=\"twitter:card\" content=\"summary_large_image\" \/>\n<meta name=\"twitter:label1\" content=\"Written by\" \/>\n\t<meta name=\"twitter:data1\" content=\"A Delapalisse\" \/>\n\t<meta name=\"twitter:label2\" content=\"Est. reading time\" \/>\n\t<meta name=\"twitter:data2\" content=\"4 minutes\" \/>\n<script type=\"application\/ld+json\" class=\"yoast-schema-graph\">{\"@context\":\"https:\/\/schema.org\",\"@graph\":[{\"@type\":\"Article\",\"@id\":\"https:\/\/www.ecinews.fr\/fr\/de-lia-au-satellite-mobile-world-congress-2025\/#article\",\"isPartOf\":{\"@id\":\"https:\/\/www.ecinews.fr\/fr\/de-lia-au-satellite-mobile-world-congress-2025\/\"},\"author\":{\"name\":\"A Delapalisse\",\"@id\":\"https:\/\/www.ecinews.fr\/fr\/#\/schema\/person\/0aa2cfb0bd8949724a68cbac8d8321b4\"},\"headline\":\"De l&rsquo;IA au satellite : Mobile World Congress 2025\",\"datePublished\":\"2025-03-08T08:51:08+00:00\",\"dateModified\":\"2025-03-08T08:53:09+00:00\",\"mainEntityOfPage\":{\"@id\":\"https:\/\/www.ecinews.fr\/fr\/de-lia-au-satellite-mobile-world-congress-2025\/\"},\"wordCount\":984,\"publisher\":{\"@id\":\"https:\/\/www.ecinews.fr\/fr\/#organization\"},\"keywords\":[\"Edge\",\"IA\",\"IoT\",\"T\u00e9l\u00e9communications\"],\"articleSection\":[\"Applications\"],\"inLanguage\":\"fr-FR\"},{\"@type\":\"WebPage\",\"@id\":\"https:\/\/www.ecinews.fr\/fr\/de-lia-au-satellite-mobile-world-congress-2025\/\",\"url\":\"https:\/\/www.ecinews.fr\/fr\/de-lia-au-satellite-mobile-world-congress-2025\/\",\"name\":\"De l'IA au satellite : Mobile World Congress 2025 -\",\"isPartOf\":{\"@id\":\"https:\/\/www.ecinews.fr\/fr\/#website\"},\"datePublished\":\"2025-03-08T08:51:08+00:00\",\"dateModified\":\"2025-03-08T08:53:09+00:00\",\"description\":\"Le secteur des t\u00e9l\u00e9coms s'est rendu \u00e0 Barcelone pour le Mobile World Congress 2025, avec des innovations allant de l'IA aux satellites.\",\"breadcrumb\":{\"@id\":\"https:\/\/www.ecinews.fr\/fr\/de-lia-au-satellite-mobile-world-congress-2025\/#breadcrumb\"},\"inLanguage\":\"fr-FR\",\"potentialAction\":[{\"@type\":\"ReadAction\",\"target\":[\"https:\/\/www.ecinews.fr\/fr\/de-lia-au-satellite-mobile-world-congress-2025\/\"]}]},{\"@type\":\"BreadcrumbList\",\"@id\":\"https:\/\/www.ecinews.fr\/fr\/de-lia-au-satellite-mobile-world-congress-2025\/#breadcrumb\",\"itemListElement\":[{\"@type\":\"ListItem\",\"position\":1,\"name\":\"Home\",\"item\":\"https:\/\/www.ecinews.fr\/fr\/\"},{\"@type\":\"ListItem\",\"position\":2,\"name\":\"De l&rsquo;IA au satellite : Mobile World Congress 2025\"}]},{\"@type\":\"WebSite\",\"@id\":\"https:\/\/www.ecinews.fr\/fr\/#website\",\"url\":\"https:\/\/www.ecinews.fr\/fr\/\",\"name\":\"EENewsEurope\",\"description\":\"Just another WordPress site\",\"publisher\":{\"@id\":\"https:\/\/www.ecinews.fr\/fr\/#organization\"},\"potentialAction\":[{\"@type\":\"SearchAction\",\"target\":{\"@type\":\"EntryPoint\",\"urlTemplate\":\"https:\/\/www.ecinews.fr\/fr\/?s={search_term_string}\"},\"query-input\":\"required name=search_term_string\"}],\"inLanguage\":\"fr-FR\"},{\"@type\":\"Organization\",\"@id\":\"https:\/\/www.ecinews.fr\/fr\/#organization\",\"name\":\"EENewsEurope\",\"url\":\"https:\/\/www.ecinews.fr\/fr\/\",\"logo\":{\"@type\":\"ImageObject\",\"inLanguage\":\"fr-FR\",\"@id\":\"https:\/\/www.ecinews.fr\/fr\/#\/schema\/logo\/image\/\",\"url\":\"https:\/\/www.ecinews.fr\/wp-content\/uploads\/2022\/02\/logo-1.jpg\",\"contentUrl\":\"https:\/\/www.ecinews.fr\/wp-content\/uploads\/2022\/02\/logo-1.jpg\",\"width\":283,\"height\":113,\"caption\":\"EENewsEurope\"},\"image\":{\"@id\":\"https:\/\/www.ecinews.fr\/fr\/#\/schema\/logo\/image\/\"}},{\"@type\":\"Person\",\"@id\":\"https:\/\/www.ecinews.fr\/fr\/#\/schema\/person\/0aa2cfb0bd8949724a68cbac8d8321b4\",\"name\":\"A Delapalisse\",\"image\":{\"@type\":\"ImageObject\",\"inLanguage\":\"fr-FR\",\"@id\":\"https:\/\/www.ecinews.fr\/fr\/#\/schema\/person\/image\/211ac42237c2e9683c0964086c393cb4\",\"url\":\"https:\/\/secure.gravatar.com\/avatar\/ad45a8c5da24bc9c7c4940dd1c48a695?s=96&d=mm&r=g\",\"contentUrl\":\"https:\/\/secure.gravatar.com\/avatar\/ad45a8c5da24bc9c7c4940dd1c48a695?s=96&d=mm&r=g\",\"caption\":\"A Delapalisse\"},\"sameAs\":[\"http:\/\/ECI\"]}]}<\/script>","yoast_head_json":{"title":"De l'IA au satellite : Mobile World Congress 2025 ...","description":"Le secteur des t\u00e9l\u00e9coms s'est rendu \u00e0 Barcelone pour le Mobile World Congress 2025, avec des innovations allant de l'IA aux satellites.","robots":{"index":"index","follow":"follow","max-snippet":"max-snippet:-1","max-image-preview":"max-image-preview:large","max-video-preview":"max-video-preview:-1"},"canonical":"https:\/\/www.ecinews.fr\/fr\/wp-json\/wp\/v2\/posts\/474711\/","og_locale":"fr_FR","og_type":"article","og_title":"De l'IA au satellite : Mobile World Congress 2025","og_description":"Le secteur des t\u00e9l\u00e9coms s'est rendu \u00e0 Barcelone pour le Mobile World Congress 2025, avec des innovations allant de l'IA aux satellites.","og_url":"https:\/\/www.ecinews.fr\/fr\/wp-json\/wp\/v2\/posts\/474711\/","og_site_name":"EENewsEurope","article_published_time":"2025-03-08T08:51:08+00:00","article_modified_time":"2025-03-08T08:53:09+00:00","og_image":[{"width":1202,"height":862,"url":"https:\/\/www.ecinews.fr\/wp-content\/uploads\/2025\/03\/MWC2025.png","type":"image\/png"}],"author":"Nick Flaherty, A Delapalisse","twitter_card":"summary_large_image","twitter_misc":{"Written by":"A Delapalisse","Est. reading time":"4 minutes"},"schema":{"@context":"https:\/\/schema.org","@graph":[{"@type":"Article","@id":"https:\/\/www.ecinews.fr\/fr\/de-lia-au-satellite-mobile-world-congress-2025\/#article","isPartOf":{"@id":"https:\/\/www.ecinews.fr\/fr\/de-lia-au-satellite-mobile-world-congress-2025\/"},"author":{"name":"A Delapalisse","@id":"https:\/\/www.ecinews.fr\/fr\/#\/schema\/person\/0aa2cfb0bd8949724a68cbac8d8321b4"},"headline":"De l&rsquo;IA au satellite : Mobile World Congress 2025","datePublished":"2025-03-08T08:51:08+00:00","dateModified":"2025-03-08T08:53:09+00:00","mainEntityOfPage":{"@id":"https:\/\/www.ecinews.fr\/fr\/de-lia-au-satellite-mobile-world-congress-2025\/"},"wordCount":984,"publisher":{"@id":"https:\/\/www.ecinews.fr\/fr\/#organization"},"keywords":["Edge","IA","IoT","T\u00e9l\u00e9communications"],"articleSection":["Applications"],"inLanguage":"fr-FR"},{"@type":"WebPage","@id":"https:\/\/www.ecinews.fr\/fr\/de-lia-au-satellite-mobile-world-congress-2025\/","url":"https:\/\/www.ecinews.fr\/fr\/de-lia-au-satellite-mobile-world-congress-2025\/","name":"De l'IA au satellite : Mobile World Congress 2025 -","isPartOf":{"@id":"https:\/\/www.ecinews.fr\/fr\/#website"},"datePublished":"2025-03-08T08:51:08+00:00","dateModified":"2025-03-08T08:53:09+00:00","description":"Le secteur des t\u00e9l\u00e9coms s'est rendu \u00e0 Barcelone pour le Mobile World Congress 2025, avec des innovations allant de l'IA aux satellites.","breadcrumb":{"@id":"https:\/\/www.ecinews.fr\/fr\/de-lia-au-satellite-mobile-world-congress-2025\/#breadcrumb"},"inLanguage":"fr-FR","potentialAction":[{"@type":"ReadAction","target":["https:\/\/www.ecinews.fr\/fr\/de-lia-au-satellite-mobile-world-congress-2025\/"]}]},{"@type":"BreadcrumbList","@id":"https:\/\/www.ecinews.fr\/fr\/de-lia-au-satellite-mobile-world-congress-2025\/#breadcrumb","itemListElement":[{"@type":"ListItem","position":1,"name":"Home","item":"https:\/\/www.ecinews.fr\/fr\/"},{"@type":"ListItem","position":2,"name":"De l&rsquo;IA au satellite : Mobile World Congress 2025"}]},{"@type":"WebSite","@id":"https:\/\/www.ecinews.fr\/fr\/#website","url":"https:\/\/www.ecinews.fr\/fr\/","name":"EENewsEurope","description":"Just another WordPress site","publisher":{"@id":"https:\/\/www.ecinews.fr\/fr\/#organization"},"potentialAction":[{"@type":"SearchAction","target":{"@type":"EntryPoint","urlTemplate":"https:\/\/www.ecinews.fr\/fr\/?s={search_term_string}"},"query-input":"required name=search_term_string"}],"inLanguage":"fr-FR"},{"@type":"Organization","@id":"https:\/\/www.ecinews.fr\/fr\/#organization","name":"EENewsEurope","url":"https:\/\/www.ecinews.fr\/fr\/","logo":{"@type":"ImageObject","inLanguage":"fr-FR","@id":"https:\/\/www.ecinews.fr\/fr\/#\/schema\/logo\/image\/","url":"https:\/\/www.ecinews.fr\/wp-content\/uploads\/2022\/02\/logo-1.jpg","contentUrl":"https:\/\/www.ecinews.fr\/wp-content\/uploads\/2022\/02\/logo-1.jpg","width":283,"height":113,"caption":"EENewsEurope"},"image":{"@id":"https:\/\/www.ecinews.fr\/fr\/#\/schema\/logo\/image\/"}},{"@type":"Person","@id":"https:\/\/www.ecinews.fr\/fr\/#\/schema\/person\/0aa2cfb0bd8949724a68cbac8d8321b4","name":"A Delapalisse","image":{"@type":"ImageObject","inLanguage":"fr-FR","@id":"https:\/\/www.ecinews.fr\/fr\/#\/schema\/person\/image\/211ac42237c2e9683c0964086c393cb4","url":"https:\/\/secure.gravatar.com\/avatar\/ad45a8c5da24bc9c7c4940dd1c48a695?s=96&d=mm&r=g","contentUrl":"https:\/\/secure.gravatar.com\/avatar\/ad45a8c5da24bc9c7c4940dd1c48a695?s=96&d=mm&r=g","caption":"A Delapalisse"},"sameAs":["http:\/\/ECI"]}]}},"authors":[{"term_id":3640,"user_id":0,"is_guest":1,"slug":"nick-flaherty","display_name":"Nick Flaherty","avatar_url":"https:\/\/secure.gravatar.com\/avatar\/?s=96&d=mm&r=g","0":null,"1":"","2":"","3":"","4":"","5":"","6":"","7":"","8":""},{"term_id":1153,"user_id":34,"is_guest":0,"slug":"adelapalisse","display_name":"A Delapalisse","avatar_url":"https:\/\/secure.gravatar.com\/avatar\/ad45a8c5da24bc9c7c4940dd1c48a695?s=96&d=mm&r=g","0":null,"1":"","2":"","3":"","4":"","5":"","6":"","7":"","8":""}],"_links":{"self":[{"href":"https:\/\/www.ecinews.fr\/fr\/wp-json\/wp\/v2\/posts\/474711"}],"collection":[{"href":"https:\/\/www.ecinews.fr\/fr\/wp-json\/wp\/v2\/posts"}],"about":[{"href":"https:\/\/www.ecinews.fr\/fr\/wp-json\/wp\/v2\/types\/post"}],"author":[{"embeddable":true,"href":"https:\/\/www.ecinews.fr\/fr\/wp-json\/wp\/v2\/users\/34"}],"replies":[{"embeddable":true,"href":"https:\/\/www.ecinews.fr\/fr\/wp-json\/wp\/v2\/comments?post=474711"}],"version-history":[{"count":0,"href":"https:\/\/www.ecinews.fr\/fr\/wp-json\/wp\/v2\/posts\/474711\/revisions"}],"wp:featuredmedia":[{"embeddable":true,"href":"https:\/\/www.ecinews.fr\/fr\/wp-json\/wp\/v2\/media\/474692"}],"wp:attachment":[{"href":"https:\/\/www.ecinews.fr\/fr\/wp-json\/wp\/v2\/media?parent=474711"}],"wp:term":[{"taxonomy":"category","embeddable":true,"href":"https:\/\/www.ecinews.fr\/fr\/wp-json\/wp\/v2\/categories?post=474711"},{"taxonomy":"post_tag","embeddable":true,"href":"https:\/\/www.ecinews.fr\/fr\/wp-json\/wp\/v2\/tags?post=474711"},{"taxonomy":"domains","embeddable":true,"href":"https:\/\/www.ecinews.fr\/fr\/wp-json\/wp\/v2\/domains?post=474711"},{"taxonomy":"author","embeddable":true,"href":"https:\/\/www.ecinews.fr\/fr\/wp-json\/wp\/v2\/ppma_author?post=474711"}],"curies":[{"name":"wp","href":"https:\/\/api.w.org\/{rel}","templated":true}]}}