{"id":473793,"date":"2025-02-26T20:34:45","date_gmt":"2025-02-26T19:34:45","guid":{"rendered":"https:\/\/www.ecinews.fr\/?p=473793"},"modified":"2025-02-26T20:34:45","modified_gmt":"2025-02-26T19:34:45","slug":"infineon-ajoute-la-vision-artificielle-a-loutil-dia-de-pointe","status":"publish","type":"post","link":"https:\/\/www.ecinews.fr\/fr\/infineon-ajoute-la-vision-artificielle-a-loutil-dia-de-pointe\/","title":{"rendered":"Infineon ajoute la vision artificielle \u00e0 l&rsquo;outil d&rsquo;IA de pointe"},"content":{"rendered":"<h3><span style=\"font-size: 16px;\">Infineon Technologies ajoute la prise en charge de l&rsquo;apprentissage automatique par vision artificielle \u00e0 son outil de d\u00e9veloppement de l&rsquo;IA Deepcraft Studio.\u00a0<\/span><\/h3>\n<p><span style=\"font-size: 16px;\">Le syst\u00e8me s&rsquo;appuie sur la prise en charge\u00a0<\/span><span style=\"font-size: 16px;\">des donn\u00e9es d\u00e9j\u00e0 existante quelles soient\u00a0 audio, radar et toutes autres sources de donn\u00e9es temporelles dans l&rsquo;outil qui a \u00e9t\u00e9 d\u00e9velopp\u00e9 avec Imagimob.\u00a0<\/span><\/p>\n<p>La vision par ordinateur est une technologie cl\u00e9 pour l&rsquo;apprentissage automatique, avec des structures telles que YOLO utilis\u00e9es pour l&rsquo;inspection visuelle en temps r\u00e9el de composants ou pour stopper des machines en pr\u00e9sence d&rsquo;un op\u00e9rateur.<\/p>\n<p>\u00ab\u00a0Ces mises \u00e0 jour de Deepcraft Studio optimisent chaque \u00e9tape du d\u00e9veloppement de mod\u00e8les d&rsquo;IA pour les cas d&rsquo;utilisation bas\u00e9s sur la vision, en commen\u00e7ant par la collecte et le pr\u00e9traitement des donn\u00e9es et jusqu&rsquo;au d\u00e9ploiement du mod\u00e8le\u00a0\u00bb, d\u00e9clare Alexander Samuelsson, chef de produit pour Deepcraft Studio. \u00ab\u00a0Cela signifie que nous offrons aux d\u00e9veloppeurs un support de bout en bout pour la vision. Avec ce support associ\u00e9 aux MCU d&rsquo;apprentissage automatique haute performance PSOC Edge d&rsquo;Infineon, les clients d&rsquo;Infineon sont bien \u00e9quip\u00e9s pour ajouter \u00e0 leurs produits des fonctionnalit\u00e9s Edge AI haut de gamme.\u00a0\u00bb<\/p>\n<p>Une d\u00e9monstration de la d\u00e9tection d&rsquo;objets \u00e0 l&rsquo;aide des mod\u00e8les YOLO d&rsquo;Ultralytics permet aux d\u00e9veloppeurs de former des cadres de vision artificielle personnalis\u00e9s \u00e0 l&rsquo;aide de l&rsquo;outil. Cela r\u00e9duit consid\u00e9rablement le temps de formation tout en maintenant une grande pr\u00e9cision, ce qui rend le d\u00e9ploiement de l&rsquo;IA plus rapide et plus efficace.<\/p>\n<p>Les d\u00e9veloppeurs peuvent ex\u00e9cuter leur mod\u00e8le en temps r\u00e9el \u00e0 l&rsquo;aide de leur propre ordinateur et de leur propre cam\u00e9ra, afin de s&rsquo;assurer qu&rsquo;il fonctionne comme pr\u00e9vu avant de le d\u00e9ployer sur le mat\u00e9riel. Cela acc\u00e9l\u00e8re le d\u00e9veloppement, car des am\u00e9liorations peuvent \u00eatre apport\u00e9es au mod\u00e8le avant qu&rsquo;il ne soit d\u00e9ploy\u00e9.<\/p>\n<p>La version de Deepcraft Studio prenant en charge la vision sera publi\u00e9e en avril avec une mise \u00e0 jour automatique, et l&rsquo;outil peut \u00eatre t\u00e9l\u00e9charg\u00e9 <a href=\"https:\/\/softwaretools.infineon.com\/tools\/com.ifx.tb.tool.imagimobstudio\">ici.<\/a><\/p>\n<p><a href=\"http:\/\/www.infineon.com\/deepcraft\">www.infineon.com\/deepcraft<\/a><\/p>\n<p>&nbsp;<\/p>\n","protected":false},"excerpt":{"rendered":"<p>Infineon Technologies ajoute la prise en charge de l&rsquo;apprentissage automatique par vision artificielle \u00e0 son outil de d\u00e9veloppement de l&rsquo;IA Deepcraft Studio.\u00a0 Le syst\u00e8me s&rsquo;appuie sur la prise en charge\u00a0des donn\u00e9es d\u00e9j\u00e0 existante quelles soient\u00a0 audio, radar et toutes autres sources de donn\u00e9es temporelles dans l&rsquo;outil qui a \u00e9t\u00e9 d\u00e9velopp\u00e9 avec Imagimob.\u00a0 La vision par [&hellip;]<\/p>\n","protected":false},"author":11,"featured_media":473783,"comment_status":"closed","ping_status":"closed","sticky":false,"template":"","format":"standard","meta":{"_acf_changed":false,"footnotes":""},"categories":[881],"tags":[3679,917],"domains":[47],"ppma_author":[3640,1143],"class_list":["post-473793","post","type-post","status-publish","format-standard","has-post-thumbnail","hentry","category-nouveaux-produits","tag-ai-fr","tag-software-embedded-tools-fr","domains-electronique-eci"],"acf":[],"yoast_head":"<title>Infineon ajoute la vision artificielle \u00e0 l&#039;outil d&#039;IA de pointe ...<\/title>\n<meta name=\"description\" content=\"prise en charge de l&#039;apprentissage automatique par vision artificielle ajout\u00e9 \u00e0 l&#039;outil de d\u00e9veloppement de l&#039;IA Deepcraft Studio.\" \/>\n<meta name=\"robots\" content=\"index, follow, max-snippet:-1, max-image-preview:large, max-video-preview:-1\" \/>\n<link rel=\"canonical\" href=\"https:\/\/www.ecinews.fr\/fr\/wp-json\/wp\/v2\/posts\/473793\/\" \/>\n<meta property=\"og:locale\" content=\"fr_FR\" \/>\n<meta property=\"og:type\" content=\"article\" \/>\n<meta property=\"og:title\" content=\"Infineon ajoute la vision artificielle \u00e0 l&#039;outil d&#039;IA de pointe\" \/>\n<meta property=\"og:description\" content=\"prise en charge de l&#039;apprentissage automatique par vision artificielle ajout\u00e9 \u00e0 l&#039;outil de d\u00e9veloppement de l&#039;IA Deepcraft Studio.\" \/>\n<meta property=\"og:url\" content=\"https:\/\/www.ecinews.fr\/fr\/wp-json\/wp\/v2\/posts\/473793\/\" \/>\n<meta property=\"og:site_name\" content=\"EENewsEurope\" \/>\n<meta property=\"article:published_time\" content=\"2025-02-26T19:34:45+00:00\" \/>\n<meta property=\"og:image\" content=\"https:\/\/www.ecinews.fr\/wp-content\/uploads\/2025\/02\/DEEPCRAFT_vision_support-scaled.jpg\" \/>\n\t<meta property=\"og:image:width\" content=\"1080\" \/>\n\t<meta property=\"og:image:height\" content=\"702\" \/>\n\t<meta property=\"og:image:type\" content=\"image\/jpeg\" \/>\n<meta name=\"author\" content=\"Nick Flaherty, Daniel Cardon\" \/>\n<meta name=\"twitter:card\" content=\"summary_large_image\" \/>\n<meta name=\"twitter:label1\" content=\"Written by\" \/>\n\t<meta name=\"twitter:data1\" content=\"Daniel Cardon\" \/>\n\t<meta name=\"twitter:label2\" content=\"Est. reading time\" \/>\n\t<meta name=\"twitter:data2\" content=\"2 minutes\" \/>\n<script type=\"application\/ld+json\" class=\"yoast-schema-graph\">{\"@context\":\"https:\/\/schema.org\",\"@graph\":[{\"@type\":\"Article\",\"@id\":\"https:\/\/www.ecinews.fr\/fr\/infineon-ajoute-la-vision-artificielle-a-loutil-dia-de-pointe\/#article\",\"isPartOf\":{\"@id\":\"https:\/\/www.ecinews.fr\/fr\/infineon-ajoute-la-vision-artificielle-a-loutil-dia-de-pointe\/\"},\"author\":{\"name\":\"Daniel Cardon\",\"@id\":\"https:\/\/www.eenewseurope.com\/en\/#\/schema\/person\/93c44cde463762f40a8236eaa44c1c17\"},\"headline\":\"Infineon ajoute la vision artificielle \u00e0 l&rsquo;outil d&rsquo;IA de pointe\",\"datePublished\":\"2025-02-26T19:34:45+00:00\",\"dateModified\":\"2025-02-26T19:34:45+00:00\",\"mainEntityOfPage\":{\"@id\":\"https:\/\/www.ecinews.fr\/fr\/infineon-ajoute-la-vision-artificielle-a-loutil-dia-de-pointe\/\"},\"wordCount\":393,\"publisher\":{\"@id\":\"https:\/\/www.eenewseurope.com\/en\/#organization\"},\"keywords\":[\"AI\",\"Software &amp; Embedded tools\"],\"articleSection\":[\"Nouveaux produits\"],\"inLanguage\":\"fr-FR\"},{\"@type\":\"WebPage\",\"@id\":\"https:\/\/www.ecinews.fr\/fr\/infineon-ajoute-la-vision-artificielle-a-loutil-dia-de-pointe\/\",\"url\":\"https:\/\/www.ecinews.fr\/fr\/infineon-ajoute-la-vision-artificielle-a-loutil-dia-de-pointe\/\",\"name\":\"Infineon ajoute la vision artificielle \u00e0 l'outil d'IA de pointe -\",\"isPartOf\":{\"@id\":\"https:\/\/www.eenewseurope.com\/en\/#website\"},\"datePublished\":\"2025-02-26T19:34:45+00:00\",\"dateModified\":\"2025-02-26T19:34:45+00:00\",\"description\":\"prise en charge de l'apprentissage automatique par vision artificielle ajout\u00e9 \u00e0 l'outil de d\u00e9veloppement de l'IA Deepcraft Studio.\",\"breadcrumb\":{\"@id\":\"https:\/\/www.ecinews.fr\/fr\/infineon-ajoute-la-vision-artificielle-a-loutil-dia-de-pointe\/#breadcrumb\"},\"inLanguage\":\"fr-FR\",\"potentialAction\":[{\"@type\":\"ReadAction\",\"target\":[\"https:\/\/www.ecinews.fr\/fr\/infineon-ajoute-la-vision-artificielle-a-loutil-dia-de-pointe\/\"]}]},{\"@type\":\"BreadcrumbList\",\"@id\":\"https:\/\/www.ecinews.fr\/fr\/infineon-ajoute-la-vision-artificielle-a-loutil-dia-de-pointe\/#breadcrumb\",\"itemListElement\":[{\"@type\":\"ListItem\",\"position\":1,\"name\":\"Home\",\"item\":\"https:\/\/www.ecinews.fr\/fr\/\"},{\"@type\":\"ListItem\",\"position\":2,\"name\":\"Infineon ajoute la vision artificielle \u00e0 l&rsquo;outil d&rsquo;IA de pointe\"}]},{\"@type\":\"WebSite\",\"@id\":\"https:\/\/www.eenewseurope.com\/en\/#website\",\"url\":\"https:\/\/www.eenewseurope.com\/en\/\",\"name\":\"EENewsEurope\",\"description\":\"Just another WordPress site\",\"publisher\":{\"@id\":\"https:\/\/www.eenewseurope.com\/en\/#organization\"},\"potentialAction\":[{\"@type\":\"SearchAction\",\"target\":{\"@type\":\"EntryPoint\",\"urlTemplate\":\"https:\/\/www.eenewseurope.com\/en\/?s={search_term_string}\"},\"query-input\":\"required name=search_term_string\"}],\"inLanguage\":\"fr-FR\"},{\"@type\":\"Organization\",\"@id\":\"https:\/\/www.eenewseurope.com\/en\/#organization\",\"name\":\"EENewsEurope\",\"url\":\"https:\/\/www.eenewseurope.com\/en\/\",\"logo\":{\"@type\":\"ImageObject\",\"inLanguage\":\"fr-FR\",\"@id\":\"https:\/\/www.eenewseurope.com\/en\/#\/schema\/logo\/image\/\",\"url\":\"https:\/\/www.ecinews.fr\/wp-content\/uploads\/2022\/02\/logo-1.jpg\",\"contentUrl\":\"https:\/\/www.ecinews.fr\/wp-content\/uploads\/2022\/02\/logo-1.jpg\",\"width\":283,\"height\":113,\"caption\":\"EENewsEurope\"},\"image\":{\"@id\":\"https:\/\/www.eenewseurope.com\/en\/#\/schema\/logo\/image\/\"}},{\"@type\":\"Person\",\"@id\":\"https:\/\/www.eenewseurope.com\/en\/#\/schema\/person\/93c44cde463762f40a8236eaa44c1c17\",\"name\":\"Daniel Cardon\",\"image\":{\"@type\":\"ImageObject\",\"inLanguage\":\"fr-FR\",\"@id\":\"https:\/\/www.eenewseurope.com\/en\/#\/schema\/person\/image\/2b243f6bcc1cff7d86aadfb2cd0bd870\",\"url\":\"https:\/\/secure.gravatar.com\/avatar\/de9edc136dfc061ad4778e04635baefa?s=96&d=mm&r=g\",\"contentUrl\":\"https:\/\/secure.gravatar.com\/avatar\/de9edc136dfc061ad4778e04635baefa?s=96&d=mm&r=g\",\"caption\":\"Daniel Cardon\"}}]}<\/script>","yoast_head_json":{"title":"Infineon ajoute la vision artificielle \u00e0 l'outil d'IA de pointe ...","description":"prise en charge de l'apprentissage automatique par vision artificielle ajout\u00e9 \u00e0 l'outil de d\u00e9veloppement de l'IA Deepcraft Studio.","robots":{"index":"index","follow":"follow","max-snippet":"max-snippet:-1","max-image-preview":"max-image-preview:large","max-video-preview":"max-video-preview:-1"},"canonical":"https:\/\/www.ecinews.fr\/fr\/wp-json\/wp\/v2\/posts\/473793\/","og_locale":"fr_FR","og_type":"article","og_title":"Infineon ajoute la vision artificielle \u00e0 l'outil d'IA de pointe","og_description":"prise en charge de l'apprentissage automatique par vision artificielle ajout\u00e9 \u00e0 l'outil de d\u00e9veloppement de l'IA Deepcraft Studio.","og_url":"https:\/\/www.ecinews.fr\/fr\/wp-json\/wp\/v2\/posts\/473793\/","og_site_name":"EENewsEurope","article_published_time":"2025-02-26T19:34:45+00:00","og_image":[{"width":1080,"height":702,"url":"https:\/\/www.ecinews.fr\/wp-content\/uploads\/2025\/02\/DEEPCRAFT_vision_support-scaled.jpg","type":"image\/jpeg"}],"author":"Nick Flaherty, Daniel Cardon","twitter_card":"summary_large_image","twitter_misc":{"Written by":"Daniel Cardon","Est. reading time":"2 minutes"},"schema":{"@context":"https:\/\/schema.org","@graph":[{"@type":"Article","@id":"https:\/\/www.ecinews.fr\/fr\/infineon-ajoute-la-vision-artificielle-a-loutil-dia-de-pointe\/#article","isPartOf":{"@id":"https:\/\/www.ecinews.fr\/fr\/infineon-ajoute-la-vision-artificielle-a-loutil-dia-de-pointe\/"},"author":{"name":"Daniel Cardon","@id":"https:\/\/www.eenewseurope.com\/en\/#\/schema\/person\/93c44cde463762f40a8236eaa44c1c17"},"headline":"Infineon ajoute la vision artificielle \u00e0 l&rsquo;outil d&rsquo;IA de pointe","datePublished":"2025-02-26T19:34:45+00:00","dateModified":"2025-02-26T19:34:45+00:00","mainEntityOfPage":{"@id":"https:\/\/www.ecinews.fr\/fr\/infineon-ajoute-la-vision-artificielle-a-loutil-dia-de-pointe\/"},"wordCount":393,"publisher":{"@id":"https:\/\/www.eenewseurope.com\/en\/#organization"},"keywords":["AI","Software &amp; Embedded tools"],"articleSection":["Nouveaux produits"],"inLanguage":"fr-FR"},{"@type":"WebPage","@id":"https:\/\/www.ecinews.fr\/fr\/infineon-ajoute-la-vision-artificielle-a-loutil-dia-de-pointe\/","url":"https:\/\/www.ecinews.fr\/fr\/infineon-ajoute-la-vision-artificielle-a-loutil-dia-de-pointe\/","name":"Infineon ajoute la vision artificielle \u00e0 l'outil d'IA de pointe -","isPartOf":{"@id":"https:\/\/www.eenewseurope.com\/en\/#website"},"datePublished":"2025-02-26T19:34:45+00:00","dateModified":"2025-02-26T19:34:45+00:00","description":"prise en charge de l'apprentissage automatique par vision artificielle ajout\u00e9 \u00e0 l'outil de d\u00e9veloppement de l'IA Deepcraft Studio.","breadcrumb":{"@id":"https:\/\/www.ecinews.fr\/fr\/infineon-ajoute-la-vision-artificielle-a-loutil-dia-de-pointe\/#breadcrumb"},"inLanguage":"fr-FR","potentialAction":[{"@type":"ReadAction","target":["https:\/\/www.ecinews.fr\/fr\/infineon-ajoute-la-vision-artificielle-a-loutil-dia-de-pointe\/"]}]},{"@type":"BreadcrumbList","@id":"https:\/\/www.ecinews.fr\/fr\/infineon-ajoute-la-vision-artificielle-a-loutil-dia-de-pointe\/#breadcrumb","itemListElement":[{"@type":"ListItem","position":1,"name":"Home","item":"https:\/\/www.ecinews.fr\/fr\/"},{"@type":"ListItem","position":2,"name":"Infineon ajoute la vision artificielle \u00e0 l&rsquo;outil d&rsquo;IA de pointe"}]},{"@type":"WebSite","@id":"https:\/\/www.eenewseurope.com\/en\/#website","url":"https:\/\/www.eenewseurope.com\/en\/","name":"EENewsEurope","description":"Just another WordPress site","publisher":{"@id":"https:\/\/www.eenewseurope.com\/en\/#organization"},"potentialAction":[{"@type":"SearchAction","target":{"@type":"EntryPoint","urlTemplate":"https:\/\/www.eenewseurope.com\/en\/?s={search_term_string}"},"query-input":"required name=search_term_string"}],"inLanguage":"fr-FR"},{"@type":"Organization","@id":"https:\/\/www.eenewseurope.com\/en\/#organization","name":"EENewsEurope","url":"https:\/\/www.eenewseurope.com\/en\/","logo":{"@type":"ImageObject","inLanguage":"fr-FR","@id":"https:\/\/www.eenewseurope.com\/en\/#\/schema\/logo\/image\/","url":"https:\/\/www.ecinews.fr\/wp-content\/uploads\/2022\/02\/logo-1.jpg","contentUrl":"https:\/\/www.ecinews.fr\/wp-content\/uploads\/2022\/02\/logo-1.jpg","width":283,"height":113,"caption":"EENewsEurope"},"image":{"@id":"https:\/\/www.eenewseurope.com\/en\/#\/schema\/logo\/image\/"}},{"@type":"Person","@id":"https:\/\/www.eenewseurope.com\/en\/#\/schema\/person\/93c44cde463762f40a8236eaa44c1c17","name":"Daniel Cardon","image":{"@type":"ImageObject","inLanguage":"fr-FR","@id":"https:\/\/www.eenewseurope.com\/en\/#\/schema\/person\/image\/2b243f6bcc1cff7d86aadfb2cd0bd870","url":"https:\/\/secure.gravatar.com\/avatar\/de9edc136dfc061ad4778e04635baefa?s=96&d=mm&r=g","contentUrl":"https:\/\/secure.gravatar.com\/avatar\/de9edc136dfc061ad4778e04635baefa?s=96&d=mm&r=g","caption":"Daniel Cardon"}}]}},"authors":[{"term_id":3640,"user_id":0,"is_guest":1,"slug":"nick-flaherty","display_name":"Nick Flaherty","avatar_url":"https:\/\/secure.gravatar.com\/avatar\/?s=96&d=mm&r=g","0":null,"1":"","2":"","3":"","4":"","5":"","6":"","7":"","8":""},{"term_id":1143,"user_id":11,"is_guest":0,"slug":"danielcardon","display_name":"Daniel Cardon","avatar_url":"https:\/\/secure.gravatar.com\/avatar\/de9edc136dfc061ad4778e04635baefa?s=96&d=mm&r=g","0":null,"1":"","2":"","3":"","4":"","5":"","6":"","7":"","8":""}],"_links":{"self":[{"href":"https:\/\/www.ecinews.fr\/fr\/wp-json\/wp\/v2\/posts\/473793"}],"collection":[{"href":"https:\/\/www.ecinews.fr\/fr\/wp-json\/wp\/v2\/posts"}],"about":[{"href":"https:\/\/www.ecinews.fr\/fr\/wp-json\/wp\/v2\/types\/post"}],"author":[{"embeddable":true,"href":"https:\/\/www.ecinews.fr\/fr\/wp-json\/wp\/v2\/users\/11"}],"replies":[{"embeddable":true,"href":"https:\/\/www.ecinews.fr\/fr\/wp-json\/wp\/v2\/comments?post=473793"}],"version-history":[{"count":0,"href":"https:\/\/www.ecinews.fr\/fr\/wp-json\/wp\/v2\/posts\/473793\/revisions"}],"wp:featuredmedia":[{"embeddable":true,"href":"https:\/\/www.ecinews.fr\/fr\/wp-json\/wp\/v2\/media\/473783"}],"wp:attachment":[{"href":"https:\/\/www.ecinews.fr\/fr\/wp-json\/wp\/v2\/media?parent=473793"}],"wp:term":[{"taxonomy":"category","embeddable":true,"href":"https:\/\/www.ecinews.fr\/fr\/wp-json\/wp\/v2\/categories?post=473793"},{"taxonomy":"post_tag","embeddable":true,"href":"https:\/\/www.ecinews.fr\/fr\/wp-json\/wp\/v2\/tags?post=473793"},{"taxonomy":"domains","embeddable":true,"href":"https:\/\/www.ecinews.fr\/fr\/wp-json\/wp\/v2\/domains?post=473793"},{"taxonomy":"author","embeddable":true,"href":"https:\/\/www.ecinews.fr\/fr\/wp-json\/wp\/v2\/ppma_author?post=473793"}],"curies":[{"name":"wp","href":"https:\/\/api.w.org\/{rel}","templated":true}]}}