{"id":473641,"date":"2025-02-25T11:54:02","date_gmt":"2025-02-25T10:54:02","guid":{"rendered":"https:\/\/www.ecinews.fr\/?p=473641"},"modified":"2025-02-25T11:54:02","modified_gmt":"2025-02-25T10:54:02","slug":"vers-un-ecosysteme-de-cloud-europeen-ouvert-et-federe","status":"publish","type":"post","link":"https:\/\/www.ecinews.fr\/fr\/vers-un-ecosysteme-de-cloud-europeen-ouvert-et-federe\/","title":{"rendered":"Vers un \u00e9cosyst\u00e8me de cloud europ\u00e9en ouvert et f\u00e9d\u00e9r\u00e9"},"content":{"rendered":"<h2>Une infrastructure europ\u00e9enne ouverte d&rsquo;informatique cloud offrira un choix aux gouvernements et aux entreprises<\/h2>\n<p>Ce qui s&rsquo;est pass\u00e9 pr\u00e9c\u00e9demment :<\/p>\n<p style=\"padding-left: 40px;\"><em>Le 5 d\u00e9cembre 2023, la Commission europ\u00e9enne a approuv\u00e9 le Projet important d&rsquo;int\u00e9r\u00eat europ\u00e9en commun &#8211; Infrastructure et services cloud (IPCEI-CIS). Avec ce projet, un montant total de 2,6 milliards d&rsquo;euros sera investi dans le d\u00e9veloppement d&rsquo;une infrastructure cloud europ\u00e9enne. Les Pays-Bas participent \u00e0 l&rsquo;IPCEI-CIS avec trois projets pour un montant de 70 millions d&rsquo;euros. L&rsquo;un de ces trois projets est le projet ECOFED, qui se concentrera sur la f\u00e9d\u00e9ration des clouds en tant que base importante de la future infrastructure num\u00e9rique. <\/em><\/p>\n<p>Le projet ECOFED se concentre sur le d\u00e9veloppement d&rsquo;interfaces ouvertes et d&rsquo;outils logiciels libres pour faciliter le d\u00e9groupage des logiciels et des solutions cloud. Cela facilite le passage d&rsquo;une solution \u00e0 l&rsquo;autre au sein de l&rsquo;\u00e9cosyst\u00e8me de l&rsquo;informatique dans le cloud et offre un plus grand choix aux utilisateurs. Le projet pr\u00e9voit \u00e9galement la cr\u00e9ation d&rsquo;un banc d&rsquo;essai national.<\/p>\n<p>Le projet se d\u00e9roulera de 2024 \u00e0 2027 et comprend une collaboration avec des partenaires europ\u00e9ens tels qu&rsquo;OpenNebula et Arsys en Espagne, Engineering en Italie et SAP en Allemagne. L&rsquo;objectif est de jeter les bases techniques d&rsquo;un \u00e9cosyst\u00e8me cloud ouvert et f\u00e9d\u00e9r\u00e9, dans lequel les int\u00e9grateurs et les fournisseurs d&rsquo;infrastructure peuvent \u00e9changer diff\u00e9rents services sans avoir besoin d&rsquo;un fournisseur de plateforme central.<\/p>\n<p>Le projet ECOFED vise \u00e0 tirer parti des atouts du secteur n\u00e9erlandais, tels que la forte densit\u00e9 de centres de donn\u00e9es et le grand nombre de fournisseurs de services cloud. Le projet aspire \u00e0 devenir le banc d&rsquo;essai national pour les entreprises qui cherchent \u00e0 passer de plateformes cloud ferm\u00e9es \u00e0 grande \u00e9chelle \u00e0 un \u00e9cosyst\u00e8me cloud f\u00e9d\u00e9r\u00e9.<\/p>\n<p style=\"padding-left: 40px;\"><em>Stefan Ideler, directeur technique de i3D.net, d\u00e9clare : \u00ab\u00a0i3D.net a toujours reconnu l&rsquo;importance d&rsquo;un paysage Internet d\u00e9centralis\u00e9. Nous nous engageons \u00e0 construire une plateforme cloud ouverte et distribu\u00e9e, en collaboration avec nos partenaires, afin de cr\u00e9er davantage d&rsquo;opportunit\u00e9s de croissance dans le monde num\u00e9rique.\u00a0\u00bb<\/em><\/p>\n<p style=\"padding-left: 40px;\"><em>Wido Potters du BIT souligne la vision du consortium : \u00ab\u00a0Avec nos partenaires, nous d\u00e9veloppons une technologie qui permet un cloud d\u00e9centralis\u00e9 et f\u00e9d\u00e9r\u00e9. Cela garantit la portabilit\u00e9 du cloud pour les entreprises europ\u00e9ennes et la souverainet\u00e9 du nuage pour les citoyens europ\u00e9ens.\u00a0\u00bb<\/em><\/p>\n<p>AMS-IX, l&rsquo;un des plus grands \u00e9changes Internet au monde, souligne l&rsquo;importance de la mise en \u0153uvre d&rsquo;un cloud ouvert et f\u00e9d\u00e9r\u00e9. Cette \u00e9tape d\u00e9montre \u00e9galement que les Pays-Bas sont le centre num\u00e9rique de l&rsquo;Europe, garantissant que les entreprises n\u00e9erlandaises restent leaders dans l&rsquo;adoption des technologies avanc\u00e9es, selon Peter van Burgel, PDG d&rsquo;AMS-IX.<\/p>\n<h2>L&rsquo;infrastructure cloud du futur<\/h2>\n<p>L&rsquo;attribution d&rsquo;un financement europ\u00e9en marque une \u00e9tape importante vers l&rsquo;infrastructure cloud du futur. Lammert Vinke, Unit Manager chez Info Support, souligne l&rsquo;importance de la souverainet\u00e9 : \u00ab\u00a0Apporter une contribution concr\u00e8te \u00e0 un cloud d\u00e9centralis\u00e9, ouvert et f\u00e9d\u00e9r\u00e9 qui devrait permettre la souverainet\u00e9 des donn\u00e9es europ\u00e9ennes est un d\u00e9fi technique que nous acceptons volontiers.\u00a0\u00bb Alors que le cloud devient un \u00e9l\u00e9ment de plus en plus important des infrastructures num\u00e9riques, l&rsquo;institut de la connaissance TNO rend les connaissances scientifiques applicables \u00e0 une infrastructure num\u00e9rique ouverte et \u00e0 l&rsquo;\u00e9preuve du temps. TNO est \u00e9galement l&rsquo;organisation chef de file du consortium ECOFED.<\/p>\n","protected":false},"excerpt":{"rendered":"<p>Une infrastructure europ\u00e9enne ouverte d&rsquo;informatique cloud offrira un choix aux gouvernements et aux entreprises Ce qui s&rsquo;est pass\u00e9 pr\u00e9c\u00e9demment : Le 5 d\u00e9cembre 2023, la Commission europ\u00e9enne a approuv\u00e9 le Projet important d&rsquo;int\u00e9r\u00eat europ\u00e9en commun &#8211; Infrastructure et services cloud (IPCEI-CIS). Avec ce projet, un montant total de 2,6 milliards d&rsquo;euros sera investi dans le [&hellip;]<\/p>\n","protected":false},"author":7,"featured_media":473624,"comment_status":"closed","ping_status":"closed","sticky":false,"template":"","format":"standard","meta":{"_acf_changed":false,"footnotes":""},"categories":[3669,883],"tags":[2616,9029,3544],"domains":[47],"ppma_author":[1139,1153],"class_list":["post-473641","post","type-post","status-publish","format-standard","has-post-thumbnail","hentry","category-nouvelles","category-technologies","tag-cloud-fr","tag-ecofed-fr","tag-europe","domains-electronique-eci"],"acf":[],"yoast_head":"<title>Vers un \u00e9cosyst\u00e8me de cloud europ\u00e9en ouvert et f\u00e9d\u00e9r\u00e9 ...<\/title>\n<meta name=\"description\" content=\"Une infrastructure europ\u00e9enne ouverte d&#039;informatique dans le cloud offrira un choix aux gouvernements et aux entreprises\" \/>\n<meta name=\"robots\" content=\"index, follow, max-snippet:-1, max-image-preview:large, max-video-preview:-1\" \/>\n<link rel=\"canonical\" href=\"https:\/\/www.ecinews.fr\/fr\/wp-json\/wp\/v2\/posts\/473641\/\" \/>\n<meta property=\"og:locale\" content=\"fr_FR\" \/>\n<meta property=\"og:type\" content=\"article\" \/>\n<meta property=\"og:title\" content=\"Vers un \u00e9cosyst\u00e8me de cloud europ\u00e9en ouvert et f\u00e9d\u00e9r\u00e9\" \/>\n<meta property=\"og:description\" content=\"Une infrastructure europ\u00e9enne ouverte d&#039;informatique dans le cloud offrira un choix aux gouvernements et aux entreprises\" \/>\n<meta property=\"og:url\" content=\"https:\/\/www.ecinews.fr\/fr\/wp-json\/wp\/v2\/posts\/473641\/\" \/>\n<meta property=\"og:site_name\" content=\"EENewsEurope\" \/>\n<meta property=\"article:published_time\" content=\"2025-02-25T10:54:02+00:00\" \/>\n<meta property=\"og:image\" content=\"https:\/\/www.ecinews.fr\/wp-content\/uploads\/2025\/02\/Screen-Shot-2025-02-25-at-10.21.45.png\" \/>\n\t<meta property=\"og:image:width\" content=\"1456\" \/>\n\t<meta property=\"og:image:height\" content=\"830\" \/>\n\t<meta property=\"og:image:type\" content=\"image\/png\" \/>\n<meta name=\"author\" content=\"Wisse Hettinga, A Delapalisse\" \/>\n<meta name=\"twitter:card\" content=\"summary_large_image\" \/>\n<meta name=\"twitter:label1\" content=\"Written by\" \/>\n\t<meta name=\"twitter:data1\" content=\"Wisse Hettinga\" \/>\n\t<meta name=\"twitter:label2\" content=\"Est. reading time\" \/>\n\t<meta name=\"twitter:data2\" content=\"3 minutes\" \/>\n<script type=\"application\/ld+json\" class=\"yoast-schema-graph\">{\"@context\":\"https:\/\/schema.org\",\"@graph\":[{\"@type\":\"Article\",\"@id\":\"https:\/\/www.ecinews.fr\/fr\/vers-un-ecosysteme-de-cloud-europeen-ouvert-et-federe\/#article\",\"isPartOf\":{\"@id\":\"https:\/\/www.ecinews.fr\/fr\/vers-un-ecosysteme-de-cloud-europeen-ouvert-et-federe\/\"},\"author\":{\"name\":\"Wisse Hettinga\",\"@id\":\"https:\/\/www.ecinews.fr\/fr\/#\/schema\/person\/c6b626c6c65f5e1e7794ce2d17b2ca82\"},\"headline\":\"Vers un \u00e9cosyst\u00e8me de cloud europ\u00e9en ouvert et f\u00e9d\u00e9r\u00e9\",\"datePublished\":\"2025-02-25T10:54:02+00:00\",\"dateModified\":\"2025-02-25T10:54:02+00:00\",\"mainEntityOfPage\":{\"@id\":\"https:\/\/www.ecinews.fr\/fr\/vers-un-ecosysteme-de-cloud-europeen-ouvert-et-federe\/\"},\"wordCount\":616,\"publisher\":{\"@id\":\"https:\/\/www.ecinews.fr\/fr\/#organization\"},\"keywords\":[\"Cloud\",\"ecofed\",\"Europe\"],\"articleSection\":[\"Nouvelles\",\"Technologies\"],\"inLanguage\":\"fr-FR\"},{\"@type\":\"WebPage\",\"@id\":\"https:\/\/www.ecinews.fr\/fr\/vers-un-ecosysteme-de-cloud-europeen-ouvert-et-federe\/\",\"url\":\"https:\/\/www.ecinews.fr\/fr\/vers-un-ecosysteme-de-cloud-europeen-ouvert-et-federe\/\",\"name\":\"Vers un \u00e9cosyst\u00e8me de cloud europ\u00e9en ouvert et f\u00e9d\u00e9r\u00e9\",\"isPartOf\":{\"@id\":\"https:\/\/www.ecinews.fr\/fr\/#website\"},\"datePublished\":\"2025-02-25T10:54:02+00:00\",\"dateModified\":\"2025-02-25T10:54:02+00:00\",\"description\":\"Une infrastructure europ\u00e9enne ouverte d'informatique dans le cloud offrira un choix aux gouvernements et aux entreprises\",\"breadcrumb\":{\"@id\":\"https:\/\/www.ecinews.fr\/fr\/vers-un-ecosysteme-de-cloud-europeen-ouvert-et-federe\/#breadcrumb\"},\"inLanguage\":\"fr-FR\",\"potentialAction\":[{\"@type\":\"ReadAction\",\"target\":[\"https:\/\/www.ecinews.fr\/fr\/vers-un-ecosysteme-de-cloud-europeen-ouvert-et-federe\/\"]}]},{\"@type\":\"BreadcrumbList\",\"@id\":\"https:\/\/www.ecinews.fr\/fr\/vers-un-ecosysteme-de-cloud-europeen-ouvert-et-federe\/#breadcrumb\",\"itemListElement\":[{\"@type\":\"ListItem\",\"position\":1,\"name\":\"Home\",\"item\":\"https:\/\/www.ecinews.fr\/fr\/\"},{\"@type\":\"ListItem\",\"position\":2,\"name\":\"Vers un \u00e9cosyst\u00e8me de cloud europ\u00e9en ouvert et f\u00e9d\u00e9r\u00e9\"}]},{\"@type\":\"WebSite\",\"@id\":\"https:\/\/www.ecinews.fr\/fr\/#website\",\"url\":\"https:\/\/www.ecinews.fr\/fr\/\",\"name\":\"EENewsEurope\",\"description\":\"Just another WordPress site\",\"publisher\":{\"@id\":\"https:\/\/www.ecinews.fr\/fr\/#organization\"},\"potentialAction\":[{\"@type\":\"SearchAction\",\"target\":{\"@type\":\"EntryPoint\",\"urlTemplate\":\"https:\/\/www.ecinews.fr\/fr\/?s={search_term_string}\"},\"query-input\":\"required name=search_term_string\"}],\"inLanguage\":\"fr-FR\"},{\"@type\":\"Organization\",\"@id\":\"https:\/\/www.ecinews.fr\/fr\/#organization\",\"name\":\"EENewsEurope\",\"url\":\"https:\/\/www.ecinews.fr\/fr\/\",\"logo\":{\"@type\":\"ImageObject\",\"inLanguage\":\"fr-FR\",\"@id\":\"https:\/\/www.ecinews.fr\/fr\/#\/schema\/logo\/image\/\",\"url\":\"https:\/\/www.ecinews.fr\/wp-content\/uploads\/2022\/02\/logo-1.jpg\",\"contentUrl\":\"https:\/\/www.ecinews.fr\/wp-content\/uploads\/2022\/02\/logo-1.jpg\",\"width\":283,\"height\":113,\"caption\":\"EENewsEurope\"},\"image\":{\"@id\":\"https:\/\/www.ecinews.fr\/fr\/#\/schema\/logo\/image\/\"}},{\"@type\":\"Person\",\"@id\":\"https:\/\/www.ecinews.fr\/fr\/#\/schema\/person\/c6b626c6c65f5e1e7794ce2d17b2ca82\",\"name\":\"Wisse Hettinga\",\"image\":{\"@type\":\"ImageObject\",\"inLanguage\":\"fr-FR\",\"@id\":\"https:\/\/www.ecinews.fr\/fr\/#\/schema\/person\/image\/5dc5f564ca306d7cb8b22735be49a465\",\"url\":\"https:\/\/secure.gravatar.com\/avatar\/24a36fe68de56eac2a45cbaf9aa4bb58?s=96&d=mm&r=g\",\"contentUrl\":\"https:\/\/secure.gravatar.com\/avatar\/24a36fe68de56eac2a45cbaf9aa4bb58?s=96&d=mm&r=g\",\"caption\":\"Wisse Hettinga\"}}]}<\/script>","yoast_head_json":{"title":"Vers un \u00e9cosyst\u00e8me de cloud europ\u00e9en ouvert et f\u00e9d\u00e9r\u00e9 ...","description":"Une infrastructure europ\u00e9enne ouverte d'informatique dans le cloud offrira un choix aux gouvernements et aux entreprises","robots":{"index":"index","follow":"follow","max-snippet":"max-snippet:-1","max-image-preview":"max-image-preview:large","max-video-preview":"max-video-preview:-1"},"canonical":"https:\/\/www.ecinews.fr\/fr\/wp-json\/wp\/v2\/posts\/473641\/","og_locale":"fr_FR","og_type":"article","og_title":"Vers un \u00e9cosyst\u00e8me de cloud europ\u00e9en ouvert et f\u00e9d\u00e9r\u00e9","og_description":"Une infrastructure europ\u00e9enne ouverte d'informatique dans le cloud offrira un choix aux gouvernements et aux entreprises","og_url":"https:\/\/www.ecinews.fr\/fr\/wp-json\/wp\/v2\/posts\/473641\/","og_site_name":"EENewsEurope","article_published_time":"2025-02-25T10:54:02+00:00","og_image":[{"width":1456,"height":830,"url":"https:\/\/www.ecinews.fr\/wp-content\/uploads\/2025\/02\/Screen-Shot-2025-02-25-at-10.21.45.png","type":"image\/png"}],"author":"Wisse Hettinga, A Delapalisse","twitter_card":"summary_large_image","twitter_misc":{"Written by":"Wisse Hettinga","Est. reading time":"3 minutes"},"schema":{"@context":"https:\/\/schema.org","@graph":[{"@type":"Article","@id":"https:\/\/www.ecinews.fr\/fr\/vers-un-ecosysteme-de-cloud-europeen-ouvert-et-federe\/#article","isPartOf":{"@id":"https:\/\/www.ecinews.fr\/fr\/vers-un-ecosysteme-de-cloud-europeen-ouvert-et-federe\/"},"author":{"name":"Wisse Hettinga","@id":"https:\/\/www.ecinews.fr\/fr\/#\/schema\/person\/c6b626c6c65f5e1e7794ce2d17b2ca82"},"headline":"Vers un \u00e9cosyst\u00e8me de cloud europ\u00e9en ouvert et f\u00e9d\u00e9r\u00e9","datePublished":"2025-02-25T10:54:02+00:00","dateModified":"2025-02-25T10:54:02+00:00","mainEntityOfPage":{"@id":"https:\/\/www.ecinews.fr\/fr\/vers-un-ecosysteme-de-cloud-europeen-ouvert-et-federe\/"},"wordCount":616,"publisher":{"@id":"https:\/\/www.ecinews.fr\/fr\/#organization"},"keywords":["Cloud","ecofed","Europe"],"articleSection":["Nouvelles","Technologies"],"inLanguage":"fr-FR"},{"@type":"WebPage","@id":"https:\/\/www.ecinews.fr\/fr\/vers-un-ecosysteme-de-cloud-europeen-ouvert-et-federe\/","url":"https:\/\/www.ecinews.fr\/fr\/vers-un-ecosysteme-de-cloud-europeen-ouvert-et-federe\/","name":"Vers un \u00e9cosyst\u00e8me de cloud europ\u00e9en ouvert et f\u00e9d\u00e9r\u00e9","isPartOf":{"@id":"https:\/\/www.ecinews.fr\/fr\/#website"},"datePublished":"2025-02-25T10:54:02+00:00","dateModified":"2025-02-25T10:54:02+00:00","description":"Une infrastructure europ\u00e9enne ouverte d'informatique dans le cloud offrira un choix aux gouvernements et aux entreprises","breadcrumb":{"@id":"https:\/\/www.ecinews.fr\/fr\/vers-un-ecosysteme-de-cloud-europeen-ouvert-et-federe\/#breadcrumb"},"inLanguage":"fr-FR","potentialAction":[{"@type":"ReadAction","target":["https:\/\/www.ecinews.fr\/fr\/vers-un-ecosysteme-de-cloud-europeen-ouvert-et-federe\/"]}]},{"@type":"BreadcrumbList","@id":"https:\/\/www.ecinews.fr\/fr\/vers-un-ecosysteme-de-cloud-europeen-ouvert-et-federe\/#breadcrumb","itemListElement":[{"@type":"ListItem","position":1,"name":"Home","item":"https:\/\/www.ecinews.fr\/fr\/"},{"@type":"ListItem","position":2,"name":"Vers un \u00e9cosyst\u00e8me de cloud europ\u00e9en ouvert et f\u00e9d\u00e9r\u00e9"}]},{"@type":"WebSite","@id":"https:\/\/www.ecinews.fr\/fr\/#website","url":"https:\/\/www.ecinews.fr\/fr\/","name":"EENewsEurope","description":"Just another WordPress site","publisher":{"@id":"https:\/\/www.ecinews.fr\/fr\/#organization"},"potentialAction":[{"@type":"SearchAction","target":{"@type":"EntryPoint","urlTemplate":"https:\/\/www.ecinews.fr\/fr\/?s={search_term_string}"},"query-input":"required name=search_term_string"}],"inLanguage":"fr-FR"},{"@type":"Organization","@id":"https:\/\/www.ecinews.fr\/fr\/#organization","name":"EENewsEurope","url":"https:\/\/www.ecinews.fr\/fr\/","logo":{"@type":"ImageObject","inLanguage":"fr-FR","@id":"https:\/\/www.ecinews.fr\/fr\/#\/schema\/logo\/image\/","url":"https:\/\/www.ecinews.fr\/wp-content\/uploads\/2022\/02\/logo-1.jpg","contentUrl":"https:\/\/www.ecinews.fr\/wp-content\/uploads\/2022\/02\/logo-1.jpg","width":283,"height":113,"caption":"EENewsEurope"},"image":{"@id":"https:\/\/www.ecinews.fr\/fr\/#\/schema\/logo\/image\/"}},{"@type":"Person","@id":"https:\/\/www.ecinews.fr\/fr\/#\/schema\/person\/c6b626c6c65f5e1e7794ce2d17b2ca82","name":"Wisse Hettinga","image":{"@type":"ImageObject","inLanguage":"fr-FR","@id":"https:\/\/www.ecinews.fr\/fr\/#\/schema\/person\/image\/5dc5f564ca306d7cb8b22735be49a465","url":"https:\/\/secure.gravatar.com\/avatar\/24a36fe68de56eac2a45cbaf9aa4bb58?s=96&d=mm&r=g","contentUrl":"https:\/\/secure.gravatar.com\/avatar\/24a36fe68de56eac2a45cbaf9aa4bb58?s=96&d=mm&r=g","caption":"Wisse Hettinga"}}]}},"authors":[{"term_id":1139,"user_id":7,"is_guest":0,"slug":"wisse-hettinga","display_name":"Wisse Hettinga","avatar_url":"https:\/\/secure.gravatar.com\/avatar\/24a36fe68de56eac2a45cbaf9aa4bb58?s=96&d=mm&r=g","0":null,"1":"","2":"","3":"","4":"","5":"","6":"","7":"","8":""},{"term_id":1153,"user_id":34,"is_guest":0,"slug":"adelapalisse","display_name":"A Delapalisse","avatar_url":"https:\/\/secure.gravatar.com\/avatar\/ad45a8c5da24bc9c7c4940dd1c48a695?s=96&d=mm&r=g","0":null,"1":"","2":"","3":"","4":"","5":"","6":"","7":"","8":""}],"_links":{"self":[{"href":"https:\/\/www.ecinews.fr\/fr\/wp-json\/wp\/v2\/posts\/473641"}],"collection":[{"href":"https:\/\/www.ecinews.fr\/fr\/wp-json\/wp\/v2\/posts"}],"about":[{"href":"https:\/\/www.ecinews.fr\/fr\/wp-json\/wp\/v2\/types\/post"}],"author":[{"embeddable":true,"href":"https:\/\/www.ecinews.fr\/fr\/wp-json\/wp\/v2\/users\/7"}],"replies":[{"embeddable":true,"href":"https:\/\/www.ecinews.fr\/fr\/wp-json\/wp\/v2\/comments?post=473641"}],"version-history":[{"count":0,"href":"https:\/\/www.ecinews.fr\/fr\/wp-json\/wp\/v2\/posts\/473641\/revisions"}],"wp:featuredmedia":[{"embeddable":true,"href":"https:\/\/www.ecinews.fr\/fr\/wp-json\/wp\/v2\/media\/473624"}],"wp:attachment":[{"href":"https:\/\/www.ecinews.fr\/fr\/wp-json\/wp\/v2\/media?parent=473641"}],"wp:term":[{"taxonomy":"category","embeddable":true,"href":"https:\/\/www.ecinews.fr\/fr\/wp-json\/wp\/v2\/categories?post=473641"},{"taxonomy":"post_tag","embeddable":true,"href":"https:\/\/www.ecinews.fr\/fr\/wp-json\/wp\/v2\/tags?post=473641"},{"taxonomy":"domains","embeddable":true,"href":"https:\/\/www.ecinews.fr\/fr\/wp-json\/wp\/v2\/domains?post=473641"},{"taxonomy":"author","embeddable":true,"href":"https:\/\/www.ecinews.fr\/fr\/wp-json\/wp\/v2\/ppma_author?post=473641"}],"curies":[{"name":"wp","href":"https:\/\/api.w.org\/{rel}","templated":true}]}}