{"id":473532,"date":"2025-02-24T14:16:27","date_gmt":"2025-02-24T13:16:27","guid":{"rendered":"https:\/\/www.ecinews.fr\/?p=473532"},"modified":"2025-02-24T14:16:27","modified_gmt":"2025-02-24T13:16:27","slug":"227-millions-deuros-pour-lusine-back-end-dams-osram","status":"publish","type":"post","link":"https:\/\/www.ecinews.fr\/fr\/227-millions-deuros-pour-lusine-back-end-dams-osram\/","title":{"rendered":"227 millions d&rsquo;euros pour l&rsquo;usine back-end d&rsquo;ams Osram"},"content":{"rendered":"<p>La Commission europ\u00e9enne a approuv\u00e9 l&rsquo;octroi d&rsquo;une subvention de 227 millions d&rsquo;euros pour soutenir un syst\u00e8me de traitement back-end d&rsquo;une valeur de 1,4 milliard d&rsquo;euros, construit en Autriche par ams Osram, qui sera \u00e9galement ouvert \u00e0 d&rsquo;autres utilisateurs europ\u00e9ens.<\/p>\n<p>L&rsquo;usine situ\u00e9e au si\u00e8ge d&rsquo;ams Osram \u00e0 Premst\u00e4tten utilisera une s\u00e9rie de techniques, combinant des dispositifs CMOS avec des trous de silicium traversants (TSV) pour les connexions verticales et les flip-chips, ainsi que des filtres optiques pour les produits qualifi\u00e9s de Grade 0 pour l&rsquo;industrie automobile.<\/p>\n<p>Il s&rsquo;agira de la premi\u00e8re installation en Europe dot\u00e9e d&rsquo;un tel processus int\u00e9gr\u00e9 et produisant des produits qualifi\u00e9s pour l&rsquo;automobile de cat\u00e9gorie 0, la production compl\u00e8te \u00e9tant pr\u00e9vue pour 2030.<\/p>\n<p>Le financement s&rsquo;inscrit dans le cadre de la loi sur les puces europ\u00e9ennes, qui permet en partie \u00e0 d&rsquo;autres entreprises de semi-conducteurs de concevoir et de produire leurs propres puces. L&rsquo;usine doit donc avoir un impact plus large et des effets positifs sur la cha\u00eene de valeur des semi-conducteurs dans l&rsquo;UE et contribuer \u00e0 la mise en place d&rsquo;une installation de fabrication int\u00e9gr\u00e9e unique en son genre dans l&rsquo;UE.<\/p>\n<p>Il s&rsquo;agirait \u00e9galement de mettre en \u0153uvre des commandes class\u00e9es prioritaires en cas de p\u00e9nurie d&rsquo;approvisionnement, conform\u00e9ment \u00e0 l&rsquo;Acte europ\u00e9en sur les puces, et de d\u00e9velopper et d\u00e9ployer des formations \u00e9ducatives et qualifiantes afin d&rsquo;accro\u00eetre le vivier de main-d&rsquo;\u0153uvre qualifi\u00e9e et comp\u00e9tente.<\/p>\n<ul>\n<li><a href=\"https:\/\/www.eenewseurope.com\/en\/st-heads-back-into-silicon-photonics-with-mass-production-at-crolles\/\">ST se replonge dans la photonique du silicium<\/a><\/li>\n<\/ul>\n<p>\u00ab\u00a0L&rsquo;installation de production int\u00e9gr\u00e9e de Premst\u00e4tten contribuera \u00e0 inverser la tendance \u00e0 la d\u00e9pendance excessive \u00e0 l&rsquo;\u00e9gard des plaquettes fabriqu\u00e9es en dehors de l&rsquo;Europe. La Commission a \u00e9galement pris note du fait qu&rsquo;ams Osram s&rsquo;est engag\u00e9e \u00e0 demander \u00e0 \u00eatre reconnue en tant qu&rsquo;installation de production int\u00e9gr\u00e9e et en tant que fonderie ouverte de l&rsquo;UE en vertu du r\u00e8glement relatif \u00e0 la loi sur les puces \u00e9lectroniques de l&rsquo;UE et qu&rsquo;elle se conformera \u00e0 toutes les obligations li\u00e9es \u00e0 ce statut\u00a0\u00bb, a-t-elle d\u00e9clar\u00e9.<\/p>\n<p>Il s&rsquo;agit de la septi\u00e8me d\u00e9cision prise par la Commission sur la base de la loi sur les puces europ\u00e9ennes, apr\u00e8s l&rsquo;aide accord\u00e9e \u00e0 STMicroelectronics pour la construction en cours de l&rsquo;usine de fabrication de plaquettes de carbure de silicium (SiC) de 200 mm \u00e0 <a href=\"https:\/\/www.eenewseurope.com\/en\/st-to-build-silicon-carbide-substrate-factory-in-italy\/\">Catane, en Italie<\/a>, et les fabs de l&rsquo;European Semiconductor Manufacturing Company (ESMC) et d&rsquo;Infineon Smart power \u00e0 Dresde, en Allemagne, ainsi qu&rsquo;\u00e0 Silicon Box pour la construction d&rsquo;une installation de conditionnement et d&rsquo;essai de pointe pour les semi-conducteurs \u00e0 Novara, en Italie.<\/p>\n<p>Toutefois, il comprend \u00e9galement l&rsquo;approbation de la mesure d&rsquo;aide fran\u00e7aise de 2,9 milliards d&rsquo;euros destin\u00e9e \u00e0 soutenir STMicroelectronics et GlobalFoundries pour l&rsquo;expansion \u00e0 Crolles, qui est maintenant remise en question.<\/p>\n<ul>\n<li><a href=\"https:\/\/www.eenewseurope.com\/en\/st-glofo-suspend-plan-for-joint-wafer-fab-say-reports\/\">ST et GF suspendent leurs projets d&rsquo;usine commune, selon certaines informations<\/a><\/li>\n<li><a href=\"https:\/\/www.eenewseurope.com\/en\/europe-approves-e2bn-support-for-sts-200mm-sic-line\/\">L&rsquo;Europe approuve une enveloppe de 2 milliards d&rsquo;euros pour une ligne de production de SiC de 200 mm<\/a><\/li>\n<li><a href=\"https:\/\/www.eenewseurope.com\/en\/europe-okays-italys-e1-3-billion-subsidy-for-chiplet-fab\/\">1,3 milliard d&rsquo;euros pour une usine italienne de chiplets<\/a><\/li>\n<\/ul>\n<p>\u00ab\u00a0Ce projet autrichien aura des effets positifs consid\u00e9rables sur l&rsquo;\u00e9cosyst\u00e8me europ\u00e9en des semi-conducteurs. Il soutiendra le d\u00e9veloppement d&rsquo;une \u00e9conomie num\u00e9rique forte et r\u00e9siliente en Europe, assurera un approvisionnement s\u00fbr en semi-conducteurs pour l&rsquo;industrie et contribuera \u00e0 la cr\u00e9ation d&#8217;emplois hautement qualifi\u00e9s tout en limitant toute distorsion potentielle de la concurrence\u00a0\u00bb, a d\u00e9clar\u00e9 Teresa Ribera, vice-pr\u00e9sidente ex\u00e9cutive charg\u00e9e de la transition propre, juste et comp\u00e9titive.<\/p>\n<p>ams Osram a vu son chiffre d&rsquo;affaires baisser de 5 % en 2024 et a supprim\u00e9 35 millions d&rsquo;euros vanant de ses anciens produits CMOS dans le cadre d&rsquo;un plan de redressement.<\/p>\n<p>\u00ab\u00a0Notre redressement bat son plein. Nous avons raison de nous concentrer sur notre portefeuille de base dans le domaine des semi-conducteurs\u00a0\u00bb, a d\u00e9clar\u00e9 Aldo Kamper, PDG d&rsquo;ams OSRAM, qui consid\u00e8re que l&rsquo;ann\u00e9e 2025 est volatile.<\/p>\n<p>\u00ab\u00a0Ce c\u0153ur d&rsquo;activit\u00e9s dans les semi-conducteurs a progress\u00e9 d&rsquo;environ 7 % par rapport \u00e0 2023, gr\u00e2ce \u00e0 un fort rebond des capteurs pour appareils mobiles bas\u00e9 sur la mont\u00e9e en puissance de nouveaux produits et une activit\u00e9 automobile r\u00e9siliente. Les \u00e9conomies r\u00e9alis\u00e9es gr\u00e2ce \u00e0 notre programme d&rsquo;efficacit\u00e9 strat\u00e9gique &lsquo;Re-establish the Base&rsquo; (RtB) sont en avance sur nos pr\u00e9visions.\u00a0\u00bb<\/p>\n<p><a href=\"http:\/\/www.ams-osram.com\">www.ams-osram.com<\/a><\/p>\n<p>&nbsp;<\/p>\n","protected":false},"excerpt":{"rendered":"<p>La Commission europ\u00e9enne a approuv\u00e9 l&rsquo;octroi d&rsquo;une subvention de 227 millions d&rsquo;euros pour soutenir un syst\u00e8me de traitement back-end d&rsquo;une valeur de 1,4 milliard d&rsquo;euros, construit en Autriche par ams Osram, qui sera \u00e9galement ouvert \u00e0 d&rsquo;autres utilisateurs europ\u00e9ens. L&rsquo;usine situ\u00e9e au si\u00e8ge d&rsquo;ams Osram \u00e0 Premst\u00e4tten utilisera une s\u00e9rie de techniques, combinant des dispositifs [&hellip;]<\/p>\n","protected":false},"author":40,"featured_media":473522,"comment_status":"closed","ping_status":"closed","sticky":false,"template":"","format":"standard","meta":{"_acf_changed":false,"footnotes":""},"categories":[880],"tags":[5641,3911,2264],"domains":[47],"ppma_author":[3640,6199],"class_list":["post-473532","post","type-post","status-publish","format-standard","has-post-thumbnail","hentry","category-actualites-economiques","tag-back-end","tag-european-chips-act-fr","tag-fabs","domains-electronique-eci"],"acf":[],"yoast_head":"<title>227 millions d&#039;euros pour l&#039;usine back-end d&#039;ams Osram ...<\/title>\n<meta name=\"description\" content=\"Une subvention de 227 millions soutiendra une fab back-end de 1,4 milliard \u20ac construite par AMS Osram, qui sera ouverte \u00e0 d&#039;autres europ\u00e9ens.\" \/>\n<meta name=\"robots\" content=\"index, follow, max-snippet:-1, max-image-preview:large, max-video-preview:-1\" \/>\n<link rel=\"canonical\" href=\"https:\/\/www.ecinews.fr\/fr\/wp-json\/wp\/v2\/posts\/473532\/\" \/>\n<meta property=\"og:locale\" content=\"fr_FR\" \/>\n<meta property=\"og:type\" content=\"article\" \/>\n<meta property=\"og:title\" content=\"227 millions d&#039;euros pour l&#039;usine back-end d&#039;ams Osram\" \/>\n<meta property=\"og:description\" content=\"Une subvention de 227 millions soutiendra une fab back-end de 1,4 milliard \u20ac construite par AMS Osram, qui sera ouverte \u00e0 d&#039;autres europ\u00e9ens.\" \/>\n<meta property=\"og:url\" content=\"https:\/\/www.ecinews.fr\/fr\/wp-json\/wp\/v2\/posts\/473532\/\" \/>\n<meta property=\"og:site_name\" content=\"EENewsEurope\" \/>\n<meta property=\"article:published_time\" content=\"2025-02-24T13:16:27+00:00\" \/>\n<meta property=\"og:image\" content=\"https:\/\/www.ecinews.fr\/wp-content\/uploads\/2025\/02\/ams-osram-Headquarter-Premstatten-scaled.jpg\" \/>\n\t<meta property=\"og:image:width\" content=\"1080\" \/>\n\t<meta property=\"og:image:height\" content=\"721\" \/>\n\t<meta property=\"og:image:type\" content=\"image\/jpeg\" \/>\n<meta name=\"author\" content=\"Nick Flaherty, A Delapalisse\" \/>\n<meta name=\"twitter:card\" content=\"summary_large_image\" \/>\n<meta name=\"twitter:label1\" content=\"Written by\" \/>\n\t<meta name=\"twitter:data1\" content=\"A Delapalisse\" \/>\n\t<meta name=\"twitter:label2\" content=\"Est. reading time\" \/>\n\t<meta name=\"twitter:data2\" content=\"3 minutes\" \/>\n<script type=\"application\/ld+json\" class=\"yoast-schema-graph\">{\"@context\":\"https:\/\/schema.org\",\"@graph\":[{\"@type\":\"Article\",\"@id\":\"https:\/\/www.ecinews.fr\/fr\/227-millions-deuros-pour-lusine-back-end-dams-osram\/#article\",\"isPartOf\":{\"@id\":\"https:\/\/www.ecinews.fr\/fr\/227-millions-deuros-pour-lusine-back-end-dams-osram\/\"},\"author\":{\"name\":\"A Delapalisse\",\"@id\":\"https:\/\/www.ecinews.fr\/fr\/#\/schema\/person\/4b3db5ba5c953c5fddeb226df86d8635\"},\"headline\":\"227 millions d&rsquo;euros pour l&rsquo;usine back-end d&rsquo;ams Osram\",\"datePublished\":\"2025-02-24T13:16:27+00:00\",\"dateModified\":\"2025-02-24T13:16:27+00:00\",\"mainEntityOfPage\":{\"@id\":\"https:\/\/www.ecinews.fr\/fr\/227-millions-deuros-pour-lusine-back-end-dams-osram\/\"},\"wordCount\":766,\"publisher\":{\"@id\":\"https:\/\/www.ecinews.fr\/fr\/#organization\"},\"keywords\":[\"back-end\",\"European Chips Act\",\"Fabs\"],\"articleSection\":[\"Actualit\u00e9s \u00e9conomiques\"],\"inLanguage\":\"fr-FR\"},{\"@type\":\"WebPage\",\"@id\":\"https:\/\/www.ecinews.fr\/fr\/227-millions-deuros-pour-lusine-back-end-dams-osram\/\",\"url\":\"https:\/\/www.ecinews.fr\/fr\/227-millions-deuros-pour-lusine-back-end-dams-osram\/\",\"name\":\"227 millions d'euros pour l'usine back-end d'ams Osram -\",\"isPartOf\":{\"@id\":\"https:\/\/www.ecinews.fr\/fr\/#website\"},\"datePublished\":\"2025-02-24T13:16:27+00:00\",\"dateModified\":\"2025-02-24T13:16:27+00:00\",\"description\":\"Une subvention de 227 millions soutiendra une fab back-end de 1,4 milliard \u20ac construite par AMS Osram, qui sera ouverte \u00e0 d'autres europ\u00e9ens.\",\"breadcrumb\":{\"@id\":\"https:\/\/www.ecinews.fr\/fr\/227-millions-deuros-pour-lusine-back-end-dams-osram\/#breadcrumb\"},\"inLanguage\":\"fr-FR\",\"potentialAction\":[{\"@type\":\"ReadAction\",\"target\":[\"https:\/\/www.ecinews.fr\/fr\/227-millions-deuros-pour-lusine-back-end-dams-osram\/\"]}]},{\"@type\":\"BreadcrumbList\",\"@id\":\"https:\/\/www.ecinews.fr\/fr\/227-millions-deuros-pour-lusine-back-end-dams-osram\/#breadcrumb\",\"itemListElement\":[{\"@type\":\"ListItem\",\"position\":1,\"name\":\"Home\",\"item\":\"https:\/\/www.ecinews.fr\/fr\/\"},{\"@type\":\"ListItem\",\"position\":2,\"name\":\"227 millions d&rsquo;euros pour l&rsquo;usine back-end d&rsquo;ams Osram\"}]},{\"@type\":\"WebSite\",\"@id\":\"https:\/\/www.ecinews.fr\/fr\/#website\",\"url\":\"https:\/\/www.ecinews.fr\/fr\/\",\"name\":\"EENewsEurope\",\"description\":\"Just another WordPress site\",\"publisher\":{\"@id\":\"https:\/\/www.ecinews.fr\/fr\/#organization\"},\"potentialAction\":[{\"@type\":\"SearchAction\",\"target\":{\"@type\":\"EntryPoint\",\"urlTemplate\":\"https:\/\/www.ecinews.fr\/fr\/?s={search_term_string}\"},\"query-input\":\"required name=search_term_string\"}],\"inLanguage\":\"fr-FR\"},{\"@type\":\"Organization\",\"@id\":\"https:\/\/www.ecinews.fr\/fr\/#organization\",\"name\":\"EENewsEurope\",\"url\":\"https:\/\/www.ecinews.fr\/fr\/\",\"logo\":{\"@type\":\"ImageObject\",\"inLanguage\":\"fr-FR\",\"@id\":\"https:\/\/www.ecinews.fr\/fr\/#\/schema\/logo\/image\/\",\"url\":\"https:\/\/www.ecinews.fr\/wp-content\/uploads\/2022\/02\/logo-1.jpg\",\"contentUrl\":\"https:\/\/www.ecinews.fr\/wp-content\/uploads\/2022\/02\/logo-1.jpg\",\"width\":283,\"height\":113,\"caption\":\"EENewsEurope\"},\"image\":{\"@id\":\"https:\/\/www.ecinews.fr\/fr\/#\/schema\/logo\/image\/\"}},{\"@type\":\"Person\",\"@id\":\"https:\/\/www.ecinews.fr\/fr\/#\/schema\/person\/4b3db5ba5c953c5fddeb226df86d8635\",\"name\":\"A Delapalisse\",\"image\":{\"@type\":\"ImageObject\",\"inLanguage\":\"fr-FR\",\"@id\":\"https:\/\/www.ecinews.fr\/fr\/#\/schema\/person\/image\/09af0e1236b95ff53924b8dfe5af278e\",\"url\":\"https:\/\/secure.gravatar.com\/avatar\/010f811c0933b47aea7e9204117b17c6?s=96&d=mm&r=g\",\"contentUrl\":\"https:\/\/secure.gravatar.com\/avatar\/010f811c0933b47aea7e9204117b17c6?s=96&d=mm&r=g\",\"caption\":\"A Delapalisse\"}}]}<\/script>","yoast_head_json":{"title":"227 millions d'euros pour l'usine back-end d'ams Osram ...","description":"Une subvention de 227 millions soutiendra une fab back-end de 1,4 milliard \u20ac construite par AMS Osram, qui sera ouverte \u00e0 d'autres europ\u00e9ens.","robots":{"index":"index","follow":"follow","max-snippet":"max-snippet:-1","max-image-preview":"max-image-preview:large","max-video-preview":"max-video-preview:-1"},"canonical":"https:\/\/www.ecinews.fr\/fr\/wp-json\/wp\/v2\/posts\/473532\/","og_locale":"fr_FR","og_type":"article","og_title":"227 millions d'euros pour l'usine back-end d'ams Osram","og_description":"Une subvention de 227 millions soutiendra une fab back-end de 1,4 milliard \u20ac construite par AMS Osram, qui sera ouverte \u00e0 d'autres europ\u00e9ens.","og_url":"https:\/\/www.ecinews.fr\/fr\/wp-json\/wp\/v2\/posts\/473532\/","og_site_name":"EENewsEurope","article_published_time":"2025-02-24T13:16:27+00:00","og_image":[{"width":1080,"height":721,"url":"https:\/\/www.ecinews.fr\/wp-content\/uploads\/2025\/02\/ams-osram-Headquarter-Premstatten-scaled.jpg","type":"image\/jpeg"}],"author":"Nick Flaherty, A Delapalisse","twitter_card":"summary_large_image","twitter_misc":{"Written by":"A Delapalisse","Est. reading time":"3 minutes"},"schema":{"@context":"https:\/\/schema.org","@graph":[{"@type":"Article","@id":"https:\/\/www.ecinews.fr\/fr\/227-millions-deuros-pour-lusine-back-end-dams-osram\/#article","isPartOf":{"@id":"https:\/\/www.ecinews.fr\/fr\/227-millions-deuros-pour-lusine-back-end-dams-osram\/"},"author":{"name":"A Delapalisse","@id":"https:\/\/www.ecinews.fr\/fr\/#\/schema\/person\/4b3db5ba5c953c5fddeb226df86d8635"},"headline":"227 millions d&rsquo;euros pour l&rsquo;usine back-end d&rsquo;ams Osram","datePublished":"2025-02-24T13:16:27+00:00","dateModified":"2025-02-24T13:16:27+00:00","mainEntityOfPage":{"@id":"https:\/\/www.ecinews.fr\/fr\/227-millions-deuros-pour-lusine-back-end-dams-osram\/"},"wordCount":766,"publisher":{"@id":"https:\/\/www.ecinews.fr\/fr\/#organization"},"keywords":["back-end","European Chips Act","Fabs"],"articleSection":["Actualit\u00e9s \u00e9conomiques"],"inLanguage":"fr-FR"},{"@type":"WebPage","@id":"https:\/\/www.ecinews.fr\/fr\/227-millions-deuros-pour-lusine-back-end-dams-osram\/","url":"https:\/\/www.ecinews.fr\/fr\/227-millions-deuros-pour-lusine-back-end-dams-osram\/","name":"227 millions d'euros pour l'usine back-end d'ams Osram -","isPartOf":{"@id":"https:\/\/www.ecinews.fr\/fr\/#website"},"datePublished":"2025-02-24T13:16:27+00:00","dateModified":"2025-02-24T13:16:27+00:00","description":"Une subvention de 227 millions soutiendra une fab back-end de 1,4 milliard \u20ac construite par AMS Osram, qui sera ouverte \u00e0 d'autres europ\u00e9ens.","breadcrumb":{"@id":"https:\/\/www.ecinews.fr\/fr\/227-millions-deuros-pour-lusine-back-end-dams-osram\/#breadcrumb"},"inLanguage":"fr-FR","potentialAction":[{"@type":"ReadAction","target":["https:\/\/www.ecinews.fr\/fr\/227-millions-deuros-pour-lusine-back-end-dams-osram\/"]}]},{"@type":"BreadcrumbList","@id":"https:\/\/www.ecinews.fr\/fr\/227-millions-deuros-pour-lusine-back-end-dams-osram\/#breadcrumb","itemListElement":[{"@type":"ListItem","position":1,"name":"Home","item":"https:\/\/www.ecinews.fr\/fr\/"},{"@type":"ListItem","position":2,"name":"227 millions d&rsquo;euros pour l&rsquo;usine back-end d&rsquo;ams Osram"}]},{"@type":"WebSite","@id":"https:\/\/www.ecinews.fr\/fr\/#website","url":"https:\/\/www.ecinews.fr\/fr\/","name":"EENewsEurope","description":"Just another WordPress site","publisher":{"@id":"https:\/\/www.ecinews.fr\/fr\/#organization"},"potentialAction":[{"@type":"SearchAction","target":{"@type":"EntryPoint","urlTemplate":"https:\/\/www.ecinews.fr\/fr\/?s={search_term_string}"},"query-input":"required name=search_term_string"}],"inLanguage":"fr-FR"},{"@type":"Organization","@id":"https:\/\/www.ecinews.fr\/fr\/#organization","name":"EENewsEurope","url":"https:\/\/www.ecinews.fr\/fr\/","logo":{"@type":"ImageObject","inLanguage":"fr-FR","@id":"https:\/\/www.ecinews.fr\/fr\/#\/schema\/logo\/image\/","url":"https:\/\/www.ecinews.fr\/wp-content\/uploads\/2022\/02\/logo-1.jpg","contentUrl":"https:\/\/www.ecinews.fr\/wp-content\/uploads\/2022\/02\/logo-1.jpg","width":283,"height":113,"caption":"EENewsEurope"},"image":{"@id":"https:\/\/www.ecinews.fr\/fr\/#\/schema\/logo\/image\/"}},{"@type":"Person","@id":"https:\/\/www.ecinews.fr\/fr\/#\/schema\/person\/4b3db5ba5c953c5fddeb226df86d8635","name":"A Delapalisse","image":{"@type":"ImageObject","inLanguage":"fr-FR","@id":"https:\/\/www.ecinews.fr\/fr\/#\/schema\/person\/image\/09af0e1236b95ff53924b8dfe5af278e","url":"https:\/\/secure.gravatar.com\/avatar\/010f811c0933b47aea7e9204117b17c6?s=96&d=mm&r=g","contentUrl":"https:\/\/secure.gravatar.com\/avatar\/010f811c0933b47aea7e9204117b17c6?s=96&d=mm&r=g","caption":"A Delapalisse"}}]}},"authors":[{"term_id":3640,"user_id":0,"is_guest":1,"slug":"nick-flaherty","display_name":"Nick Flaherty","avatar_url":"https:\/\/secure.gravatar.com\/avatar\/?s=96&d=mm&r=g","0":null,"1":"","2":"","3":"","4":"","5":"","6":"","7":"","8":""},{"term_id":6199,"user_id":40,"is_guest":0,"slug":"andre-rousselotemisys-com","display_name":"A Delapalisse","avatar_url":"https:\/\/secure.gravatar.com\/avatar\/010f811c0933b47aea7e9204117b17c6?s=96&d=mm&r=g","0":null,"1":"","2":"","3":"","4":"","5":"","6":"","7":"","8":""}],"_links":{"self":[{"href":"https:\/\/www.ecinews.fr\/fr\/wp-json\/wp\/v2\/posts\/473532"}],"collection":[{"href":"https:\/\/www.ecinews.fr\/fr\/wp-json\/wp\/v2\/posts"}],"about":[{"href":"https:\/\/www.ecinews.fr\/fr\/wp-json\/wp\/v2\/types\/post"}],"author":[{"embeddable":true,"href":"https:\/\/www.ecinews.fr\/fr\/wp-json\/wp\/v2\/users\/40"}],"replies":[{"embeddable":true,"href":"https:\/\/www.ecinews.fr\/fr\/wp-json\/wp\/v2\/comments?post=473532"}],"version-history":[{"count":0,"href":"https:\/\/www.ecinews.fr\/fr\/wp-json\/wp\/v2\/posts\/473532\/revisions"}],"wp:featuredmedia":[{"embeddable":true,"href":"https:\/\/www.ecinews.fr\/fr\/wp-json\/wp\/v2\/media\/473522"}],"wp:attachment":[{"href":"https:\/\/www.ecinews.fr\/fr\/wp-json\/wp\/v2\/media?parent=473532"}],"wp:term":[{"taxonomy":"category","embeddable":true,"href":"https:\/\/www.ecinews.fr\/fr\/wp-json\/wp\/v2\/categories?post=473532"},{"taxonomy":"post_tag","embeddable":true,"href":"https:\/\/www.ecinews.fr\/fr\/wp-json\/wp\/v2\/tags?post=473532"},{"taxonomy":"domains","embeddable":true,"href":"https:\/\/www.ecinews.fr\/fr\/wp-json\/wp\/v2\/domains?post=473532"},{"taxonomy":"author","embeddable":true,"href":"https:\/\/www.ecinews.fr\/fr\/wp-json\/wp\/v2\/ppma_author?post=473532"}],"curies":[{"name":"wp","href":"https:\/\/api.w.org\/{rel}","templated":true}]}}