{"id":471328,"date":"2025-01-29T00:56:45","date_gmt":"2025-01-28T23:56:45","guid":{"rendered":"https:\/\/www.ecinews.fr\/?p=471328"},"modified":"2025-01-29T00:56:45","modified_gmt":"2025-01-28T23:56:45","slug":"des-microcontroleurs-basse-consommation-a-destination-de-ia-generative-dans-les-dispositifs-en-peripherie","status":"publish","type":"post","link":"https:\/\/www.ecinews.fr\/fr\/des-microcontroleurs-basse-consommation-a-destination-de-ia-generative-dans-les-dispositifs-en-peripherie\/","title":{"rendered":"Des microcontr\u00f4leurs basse consommation \u00e0 destination de IA g\u00e9n\u00e9rative dans les dispositifs en p\u00e9riph\u00e9rie"},"content":{"rendered":"<h3 align=\"justify\"><span style=\"font-family: Open Sans, sans-serif;\"><span style=\"font-size: medium;\"><span style=\"color: #333333;\">Faisant partie des<\/span> <span style=\"color: #333333;\">microcontr\u00f4leurs (<\/span><span style=\"color: #333333;\">MCU<\/span><span style=\"color: #333333;\">)<\/span><span style=\"color: #333333;\"> IA en p\u00e9riph\u00e9rie, <\/span><span style=\"color: #333333;\">l<\/span><span style=\"color: #333333;\">es MCU <\/span><span style=\"color: #333333;\">de 2\u00e8me g\u00e9n\u00e9ration<\/span><span style=\"color: #333333;\"> et processeurs de fusion Ensemble E4, E6 et E8 <\/span><span style=\"color: #333333;\">d\u2019 Alif Semiconductor <\/span><span style=\"color: #333333;\">seront int\u00e9gr\u00e9s dans le tout dernier appareil de traitement neuronal (NPU) d\u2019Arm, l\u2019Ethos <\/span> <span style=\"color: #333333;\">-U85, avec la m\u00e9moire \u00e0 large bande passante et l&rsquo;architecture de gestion d\u2019alimentation intelligente uniques d\u2019Alif pour supporter les op\u00e9rateurs NPU requis par les r\u00e9seaux de transformateurs pour ex\u00e9cuter efficacement les charges de travail de l\u2019IA g\u00e9n\u00e9rative. <\/span><\/span><\/span><\/h3>\n<p align=\"justify\"><span style=\"font-family: Open Sans, sans-serif;\"><span style=\"font-size: medium;\"><span style=\"color: #333333;\">Les r\u00e9seaux de transformateurs enrichissent l\u2019exp\u00e9rience d\u2019utilisation des terminaux en se concentrant sur les \u00e9l\u00e9ments les plus pertinents des anciennes parties d\u2019une s\u00e9quence d\u2019entr\u00e9e acquise tout en traitant rapidement en parall\u00e8le la s\u00e9quence acquise actuelle pour permettre une plus grande contextualisation. Pour une utilisation localis\u00e9e, cela se traduit par une exp\u00e9rience instantan\u00e9e, pr\u00e9cise et plus satisfaisante d\u2019une IA multimodale dans les dispositifs terminaux ax\u00e9s sur la vision, la voix, le texte et la fusion de capteurs hors cloud.<\/span><\/span><\/span><\/p>\n<p align=\"justify\"><span style=\"font-family: Open Sans, sans-serif;\"><span style=\"font-size: medium;\"><span style=\"color: #333333;\">Les nouveaux appareils Ensemble sont bas\u00e9s sur l&rsquo;architecture syst\u00e8me \u00e9prouv\u00e9e qui a fait la popularit\u00e9 des E1, E3, E5 et E7 premi\u00e8re g\u00e9n\u00e9ration. Ils incluaient des m\u00e9moires \u00e9troitement associ\u00e9es sur puce, vastes et rapides pour fournir des paires de CPU Arm Cortex-M55 associ\u00e9s aux NPU Ethos-U55, le syst\u00e8me de gestion d\u2019alimentation aiPM brevet\u00e9 d\u2019Alif , une enclave s\u00e9curis\u00e9e isol\u00e9e mat\u00e9riellement, et plusieurs m\u00e9thodes pour diffuser des images, sons et donn\u00e9es de capteur dans l\u2019appareil. Les appareils Ensemble peuvent imm\u00e9diatement ex\u00e9cuter des inf\u00e9rences pour les r\u00e9seaux neuronaux en s\u2019appuyant uniquement sur leur m\u00e9moire interne, et sur une m\u00e9moire externe si besoin. <\/span><\/span><\/span><\/p>\n<p align=\"justify\"><span style=\"font-family: Open Sans, sans-serif;\"><span style=\"font-size: medium;\"><b><span style=\"color: #333333;\">Des performances sup\u00e9rieures pour une consommation \u00e9nerg\u00e9tique r\u00e9duite<\/span><\/b><\/span><\/span><\/p>\n<p align=\"justify\"><span style=\"font-family: Open Sans, sans-serif;\"><span style=\"font-size: medium;\"><span style=\"color: #333333;\">La deuxi\u00e8me g\u00e9n\u00e9ration d\u2019Ensemble introduit une s\u00e9rie d\u2019am\u00e9liorations pour une performance IA\/ML sup\u00e9rieure et une consommation de puissance inf\u00e9rieure, ainsi qu\u2019une assistance plus int\u00e9gr\u00e9e pour les applications audio et visuelles embarqu\u00e9es. Les nouvelles fonctions incluent une topologie de bus m\u00e9moire interne plus grande permettant une bande passante de donn\u00e9es localis\u00e9e abondante pour la consommation NPU, une double interface de cam\u00e9ra MIPI-CSI, un processeur de signal d&rsquo;image mat\u00e9riel rapide ex\u00e9cutant jusqu\u2019\u00e0 200\u00a0images par seconde et une paire d\u2019interfaces plus rapides pour la m\u00e9moire externe, de 800\u00a0Mo\/s chacune. Enfin, de nouvelles options \u00e9tendues pour la conservation de donn\u00e9es SRAM offrent aux concepteurs une plus grande flexibilit\u00e9 pour une sortie de veille plus rapide. <\/span><\/span><\/span><\/p>\n<p align=\"justify\"><span style=\"font-family: Open Sans, sans-serif;\"><span style=\"font-size: medium;\"><span style=\"color: #333333;\">Les appareils Ensemble E4, E6 et E8 de deuxi\u00e8me g\u00e9n\u00e9ration seront disponibles pour les clients potentiels. Contactez Alif pour obtenir des \u00e9chantillons. Les appareils Ensemble E1, E3, E5 et E7 de premi\u00e8re g\u00e9n\u00e9ration continuent d\u2019\u00eatre activement pris en charge pour les nouvelles conceptions et sont produits en s\u00e9rie. <\/span><\/span><\/span><\/p>\n<p><span style=\"color: #467886;\"><u><a href=\"https:\/\/alifsemi.com\/\"><span style=\"font-family: Open Sans, sans-serif;\"><span style=\"font-size: medium;\">Alif Semiconductor<\/span><\/span><\/a><\/u><\/span><\/p>\n<p align=\"justify\">\n","protected":false},"excerpt":{"rendered":"<p>Faisant partie des microcontr\u00f4leurs (MCU) IA en p\u00e9riph\u00e9rie, les MCU de 2\u00e8me g\u00e9n\u00e9ration et processeurs de fusion Ensemble E4, E6 et E8 d\u2019 Alif Semiconductor seront int\u00e9gr\u00e9s dans le tout dernier appareil de traitement neuronal (NPU) d\u2019Arm, l\u2019Ethos -U85, avec la m\u00e9moire \u00e0 large bande passante et l&rsquo;architecture de gestion d\u2019alimentation intelligente uniques d\u2019Alif pour [&hellip;]<\/p>\n","protected":false},"author":39,"featured_media":471331,"comment_status":"closed","ping_status":"closed","sticky":false,"template":"","format":"standard","meta":{"_acf_changed":false,"footnotes":""},"categories":[881],"tags":[3297,5502],"domains":[47],"ppma_author":[6113],"class_list":["post-471328","post","type-post","status-publish","format-standard","has-post-thumbnail","hentry","category-nouveaux-produits","tag-intelligence-artificielle-ia","tag-microcontroleur-fr","domains-electronique-eci"],"acf":[],"yoast_head":"<title>Des microcontr\u00f4leurs basse consommation \u00e0 destination de IA g...<\/title>\n<meta name=\"description\" content=\"Faisant partie des microcontr\u00f4leurs (MCU) IA en p\u00e9riph\u00e9rie, les MCU de 2\u00e8me g\u00e9n\u00e9ration et processeurs de fusion Ensemble E4, E6 et E8 d\u2019 Alif...\" \/>\n<meta name=\"robots\" content=\"index, follow, max-snippet:-1, max-image-preview:large, max-video-preview:-1\" \/>\n<link rel=\"canonical\" href=\"https:\/\/www.ecinews.fr\/fr\/wp-json\/wp\/v2\/posts\/471328\/\" \/>\n<meta property=\"og:locale\" content=\"fr_FR\" \/>\n<meta property=\"og:type\" content=\"article\" \/>\n<meta property=\"og:title\" content=\"Des microcontr\u00f4leurs basse consommation \u00e0 destination de IA g\u00e9n\u00e9rative dans les dispositifs en p\u00e9riph\u00e9rie\" \/>\n<meta property=\"og:description\" content=\"Faisant partie des microcontr\u00f4leurs (MCU) IA en p\u00e9riph\u00e9rie, les MCU de 2\u00e8me g\u00e9n\u00e9ration et processeurs de fusion Ensemble E4, E6 et E8 d\u2019 Alif Semiconductor seront int\u00e9gr\u00e9s dans le tout dernier appareil de traitement neuronal (NPU) d\u2019Arm, l\u2019Ethos -U85, avec la m\u00e9moire \u00e0 large bande passante et l&#039;architecture de gestion d\u2019alimentation intelligente uniques d\u2019Alif pour supporter les op\u00e9rateurs NPU requis par les r\u00e9seaux de transformateurs pour ex\u00e9cuter efficacement les charges de travail de l\u2019IA g\u00e9n\u00e9rative.\" \/>\n<meta property=\"og:url\" content=\"https:\/\/www.ecinews.fr\/fr\/wp-json\/wp\/v2\/posts\/471328\/\" \/>\n<meta property=\"og:site_name\" content=\"EENewsEurope\" \/>\n<meta property=\"article:published_time\" content=\"2025-01-28T23:56:45+00:00\" \/>\n<meta property=\"og:image\" content=\"https:\/\/www.ecinews.fr\/wp-content\/uploads\/2025\/01\/ECI4758-Alif-Semiconductor-Pioneers-Generative-AI-in-Edge-Devices-FINAL-FINAL-3-Jan-2024_French-scaled.jpg\" \/>\n\t<meta property=\"og:image:width\" content=\"1080\" \/>\n\t<meta property=\"og:image:height\" content=\"771\" \/>\n\t<meta property=\"og:image:type\" content=\"image\/jpeg\" \/>\n<meta name=\"author\" content=\"NicolasFeste\" \/>\n<meta name=\"twitter:card\" content=\"summary_large_image\" \/>\n<meta name=\"twitter:label1\" content=\"Written by\" \/>\n\t<meta name=\"twitter:data1\" content=\"NicolasFeste\" \/>\n\t<meta name=\"twitter:label2\" content=\"Est. reading time\" \/>\n\t<meta name=\"twitter:data2\" content=\"2 minutes\" \/>\n<script type=\"application\/ld+json\" class=\"yoast-schema-graph\">{\"@context\":\"https:\/\/schema.org\",\"@graph\":[{\"@type\":\"Article\",\"@id\":\"https:\/\/www.ecinews.fr\/fr\/des-microcontroleurs-basse-consommation-a-destination-de-ia-generative-dans-les-dispositifs-en-peripherie\/#article\",\"isPartOf\":{\"@id\":\"https:\/\/www.ecinews.fr\/fr\/des-microcontroleurs-basse-consommation-a-destination-de-ia-generative-dans-les-dispositifs-en-peripherie\/\"},\"author\":{\"name\":\"NicolasFeste\",\"@id\":\"https:\/\/www.ecinews.fr\/fr\/#\/schema\/person\/c7104a72b466a801f257e51481de0c43\"},\"headline\":\"Des microcontr\u00f4leurs basse consommation \u00e0 destination de IA g\u00e9n\u00e9rative dans les dispositifs en p\u00e9riph\u00e9rie\",\"datePublished\":\"2025-01-28T23:56:45+00:00\",\"dateModified\":\"2025-01-28T23:56:45+00:00\",\"mainEntityOfPage\":{\"@id\":\"https:\/\/www.ecinews.fr\/fr\/des-microcontroleurs-basse-consommation-a-destination-de-ia-generative-dans-les-dispositifs-en-peripherie\/\"},\"wordCount\":538,\"publisher\":{\"@id\":\"https:\/\/www.ecinews.fr\/fr\/#organization\"},\"keywords\":[\"Intelligence Artificielle - IA\",\"Microcontr\u00f4leur\"],\"articleSection\":[\"Nouveaux produits\"],\"inLanguage\":\"fr-FR\"},{\"@type\":\"WebPage\",\"@id\":\"https:\/\/www.ecinews.fr\/fr\/des-microcontroleurs-basse-consommation-a-destination-de-ia-generative-dans-les-dispositifs-en-peripherie\/\",\"url\":\"https:\/\/www.ecinews.fr\/fr\/des-microcontroleurs-basse-consommation-a-destination-de-ia-generative-dans-les-dispositifs-en-peripherie\/\",\"name\":\"Des microcontr\u00f4leurs basse consommation \u00e0 destination de IA g\u00e9n\u00e9rative dans les dispositifs en p\u00e9riph\u00e9rie -\",\"isPartOf\":{\"@id\":\"https:\/\/www.ecinews.fr\/fr\/#website\"},\"datePublished\":\"2025-01-28T23:56:45+00:00\",\"dateModified\":\"2025-01-28T23:56:45+00:00\",\"description\":\"Faisant partie des microcontr\u00f4leurs (MCU) IA en p\u00e9riph\u00e9rie, les MCU de 2\u00e8me g\u00e9n\u00e9ration et processeurs de fusion Ensemble E4, E6 et E8 d\u2019 Alif Semiconductor seront int\u00e9gr\u00e9s dans le tout dernier appareil de traitement neuronal (NPU) d\u2019Arm, l\u2019Ethos -U85, avec la m\u00e9moire \u00e0 large bande passante et l'architecture de gestion d\u2019alimentation intelligente uniques d\u2019Alif pour supporter les op\u00e9rateurs NPU requis par les r\u00e9seaux de transformateurs pour ex\u00e9cuter efficacement les charges de travail de l\u2019IA g\u00e9n\u00e9rative.\",\"breadcrumb\":{\"@id\":\"https:\/\/www.ecinews.fr\/fr\/des-microcontroleurs-basse-consommation-a-destination-de-ia-generative-dans-les-dispositifs-en-peripherie\/#breadcrumb\"},\"inLanguage\":\"fr-FR\",\"potentialAction\":[{\"@type\":\"ReadAction\",\"target\":[\"https:\/\/www.ecinews.fr\/fr\/des-microcontroleurs-basse-consommation-a-destination-de-ia-generative-dans-les-dispositifs-en-peripherie\/\"]}]},{\"@type\":\"BreadcrumbList\",\"@id\":\"https:\/\/www.ecinews.fr\/fr\/des-microcontroleurs-basse-consommation-a-destination-de-ia-generative-dans-les-dispositifs-en-peripherie\/#breadcrumb\",\"itemListElement\":[{\"@type\":\"ListItem\",\"position\":1,\"name\":\"Home\",\"item\":\"https:\/\/www.ecinews.fr\/fr\/\"},{\"@type\":\"ListItem\",\"position\":2,\"name\":\"Des microcontr\u00f4leurs basse consommation \u00e0 destination de IA g\u00e9n\u00e9rative dans les dispositifs en p\u00e9riph\u00e9rie\"}]},{\"@type\":\"WebSite\",\"@id\":\"https:\/\/www.ecinews.fr\/fr\/#website\",\"url\":\"https:\/\/www.ecinews.fr\/fr\/\",\"name\":\"EENewsEurope\",\"description\":\"Just another WordPress site\",\"publisher\":{\"@id\":\"https:\/\/www.ecinews.fr\/fr\/#organization\"},\"potentialAction\":[{\"@type\":\"SearchAction\",\"target\":{\"@type\":\"EntryPoint\",\"urlTemplate\":\"https:\/\/www.ecinews.fr\/fr\/?s={search_term_string}\"},\"query-input\":\"required name=search_term_string\"}],\"inLanguage\":\"fr-FR\"},{\"@type\":\"Organization\",\"@id\":\"https:\/\/www.ecinews.fr\/fr\/#organization\",\"name\":\"EENewsEurope\",\"url\":\"https:\/\/www.ecinews.fr\/fr\/\",\"logo\":{\"@type\":\"ImageObject\",\"inLanguage\":\"fr-FR\",\"@id\":\"https:\/\/www.ecinews.fr\/fr\/#\/schema\/logo\/image\/\",\"url\":\"https:\/\/www.ecinews.fr\/wp-content\/uploads\/2022\/02\/logo-1.jpg\",\"contentUrl\":\"https:\/\/www.ecinews.fr\/wp-content\/uploads\/2022\/02\/logo-1.jpg\",\"width\":283,\"height\":113,\"caption\":\"EENewsEurope\"},\"image\":{\"@id\":\"https:\/\/www.ecinews.fr\/fr\/#\/schema\/logo\/image\/\"}},{\"@type\":\"Person\",\"@id\":\"https:\/\/www.ecinews.fr\/fr\/#\/schema\/person\/c7104a72b466a801f257e51481de0c43\",\"name\":\"NicolasFeste\",\"image\":{\"@type\":\"ImageObject\",\"inLanguage\":\"fr-FR\",\"@id\":\"https:\/\/www.ecinews.fr\/fr\/#\/schema\/person\/image\/1ea421e7d03c1e96a9ea2bcf2705734a\",\"url\":\"https:\/\/secure.gravatar.com\/avatar\/2e187f4d96902933ba445ed6c760e11c?s=96&d=mm&r=g\",\"contentUrl\":\"https:\/\/secure.gravatar.com\/avatar\/2e187f4d96902933ba445ed6c760e11c?s=96&d=mm&r=g\",\"caption\":\"NicolasFeste\"}}]}<\/script>","yoast_head_json":{"title":"Des microcontr\u00f4leurs basse consommation \u00e0 destination de IA g...","description":"Faisant partie des microcontr\u00f4leurs (MCU) IA en p\u00e9riph\u00e9rie, les MCU de 2\u00e8me g\u00e9n\u00e9ration et processeurs de fusion Ensemble E4, E6 et E8 d\u2019 Alif...","robots":{"index":"index","follow":"follow","max-snippet":"max-snippet:-1","max-image-preview":"max-image-preview:large","max-video-preview":"max-video-preview:-1"},"canonical":"https:\/\/www.ecinews.fr\/fr\/wp-json\/wp\/v2\/posts\/471328\/","og_locale":"fr_FR","og_type":"article","og_title":"Des microcontr\u00f4leurs basse consommation \u00e0 destination de IA g\u00e9n\u00e9rative dans les dispositifs en p\u00e9riph\u00e9rie","og_description":"Faisant partie des microcontr\u00f4leurs (MCU) IA en p\u00e9riph\u00e9rie, les MCU de 2\u00e8me g\u00e9n\u00e9ration et processeurs de fusion Ensemble E4, E6 et E8 d\u2019 Alif Semiconductor seront int\u00e9gr\u00e9s dans le tout dernier appareil de traitement neuronal (NPU) d\u2019Arm, l\u2019Ethos -U85, avec la m\u00e9moire \u00e0 large bande passante et l'architecture de gestion d\u2019alimentation intelligente uniques d\u2019Alif pour supporter les op\u00e9rateurs NPU requis par les r\u00e9seaux de transformateurs pour ex\u00e9cuter efficacement les charges de travail de l\u2019IA g\u00e9n\u00e9rative.","og_url":"https:\/\/www.ecinews.fr\/fr\/wp-json\/wp\/v2\/posts\/471328\/","og_site_name":"EENewsEurope","article_published_time":"2025-01-28T23:56:45+00:00","og_image":[{"width":1080,"height":771,"url":"https:\/\/www.ecinews.fr\/wp-content\/uploads\/2025\/01\/ECI4758-Alif-Semiconductor-Pioneers-Generative-AI-in-Edge-Devices-FINAL-FINAL-3-Jan-2024_French-scaled.jpg","type":"image\/jpeg"}],"author":"NicolasFeste","twitter_card":"summary_large_image","twitter_misc":{"Written by":"NicolasFeste","Est. reading time":"2 minutes"},"schema":{"@context":"https:\/\/schema.org","@graph":[{"@type":"Article","@id":"https:\/\/www.ecinews.fr\/fr\/des-microcontroleurs-basse-consommation-a-destination-de-ia-generative-dans-les-dispositifs-en-peripherie\/#article","isPartOf":{"@id":"https:\/\/www.ecinews.fr\/fr\/des-microcontroleurs-basse-consommation-a-destination-de-ia-generative-dans-les-dispositifs-en-peripherie\/"},"author":{"name":"NicolasFeste","@id":"https:\/\/www.ecinews.fr\/fr\/#\/schema\/person\/c7104a72b466a801f257e51481de0c43"},"headline":"Des microcontr\u00f4leurs basse consommation \u00e0 destination de IA g\u00e9n\u00e9rative dans les dispositifs en p\u00e9riph\u00e9rie","datePublished":"2025-01-28T23:56:45+00:00","dateModified":"2025-01-28T23:56:45+00:00","mainEntityOfPage":{"@id":"https:\/\/www.ecinews.fr\/fr\/des-microcontroleurs-basse-consommation-a-destination-de-ia-generative-dans-les-dispositifs-en-peripherie\/"},"wordCount":538,"publisher":{"@id":"https:\/\/www.ecinews.fr\/fr\/#organization"},"keywords":["Intelligence Artificielle - IA","Microcontr\u00f4leur"],"articleSection":["Nouveaux produits"],"inLanguage":"fr-FR"},{"@type":"WebPage","@id":"https:\/\/www.ecinews.fr\/fr\/des-microcontroleurs-basse-consommation-a-destination-de-ia-generative-dans-les-dispositifs-en-peripherie\/","url":"https:\/\/www.ecinews.fr\/fr\/des-microcontroleurs-basse-consommation-a-destination-de-ia-generative-dans-les-dispositifs-en-peripherie\/","name":"Des microcontr\u00f4leurs basse consommation \u00e0 destination de IA g\u00e9n\u00e9rative dans les dispositifs en p\u00e9riph\u00e9rie -","isPartOf":{"@id":"https:\/\/www.ecinews.fr\/fr\/#website"},"datePublished":"2025-01-28T23:56:45+00:00","dateModified":"2025-01-28T23:56:45+00:00","description":"Faisant partie des microcontr\u00f4leurs (MCU) IA en p\u00e9riph\u00e9rie, les MCU de 2\u00e8me g\u00e9n\u00e9ration et processeurs de fusion Ensemble E4, E6 et E8 d\u2019 Alif Semiconductor seront int\u00e9gr\u00e9s dans le tout dernier appareil de traitement neuronal (NPU) d\u2019Arm, l\u2019Ethos -U85, avec la m\u00e9moire \u00e0 large bande passante et l'architecture de gestion d\u2019alimentation intelligente uniques d\u2019Alif pour supporter les op\u00e9rateurs NPU requis par les r\u00e9seaux de transformateurs pour ex\u00e9cuter efficacement les charges de travail de l\u2019IA g\u00e9n\u00e9rative.","breadcrumb":{"@id":"https:\/\/www.ecinews.fr\/fr\/des-microcontroleurs-basse-consommation-a-destination-de-ia-generative-dans-les-dispositifs-en-peripherie\/#breadcrumb"},"inLanguage":"fr-FR","potentialAction":[{"@type":"ReadAction","target":["https:\/\/www.ecinews.fr\/fr\/des-microcontroleurs-basse-consommation-a-destination-de-ia-generative-dans-les-dispositifs-en-peripherie\/"]}]},{"@type":"BreadcrumbList","@id":"https:\/\/www.ecinews.fr\/fr\/des-microcontroleurs-basse-consommation-a-destination-de-ia-generative-dans-les-dispositifs-en-peripherie\/#breadcrumb","itemListElement":[{"@type":"ListItem","position":1,"name":"Home","item":"https:\/\/www.ecinews.fr\/fr\/"},{"@type":"ListItem","position":2,"name":"Des microcontr\u00f4leurs basse consommation \u00e0 destination de IA g\u00e9n\u00e9rative dans les dispositifs en p\u00e9riph\u00e9rie"}]},{"@type":"WebSite","@id":"https:\/\/www.ecinews.fr\/fr\/#website","url":"https:\/\/www.ecinews.fr\/fr\/","name":"EENewsEurope","description":"Just another WordPress site","publisher":{"@id":"https:\/\/www.ecinews.fr\/fr\/#organization"},"potentialAction":[{"@type":"SearchAction","target":{"@type":"EntryPoint","urlTemplate":"https:\/\/www.ecinews.fr\/fr\/?s={search_term_string}"},"query-input":"required name=search_term_string"}],"inLanguage":"fr-FR"},{"@type":"Organization","@id":"https:\/\/www.ecinews.fr\/fr\/#organization","name":"EENewsEurope","url":"https:\/\/www.ecinews.fr\/fr\/","logo":{"@type":"ImageObject","inLanguage":"fr-FR","@id":"https:\/\/www.ecinews.fr\/fr\/#\/schema\/logo\/image\/","url":"https:\/\/www.ecinews.fr\/wp-content\/uploads\/2022\/02\/logo-1.jpg","contentUrl":"https:\/\/www.ecinews.fr\/wp-content\/uploads\/2022\/02\/logo-1.jpg","width":283,"height":113,"caption":"EENewsEurope"},"image":{"@id":"https:\/\/www.ecinews.fr\/fr\/#\/schema\/logo\/image\/"}},{"@type":"Person","@id":"https:\/\/www.ecinews.fr\/fr\/#\/schema\/person\/c7104a72b466a801f257e51481de0c43","name":"NicolasFeste","image":{"@type":"ImageObject","inLanguage":"fr-FR","@id":"https:\/\/www.ecinews.fr\/fr\/#\/schema\/person\/image\/1ea421e7d03c1e96a9ea2bcf2705734a","url":"https:\/\/secure.gravatar.com\/avatar\/2e187f4d96902933ba445ed6c760e11c?s=96&d=mm&r=g","contentUrl":"https:\/\/secure.gravatar.com\/avatar\/2e187f4d96902933ba445ed6c760e11c?s=96&d=mm&r=g","caption":"NicolasFeste"}}]}},"authors":[{"term_id":6113,"user_id":39,"is_guest":0,"slug":"nicolasfeste","display_name":"NicolasFeste","avatar_url":"https:\/\/secure.gravatar.com\/avatar\/2e187f4d96902933ba445ed6c760e11c?s=96&d=mm&r=g","0":null,"1":"","2":"","3":"","4":"","5":"","6":"","7":"","8":""}],"_links":{"self":[{"href":"https:\/\/www.ecinews.fr\/fr\/wp-json\/wp\/v2\/posts\/471328"}],"collection":[{"href":"https:\/\/www.ecinews.fr\/fr\/wp-json\/wp\/v2\/posts"}],"about":[{"href":"https:\/\/www.ecinews.fr\/fr\/wp-json\/wp\/v2\/types\/post"}],"author":[{"embeddable":true,"href":"https:\/\/www.ecinews.fr\/fr\/wp-json\/wp\/v2\/users\/39"}],"replies":[{"embeddable":true,"href":"https:\/\/www.ecinews.fr\/fr\/wp-json\/wp\/v2\/comments?post=471328"}],"version-history":[{"count":0,"href":"https:\/\/www.ecinews.fr\/fr\/wp-json\/wp\/v2\/posts\/471328\/revisions"}],"wp:featuredmedia":[{"embeddable":true,"href":"https:\/\/www.ecinews.fr\/fr\/wp-json\/wp\/v2\/media\/471331"}],"wp:attachment":[{"href":"https:\/\/www.ecinews.fr\/fr\/wp-json\/wp\/v2\/media?parent=471328"}],"wp:term":[{"taxonomy":"category","embeddable":true,"href":"https:\/\/www.ecinews.fr\/fr\/wp-json\/wp\/v2\/categories?post=471328"},{"taxonomy":"post_tag","embeddable":true,"href":"https:\/\/www.ecinews.fr\/fr\/wp-json\/wp\/v2\/tags?post=471328"},{"taxonomy":"domains","embeddable":true,"href":"https:\/\/www.ecinews.fr\/fr\/wp-json\/wp\/v2\/domains?post=471328"},{"taxonomy":"author","embeddable":true,"href":"https:\/\/www.ecinews.fr\/fr\/wp-json\/wp\/v2\/ppma_author?post=471328"}],"curies":[{"name":"wp","href":"https:\/\/api.w.org\/{rel}","templated":true}]}}