{"id":470691,"date":"2025-01-21T17:24:11","date_gmt":"2025-01-21T16:24:11","guid":{"rendered":"https:\/\/www.ecinews.fr\/?p=470691"},"modified":"2025-01-21T17:24:11","modified_gmt":"2025-01-21T16:24:11","slug":"la-fab-st-glofo-prevue-a-crolles-ne-se-fera-pas","status":"publish","type":"post","link":"https:\/\/www.ecinews.fr\/fr\/la-fab-st-glofo-prevue-a-crolles-ne-se-fera-pas\/","title":{"rendered":"La fab ST &#8211; GloFo pr\u00e9vue \u00e0 Crolles ne se fera pas"},"content":{"rendered":"<h2>STMicroelectronics et GlobalFoundries ont d\u00e9cid\u00e9 de mettre en suspens un projet de 7,5 milliards d&rsquo;euros concernant une usine commune de fabrication de plaquettes FDSOI qui serait construite \u00e0 Crolles, en France, selon certaines informations.<\/h2>\n<p>Les perspectives de reprise ult\u00e9rieure du plan sont jug\u00e9es \u00ab\u00a0incertaines\u00a0\u00bb.<\/p>\n<p>Le projet de coentreprise pour une fab 300 mm a \u00e9t\u00e9 annonc\u00e9 en 2022, dans un contexte d&rsquo;excitation autour de la loi europ\u00e9enne sur les CHIPS, et les conditions ont \u00e9t\u00e9 accept\u00e9es en juin 2023. L&rsquo;usine devait \u00eatre construite et atteindre sa pleine capacit\u00e9 de production en 2026.<\/p>\n<p>Toutefois, au cours des 18 mois qui ont suivi l&rsquo;annonce officielle, aucun progr\u00e8s n&rsquo;a \u00e9t\u00e9 r\u00e9alis\u00e9 et les march\u00e9s europ\u00e9ens des puces automobiles et industrielles ont \u00e9t\u00e9 faibles, avec des signes de stocks exc\u00e9dentaires.<\/p>\n<p>Dans le m\u00eame temps, GlobalFoundries a donn\u00e9 la priorit\u00e9 aux investissements aux \u00c9tats-Unis et STMicroelectronics a donn\u00e9 la priorit\u00e9 aux ventes \u00e0 l&rsquo;\u00e9tranger avec des \u00e9l\u00e9ments tels que sa strat\u00e9gie \u00ab\u00a0Chine pour la Chine\u00a0\u00bb.<\/p>\n<blockquote class=\"wp-embedded-content\" data-secret=\"MwHehSxapy\"><p><a href=\"https:\/\/www.eenewseurope.com\/en\/st-tips-hua-hong-deal-to-support-china-for-china-strategy\/\">ST tips Hua Hong deal to support &#8216;China-for-China&#8217; strategy<\/a><\/p><\/blockquote>\n<p><iframe class=\"wp-embedded-content lazyload\" sandbox=\"allow-scripts\" security=\"restricted\" style=\"position: absolute; visibility: hidden;\" title=\"&#8220;ST tips Hua Hong deal to support &#8216;China-for-China&#8217; strategy&#8221; &#8212; eeNews Europe\" data-src=\"https:\/\/www.eenewseurope.com\/en\/st-tips-hua-hong-deal-to-support-china-for-china-strategy\/embed\/#?secret=0f7a8e2jMS#?secret=MwHehSxapy\" data-secret=\"MwHehSxapy\" width=\"500\" height=\"282\" frameborder=\"0\" marginwidth=\"0\" marginheight=\"0\" scrolling=\"no\" src=\"data:image\/svg+xml;base64,PHN2ZyB3aWR0aD0iMSIgaGVpZ2h0PSIxIiB4bWxucz0iaHR0cDovL3d3dy53My5vcmcvMjAwMC9zdmciPjwvc3ZnPg==\" data-load-mode=\"1\"><\/iframe><\/p>\n<p>Dans ses r\u00e9cents r\u00e9sultats financiers, ST a \u00e9galement indiqu\u00e9 qu&rsquo;elle s&rsquo;attendait \u00e0 un d\u00e9but d&rsquo;ann\u00e9e 2025 faible en termes de ventes et a lanc\u00e9 le programme de \u00ab\u00a0redimensionnement\u00a0\u00bb de l&rsquo;entreprise qui est en cours d&rsquo;\u00e9laboration dans le but d&rsquo;\u00e9conomiser pr\u00e8s d&rsquo;un milliard de dollars par an en co\u00fbts d&rsquo;exploitation d&rsquo;ici \u00e0 2027.<\/p>\n<p>GlobalFoundries serait l&rsquo;investisseur principal de l&rsquo;entreprise commune avec 58 % et ST avec 42 %. Le gouvernement fran\u00e7ais \u00e9tait pr\u00eat \u00e0 fournir 2,9 milliards d&rsquo;euros. Soit environ 38,6 % du co\u00fbt total.<\/p>\n<p>Le projet de GF-ST semble avoir rejoint un autre projet qui a \u00e9t\u00e9 mis en veilleuse &#8211; celui d&rsquo;Intel pour deux fabs de \u00e0 Magdebourg, en Allemagne. Tous deux semblent avoir souffert du fait que la fabrication de produits \u00e9lectroniques en Europe est insuffisante pour cr\u00e9er une demande de grands projets de construction de fabs.<\/p>\n<h4>Liens et articles connexes :<\/h4>\n<p><a href=\"http:\/\/www.st.com\">www.st.com<\/a><\/p>\n<p><a href=\"http:\/\/www.globalfoundries.com\">www.globalfoundries.com<\/a><\/p>\n<h4>Articles de presse :<\/h4>\n<p><a href=\"https:\/\/www.eenewseurope.com\/en\/glofo-plans-to-create-advanced-packaging-center-in-new-york\/\">GloFo pr\u00e9voit de cr\u00e9er un centre d&#8217;emballage avanc\u00e9 \u00e0 New York <\/a><\/p>\n<p><a href=\"https:\/\/www.eenewseurope.com\/en\/st-tips-restructuring-program-and-a-weak-start-to-2025\/\">La ST met en place un programme de restructuration et commence mal l&rsquo;ann\u00e9e 2025<\/a><\/p>\n<p><a href=\"https:\/\/www.eenewseurope.com\/en\/glofo-st-finalize-terms-for-e7-5-billion-wafer-fab-at-crolles\/\">GloFo et ST finalisent les conditions d&rsquo;une usine de fabrication de plaquettes de 7,5 milliards d&rsquo;euros \u00e0 Crolles <\/a><\/p>\n<p>&nbsp;<\/p>\n","protected":false},"excerpt":{"rendered":"<p>STMicroelectronics et GlobalFoundries ont d\u00e9cid\u00e9 de mettre en suspens un projet de 7,5 milliards d&rsquo;euros concernant une usine commune de fabrication de plaquettes FDSOI qui serait construite \u00e0 Crolles, en France, selon certaines informations. Les perspectives de reprise ult\u00e9rieure du plan sont jug\u00e9es \u00ab\u00a0incertaines\u00a0\u00bb. Le projet de coentreprise pour une fab 300 mm a \u00e9t\u00e9 [&hellip;]<\/p>\n","protected":false},"author":2,"featured_media":39912,"comment_status":"closed","ping_status":"closed","sticky":false,"template":"","format":"standard","meta":{"_acf_changed":false,"footnotes":""},"categories":[880,888,3669],"tags":[2264,3700],"domains":[47],"ppma_author":[3631],"class_list":["post-470691","post","type-post","status-publish","format-standard","has-post-thumbnail","hentry","category-actualites-economiques","category-marche","category-nouvelles","tag-fabs","tag-semi-conducteur","domains-electronique-eci"],"acf":[],"yoast_head":"<title>La fab ST - GloFo pr\u00e9vue \u00e0 Crolles ne se fera pas ...<\/title>\n<meta name=\"description\" content=\"STM et GlobalFoundries ont d\u00e9cid\u00e9 de mettre en suspens un projet de 7,5 milliards d&#039;euros pour la construction d&#039;une fab \u00e0 Crolles.\" \/>\n<meta name=\"robots\" content=\"index, follow, max-snippet:-1, max-image-preview:large, max-video-preview:-1\" \/>\n<link rel=\"canonical\" href=\"https:\/\/www.ecinews.fr\/fr\/wp-json\/wp\/v2\/posts\/470691\/\" \/>\n<meta property=\"og:locale\" content=\"fr_FR\" \/>\n<meta property=\"og:type\" content=\"article\" \/>\n<meta property=\"og:title\" content=\"La fab ST - GloFo pr\u00e9vue \u00e0 Crolles ne se fera pas\" \/>\n<meta property=\"og:description\" content=\"STM et GlobalFoundries ont d\u00e9cid\u00e9 de mettre en suspens un projet de 7,5 milliards d&#039;euros pour la construction d&#039;une fab \u00e0 Crolles.\" \/>\n<meta property=\"og:url\" content=\"https:\/\/www.ecinews.fr\/fr\/wp-json\/wp\/v2\/posts\/470691\/\" \/>\n<meta property=\"og:site_name\" content=\"EENewsEurope\" \/>\n<meta property=\"article:published_time\" content=\"2025-01-21T16:24:11+00:00\" \/>\n<meta property=\"og:image\" content=\"https:\/\/www.ecinews.fr\/wp-content\/uploads\/import\/default\/files\/sites\/default\/files\/images\/stcrolles750.jpg\" \/>\n\t<meta property=\"og:image:width\" content=\"749\" \/>\n\t<meta property=\"og:image:height\" content=\"400\" \/>\n\t<meta property=\"og:image:type\" content=\"image\/jpeg\" \/>\n<meta name=\"author\" content=\"Peter Clarke\" \/>\n<meta name=\"twitter:card\" content=\"summary_large_image\" \/>\n<meta name=\"twitter:label1\" content=\"Written by\" \/>\n\t<meta name=\"twitter:data1\" content=\"NicolasR\" \/>\n\t<meta name=\"twitter:label2\" content=\"Est. reading time\" \/>\n\t<meta name=\"twitter:data2\" content=\"2 minutes\" \/>\n<script type=\"application\/ld+json\" class=\"yoast-schema-graph\">{\"@context\":\"https:\/\/schema.org\",\"@graph\":[{\"@type\":\"Article\",\"@id\":\"https:\/\/www.ecinews.fr\/fr\/la-fab-st-glofo-prevue-a-crolles-ne-se-fera-pas\/#article\",\"isPartOf\":{\"@id\":\"https:\/\/www.ecinews.fr\/fr\/la-fab-st-glofo-prevue-a-crolles-ne-se-fera-pas\/\"},\"author\":{\"name\":\"NicolasR\",\"@id\":\"https:\/\/www.ecinews.fr\/fr\/#\/schema\/person\/78961bf5e4a331d3b8b2d58fdfef976c\"},\"headline\":\"La fab ST &#8211; GloFo pr\u00e9vue \u00e0 Crolles ne se fera pas\",\"datePublished\":\"2025-01-21T16:24:11+00:00\",\"dateModified\":\"2025-01-21T16:24:11+00:00\",\"mainEntityOfPage\":{\"@id\":\"https:\/\/www.ecinews.fr\/fr\/la-fab-st-glofo-prevue-a-crolles-ne-se-fera-pas\/\"},\"wordCount\":398,\"publisher\":{\"@id\":\"https:\/\/www.ecinews.fr\/fr\/#organization\"},\"keywords\":[\"Fabs\",\"semi-conducteur\"],\"articleSection\":[\"Actualit\u00e9s \u00e9conomiques\",\"March\u00e9\",\"Nouvelles\"],\"inLanguage\":\"fr-FR\"},{\"@type\":\"WebPage\",\"@id\":\"https:\/\/www.ecinews.fr\/fr\/la-fab-st-glofo-prevue-a-crolles-ne-se-fera-pas\/\",\"url\":\"https:\/\/www.ecinews.fr\/fr\/la-fab-st-glofo-prevue-a-crolles-ne-se-fera-pas\/\",\"name\":\"La fab ST - GloFo pr\u00e9vue \u00e0 Crolles ne se fera pas\",\"isPartOf\":{\"@id\":\"https:\/\/www.ecinews.fr\/fr\/#website\"},\"datePublished\":\"2025-01-21T16:24:11+00:00\",\"dateModified\":\"2025-01-21T16:24:11+00:00\",\"description\":\"STM et GlobalFoundries ont d\u00e9cid\u00e9 de mettre en suspens un projet de 7,5 milliards d'euros pour la construction d'une fab \u00e0 Crolles.\",\"breadcrumb\":{\"@id\":\"https:\/\/www.ecinews.fr\/fr\/la-fab-st-glofo-prevue-a-crolles-ne-se-fera-pas\/#breadcrumb\"},\"inLanguage\":\"fr-FR\",\"potentialAction\":[{\"@type\":\"ReadAction\",\"target\":[\"https:\/\/www.ecinews.fr\/fr\/la-fab-st-glofo-prevue-a-crolles-ne-se-fera-pas\/\"]}]},{\"@type\":\"BreadcrumbList\",\"@id\":\"https:\/\/www.ecinews.fr\/fr\/la-fab-st-glofo-prevue-a-crolles-ne-se-fera-pas\/#breadcrumb\",\"itemListElement\":[{\"@type\":\"ListItem\",\"position\":1,\"name\":\"Home\",\"item\":\"https:\/\/www.ecinews.fr\/fr\/\"},{\"@type\":\"ListItem\",\"position\":2,\"name\":\"La fab ST &#8211; GloFo pr\u00e9vue \u00e0 Crolles ne se fera pas\"}]},{\"@type\":\"WebSite\",\"@id\":\"https:\/\/www.ecinews.fr\/fr\/#website\",\"url\":\"https:\/\/www.ecinews.fr\/fr\/\",\"name\":\"EENewsEurope\",\"description\":\"Just another WordPress site\",\"publisher\":{\"@id\":\"https:\/\/www.ecinews.fr\/fr\/#organization\"},\"potentialAction\":[{\"@type\":\"SearchAction\",\"target\":{\"@type\":\"EntryPoint\",\"urlTemplate\":\"https:\/\/www.ecinews.fr\/fr\/?s={search_term_string}\"},\"query-input\":\"required name=search_term_string\"}],\"inLanguage\":\"fr-FR\"},{\"@type\":\"Organization\",\"@id\":\"https:\/\/www.ecinews.fr\/fr\/#organization\",\"name\":\"EENewsEurope\",\"url\":\"https:\/\/www.ecinews.fr\/fr\/\",\"logo\":{\"@type\":\"ImageObject\",\"inLanguage\":\"fr-FR\",\"@id\":\"https:\/\/www.ecinews.fr\/fr\/#\/schema\/logo\/image\/\",\"url\":\"https:\/\/www.ecinews.fr\/wp-content\/uploads\/2022\/02\/logo-1.jpg\",\"contentUrl\":\"https:\/\/www.ecinews.fr\/wp-content\/uploads\/2022\/02\/logo-1.jpg\",\"width\":283,\"height\":113,\"caption\":\"EENewsEurope\"},\"image\":{\"@id\":\"https:\/\/www.ecinews.fr\/fr\/#\/schema\/logo\/image\/\"}},{\"@type\":\"Person\",\"@id\":\"https:\/\/www.ecinews.fr\/fr\/#\/schema\/person\/78961bf5e4a331d3b8b2d58fdfef976c\",\"name\":\"NicolasR\",\"image\":{\"@type\":\"ImageObject\",\"inLanguage\":\"fr-FR\",\"@id\":\"https:\/\/www.ecinews.fr\/fr\/#\/schema\/person\/image\/1113513d73c6c997fc7ac1ecedfff8d9\",\"url\":\"https:\/\/secure.gravatar.com\/avatar\/8c46107760468ab8a00c814c26c19ab4?s=96&d=mm&r=g\",\"contentUrl\":\"https:\/\/secure.gravatar.com\/avatar\/8c46107760468ab8a00c814c26c19ab4?s=96&d=mm&r=g\",\"caption\":\"NicolasR\"}}]}<\/script>","yoast_head_json":{"title":"La fab ST - GloFo pr\u00e9vue \u00e0 Crolles ne se fera pas ...","description":"STM et GlobalFoundries ont d\u00e9cid\u00e9 de mettre en suspens un projet de 7,5 milliards d'euros pour la construction d'une fab \u00e0 Crolles.","robots":{"index":"index","follow":"follow","max-snippet":"max-snippet:-1","max-image-preview":"max-image-preview:large","max-video-preview":"max-video-preview:-1"},"canonical":"https:\/\/www.ecinews.fr\/fr\/wp-json\/wp\/v2\/posts\/470691\/","og_locale":"fr_FR","og_type":"article","og_title":"La fab ST - GloFo pr\u00e9vue \u00e0 Crolles ne se fera pas","og_description":"STM et GlobalFoundries ont d\u00e9cid\u00e9 de mettre en suspens un projet de 7,5 milliards d'euros pour la construction d'une fab \u00e0 Crolles.","og_url":"https:\/\/www.ecinews.fr\/fr\/wp-json\/wp\/v2\/posts\/470691\/","og_site_name":"EENewsEurope","article_published_time":"2025-01-21T16:24:11+00:00","og_image":[{"width":749,"height":400,"url":"https:\/\/www.ecinews.fr\/wp-content\/uploads\/import\/default\/files\/sites\/default\/files\/images\/stcrolles750.jpg","type":"image\/jpeg"}],"author":"Peter Clarke","twitter_card":"summary_large_image","twitter_misc":{"Written by":"NicolasR","Est. reading time":"2 minutes"},"schema":{"@context":"https:\/\/schema.org","@graph":[{"@type":"Article","@id":"https:\/\/www.ecinews.fr\/fr\/la-fab-st-glofo-prevue-a-crolles-ne-se-fera-pas\/#article","isPartOf":{"@id":"https:\/\/www.ecinews.fr\/fr\/la-fab-st-glofo-prevue-a-crolles-ne-se-fera-pas\/"},"author":{"name":"NicolasR","@id":"https:\/\/www.ecinews.fr\/fr\/#\/schema\/person\/78961bf5e4a331d3b8b2d58fdfef976c"},"headline":"La fab ST &#8211; GloFo pr\u00e9vue \u00e0 Crolles ne se fera pas","datePublished":"2025-01-21T16:24:11+00:00","dateModified":"2025-01-21T16:24:11+00:00","mainEntityOfPage":{"@id":"https:\/\/www.ecinews.fr\/fr\/la-fab-st-glofo-prevue-a-crolles-ne-se-fera-pas\/"},"wordCount":398,"publisher":{"@id":"https:\/\/www.ecinews.fr\/fr\/#organization"},"keywords":["Fabs","semi-conducteur"],"articleSection":["Actualit\u00e9s \u00e9conomiques","March\u00e9","Nouvelles"],"inLanguage":"fr-FR"},{"@type":"WebPage","@id":"https:\/\/www.ecinews.fr\/fr\/la-fab-st-glofo-prevue-a-crolles-ne-se-fera-pas\/","url":"https:\/\/www.ecinews.fr\/fr\/la-fab-st-glofo-prevue-a-crolles-ne-se-fera-pas\/","name":"La fab ST - GloFo pr\u00e9vue \u00e0 Crolles ne se fera pas","isPartOf":{"@id":"https:\/\/www.ecinews.fr\/fr\/#website"},"datePublished":"2025-01-21T16:24:11+00:00","dateModified":"2025-01-21T16:24:11+00:00","description":"STM et GlobalFoundries ont d\u00e9cid\u00e9 de mettre en suspens un projet de 7,5 milliards d'euros pour la construction d'une fab \u00e0 Crolles.","breadcrumb":{"@id":"https:\/\/www.ecinews.fr\/fr\/la-fab-st-glofo-prevue-a-crolles-ne-se-fera-pas\/#breadcrumb"},"inLanguage":"fr-FR","potentialAction":[{"@type":"ReadAction","target":["https:\/\/www.ecinews.fr\/fr\/la-fab-st-glofo-prevue-a-crolles-ne-se-fera-pas\/"]}]},{"@type":"BreadcrumbList","@id":"https:\/\/www.ecinews.fr\/fr\/la-fab-st-glofo-prevue-a-crolles-ne-se-fera-pas\/#breadcrumb","itemListElement":[{"@type":"ListItem","position":1,"name":"Home","item":"https:\/\/www.ecinews.fr\/fr\/"},{"@type":"ListItem","position":2,"name":"La fab ST &#8211; GloFo pr\u00e9vue \u00e0 Crolles ne se fera pas"}]},{"@type":"WebSite","@id":"https:\/\/www.ecinews.fr\/fr\/#website","url":"https:\/\/www.ecinews.fr\/fr\/","name":"EENewsEurope","description":"Just another WordPress site","publisher":{"@id":"https:\/\/www.ecinews.fr\/fr\/#organization"},"potentialAction":[{"@type":"SearchAction","target":{"@type":"EntryPoint","urlTemplate":"https:\/\/www.ecinews.fr\/fr\/?s={search_term_string}"},"query-input":"required name=search_term_string"}],"inLanguage":"fr-FR"},{"@type":"Organization","@id":"https:\/\/www.ecinews.fr\/fr\/#organization","name":"EENewsEurope","url":"https:\/\/www.ecinews.fr\/fr\/","logo":{"@type":"ImageObject","inLanguage":"fr-FR","@id":"https:\/\/www.ecinews.fr\/fr\/#\/schema\/logo\/image\/","url":"https:\/\/www.ecinews.fr\/wp-content\/uploads\/2022\/02\/logo-1.jpg","contentUrl":"https:\/\/www.ecinews.fr\/wp-content\/uploads\/2022\/02\/logo-1.jpg","width":283,"height":113,"caption":"EENewsEurope"},"image":{"@id":"https:\/\/www.ecinews.fr\/fr\/#\/schema\/logo\/image\/"}},{"@type":"Person","@id":"https:\/\/www.ecinews.fr\/fr\/#\/schema\/person\/78961bf5e4a331d3b8b2d58fdfef976c","name":"NicolasR","image":{"@type":"ImageObject","inLanguage":"fr-FR","@id":"https:\/\/www.ecinews.fr\/fr\/#\/schema\/person\/image\/1113513d73c6c997fc7ac1ecedfff8d9","url":"https:\/\/secure.gravatar.com\/avatar\/8c46107760468ab8a00c814c26c19ab4?s=96&d=mm&r=g","contentUrl":"https:\/\/secure.gravatar.com\/avatar\/8c46107760468ab8a00c814c26c19ab4?s=96&d=mm&r=g","caption":"NicolasR"}}]}},"authors":[{"term_id":3631,"user_id":0,"is_guest":1,"slug":"peter-clarke","display_name":"Peter Clarke","avatar_url":"https:\/\/secure.gravatar.com\/avatar\/?s=96&d=mm&r=g","0":null,"1":"","2":"","3":"","4":"","5":"","6":"","7":"","8":""}],"_links":{"self":[{"href":"https:\/\/www.ecinews.fr\/fr\/wp-json\/wp\/v2\/posts\/470691"}],"collection":[{"href":"https:\/\/www.ecinews.fr\/fr\/wp-json\/wp\/v2\/posts"}],"about":[{"href":"https:\/\/www.ecinews.fr\/fr\/wp-json\/wp\/v2\/types\/post"}],"author":[{"embeddable":true,"href":"https:\/\/www.ecinews.fr\/fr\/wp-json\/wp\/v2\/users\/2"}],"replies":[{"embeddable":true,"href":"https:\/\/www.ecinews.fr\/fr\/wp-json\/wp\/v2\/comments?post=470691"}],"version-history":[{"count":0,"href":"https:\/\/www.ecinews.fr\/fr\/wp-json\/wp\/v2\/posts\/470691\/revisions"}],"wp:featuredmedia":[{"embeddable":true,"href":"https:\/\/www.ecinews.fr\/fr\/wp-json\/wp\/v2\/media\/39912"}],"wp:attachment":[{"href":"https:\/\/www.ecinews.fr\/fr\/wp-json\/wp\/v2\/media?parent=470691"}],"wp:term":[{"taxonomy":"category","embeddable":true,"href":"https:\/\/www.ecinews.fr\/fr\/wp-json\/wp\/v2\/categories?post=470691"},{"taxonomy":"post_tag","embeddable":true,"href":"https:\/\/www.ecinews.fr\/fr\/wp-json\/wp\/v2\/tags?post=470691"},{"taxonomy":"domains","embeddable":true,"href":"https:\/\/www.ecinews.fr\/fr\/wp-json\/wp\/v2\/domains?post=470691"},{"taxonomy":"author","embeddable":true,"href":"https:\/\/www.ecinews.fr\/fr\/wp-json\/wp\/v2\/ppma_author?post=470691"}],"curies":[{"name":"wp","href":"https:\/\/api.w.org\/{rel}","templated":true}]}}