{"id":470126,"date":"2025-01-13T19:47:35","date_gmt":"2025-01-13T18:47:35","guid":{"rendered":"https:\/\/www.eenewseurope.com\/?p=470126"},"modified":"2025-01-13T19:48:12","modified_gmt":"2025-01-13T18:48:12","slug":"aviation-decarbonee-daher-inaugure-un-nouveau-centre","status":"publish","type":"post","link":"https:\/\/www.ecinews.fr\/fr\/aviation-decarbonee-daher-inaugure-un-nouveau-centre\/","title":{"rendered":"Aviation d\u00e9carbon\u00e9e, Daher inaugure un nouveau centre \u00e0 Tarbes"},"content":{"rendered":"<h3><span style=\"font-size: 16px;\">Daher, acteur majeur de l\u2019industrie a\u00e9ronautique, a inaugur\u00e9 Fly\u2019in, son nouveau technocentre d\u00e9di\u00e9 \u00e0 l\u2019aviation durable. Situ\u00e9 sur le site de l\u2019a\u00e9roport Tarbes,\u00a0 ce centre de 2100 m\u00b2 refl\u00e8te l\u2019engagement de la soci\u00e9t\u00e9 dans le domaine de l&rsquo;aviation durable<\/span><\/h3>\n<p><strong>Trois \u00ab tech centers \u00bb pour acc\u00e9l\u00e9rer l\u2019innovation <\/strong><\/p>\n<p>Avec Fly\u2019in \u00e0 Tarbes, Daher ach\u00e8ve la mise en place de ses trois technocentres, d\u00e9di\u00e9s \u00e0 des m\u00e9tiers strat\u00e9giques\u202f: Log\u2019in \u00e0 Toulouse pour la logistique industrielle, Shap\u2019in \u00e0 Nantes pour les a\u00e9rostructures avanc\u00e9es, et Fly\u2019in pour l\u2019aviation durable. Ces plateformes d\u2019innovation engagent la soci\u00e9t\u00e9 dans la\u00a0 transformation de ses activit\u00e9s pour relever les d\u00e9fis technologiques \u00e0 venir. Soutenues par l\u2019Etat Fran\u00e7ais et par l\u2019Union Europ\u00e9enne dans le cadre du dispositif France 2030, ainsi que par les r\u00e9gions Occitanie et Pays de la Loire, Ces initiatives s&rsquo;inscrivent dans le plan \u00ab\u202fTake Off 2027\u202f\u00bb. Dot\u00e9 d\u2019infrastructures ultramodernes, Fly\u2019in sera une plateforme d\u2019excellence en mati\u00e8re de recherche, d\u00e9veloppement, prototypage rapide, essais au sol et en vol, et science des donn\u00e9es. Parmi ses projets phares, le d\u00e9monstrateur EcoPulse permet \u00e0 Daher, et \u00e0 ses partenaires Safran et Airbus, d\u2019explorer l\u2019int\u00e9r\u00eat de technologies d\u2019hybridation \u00e9lectrique \u00e0 haute tension pour la r\u00e9duction de l\u2019empreinte carbone des a\u00e9ronefs.<\/p>\n<p><strong>Un catalyseur d\u2019innovation r\u00e9gionale et nationale <\/strong><\/p>\n<p>Fly\u2019in ambitionne de renforcer l\u2019attractivit\u00e9 \u00e9conomique et industrielle de la r\u00e9gion en s\u2019appuyant sur des partenariats solides avec les acteurs acad\u00e9miques, industriels et institutionnels. En plus d\u2019acc\u00e9l\u00e9rer l\u2019innovation technologique, le technocentre contribuera au d\u00e9veloppement des comp\u00e9tences et des m\u00e9tiers d\u2019avenir. Il est int\u00e9gr\u00e9 au projet Campus Aero Adour qui vise \u00e0 d\u00e9velopper et d\u00e9ployer des formations qualifiantes attractives, avec un objectif de 15 000 personnes form\u00e9es et 36 000 sensibilis\u00e9es aux enjeux du secteur d\u2019ici 2030. Ce site unique en France favorisera la mont\u00e9e en gamme des activit\u00e9s a\u00e9ronautiques de Daher tout en stimulant l\u2019\u00e9mergence de technologies \u00e9co-responsables.<\/p>\n<p>Avec ses capacit\u00e9s en prototypage rapide, ing\u00e9nierie avanc\u00e9e, intelligence artificielle, essais structuraux et essais de syst\u00e8mes embarqu\u00e9s, Fly\u2019in consolide la place de Daher comme un acteur incontournable de l\u2019aviation durable \u00e0 l\u2019\u00e9chelle internationale. Didier Kayat, Pr\u00e9sident-directeur g\u00e9n\u00e9ral de Daher : \u00ab Fly\u2019in illustre parfaitement les efforts du groupe Daher pour innover et collaborer en faveur d\u2019une aviation plus durable, en coh\u00e9rence avec sa raison d\u2019\u00eatre. Ce technocentre incarne notre vision d\u2019un avenir o\u00f9 technologie et responsabilit\u00e9 environnementale vont de pair. \u00bb<\/p>\n<p><strong>Un espace con\u00e7u pour l\u2019innovation collaborative <\/strong><\/p>\n<p>Fly\u2019in se distingue par son approche collaborative et sa philosophie d\u2019exploitation. En tant que lieu partag\u00e9 entre \u00e9quipes Daher, partenaires et parties prenantes sur des sujets cibl\u00e9s, il offre un environnement s\u00e9curis\u00e9 et confidentiel propice \u00e0 l\u2019exploration et au d\u00e9veloppement pour la fili\u00e8re tout enti\u00e8re. Dot\u00e9 d\u2019ateliers de fabrication additive et de prototypage rapide, de bancs d\u2019essais m\u00e9caniques et de syst\u00e8mes, et d\u2019une capacit\u00e9 d\u2019essais en vol, le site est optimis\u00e9 pour r\u00e9pondre aux d\u00e9fis complexes de l\u2019a\u00e9ronautique moderne. Le b\u00e2timent lui-m\u00eame respecte les normes environnementales les plus r\u00e9centes, avec notamment une toiture v\u00e9g\u00e9talis\u00e9e \u00e0 30 %, ou encore une dalle en b\u00e9ton \u00ab bas carbone \u00bb renfor\u00e7ant l\u2019engagement de Daher pour la durabilit\u00e9.<\/p>\n<p><a href=\"https:\/\/www.daher.com\/\">Daher<\/a><\/p>\n","protected":false},"excerpt":{"rendered":"<p>Daher, acteur majeur de l\u2019industrie a\u00e9ronautique, a inaugur\u00e9 Fly\u2019in, son nouveau technocentre d\u00e9di\u00e9 \u00e0 l\u2019aviation durable. Situ\u00e9 sur le site de l\u2019a\u00e9roport Tarbes,\u00a0 ce centre de 2100 m\u00b2 refl\u00e8te l\u2019engagement de la soci\u00e9t\u00e9 dans le domaine de l&rsquo;aviation durable Trois \u00ab tech centers \u00bb pour acc\u00e9l\u00e9rer l\u2019innovation Avec Fly\u2019in \u00e0 Tarbes, Daher ach\u00e8ve la mise [&hellip;]<\/p>\n","protected":false},"author":11,"featured_media":470129,"comment_status":"closed","ping_status":"closed","sticky":true,"template":"","format":"standard","meta":{"_acf_changed":false,"footnotes":""},"categories":[886],"tags":[8699],"domains":[47],"ppma_author":[1143],"class_list":["post-470126","post","type-post","status-publish","format-standard","has-post-thumbnail","hentry","category-news-fr","tag-aviation-decarbonee","domains-electronique-eci"],"acf":[],"yoast_head":"<title>Aviation d\u00e9carbon\u00e9e, Daher inaugure un nouveau centre \u00e0 Tarbes ...<\/title>\n<meta name=\"description\" content=\"Daher inaugure \u00e0 Tarbes un nouveau centre, d\u00e9di\u00e9 \u00e0 l&#039;aviation d\u00e9carbon\u00e9e.\" \/>\n<meta name=\"robots\" content=\"index, follow, max-snippet:-1, max-image-preview:large, max-video-preview:-1\" \/>\n<link rel=\"canonical\" href=\"https:\/\/www.ecinews.fr\/fr\/wp-json\/wp\/v2\/posts\/470126\/\" \/>\n<meta property=\"og:locale\" content=\"fr_FR\" \/>\n<meta property=\"og:type\" content=\"article\" \/>\n<meta property=\"og:title\" content=\"Aviation d\u00e9carbon\u00e9e, Daher inaugure un nouveau centre \u00e0 Tarbes\" \/>\n<meta property=\"og:description\" content=\"Daher inaugure \u00e0 Tarbes un nouveau centre, d\u00e9di\u00e9 \u00e0 l&#039;aviation d\u00e9carbon\u00e9e.\" \/>\n<meta property=\"og:url\" content=\"https:\/\/www.ecinews.fr\/fr\/wp-json\/wp\/v2\/posts\/470126\/\" \/>\n<meta property=\"og:site_name\" content=\"EENewsEurope\" \/>\n<meta property=\"article:published_time\" content=\"2025-01-13T18:47:35+00:00\" \/>\n<meta property=\"article:modified_time\" content=\"2025-01-13T18:48:12+00:00\" \/>\n<meta property=\"og:image\" content=\"https:\/\/www.ecinews.fr\/wp-content\/uploads\/2025\/01\/Daher.jpg\" \/>\n\t<meta property=\"og:image:width\" content=\"600\" \/>\n\t<meta property=\"og:image:height\" content=\"339\" \/>\n\t<meta property=\"og:image:type\" content=\"image\/jpeg\" \/>\n<meta name=\"author\" content=\"Daniel Cardon\" \/>\n<meta name=\"twitter:card\" content=\"summary_large_image\" \/>\n<meta name=\"twitter:label1\" content=\"Written by\" \/>\n\t<meta name=\"twitter:data1\" content=\"Daniel Cardon\" \/>\n\t<meta name=\"twitter:label2\" content=\"Est. reading time\" \/>\n\t<meta name=\"twitter:data2\" content=\"3 minutes\" \/>\n<script type=\"application\/ld+json\" class=\"yoast-schema-graph\">{\"@context\":\"https:\/\/schema.org\",\"@graph\":[{\"@type\":\"Article\",\"@id\":\"https:\/\/www.ecinews.fr\/fr\/aviation-decarbonee-daher-inaugure-un-nouveau-centre\/#article\",\"isPartOf\":{\"@id\":\"https:\/\/www.ecinews.fr\/fr\/aviation-decarbonee-daher-inaugure-un-nouveau-centre\/\"},\"author\":{\"name\":\"Daniel Cardon\",\"@id\":\"https:\/\/www.eenewseurope.com\/en\/#\/schema\/person\/93c44cde463762f40a8236eaa44c1c17\"},\"headline\":\"Aviation d\u00e9carbon\u00e9e, Daher inaugure un nouveau centre \u00e0 Tarbes\",\"datePublished\":\"2025-01-13T18:47:35+00:00\",\"dateModified\":\"2025-01-13T18:48:12+00:00\",\"mainEntityOfPage\":{\"@id\":\"https:\/\/www.ecinews.fr\/fr\/aviation-decarbonee-daher-inaugure-un-nouveau-centre\/\"},\"wordCount\":605,\"publisher\":{\"@id\":\"https:\/\/www.eenewseurope.com\/en\/#organization\"},\"keywords\":[\"Aviation d\u00e9carbon\u00e9e\"],\"articleSection\":[\"Actualit\u00e9 g\u00e9n\u00e9rale\"],\"inLanguage\":\"fr-FR\"},{\"@type\":\"WebPage\",\"@id\":\"https:\/\/www.ecinews.fr\/fr\/aviation-decarbonee-daher-inaugure-un-nouveau-centre\/\",\"url\":\"https:\/\/www.ecinews.fr\/fr\/aviation-decarbonee-daher-inaugure-un-nouveau-centre\/\",\"name\":\"Aviation d\u00e9carbon\u00e9e, Daher inaugure un nouveau centre \u00e0 Tarbes -\",\"isPartOf\":{\"@id\":\"https:\/\/www.eenewseurope.com\/en\/#website\"},\"datePublished\":\"2025-01-13T18:47:35+00:00\",\"dateModified\":\"2025-01-13T18:48:12+00:00\",\"description\":\"Daher inaugure \u00e0 Tarbes un nouveau centre, d\u00e9di\u00e9 \u00e0 l'aviation d\u00e9carbon\u00e9e.\",\"breadcrumb\":{\"@id\":\"https:\/\/www.ecinews.fr\/fr\/aviation-decarbonee-daher-inaugure-un-nouveau-centre\/#breadcrumb\"},\"inLanguage\":\"fr-FR\",\"potentialAction\":[{\"@type\":\"ReadAction\",\"target\":[\"https:\/\/www.ecinews.fr\/fr\/aviation-decarbonee-daher-inaugure-un-nouveau-centre\/\"]}]},{\"@type\":\"BreadcrumbList\",\"@id\":\"https:\/\/www.ecinews.fr\/fr\/aviation-decarbonee-daher-inaugure-un-nouveau-centre\/#breadcrumb\",\"itemListElement\":[{\"@type\":\"ListItem\",\"position\":1,\"name\":\"Home\",\"item\":\"https:\/\/www.ecinews.fr\/fr\/\"},{\"@type\":\"ListItem\",\"position\":2,\"name\":\"Aviation d\u00e9carbon\u00e9e, Daher inaugure un nouveau centre \u00e0 Tarbes\"}]},{\"@type\":\"WebSite\",\"@id\":\"https:\/\/www.eenewseurope.com\/en\/#website\",\"url\":\"https:\/\/www.eenewseurope.com\/en\/\",\"name\":\"EENewsEurope\",\"description\":\"Just another WordPress site\",\"publisher\":{\"@id\":\"https:\/\/www.eenewseurope.com\/en\/#organization\"},\"potentialAction\":[{\"@type\":\"SearchAction\",\"target\":{\"@type\":\"EntryPoint\",\"urlTemplate\":\"https:\/\/www.eenewseurope.com\/en\/?s={search_term_string}\"},\"query-input\":\"required name=search_term_string\"}],\"inLanguage\":\"fr-FR\"},{\"@type\":\"Organization\",\"@id\":\"https:\/\/www.eenewseurope.com\/en\/#organization\",\"name\":\"EENewsEurope\",\"url\":\"https:\/\/www.eenewseurope.com\/en\/\",\"logo\":{\"@type\":\"ImageObject\",\"inLanguage\":\"fr-FR\",\"@id\":\"https:\/\/www.eenewseurope.com\/en\/#\/schema\/logo\/image\/\",\"url\":\"https:\/\/www.ecinews.fr\/wp-content\/uploads\/2022\/02\/logo-1.jpg\",\"contentUrl\":\"https:\/\/www.ecinews.fr\/wp-content\/uploads\/2022\/02\/logo-1.jpg\",\"width\":283,\"height\":113,\"caption\":\"EENewsEurope\"},\"image\":{\"@id\":\"https:\/\/www.eenewseurope.com\/en\/#\/schema\/logo\/image\/\"}},{\"@type\":\"Person\",\"@id\":\"https:\/\/www.eenewseurope.com\/en\/#\/schema\/person\/93c44cde463762f40a8236eaa44c1c17\",\"name\":\"Daniel Cardon\",\"image\":{\"@type\":\"ImageObject\",\"inLanguage\":\"fr-FR\",\"@id\":\"https:\/\/www.eenewseurope.com\/en\/#\/schema\/person\/image\/2b243f6bcc1cff7d86aadfb2cd0bd870\",\"url\":\"https:\/\/secure.gravatar.com\/avatar\/de9edc136dfc061ad4778e04635baefa?s=96&d=mm&r=g\",\"contentUrl\":\"https:\/\/secure.gravatar.com\/avatar\/de9edc136dfc061ad4778e04635baefa?s=96&d=mm&r=g\",\"caption\":\"Daniel Cardon\"}}]}<\/script>","yoast_head_json":{"title":"Aviation d\u00e9carbon\u00e9e, Daher inaugure un nouveau centre \u00e0 Tarbes ...","description":"Daher inaugure \u00e0 Tarbes un nouveau centre, d\u00e9di\u00e9 \u00e0 l'aviation d\u00e9carbon\u00e9e.","robots":{"index":"index","follow":"follow","max-snippet":"max-snippet:-1","max-image-preview":"max-image-preview:large","max-video-preview":"max-video-preview:-1"},"canonical":"https:\/\/www.ecinews.fr\/fr\/wp-json\/wp\/v2\/posts\/470126\/","og_locale":"fr_FR","og_type":"article","og_title":"Aviation d\u00e9carbon\u00e9e, Daher inaugure un nouveau centre \u00e0 Tarbes","og_description":"Daher inaugure \u00e0 Tarbes un nouveau centre, d\u00e9di\u00e9 \u00e0 l'aviation d\u00e9carbon\u00e9e.","og_url":"https:\/\/www.ecinews.fr\/fr\/wp-json\/wp\/v2\/posts\/470126\/","og_site_name":"EENewsEurope","article_published_time":"2025-01-13T18:47:35+00:00","article_modified_time":"2025-01-13T18:48:12+00:00","og_image":[{"width":600,"height":339,"url":"https:\/\/www.ecinews.fr\/wp-content\/uploads\/2025\/01\/Daher.jpg","type":"image\/jpeg"}],"author":"Daniel Cardon","twitter_card":"summary_large_image","twitter_misc":{"Written by":"Daniel Cardon","Est. reading time":"3 minutes"},"schema":{"@context":"https:\/\/schema.org","@graph":[{"@type":"Article","@id":"https:\/\/www.ecinews.fr\/fr\/aviation-decarbonee-daher-inaugure-un-nouveau-centre\/#article","isPartOf":{"@id":"https:\/\/www.ecinews.fr\/fr\/aviation-decarbonee-daher-inaugure-un-nouveau-centre\/"},"author":{"name":"Daniel Cardon","@id":"https:\/\/www.eenewseurope.com\/en\/#\/schema\/person\/93c44cde463762f40a8236eaa44c1c17"},"headline":"Aviation d\u00e9carbon\u00e9e, Daher inaugure un nouveau centre \u00e0 Tarbes","datePublished":"2025-01-13T18:47:35+00:00","dateModified":"2025-01-13T18:48:12+00:00","mainEntityOfPage":{"@id":"https:\/\/www.ecinews.fr\/fr\/aviation-decarbonee-daher-inaugure-un-nouveau-centre\/"},"wordCount":605,"publisher":{"@id":"https:\/\/www.eenewseurope.com\/en\/#organization"},"keywords":["Aviation d\u00e9carbon\u00e9e"],"articleSection":["Actualit\u00e9 g\u00e9n\u00e9rale"],"inLanguage":"fr-FR"},{"@type":"WebPage","@id":"https:\/\/www.ecinews.fr\/fr\/aviation-decarbonee-daher-inaugure-un-nouveau-centre\/","url":"https:\/\/www.ecinews.fr\/fr\/aviation-decarbonee-daher-inaugure-un-nouveau-centre\/","name":"Aviation d\u00e9carbon\u00e9e, Daher inaugure un nouveau centre \u00e0 Tarbes -","isPartOf":{"@id":"https:\/\/www.eenewseurope.com\/en\/#website"},"datePublished":"2025-01-13T18:47:35+00:00","dateModified":"2025-01-13T18:48:12+00:00","description":"Daher inaugure \u00e0 Tarbes un nouveau centre, d\u00e9di\u00e9 \u00e0 l'aviation d\u00e9carbon\u00e9e.","breadcrumb":{"@id":"https:\/\/www.ecinews.fr\/fr\/aviation-decarbonee-daher-inaugure-un-nouveau-centre\/#breadcrumb"},"inLanguage":"fr-FR","potentialAction":[{"@type":"ReadAction","target":["https:\/\/www.ecinews.fr\/fr\/aviation-decarbonee-daher-inaugure-un-nouveau-centre\/"]}]},{"@type":"BreadcrumbList","@id":"https:\/\/www.ecinews.fr\/fr\/aviation-decarbonee-daher-inaugure-un-nouveau-centre\/#breadcrumb","itemListElement":[{"@type":"ListItem","position":1,"name":"Home","item":"https:\/\/www.ecinews.fr\/fr\/"},{"@type":"ListItem","position":2,"name":"Aviation d\u00e9carbon\u00e9e, Daher inaugure un nouveau centre \u00e0 Tarbes"}]},{"@type":"WebSite","@id":"https:\/\/www.eenewseurope.com\/en\/#website","url":"https:\/\/www.eenewseurope.com\/en\/","name":"EENewsEurope","description":"Just another WordPress site","publisher":{"@id":"https:\/\/www.eenewseurope.com\/en\/#organization"},"potentialAction":[{"@type":"SearchAction","target":{"@type":"EntryPoint","urlTemplate":"https:\/\/www.eenewseurope.com\/en\/?s={search_term_string}"},"query-input":"required name=search_term_string"}],"inLanguage":"fr-FR"},{"@type":"Organization","@id":"https:\/\/www.eenewseurope.com\/en\/#organization","name":"EENewsEurope","url":"https:\/\/www.eenewseurope.com\/en\/","logo":{"@type":"ImageObject","inLanguage":"fr-FR","@id":"https:\/\/www.eenewseurope.com\/en\/#\/schema\/logo\/image\/","url":"https:\/\/www.ecinews.fr\/wp-content\/uploads\/2022\/02\/logo-1.jpg","contentUrl":"https:\/\/www.ecinews.fr\/wp-content\/uploads\/2022\/02\/logo-1.jpg","width":283,"height":113,"caption":"EENewsEurope"},"image":{"@id":"https:\/\/www.eenewseurope.com\/en\/#\/schema\/logo\/image\/"}},{"@type":"Person","@id":"https:\/\/www.eenewseurope.com\/en\/#\/schema\/person\/93c44cde463762f40a8236eaa44c1c17","name":"Daniel Cardon","image":{"@type":"ImageObject","inLanguage":"fr-FR","@id":"https:\/\/www.eenewseurope.com\/en\/#\/schema\/person\/image\/2b243f6bcc1cff7d86aadfb2cd0bd870","url":"https:\/\/secure.gravatar.com\/avatar\/de9edc136dfc061ad4778e04635baefa?s=96&d=mm&r=g","contentUrl":"https:\/\/secure.gravatar.com\/avatar\/de9edc136dfc061ad4778e04635baefa?s=96&d=mm&r=g","caption":"Daniel Cardon"}}]}},"authors":[{"term_id":1143,"user_id":11,"is_guest":0,"slug":"danielcardon","display_name":"Daniel Cardon","avatar_url":"https:\/\/secure.gravatar.com\/avatar\/de9edc136dfc061ad4778e04635baefa?s=96&d=mm&r=g","0":null,"1":"","2":"","3":"","4":"","5":"","6":"","7":"","8":""}],"_links":{"self":[{"href":"https:\/\/www.ecinews.fr\/fr\/wp-json\/wp\/v2\/posts\/470126"}],"collection":[{"href":"https:\/\/www.ecinews.fr\/fr\/wp-json\/wp\/v2\/posts"}],"about":[{"href":"https:\/\/www.ecinews.fr\/fr\/wp-json\/wp\/v2\/types\/post"}],"author":[{"embeddable":true,"href":"https:\/\/www.ecinews.fr\/fr\/wp-json\/wp\/v2\/users\/11"}],"replies":[{"embeddable":true,"href":"https:\/\/www.ecinews.fr\/fr\/wp-json\/wp\/v2\/comments?post=470126"}],"version-history":[{"count":0,"href":"https:\/\/www.ecinews.fr\/fr\/wp-json\/wp\/v2\/posts\/470126\/revisions"}],"wp:featuredmedia":[{"embeddable":true,"href":"https:\/\/www.ecinews.fr\/fr\/wp-json\/wp\/v2\/media\/470129"}],"wp:attachment":[{"href":"https:\/\/www.ecinews.fr\/fr\/wp-json\/wp\/v2\/media?parent=470126"}],"wp:term":[{"taxonomy":"category","embeddable":true,"href":"https:\/\/www.ecinews.fr\/fr\/wp-json\/wp\/v2\/categories?post=470126"},{"taxonomy":"post_tag","embeddable":true,"href":"https:\/\/www.ecinews.fr\/fr\/wp-json\/wp\/v2\/tags?post=470126"},{"taxonomy":"domains","embeddable":true,"href":"https:\/\/www.ecinews.fr\/fr\/wp-json\/wp\/v2\/domains?post=470126"},{"taxonomy":"author","embeddable":true,"href":"https:\/\/www.ecinews.fr\/fr\/wp-json\/wp\/v2\/ppma_author?post=470126"}],"curies":[{"name":"wp","href":"https:\/\/api.w.org\/{rel}","templated":true}]}}