{"id":469835,"date":"2025-01-10T08:34:54","date_gmt":"2025-01-10T07:34:54","guid":{"rendered":"https:\/\/www.ecinews.fr\/?p=469835"},"modified":"2025-01-09T14:45:28","modified_gmt":"2025-01-09T13:45:28","slug":"les-ventes-de-puces-boostees-en-region-ameriques-en-recul-en-chine","status":"publish","type":"post","link":"https:\/\/www.ecinews.fr\/fr\/les-ventes-de-puces-boostees-en-region-ameriques-en-recul-en-chine\/","title":{"rendered":"Les ventes de puces boost\u00e9es en Am\u00e9rique, en recul en Chine"},"content":{"rendered":"<h2>Selon la Semiconductor Industry Association, le march\u00e9 europ\u00e9en des puces a baiss\u00e9 de 5,7 % en novembre par rapport \u00e0 l&rsquo;ann\u00e9e pr\u00e9c\u00e9dente, sur un march\u00e9 mondial des puces qui a enregistr\u00e9 une croissance annuelle de 20,7 %.<\/h2>\n<p>La croissance mondiale est tir\u00e9e par la r\u00e9gion des Am\u00e9riques &#8211; avec un bond annuel de 54,9 % pour atteindre 19,5 milliards de dollars sur un march\u00e9 mondial des puces d&rsquo;une valeur de 57,82 milliards de dollars pour la moyenne des trois mois de septembre, octobre et novembre.<\/p>\n<p>&nbsp;<\/p>\n<p>La r\u00e9gion des Am\u00e9riques repr\u00e9sente un tiers des ventes mondiales de puces (33,7 %), tandis que la Chine a recul\u00e9 et ne repr\u00e9sente plus qu&rsquo;environ 28 %. Le march\u00e9 chinois s&rsquo;est contract\u00e9 d&rsquo;un mois sur l&rsquo;autre, rejoignant l&rsquo;Europe et le Japon.<\/p>\n<p>&nbsp;<\/p>\n<p>Les chiffres, tout en montrant une croissance globale, semblent exprimer une tension entre des ventes importantes dans les centres de donn\u00e9es et les march\u00e9s connexes de l&rsquo;intelligence artificielle, et une faiblesse dans les march\u00e9s de l&rsquo;automobile, de l&rsquo;industrie et des communications qui s&rsquo;est \u00e9tendue \u00e0 l&rsquo;\u00e9lectronique grand public.<\/p>\n<div id=\"attachment_469819\" style=\"width: 610px\" class=\"wp-caption alignleft\"><img decoding=\"async\" aria-describedby=\"caption-attachment-469819\" class=\"wp-image-469819 size-full lazyload\" data-src=\"https:\/\/www.eenewseurope.com\/wp-content\/uploads\/2025\/01\/SIAnov24_600.jpg\" alt=\"\" width=\"600\" height=\"622\" data-srcset=\"https:\/\/www.ecinews.fr\/wp-content\/uploads\/2025\/01\/SIAnov24_600.jpg 600w, https:\/\/www.ecinews.fr\/wp-content\/uploads\/2025\/01\/SIAnov24_600-289x300.jpg 289w\" data-sizes=\"(max-width: 600px) 100vw, 600px\" src=\"data:image\/svg+xml;base64,PHN2ZyB3aWR0aD0iMSIgaGVpZ2h0PSIxIiB4bWxucz0iaHR0cDovL3d3dy53My5vcmcvMjAwMC9zdmciPjwvc3ZnPg==\" style=\"--smush-placeholder-width: 600px; --smush-placeholder-aspect-ratio: 600\/622;\" \/><p id=\"caption-attachment-469819\" class=\"wp-caption-text\"><em><strong>Moyenne sur trois mois des ventes de puces par r\u00e9gion g\u00e9ographique pour novembre et octobre 2024. Source : SIA\/WSTS : SIA\/WSTS.<\/strong><\/em><\/p><\/div>\n<p>\u00ab\u00a0Le march\u00e9 mondial des semi-conducteurs a continu\u00e9 \u00e0 cro\u00eetre de mani\u00e8re substantielle en novembre, atteignant son plus haut niveau de ventes mensuelles, les ventes d&rsquo;un mois sur l&rsquo;autre augmentant pour le huiti\u00e8me mois cons\u00e9cutif\u00a0\u00bb, a d\u00e9clar\u00e9 John Neuffer, PDG de la SIA, dans un communiqu\u00e9.<\/p>\n<p>Les donn\u00e9es mensuelles sont fournies par la SIA comme une moyenne de trois mois, bien que la source des donn\u00e9es, WSTS, suive les ventes sur une base mensuelle. La SIA et d&rsquo;autres organismes r\u00e9gionaux de l&rsquo;industrie des semi-conducteurs choisissent d&rsquo;utiliser des donn\u00e9es moyennes parce qu&rsquo;elles \u00e9galisent les donn\u00e9es r\u00e9elles qui montrent g\u00e9n\u00e9ralement des creux au d\u00e9but des trimestres et des pics \u00e0 la fin des trimestres.<\/p>\n<h4>Liens et articles connexes :<\/h4>\n<p><a href=\"https:\/\/www.semiconductors.org\">www.semiconductors.org<\/a><\/p>\n<h4>Articles de presse :<\/h4>\n<p><a href=\"https:\/\/www.eenewseurope.com\/en\/americas-chip-market-soars-as-asian-growth-slows\/\">Le march\u00e9 am\u00e9ricain des puces monte en fl\u00e8che alors que la croissance asiatique ralentit<\/a><\/p>\n<p><a href=\"https:\/\/www.eenewseurope.com\/en\/americas-region-saw-huge-chip-market-growth-in-may\/\">La r\u00e9gion des Am\u00e9riques a connu une forte croissance du march\u00e9 des puces en mai<\/a><\/p>\n<p><a href=\"https:\/\/www.eenewseurope.com\/en\/america-drives-global-chip-market-to-go-again-in-april\/\">L&rsquo;Am\u00e9rique fait repartir le march\u00e9 mondial des puces en avril <\/a><\/p>\n<p><a href=\"https:\/\/www.eenewseurope.com\/en\/global-chip-market-growth-halted-in-1q24\/\">La croissance du march\u00e9 mondial des puces s&rsquo;est interrompue au premier trimestre de l&rsquo;ann\u00e9e 24 <\/a><\/p>\n<p>&nbsp;<\/p>\n","protected":false},"excerpt":{"rendered":"<p>Selon la Semiconductor Industry Association, le march\u00e9 europ\u00e9en des puces a baiss\u00e9 de 5,7 % en novembre par rapport \u00e0 l&rsquo;ann\u00e9e pr\u00e9c\u00e9dente, sur un march\u00e9 mondial des puces qui a enregistr\u00e9 une croissance annuelle de 20,7 %. La croissance mondiale est tir\u00e9e par la r\u00e9gion des Am\u00e9riques &#8211; avec un bond annuel de 54,9 % [&hellip;]<\/p>\n","protected":false},"author":34,"featured_media":469817,"comment_status":"closed","ping_status":"closed","sticky":false,"template":"","format":"standard","meta":{"_acf_changed":false,"footnotes":""},"categories":[888],"tags":[2327,3700],"domains":[47],"ppma_author":[3631,1153],"class_list":["post-469835","post","type-post","status-publish","format-standard","has-post-thumbnail","hentry","category-marche","tag-marche","tag-semi-conducteur","domains-electronique-eci"],"acf":[],"yoast_head":"<title>Les ventes de puces boost\u00e9es en Am\u00e9rique, en recul en Chine ...<\/title>\n<meta name=\"description\" content=\"Selon la SIA, le march\u00e9 europ\u00e9en des puces a baiss\u00e9 de 5,7 % en novembre sur un march\u00e9 mondial des puces qui en croissance annuelle de 20,7 %\" \/>\n<meta name=\"robots\" content=\"index, follow, max-snippet:-1, max-image-preview:large, max-video-preview:-1\" \/>\n<link rel=\"canonical\" href=\"https:\/\/www.ecinews.fr\/fr\/wp-json\/wp\/v2\/posts\/469835\/\" \/>\n<meta property=\"og:locale\" content=\"fr_FR\" \/>\n<meta property=\"og:type\" content=\"article\" \/>\n<meta property=\"og:title\" content=\"Les ventes de puces boost\u00e9es en Am\u00e9rique, en recul en Chine\" \/>\n<meta property=\"og:description\" content=\"Selon la SIA, le march\u00e9 europ\u00e9en des puces a baiss\u00e9 de 5,7 % en novembre sur un march\u00e9 mondial des puces qui en croissance annuelle de 20,7 %\" \/>\n<meta property=\"og:url\" content=\"https:\/\/www.ecinews.fr\/fr\/wp-json\/wp\/v2\/posts\/469835\/\" \/>\n<meta property=\"og:site_name\" content=\"EENewsEurope\" \/>\n<meta property=\"article:published_time\" content=\"2025-01-10T07:34:54+00:00\" \/>\n<meta property=\"article:modified_time\" content=\"2025-01-09T13:45:28+00:00\" \/>\n<meta property=\"og:image\" content=\"https:\/\/www.ecinews.fr\/wp-content\/uploads\/2025\/01\/SIAnov24_630.jpg\" \/>\n\t<meta property=\"og:image:width\" content=\"630\" \/>\n\t<meta property=\"og:image:height\" content=\"384\" \/>\n\t<meta property=\"og:image:type\" content=\"image\/jpeg\" \/>\n<meta name=\"author\" content=\"Peter Clarke, A Delapalisse\" \/>\n<meta name=\"twitter:card\" content=\"summary_large_image\" \/>\n<meta name=\"twitter:label1\" content=\"Written by\" \/>\n\t<meta name=\"twitter:data1\" content=\"A Delapalisse\" \/>\n\t<meta name=\"twitter:label2\" content=\"Est. reading time\" \/>\n\t<meta name=\"twitter:data2\" content=\"2 minutes\" \/>\n<script type=\"application\/ld+json\" class=\"yoast-schema-graph\">{\"@context\":\"https:\/\/schema.org\",\"@graph\":[{\"@type\":\"Article\",\"@id\":\"https:\/\/www.ecinews.fr\/fr\/les-ventes-de-puces-boostees-en-region-ameriques-en-recul-en-chine\/#article\",\"isPartOf\":{\"@id\":\"https:\/\/www.ecinews.fr\/fr\/les-ventes-de-puces-boostees-en-region-ameriques-en-recul-en-chine\/\"},\"author\":{\"name\":\"A Delapalisse\",\"@id\":\"https:\/\/www.ecinews.fr\/fr\/#\/schema\/person\/0aa2cfb0bd8949724a68cbac8d8321b4\"},\"headline\":\"Les ventes de puces boost\u00e9es en Am\u00e9rique, en recul en Chine\",\"datePublished\":\"2025-01-10T07:34:54+00:00\",\"dateModified\":\"2025-01-09T13:45:28+00:00\",\"mainEntityOfPage\":{\"@id\":\"https:\/\/www.ecinews.fr\/fr\/les-ventes-de-puces-boostees-en-region-ameriques-en-recul-en-chine\/\"},\"wordCount\":432,\"publisher\":{\"@id\":\"https:\/\/www.ecinews.fr\/fr\/#organization\"},\"keywords\":[\"March\u00e9\",\"semi-conducteur\"],\"articleSection\":[\"March\u00e9\"],\"inLanguage\":\"fr-FR\"},{\"@type\":\"WebPage\",\"@id\":\"https:\/\/www.ecinews.fr\/fr\/les-ventes-de-puces-boostees-en-region-ameriques-en-recul-en-chine\/\",\"url\":\"https:\/\/www.ecinews.fr\/fr\/les-ventes-de-puces-boostees-en-region-ameriques-en-recul-en-chine\/\",\"name\":\"Les ventes de puces boost\u00e9es en Am\u00e9rique, en recul en Chine\",\"isPartOf\":{\"@id\":\"https:\/\/www.ecinews.fr\/fr\/#website\"},\"datePublished\":\"2025-01-10T07:34:54+00:00\",\"dateModified\":\"2025-01-09T13:45:28+00:00\",\"description\":\"Selon la SIA, le march\u00e9 europ\u00e9en des puces a baiss\u00e9 de 5,7 % en novembre sur un march\u00e9 mondial des puces qui en croissance annuelle de 20,7 %\",\"breadcrumb\":{\"@id\":\"https:\/\/www.ecinews.fr\/fr\/les-ventes-de-puces-boostees-en-region-ameriques-en-recul-en-chine\/#breadcrumb\"},\"inLanguage\":\"fr-FR\",\"potentialAction\":[{\"@type\":\"ReadAction\",\"target\":[\"https:\/\/www.ecinews.fr\/fr\/les-ventes-de-puces-boostees-en-region-ameriques-en-recul-en-chine\/\"]}]},{\"@type\":\"BreadcrumbList\",\"@id\":\"https:\/\/www.ecinews.fr\/fr\/les-ventes-de-puces-boostees-en-region-ameriques-en-recul-en-chine\/#breadcrumb\",\"itemListElement\":[{\"@type\":\"ListItem\",\"position\":1,\"name\":\"Home\",\"item\":\"https:\/\/www.ecinews.fr\/fr\/\"},{\"@type\":\"ListItem\",\"position\":2,\"name\":\"Les ventes de puces boost\u00e9es en Am\u00e9rique, en recul en Chine\"}]},{\"@type\":\"WebSite\",\"@id\":\"https:\/\/www.ecinews.fr\/fr\/#website\",\"url\":\"https:\/\/www.ecinews.fr\/fr\/\",\"name\":\"EENewsEurope\",\"description\":\"Just another WordPress site\",\"publisher\":{\"@id\":\"https:\/\/www.ecinews.fr\/fr\/#organization\"},\"potentialAction\":[{\"@type\":\"SearchAction\",\"target\":{\"@type\":\"EntryPoint\",\"urlTemplate\":\"https:\/\/www.ecinews.fr\/fr\/?s={search_term_string}\"},\"query-input\":\"required name=search_term_string\"}],\"inLanguage\":\"fr-FR\"},{\"@type\":\"Organization\",\"@id\":\"https:\/\/www.ecinews.fr\/fr\/#organization\",\"name\":\"EENewsEurope\",\"url\":\"https:\/\/www.ecinews.fr\/fr\/\",\"logo\":{\"@type\":\"ImageObject\",\"inLanguage\":\"fr-FR\",\"@id\":\"https:\/\/www.ecinews.fr\/fr\/#\/schema\/logo\/image\/\",\"url\":\"https:\/\/www.ecinews.fr\/wp-content\/uploads\/2022\/02\/logo-1.jpg\",\"contentUrl\":\"https:\/\/www.ecinews.fr\/wp-content\/uploads\/2022\/02\/logo-1.jpg\",\"width\":283,\"height\":113,\"caption\":\"EENewsEurope\"},\"image\":{\"@id\":\"https:\/\/www.ecinews.fr\/fr\/#\/schema\/logo\/image\/\"}},{\"@type\":\"Person\",\"@id\":\"https:\/\/www.ecinews.fr\/fr\/#\/schema\/person\/0aa2cfb0bd8949724a68cbac8d8321b4\",\"name\":\"A Delapalisse\",\"image\":{\"@type\":\"ImageObject\",\"inLanguage\":\"fr-FR\",\"@id\":\"https:\/\/www.ecinews.fr\/fr\/#\/schema\/person\/image\/211ac42237c2e9683c0964086c393cb4\",\"url\":\"https:\/\/secure.gravatar.com\/avatar\/ad45a8c5da24bc9c7c4940dd1c48a695?s=96&d=mm&r=g\",\"contentUrl\":\"https:\/\/secure.gravatar.com\/avatar\/ad45a8c5da24bc9c7c4940dd1c48a695?s=96&d=mm&r=g\",\"caption\":\"A Delapalisse\"},\"sameAs\":[\"http:\/\/ECI\"]}]}<\/script>","yoast_head_json":{"title":"Les ventes de puces boost\u00e9es en Am\u00e9rique, en recul en Chine ...","description":"Selon la SIA, le march\u00e9 europ\u00e9en des puces a baiss\u00e9 de 5,7 % en novembre sur un march\u00e9 mondial des puces qui en croissance annuelle de 20,7 %","robots":{"index":"index","follow":"follow","max-snippet":"max-snippet:-1","max-image-preview":"max-image-preview:large","max-video-preview":"max-video-preview:-1"},"canonical":"https:\/\/www.ecinews.fr\/fr\/wp-json\/wp\/v2\/posts\/469835\/","og_locale":"fr_FR","og_type":"article","og_title":"Les ventes de puces boost\u00e9es en Am\u00e9rique, en recul en Chine","og_description":"Selon la SIA, le march\u00e9 europ\u00e9en des puces a baiss\u00e9 de 5,7 % en novembre sur un march\u00e9 mondial des puces qui en croissance annuelle de 20,7 %","og_url":"https:\/\/www.ecinews.fr\/fr\/wp-json\/wp\/v2\/posts\/469835\/","og_site_name":"EENewsEurope","article_published_time":"2025-01-10T07:34:54+00:00","article_modified_time":"2025-01-09T13:45:28+00:00","og_image":[{"width":630,"height":384,"url":"https:\/\/www.ecinews.fr\/wp-content\/uploads\/2025\/01\/SIAnov24_630.jpg","type":"image\/jpeg"}],"author":"Peter Clarke, A Delapalisse","twitter_card":"summary_large_image","twitter_misc":{"Written by":"A Delapalisse","Est. reading time":"2 minutes"},"schema":{"@context":"https:\/\/schema.org","@graph":[{"@type":"Article","@id":"https:\/\/www.ecinews.fr\/fr\/les-ventes-de-puces-boostees-en-region-ameriques-en-recul-en-chine\/#article","isPartOf":{"@id":"https:\/\/www.ecinews.fr\/fr\/les-ventes-de-puces-boostees-en-region-ameriques-en-recul-en-chine\/"},"author":{"name":"A Delapalisse","@id":"https:\/\/www.ecinews.fr\/fr\/#\/schema\/person\/0aa2cfb0bd8949724a68cbac8d8321b4"},"headline":"Les ventes de puces boost\u00e9es en Am\u00e9rique, en recul en Chine","datePublished":"2025-01-10T07:34:54+00:00","dateModified":"2025-01-09T13:45:28+00:00","mainEntityOfPage":{"@id":"https:\/\/www.ecinews.fr\/fr\/les-ventes-de-puces-boostees-en-region-ameriques-en-recul-en-chine\/"},"wordCount":432,"publisher":{"@id":"https:\/\/www.ecinews.fr\/fr\/#organization"},"keywords":["March\u00e9","semi-conducteur"],"articleSection":["March\u00e9"],"inLanguage":"fr-FR"},{"@type":"WebPage","@id":"https:\/\/www.ecinews.fr\/fr\/les-ventes-de-puces-boostees-en-region-ameriques-en-recul-en-chine\/","url":"https:\/\/www.ecinews.fr\/fr\/les-ventes-de-puces-boostees-en-region-ameriques-en-recul-en-chine\/","name":"Les ventes de puces boost\u00e9es en Am\u00e9rique, en recul en Chine","isPartOf":{"@id":"https:\/\/www.ecinews.fr\/fr\/#website"},"datePublished":"2025-01-10T07:34:54+00:00","dateModified":"2025-01-09T13:45:28+00:00","description":"Selon la SIA, le march\u00e9 europ\u00e9en des puces a baiss\u00e9 de 5,7 % en novembre sur un march\u00e9 mondial des puces qui en croissance annuelle de 20,7 %","breadcrumb":{"@id":"https:\/\/www.ecinews.fr\/fr\/les-ventes-de-puces-boostees-en-region-ameriques-en-recul-en-chine\/#breadcrumb"},"inLanguage":"fr-FR","potentialAction":[{"@type":"ReadAction","target":["https:\/\/www.ecinews.fr\/fr\/les-ventes-de-puces-boostees-en-region-ameriques-en-recul-en-chine\/"]}]},{"@type":"BreadcrumbList","@id":"https:\/\/www.ecinews.fr\/fr\/les-ventes-de-puces-boostees-en-region-ameriques-en-recul-en-chine\/#breadcrumb","itemListElement":[{"@type":"ListItem","position":1,"name":"Home","item":"https:\/\/www.ecinews.fr\/fr\/"},{"@type":"ListItem","position":2,"name":"Les ventes de puces boost\u00e9es en Am\u00e9rique, en recul en Chine"}]},{"@type":"WebSite","@id":"https:\/\/www.ecinews.fr\/fr\/#website","url":"https:\/\/www.ecinews.fr\/fr\/","name":"EENewsEurope","description":"Just another WordPress site","publisher":{"@id":"https:\/\/www.ecinews.fr\/fr\/#organization"},"potentialAction":[{"@type":"SearchAction","target":{"@type":"EntryPoint","urlTemplate":"https:\/\/www.ecinews.fr\/fr\/?s={search_term_string}"},"query-input":"required name=search_term_string"}],"inLanguage":"fr-FR"},{"@type":"Organization","@id":"https:\/\/www.ecinews.fr\/fr\/#organization","name":"EENewsEurope","url":"https:\/\/www.ecinews.fr\/fr\/","logo":{"@type":"ImageObject","inLanguage":"fr-FR","@id":"https:\/\/www.ecinews.fr\/fr\/#\/schema\/logo\/image\/","url":"https:\/\/www.ecinews.fr\/wp-content\/uploads\/2022\/02\/logo-1.jpg","contentUrl":"https:\/\/www.ecinews.fr\/wp-content\/uploads\/2022\/02\/logo-1.jpg","width":283,"height":113,"caption":"EENewsEurope"},"image":{"@id":"https:\/\/www.ecinews.fr\/fr\/#\/schema\/logo\/image\/"}},{"@type":"Person","@id":"https:\/\/www.ecinews.fr\/fr\/#\/schema\/person\/0aa2cfb0bd8949724a68cbac8d8321b4","name":"A Delapalisse","image":{"@type":"ImageObject","inLanguage":"fr-FR","@id":"https:\/\/www.ecinews.fr\/fr\/#\/schema\/person\/image\/211ac42237c2e9683c0964086c393cb4","url":"https:\/\/secure.gravatar.com\/avatar\/ad45a8c5da24bc9c7c4940dd1c48a695?s=96&d=mm&r=g","contentUrl":"https:\/\/secure.gravatar.com\/avatar\/ad45a8c5da24bc9c7c4940dd1c48a695?s=96&d=mm&r=g","caption":"A Delapalisse"},"sameAs":["http:\/\/ECI"]}]}},"authors":[{"term_id":3631,"user_id":0,"is_guest":1,"slug":"peter-clarke","display_name":"Peter Clarke","avatar_url":"https:\/\/secure.gravatar.com\/avatar\/?s=96&d=mm&r=g","0":null,"1":"","2":"","3":"","4":"","5":"","6":"","7":"","8":""},{"term_id":1153,"user_id":34,"is_guest":0,"slug":"adelapalisse","display_name":"A Delapalisse","avatar_url":"https:\/\/secure.gravatar.com\/avatar\/ad45a8c5da24bc9c7c4940dd1c48a695?s=96&d=mm&r=g","0":null,"1":"","2":"","3":"","4":"","5":"","6":"","7":"","8":""}],"_links":{"self":[{"href":"https:\/\/www.ecinews.fr\/fr\/wp-json\/wp\/v2\/posts\/469835"}],"collection":[{"href":"https:\/\/www.ecinews.fr\/fr\/wp-json\/wp\/v2\/posts"}],"about":[{"href":"https:\/\/www.ecinews.fr\/fr\/wp-json\/wp\/v2\/types\/post"}],"author":[{"embeddable":true,"href":"https:\/\/www.ecinews.fr\/fr\/wp-json\/wp\/v2\/users\/34"}],"replies":[{"embeddable":true,"href":"https:\/\/www.ecinews.fr\/fr\/wp-json\/wp\/v2\/comments?post=469835"}],"version-history":[{"count":0,"href":"https:\/\/www.ecinews.fr\/fr\/wp-json\/wp\/v2\/posts\/469835\/revisions"}],"wp:featuredmedia":[{"embeddable":true,"href":"https:\/\/www.ecinews.fr\/fr\/wp-json\/wp\/v2\/media\/469817"}],"wp:attachment":[{"href":"https:\/\/www.ecinews.fr\/fr\/wp-json\/wp\/v2\/media?parent=469835"}],"wp:term":[{"taxonomy":"category","embeddable":true,"href":"https:\/\/www.ecinews.fr\/fr\/wp-json\/wp\/v2\/categories?post=469835"},{"taxonomy":"post_tag","embeddable":true,"href":"https:\/\/www.ecinews.fr\/fr\/wp-json\/wp\/v2\/tags?post=469835"},{"taxonomy":"domains","embeddable":true,"href":"https:\/\/www.ecinews.fr\/fr\/wp-json\/wp\/v2\/domains?post=469835"},{"taxonomy":"author","embeddable":true,"href":"https:\/\/www.ecinews.fr\/fr\/wp-json\/wp\/v2\/ppma_author?post=469835"}],"curies":[{"name":"wp","href":"https:\/\/api.w.org\/{rel}","templated":true}]}}