{"id":4693,"date":"2021-09-06T14:37:31","date_gmt":"2021-09-06T14:37:31","guid":{"rendered":"https:\/\/\/philips-finalise-la-vente-de-son-electromenager-pour-37-miliards-e\/"},"modified":"2021-09-06T14:37:31","modified_gmt":"2021-09-06T14:37:31","slug":"philips-finalise-la-vente-de-son-electromenager-pour-37-miliards-e","status":"publish","type":"post","link":"https:\/\/www.ecinews.fr\/fr\/philips-finalise-la-vente-de-son-electromenager-pour-37-miliards-e\/","title":{"rendered":"Philips finalise la vente de son \u00e9lectrom\u00e9nager pour 3,7 miliards \u20ac"},"content":{"rendered":"<p>Royal Philips a finalis\u00e9 la vente \u00e0&nbsp;3 milliards d&rsquo;euros de son activit\u00e9 Appareils m\u00e9nagers dans le cadre de son repositionnement comme soci\u00e9t\u00e9 de technologie de la sant\u00e9.<\/p>\n<p>L&rsquo;accord avec la soci\u00e9t\u00e9 de capital-investissement Hillhouse Capital a \u00e9t\u00e9 annonc\u00e9 en mars et sera comptabilis\u00e9 dans les activit\u00e9s abandonn\u00e9es au troisi\u00e8me trimestre 2021. Le si\u00e8ge social restera \u00e0 Eindhoven mais cr\u00e9era une soci\u00e9t\u00e9 de produits grand-public&nbsp;en concurrence avec des soci\u00e9t\u00e9s telles que Dyson avec des revenus de 7,5 milliards de dollars et Miele \u00e0 4,5 milliards de dollars.<\/p>\n<p>a transaction valorise l&rsquo;activit\u00e9 \u00e9lectrom\u00e9nager \u00e0 environ 3,7 milliards d&rsquo;euros. Elle&nbsp;a r\u00e9alis\u00e9 2,2 milliards d&rsquo;euros de ventes en 2020 dans les appareils de cuisine, de caf\u00e9, d&rsquo;entretien des v\u00eatements et d&rsquo;entretien m\u00e9nager. La valeur totale de la transaction s&rsquo;\u00e9l\u00e8ve \u00e0 environ 4,4 milliards d&rsquo;euros, y compris un accord de licence de marque suppl\u00e9mentaire de 15 ans avec des paiements annuels d&rsquo;une valeur de 700 millions d&rsquo;euros.<\/p>\n<p>&nbsp;<\/p>\n<p><strong>Related articles<\/strong><\/p>\n<ul>\n<li><a href=\"https:\/\/www.eenewseurope.com\/news\/philips-sells-appliances-business\">Philips sells domestic appliances business for \u20ac3.7bn<\/a><\/li>\n<li><a href=\"https:\/\/www.eenewseurope.com\/news\/philips-eu23bn-biotelemetry-merger\">Philips in \u20ac2.3bn biotelemetry merger<\/a><\/li>\n<li><a href=\"https:\/\/www.eenewseurope.com\/news\/philips-covid-19-ventilator-battle\">Philips caught in Covid-19 ventilator battle<\/a><\/li>\n<li><a href=\"https:\/\/www.eenewseurope.com\/news\/us-ends-philips-ventilator-contract-early\">US ends Philips ventilator contract early<\/a><\/li>\n<\/ul>\n<p>\u00ab Je suis ravi que, conform\u00e9ment \u00e0 nos plans, nous ayons finalis\u00e9 cette transaction et conclu nos principales cessions \u00bb, a d\u00e9clar\u00e9 Frans van Houten, PDG de Royal Philips. \u00ab Je suis convaincu que l&rsquo;activit\u00e9 Appareils m\u00e9nagers sera en mesure d&rsquo;\u00e9tendre son leadership sur le march\u00e9 avec le soutien de Hillhouse Investment. Au cours des 12 derniers mois, Philips a encore renforc\u00e9 son portefeuille avec le lancement de nouveaux produits et solutions, ainsi que les acquisitions d&rsquo;Intact Vascular dans la th\u00e9rapie guid\u00e9e par l&rsquo;image et de BioTelemetry et Capsule Technologies dans les soins connect\u00e9s. Nous mettons en \u0153uvre notre strat\u00e9gie visant \u00e0 fournir des solutions int\u00e9gr\u00e9es qui aident les clients professionnels de la sant\u00e9&nbsp;et aider les consommateurs \u00e0 pr\u00e9server leur sant\u00e9. \u00bb<\/p>\n<p>\u00ab Nous sommes dans une excellente position pour continuer \u00e0 apporter des innovations significatives dans&nbsp;la maison du consommateur dans des domaines tels que la cuisine, le caf\u00e9, l&rsquo;entretien des v\u00eatements et les appareils d&rsquo;entretien m\u00e9nager \u00bb, a d\u00e9clar\u00e9 Henk de Jong, PDG de Domestic Appliances. Nous sommes impatients de d\u00e9buter ce&nbsp;nouveau partenariat avec Hillhouse Investment, en nous appuyant sur nos relations de longue date avec les consommateurs, les clients et les partenaires, ainsi que nos positions de leadership sur le march\u00e9 pour beaucoup de produits dans notre&nbsp;portefeuille et le partenariat de licence de marque avec Philips.\u00a0\u00bb<\/p>\n<p>\u00c0 la suite de la vente de l&rsquo;activit\u00e9 appareils \u00e9lectrom\u00e9nagers, Philips conserve ses activit\u00e9s de sant\u00e9 personnelle de 3,2 milliards d&rsquo;euros dans le cadre de son approche int\u00e9gr\u00e9e du continuum de la sant\u00e9 pour un mode de vie sain et la pr\u00e9vention des maladies. Hillhouse est soutenu par des universit\u00e9s am\u00e9ricaines telles que Yale, Stanford et Princeton et a des liens \u00e9troits en Chine avec des investissements dans Tencent et JD.com, mais a \u00e9galement investi dans un fabricant d&rsquo;aliments et d&rsquo;aliments&nbsp;biologiques pour b\u00e9b\u00e9s appel\u00e9 Little Freddie, un fabricant de bi\u00e8re artisanale californienne et un marque d&rsquo;aliments pour animaux de compagnie.<\/p>\n<p><a href=\"http:\/\/www.philips.com\">www.philips.com<\/a><\/p>\n<p><strong>Other articles on eeNews Europe<\/strong><\/p>\n<ul>\n<li><a href=\"https:\/\/www.eenewseurope.com\/news\/telecom-chip-shortage-continue-through-2023\">Telecom chip shortage to continue through 2023<\/a><\/li>\n<li><a href=\"https:\/\/www.eenewseurope.com\/news\/samsung-backs-nxp-deal\">Samsung backs off from NXP deal<\/a><\/li>\n<li><a href=\"https:\/\/www.eenewseurope.com\/news\/machine-learning-helps-cut-5g-power-half\">Machine learning helps cut 5G power by half<\/a><\/li>\n<li><a href=\"https:\/\/www.eenewseurope.com\/news\/first-200mp-adaptive-image-sensor\">First 200MP adaptive image sensor<\/a><\/li>\n<\/ul>\n<hr \/>\n<p>&nbsp;<\/p>\n","protected":false},"excerpt":{"rendered":"<p>Philips a finalis\u00e9 la vente de son activit\u00e9 d&rsquo;\u00e9lectrom\u00e9nager au groupe de capital-investissement asiatique Hillhouse Capital <\/p>\n","protected":false},"author":7,"featured_media":4694,"comment_status":"open","ping_status":"closed","sticky":false,"template":"","format":"standard","meta":{"_acf_changed":false,"footnotes":""},"categories":[880],"tags":[918,919,904,906,890,917,914],"domains":[47],"ppma_author":[1139],"class_list":["post-4693","post","type-post","status-publish","format-standard","has-post-thumbnail","hentry","category-actualites-economiques","tag-embedded-fr","tag-iot-fr","tag-medicalelectronics-fr","tag-mpus-mcus-fr","tag-powermanagement-fr","tag-software-embedded-tools-fr","tag-wearables-fr","domains-electronique-eci"],"acf":[],"yoast_head":"<title>Philips finalise la vente de son \u00e9lectrom\u00e9nager pour 3,7 mili...<\/title>\n<meta name=\"description\" content=\"Philips a finalis\u00e9 la vente de son activit\u00e9 d&#039;\u00e9lectrom\u00e9nager au groupe de capital-investissement asiatique Hillhouse Capital\" \/>\n<meta name=\"robots\" content=\"index, follow, max-snippet:-1, max-image-preview:large, max-video-preview:-1\" \/>\n<link rel=\"canonical\" href=\"https:\/\/www.ecinews.fr\/fr\/wp-json\/wp\/v2\/posts\/4693\/\" \/>\n<meta property=\"og:locale\" content=\"fr_FR\" \/>\n<meta property=\"og:type\" content=\"article\" \/>\n<meta property=\"og:title\" content=\"Philips finalise la vente de son \u00e9lectrom\u00e9nager pour 3,7 miliards \u20ac\" \/>\n<meta property=\"og:description\" content=\"Philips a finalis\u00e9 la vente de son activit\u00e9 d&#039;\u00e9lectrom\u00e9nager au groupe de capital-investissement asiatique Hillhouse Capital\" \/>\n<meta property=\"og:url\" content=\"https:\/\/www.ecinews.fr\/fr\/wp-json\/wp\/v2\/posts\/4693\/\" \/>\n<meta property=\"og:site_name\" content=\"EENewsEurope\" \/>\n<meta property=\"article:published_time\" content=\"2021-09-06T14:37:31+00:00\" \/>\n<meta property=\"og:image\" content=\"https:\/\/www.ecinews.fr\/wp-content\/uploads\/import\/default\/files\/sites\/default\/files\/images\/philips-speedpro-max.download_0.jpg\" \/>\n\t<meta property=\"og:image:width\" content=\"2000\" \/>\n\t<meta property=\"og:image:height\" content=\"1333\" \/>\n\t<meta property=\"og:image:type\" content=\"image\/jpeg\" \/>\n<meta name=\"author\" content=\"Wisse Hettinga\" \/>\n<meta name=\"twitter:card\" content=\"summary_large_image\" \/>\n<meta name=\"twitter:label1\" content=\"Written by\" \/>\n\t<meta name=\"twitter:data1\" content=\"Wisse Hettinga\" \/>\n\t<meta name=\"twitter:label2\" content=\"Est. reading time\" \/>\n\t<meta name=\"twitter:data2\" content=\"3 minutes\" \/>\n<script type=\"application\/ld+json\" class=\"yoast-schema-graph\">{\"@context\":\"https:\/\/schema.org\",\"@graph\":[{\"@type\":\"Article\",\"@id\":\"https:\/\/www.ecinews.fr\/fr\/philips-finalise-la-vente-de-son-electromenager-pour-37-miliards-e\/#article\",\"isPartOf\":{\"@id\":\"https:\/\/www.ecinews.fr\/fr\/philips-finalise-la-vente-de-son-electromenager-pour-37-miliards-e\/\"},\"author\":{\"name\":\"Wisse Hettinga\",\"@id\":\"https:\/\/www.ecinews.fr\/fr\/#\/schema\/person\/c6b626c6c65f5e1e7794ce2d17b2ca82\"},\"headline\":\"Philips finalise la vente de son \u00e9lectrom\u00e9nager pour 3,7 miliards \u20ac\",\"datePublished\":\"2021-09-06T14:37:31+00:00\",\"dateModified\":\"2021-09-06T14:37:31+00:00\",\"mainEntityOfPage\":{\"@id\":\"https:\/\/www.ecinews.fr\/fr\/philips-finalise-la-vente-de-son-electromenager-pour-37-miliards-e\/\"},\"wordCount\":593,\"commentCount\":0,\"publisher\":{\"@id\":\"https:\/\/www.ecinews.fr\/fr\/#organization\"},\"keywords\":[\"Embedded\",\"IoT\",\"MedicalElectronics\",\"MPUs\/MCUs\",\"PowerManagement\",\"Software &amp; Embedded tools\",\"Wearables\"],\"articleSection\":[\"Actualit\u00e9s \u00e9conomiques\"],\"inLanguage\":\"fr-FR\",\"potentialAction\":[{\"@type\":\"CommentAction\",\"name\":\"Comment\",\"target\":[\"https:\/\/www.ecinews.fr\/fr\/philips-finalise-la-vente-de-son-electromenager-pour-37-miliards-e\/#respond\"]}]},{\"@type\":\"WebPage\",\"@id\":\"https:\/\/www.ecinews.fr\/fr\/philips-finalise-la-vente-de-son-electromenager-pour-37-miliards-e\/\",\"url\":\"https:\/\/www.ecinews.fr\/fr\/philips-finalise-la-vente-de-son-electromenager-pour-37-miliards-e\/\",\"name\":\"Philips finalise la vente de son \u00e9lectrom\u00e9nager pour 3,7 miliards \u20ac -\",\"isPartOf\":{\"@id\":\"https:\/\/www.ecinews.fr\/fr\/#website\"},\"datePublished\":\"2021-09-06T14:37:31+00:00\",\"dateModified\":\"2021-09-06T14:37:31+00:00\",\"breadcrumb\":{\"@id\":\"https:\/\/www.ecinews.fr\/fr\/philips-finalise-la-vente-de-son-electromenager-pour-37-miliards-e\/#breadcrumb\"},\"inLanguage\":\"fr-FR\",\"potentialAction\":[{\"@type\":\"ReadAction\",\"target\":[\"https:\/\/www.ecinews.fr\/fr\/philips-finalise-la-vente-de-son-electromenager-pour-37-miliards-e\/\"]}]},{\"@type\":\"BreadcrumbList\",\"@id\":\"https:\/\/www.ecinews.fr\/fr\/philips-finalise-la-vente-de-son-electromenager-pour-37-miliards-e\/#breadcrumb\",\"itemListElement\":[{\"@type\":\"ListItem\",\"position\":1,\"name\":\"Home\",\"item\":\"https:\/\/www.ecinews.fr\/fr\/\"},{\"@type\":\"ListItem\",\"position\":2,\"name\":\"Philips finalise la vente de son \u00e9lectrom\u00e9nager pour 3,7 miliards \u20ac\"}]},{\"@type\":\"WebSite\",\"@id\":\"https:\/\/www.ecinews.fr\/fr\/#website\",\"url\":\"https:\/\/www.ecinews.fr\/fr\/\",\"name\":\"EENewsEurope\",\"description\":\"Just another WordPress site\",\"publisher\":{\"@id\":\"https:\/\/www.ecinews.fr\/fr\/#organization\"},\"potentialAction\":[{\"@type\":\"SearchAction\",\"target\":{\"@type\":\"EntryPoint\",\"urlTemplate\":\"https:\/\/www.ecinews.fr\/fr\/?s={search_term_string}\"},\"query-input\":\"required name=search_term_string\"}],\"inLanguage\":\"fr-FR\"},{\"@type\":\"Organization\",\"@id\":\"https:\/\/www.ecinews.fr\/fr\/#organization\",\"name\":\"EENewsEurope\",\"url\":\"https:\/\/www.ecinews.fr\/fr\/\",\"logo\":{\"@type\":\"ImageObject\",\"inLanguage\":\"fr-FR\",\"@id\":\"https:\/\/www.ecinews.fr\/fr\/#\/schema\/logo\/image\/\",\"url\":\"https:\/\/www.ecinews.fr\/wp-content\/uploads\/2022\/02\/logo-1.jpg\",\"contentUrl\":\"https:\/\/www.ecinews.fr\/wp-content\/uploads\/2022\/02\/logo-1.jpg\",\"width\":283,\"height\":113,\"caption\":\"EENewsEurope\"},\"image\":{\"@id\":\"https:\/\/www.ecinews.fr\/fr\/#\/schema\/logo\/image\/\"}},{\"@type\":\"Person\",\"@id\":\"https:\/\/www.ecinews.fr\/fr\/#\/schema\/person\/c6b626c6c65f5e1e7794ce2d17b2ca82\",\"name\":\"Wisse Hettinga\",\"image\":{\"@type\":\"ImageObject\",\"inLanguage\":\"fr-FR\",\"@id\":\"https:\/\/www.ecinews.fr\/fr\/#\/schema\/person\/image\/5dc5f564ca306d7cb8b22735be49a465\",\"url\":\"https:\/\/secure.gravatar.com\/avatar\/24a36fe68de56eac2a45cbaf9aa4bb58?s=96&d=mm&r=g\",\"contentUrl\":\"https:\/\/secure.gravatar.com\/avatar\/24a36fe68de56eac2a45cbaf9aa4bb58?s=96&d=mm&r=g\",\"caption\":\"Wisse Hettinga\"}}]}<\/script>","yoast_head_json":{"title":"Philips finalise la vente de son \u00e9lectrom\u00e9nager pour 3,7 mili...","description":"Philips a finalis\u00e9 la vente de son activit\u00e9 d'\u00e9lectrom\u00e9nager au groupe de capital-investissement asiatique Hillhouse Capital","robots":{"index":"index","follow":"follow","max-snippet":"max-snippet:-1","max-image-preview":"max-image-preview:large","max-video-preview":"max-video-preview:-1"},"canonical":"https:\/\/www.ecinews.fr\/fr\/wp-json\/wp\/v2\/posts\/4693\/","og_locale":"fr_FR","og_type":"article","og_title":"Philips finalise la vente de son \u00e9lectrom\u00e9nager pour 3,7 miliards \u20ac","og_description":"Philips a finalis\u00e9 la vente de son activit\u00e9 d'\u00e9lectrom\u00e9nager au groupe de capital-investissement asiatique Hillhouse Capital","og_url":"https:\/\/www.ecinews.fr\/fr\/wp-json\/wp\/v2\/posts\/4693\/","og_site_name":"EENewsEurope","article_published_time":"2021-09-06T14:37:31+00:00","og_image":[{"width":2000,"height":1333,"url":"https:\/\/www.ecinews.fr\/wp-content\/uploads\/import\/default\/files\/sites\/default\/files\/images\/philips-speedpro-max.download_0.jpg","type":"image\/jpeg"}],"author":"Wisse Hettinga","twitter_card":"summary_large_image","twitter_misc":{"Written by":"Wisse Hettinga","Est. reading time":"3 minutes"},"schema":{"@context":"https:\/\/schema.org","@graph":[{"@type":"Article","@id":"https:\/\/www.ecinews.fr\/fr\/philips-finalise-la-vente-de-son-electromenager-pour-37-miliards-e\/#article","isPartOf":{"@id":"https:\/\/www.ecinews.fr\/fr\/philips-finalise-la-vente-de-son-electromenager-pour-37-miliards-e\/"},"author":{"name":"Wisse Hettinga","@id":"https:\/\/www.ecinews.fr\/fr\/#\/schema\/person\/c6b626c6c65f5e1e7794ce2d17b2ca82"},"headline":"Philips finalise la vente de son \u00e9lectrom\u00e9nager pour 3,7 miliards \u20ac","datePublished":"2021-09-06T14:37:31+00:00","dateModified":"2021-09-06T14:37:31+00:00","mainEntityOfPage":{"@id":"https:\/\/www.ecinews.fr\/fr\/philips-finalise-la-vente-de-son-electromenager-pour-37-miliards-e\/"},"wordCount":593,"commentCount":0,"publisher":{"@id":"https:\/\/www.ecinews.fr\/fr\/#organization"},"keywords":["Embedded","IoT","MedicalElectronics","MPUs\/MCUs","PowerManagement","Software &amp; Embedded tools","Wearables"],"articleSection":["Actualit\u00e9s \u00e9conomiques"],"inLanguage":"fr-FR","potentialAction":[{"@type":"CommentAction","name":"Comment","target":["https:\/\/www.ecinews.fr\/fr\/philips-finalise-la-vente-de-son-electromenager-pour-37-miliards-e\/#respond"]}]},{"@type":"WebPage","@id":"https:\/\/www.ecinews.fr\/fr\/philips-finalise-la-vente-de-son-electromenager-pour-37-miliards-e\/","url":"https:\/\/www.ecinews.fr\/fr\/philips-finalise-la-vente-de-son-electromenager-pour-37-miliards-e\/","name":"Philips finalise la vente de son \u00e9lectrom\u00e9nager pour 3,7 miliards \u20ac -","isPartOf":{"@id":"https:\/\/www.ecinews.fr\/fr\/#website"},"datePublished":"2021-09-06T14:37:31+00:00","dateModified":"2021-09-06T14:37:31+00:00","breadcrumb":{"@id":"https:\/\/www.ecinews.fr\/fr\/philips-finalise-la-vente-de-son-electromenager-pour-37-miliards-e\/#breadcrumb"},"inLanguage":"fr-FR","potentialAction":[{"@type":"ReadAction","target":["https:\/\/www.ecinews.fr\/fr\/philips-finalise-la-vente-de-son-electromenager-pour-37-miliards-e\/"]}]},{"@type":"BreadcrumbList","@id":"https:\/\/www.ecinews.fr\/fr\/philips-finalise-la-vente-de-son-electromenager-pour-37-miliards-e\/#breadcrumb","itemListElement":[{"@type":"ListItem","position":1,"name":"Home","item":"https:\/\/www.ecinews.fr\/fr\/"},{"@type":"ListItem","position":2,"name":"Philips finalise la vente de son \u00e9lectrom\u00e9nager pour 3,7 miliards \u20ac"}]},{"@type":"WebSite","@id":"https:\/\/www.ecinews.fr\/fr\/#website","url":"https:\/\/www.ecinews.fr\/fr\/","name":"EENewsEurope","description":"Just another WordPress site","publisher":{"@id":"https:\/\/www.ecinews.fr\/fr\/#organization"},"potentialAction":[{"@type":"SearchAction","target":{"@type":"EntryPoint","urlTemplate":"https:\/\/www.ecinews.fr\/fr\/?s={search_term_string}"},"query-input":"required name=search_term_string"}],"inLanguage":"fr-FR"},{"@type":"Organization","@id":"https:\/\/www.ecinews.fr\/fr\/#organization","name":"EENewsEurope","url":"https:\/\/www.ecinews.fr\/fr\/","logo":{"@type":"ImageObject","inLanguage":"fr-FR","@id":"https:\/\/www.ecinews.fr\/fr\/#\/schema\/logo\/image\/","url":"https:\/\/www.ecinews.fr\/wp-content\/uploads\/2022\/02\/logo-1.jpg","contentUrl":"https:\/\/www.ecinews.fr\/wp-content\/uploads\/2022\/02\/logo-1.jpg","width":283,"height":113,"caption":"EENewsEurope"},"image":{"@id":"https:\/\/www.ecinews.fr\/fr\/#\/schema\/logo\/image\/"}},{"@type":"Person","@id":"https:\/\/www.ecinews.fr\/fr\/#\/schema\/person\/c6b626c6c65f5e1e7794ce2d17b2ca82","name":"Wisse Hettinga","image":{"@type":"ImageObject","inLanguage":"fr-FR","@id":"https:\/\/www.ecinews.fr\/fr\/#\/schema\/person\/image\/5dc5f564ca306d7cb8b22735be49a465","url":"https:\/\/secure.gravatar.com\/avatar\/24a36fe68de56eac2a45cbaf9aa4bb58?s=96&d=mm&r=g","contentUrl":"https:\/\/secure.gravatar.com\/avatar\/24a36fe68de56eac2a45cbaf9aa4bb58?s=96&d=mm&r=g","caption":"Wisse Hettinga"}}]}},"authors":[{"term_id":1139,"user_id":7,"is_guest":0,"slug":"wisse-hettinga","display_name":"Wisse Hettinga","avatar_url":"https:\/\/secure.gravatar.com\/avatar\/24a36fe68de56eac2a45cbaf9aa4bb58?s=96&d=mm&r=g","0":null,"1":"","2":"","3":"","4":"","5":"","6":"","7":"","8":""}],"_links":{"self":[{"href":"https:\/\/www.ecinews.fr\/fr\/wp-json\/wp\/v2\/posts\/4693"}],"collection":[{"href":"https:\/\/www.ecinews.fr\/fr\/wp-json\/wp\/v2\/posts"}],"about":[{"href":"https:\/\/www.ecinews.fr\/fr\/wp-json\/wp\/v2\/types\/post"}],"author":[{"embeddable":true,"href":"https:\/\/www.ecinews.fr\/fr\/wp-json\/wp\/v2\/users\/7"}],"replies":[{"embeddable":true,"href":"https:\/\/www.ecinews.fr\/fr\/wp-json\/wp\/v2\/comments?post=4693"}],"version-history":[{"count":0,"href":"https:\/\/www.ecinews.fr\/fr\/wp-json\/wp\/v2\/posts\/4693\/revisions"}],"wp:featuredmedia":[{"embeddable":true,"href":"https:\/\/www.ecinews.fr\/fr\/wp-json\/wp\/v2\/media\/4694"}],"wp:attachment":[{"href":"https:\/\/www.ecinews.fr\/fr\/wp-json\/wp\/v2\/media?parent=4693"}],"wp:term":[{"taxonomy":"category","embeddable":true,"href":"https:\/\/www.ecinews.fr\/fr\/wp-json\/wp\/v2\/categories?post=4693"},{"taxonomy":"post_tag","embeddable":true,"href":"https:\/\/www.ecinews.fr\/fr\/wp-json\/wp\/v2\/tags?post=4693"},{"taxonomy":"domains","embeddable":true,"href":"https:\/\/www.ecinews.fr\/fr\/wp-json\/wp\/v2\/domains?post=4693"},{"taxonomy":"author","embeddable":true,"href":"https:\/\/www.ecinews.fr\/fr\/wp-json\/wp\/v2\/ppma_author?post=4693"}],"curies":[{"name":"wp","href":"https:\/\/api.w.org\/{rel}","templated":true}]}}