{"id":469085,"date":"2025-01-02T10:47:05","date_gmt":"2025-01-02T09:47:05","guid":{"rendered":"https:\/\/www.ecinews.fr\/?p=469085"},"modified":"2025-01-02T10:47:05","modified_gmt":"2025-01-02T09:47:05","slug":"le-fabricant-de-taxis-aeriens-volocopter-en-faillite","status":"publish","type":"post","link":"https:\/\/www.ecinews.fr\/fr\/le-fabricant-de-taxis-aeriens-volocopter-en-faillite\/","title":{"rendered":"Le fabricant de taxis a\u00e9riens Volocopter en faillite"},"content":{"rendered":"<p>Le d\u00e9veloppeur de <a href=\"https:\/\/www.eenewseurope.com\/en\/?s=air+taxi\">taxis a\u00e9riens<\/a> Volocopter en Allemagne a d\u00e9pos\u00e9 une demande d&rsquo;ouverture de proc\u00e9dure d&rsquo;insolvabilit\u00e9.<\/p>\n<p>Le tribunal local de Karlsruhe a ouvert l&rsquo;administration provisoire de l&rsquo;insolvabilit\u00e9 et nomm\u00e9 Tobias Wahl, du cabinet Anchor Rechtsanw\u00e4ltegesellschaft mbH, en tant qu&rsquo;administrateur.<\/p>\n<p>Volocopter, fond\u00e9e en 2011 avec <a href=\"https:\/\/www.eenewseurope.com\/en\/intel-increases-investment-in-air-taxi-startup\/\">Intel comme bailleur de fonds<\/a>, a d\u00e9velopp\u00e9 un taxi a\u00e9rien \u00e9lectrique \u00e0 deux places et un r\u00e9seau num\u00e9rique qui relie les avions, les infrastructures et les op\u00e9rateurs, le VoloIQ. Elle a effectu\u00e9 plus de 2000 vols d&rsquo;essai.<\/p>\n<p>\u00c0 l&rsquo;instar de son compatriote allemand <a href=\"https:\/\/www.eenewseurope.com\/en\/electric-aircraft-startup-lilium-finds-a-buyer\/\">Lilium, qui a \u00e9t\u00e9 sauv\u00e9 de la faillite juste avant No\u00ebl<\/a>, Volocopter affirme \u00eatre proche de la certification de type d&rsquo;a\u00e9ronef pour le lancement de son eVTOL urbain, le VoloCity, en 2025. Le d\u00e9veloppeur britannique de taxis a\u00e9riens eVTOL Vertical Aerospace a \u00e9galement vu sa restructuration financi\u00e8re finalis\u00e9e la veille de No\u00ebl afin d&rsquo;obtenir la certification.<\/p>\n<ul>\n<li><a href=\"https:\/\/www.eenewseurope.com\/en\/honeywell-looks-to-sell-off-aerospace-business\/\">Honeywell cherche \u00e0 vendre ses activit\u00e9s dans le domaine de l&rsquo;a\u00e9rospatiale<\/a><\/li>\n<\/ul>\n<p>\u00ab\u00a0Nous sommes en avance sur nos homologues de l&rsquo;industrie en ce qui concerne les progr\u00e8s technologiques, les essais en vol et la certification. Cela fait de nous une entreprise dans laquelle il est int\u00e9ressant d&rsquo;investir pendant que nous nous organisons avec une restructuration interne\u00a0\u00bb, a d\u00e9clar\u00e9 Dirk Hoke, PDG de Volocopter.<\/p>\n<p>L&rsquo;entreprise a lev\u00e9 770 millions de dollars et affirme avoir l&rsquo;un des taux de consommation des liquidit\u00e9s financi\u00e8res les plus bas du secteur. \u00ab\u00a0Toutefois, malgr\u00e9 les efforts intensifs d\u00e9ploy\u00e9s r\u00e9cemment pour lever des fonds suppl\u00e9mentaires, il n&rsquo;a pas \u00e9t\u00e9 possible de trouver une solution viable pour maintenir des activit\u00e9s r\u00e9guli\u00e8res en dehors de la proc\u00e9dure d&rsquo;insolvabilit\u00e9\u00a0\u00bb, a d\u00e9clar\u00e9 M. Hoke.<\/p>\n<p>Les activit\u00e9s commerciales se poursuivront comme d&rsquo;habitude pendant la proc\u00e9dure d&rsquo;insolvabilit\u00e9 provisoire, et l&rsquo;administrateur a organis\u00e9 une r\u00e9union du personnel pour informer les employ\u00e9s de la situation actuelle et r\u00e9pondre aux premi\u00e8res questions sur la proc\u00e9dure. En outre, Wahl a lanc\u00e9 un processus d&rsquo;investissement.<\/p>\n<p>\u00ab\u00a0L&rsquo;entreprise a besoin de financement pour franchir les derni\u00e8res \u00e9tapes de son entr\u00e9e sur le march\u00e9. Nous nous efforcerons d&rsquo;\u00e9laborer un concept de restructuration d&rsquo;ici la fin du mois de f\u00e9vrier et de le mettre en \u0153uvre avec les investisseurs\u00a0\u00bb, a d\u00e9clar\u00e9 M. Wahl.<\/p>\n<p>Dans le cadre de l&rsquo;op\u00e9ration Vertical au UK, l&rsquo;investisseur existant Mudrick Capital Management convertit une dette de 130 millions de dollars en actions \u00e0 un prix de conversion fixe et fournit un financement suppl\u00e9mentaire de 25 millions de dollars ainsi qu&rsquo;un \u00ab\u00a0filet de s\u00e9curit\u00e9\u00a0\u00bb de 25 millions de dollars pour \u00e9viter les m\u00eames probl\u00e8mes que Volocopter et Lilium.<\/p>\n<p>\u00ab\u00a0Terminer cette ann\u00e9e m\u00e9morable avec un engagement de financement finalis\u00e9 et un soutien solide de la part des actionnaires est une \u00e9tape importante. Ce moment nous pr\u00e9pare parfaitement \u00e0 notre plus grande ann\u00e9e, avec de nouveaux investissements, des essais pilotes et des d\u00e9veloppements technologiques majeurs\u00a0\u00bb, a d\u00e9clar\u00e9 Stuart Simpson, PDG de Vertical, qui s&rsquo;attend \u00e0 ce qu&rsquo;un tour de table soit r\u00e9alis\u00e9 au premier trimestre 2025 pour la certification de type du taxi a\u00e9rien VX4 de Vertical, destin\u00e9 \u00e0 quatre personnes.<\/p>\n<p>Entre-temps, Mudrick Capital a achev\u00e9 la conversion de 130 millions de dollars de dettes en actions \u00e0 un prix de conversion de 2,75 dollars par action ordinaire et a accept\u00e9 de fixer le prix de conversion des 130 millions de dollars restants \u00e0 3,50 dollars par action ordinaire. Elle a \u00e9galement accept\u00e9 de repousser de deux ans la date de remboursement d&rsquo;un pr\u00eat, jusqu&rsquo;en d\u00e9cembre 2028.<\/p>\n<p><a title=\"www.volocopter.com\" href=\"http:\/\/www.volocopter.com\" target=\"_blank\" rel=\"noopener\">www.volocopter.com<\/a> <a href=\"http:\/\/www.volocopter.com\">;<\/a> <a href=\"http:\/\/www.vertical-aerospace.com\">www.vertical-aerospace.com<\/a><\/p>\n<p>&nbsp;<\/p>\n","protected":false},"excerpt":{"rendered":"<p>Le d\u00e9veloppeur de taxis a\u00e9riens Volocopter en Allemagne a d\u00e9pos\u00e9 une demande d&rsquo;ouverture de proc\u00e9dure d&rsquo;insolvabilit\u00e9. Le tribunal local de Karlsruhe a ouvert l&rsquo;administration provisoire de l&rsquo;insolvabilit\u00e9 et nomm\u00e9 Tobias Wahl, du cabinet Anchor Rechtsanw\u00e4ltegesellschaft mbH, en tant qu&rsquo;administrateur. Volocopter, fond\u00e9e en 2011 avec Intel comme bailleur de fonds, a d\u00e9velopp\u00e9 un taxi a\u00e9rien \u00e9lectrique [&hellip;]<\/p>\n","protected":false},"author":40,"featured_media":469058,"comment_status":"closed","ping_status":"closed","sticky":false,"template":"","format":"standard","meta":{"_acf_changed":false,"footnotes":""},"categories":[3669],"tags":[3829,4154],"domains":[47],"ppma_author":[3640,6199],"class_list":["post-469085","post","type-post","status-publish","format-standard","has-post-thumbnail","hentry","category-nouvelles","tag-avions-electriques","tag-electromobilite","domains-electronique-eci"],"acf":[],"yoast_head":"<title>Le fabricant de taxis a\u00e9riens Volocopter en faillite ...<\/title>\n<meta name=\"description\" content=\"Le d\u00e9veloppeur de taxis a\u00e9riens Volocopter en Allemagne en faillite alors qu&#039;il cherche \u00e0 obtenir une certification.\" \/>\n<meta name=\"robots\" content=\"index, follow, max-snippet:-1, max-image-preview:large, max-video-preview:-1\" \/>\n<link rel=\"canonical\" href=\"https:\/\/www.ecinews.fr\/fr\/wp-json\/wp\/v2\/posts\/469085\/\" \/>\n<meta property=\"og:locale\" content=\"fr_FR\" \/>\n<meta property=\"og:type\" content=\"article\" \/>\n<meta property=\"og:title\" content=\"Le fabricant de taxis a\u00e9riens Volocopter en faillite\" \/>\n<meta property=\"og:description\" content=\"Le d\u00e9veloppeur de taxis a\u00e9riens Volocopter en Allemagne en faillite alors qu&#039;il cherche \u00e0 obtenir une certification.\" \/>\n<meta property=\"og:url\" content=\"https:\/\/www.ecinews.fr\/fr\/wp-json\/wp\/v2\/posts\/469085\/\" \/>\n<meta property=\"og:site_name\" content=\"EENewsEurope\" \/>\n<meta property=\"article:published_time\" content=\"2025-01-02T09:47:05+00:00\" \/>\n<meta property=\"og:image\" content=\"https:\/\/www.eenewseurope.com\/wp-content\/uploads\/2024\/12\/Volocopter-scaled.jpg\" \/>\n\t<meta property=\"og:image:width\" content=\"1080\" \/>\n\t<meta property=\"og:image:height\" content=\"948\" \/>\n\t<meta property=\"og:image:type\" content=\"image\/jpeg\" \/>\n<meta name=\"author\" content=\"Nick Flaherty, A Delapalisse\" \/>\n<meta name=\"twitter:card\" content=\"summary_large_image\" \/>\n<meta name=\"twitter:label1\" content=\"Written by\" \/>\n\t<meta name=\"twitter:data1\" content=\"A Delapalisse\" \/>\n\t<meta name=\"twitter:label2\" content=\"Est. reading time\" \/>\n\t<meta name=\"twitter:data2\" content=\"3 minutes\" \/>\n<script type=\"application\/ld+json\" class=\"yoast-schema-graph\">{\"@context\":\"https:\/\/schema.org\",\"@graph\":[{\"@type\":\"Article\",\"@id\":\"https:\/\/www.eenewseurope.com\/fr\/le-fabricant-de-taxis-aeriens-volocopter-en-faillite\/#article\",\"isPartOf\":{\"@id\":\"https:\/\/www.eenewseurope.com\/fr\/le-fabricant-de-taxis-aeriens-volocopter-en-faillite\/\"},\"author\":{\"name\":\"A Delapalisse\",\"@id\":\"https:\/\/www.ecinews.fr\/fr\/#\/schema\/person\/4b3db5ba5c953c5fddeb226df86d8635\"},\"headline\":\"Le fabricant de taxis a\u00e9riens Volocopter en faillite\",\"datePublished\":\"2025-01-02T09:47:05+00:00\",\"dateModified\":\"2025-01-02T09:47:05+00:00\",\"mainEntityOfPage\":{\"@id\":\"https:\/\/www.eenewseurope.com\/fr\/le-fabricant-de-taxis-aeriens-volocopter-en-faillite\/\"},\"wordCount\":642,\"publisher\":{\"@id\":\"https:\/\/www.ecinews.fr\/fr\/#organization\"},\"keywords\":[\"Avions \u00e9lectriques\",\"Electromobilit\u00e9\"],\"articleSection\":[\"Nouvelles\"],\"inLanguage\":\"fr-FR\"},{\"@type\":\"WebPage\",\"@id\":\"https:\/\/www.eenewseurope.com\/fr\/le-fabricant-de-taxis-aeriens-volocopter-en-faillite\/\",\"url\":\"https:\/\/www.eenewseurope.com\/fr\/le-fabricant-de-taxis-aeriens-volocopter-en-faillite\/\",\"name\":\"Le fabricant de taxis a\u00e9riens Volocopter en faillite -\",\"isPartOf\":{\"@id\":\"https:\/\/www.ecinews.fr\/fr\/#website\"},\"datePublished\":\"2025-01-02T09:47:05+00:00\",\"dateModified\":\"2025-01-02T09:47:05+00:00\",\"description\":\"Le d\u00e9veloppeur de taxis a\u00e9riens Volocopter en Allemagne en faillite alors qu'il cherche \u00e0 obtenir une certification.\",\"breadcrumb\":{\"@id\":\"https:\/\/www.eenewseurope.com\/fr\/le-fabricant-de-taxis-aeriens-volocopter-en-faillite\/#breadcrumb\"},\"inLanguage\":\"fr-FR\",\"potentialAction\":[{\"@type\":\"ReadAction\",\"target\":[\"https:\/\/www.eenewseurope.com\/fr\/le-fabricant-de-taxis-aeriens-volocopter-en-faillite\/\"]}]},{\"@type\":\"BreadcrumbList\",\"@id\":\"https:\/\/www.eenewseurope.com\/fr\/le-fabricant-de-taxis-aeriens-volocopter-en-faillite\/#breadcrumb\",\"itemListElement\":[{\"@type\":\"ListItem\",\"position\":1,\"name\":\"Home\",\"item\":\"https:\/\/www.ecinews.fr\/fr\/\"},{\"@type\":\"ListItem\",\"position\":2,\"name\":\"Le fabricant de taxis a\u00e9riens Volocopter en faillite\"}]},{\"@type\":\"WebSite\",\"@id\":\"https:\/\/www.ecinews.fr\/fr\/#website\",\"url\":\"https:\/\/www.ecinews.fr\/fr\/\",\"name\":\"EENewsEurope\",\"description\":\"Just another WordPress site\",\"publisher\":{\"@id\":\"https:\/\/www.ecinews.fr\/fr\/#organization\"},\"potentialAction\":[{\"@type\":\"SearchAction\",\"target\":{\"@type\":\"EntryPoint\",\"urlTemplate\":\"https:\/\/www.ecinews.fr\/fr\/?s={search_term_string}\"},\"query-input\":\"required name=search_term_string\"}],\"inLanguage\":\"fr-FR\"},{\"@type\":\"Organization\",\"@id\":\"https:\/\/www.ecinews.fr\/fr\/#organization\",\"name\":\"EENewsEurope\",\"url\":\"https:\/\/www.ecinews.fr\/fr\/\",\"logo\":{\"@type\":\"ImageObject\",\"inLanguage\":\"fr-FR\",\"@id\":\"https:\/\/www.ecinews.fr\/fr\/#\/schema\/logo\/image\/\",\"url\":\"https:\/\/www.ecinews.fr\/wp-content\/uploads\/2022\/02\/logo-1.jpg\",\"contentUrl\":\"https:\/\/www.ecinews.fr\/wp-content\/uploads\/2022\/02\/logo-1.jpg\",\"width\":283,\"height\":113,\"caption\":\"EENewsEurope\"},\"image\":{\"@id\":\"https:\/\/www.ecinews.fr\/fr\/#\/schema\/logo\/image\/\"}},{\"@type\":\"Person\",\"@id\":\"https:\/\/www.ecinews.fr\/fr\/#\/schema\/person\/4b3db5ba5c953c5fddeb226df86d8635\",\"name\":\"A Delapalisse\",\"image\":{\"@type\":\"ImageObject\",\"inLanguage\":\"fr-FR\",\"@id\":\"https:\/\/www.ecinews.fr\/fr\/#\/schema\/person\/image\/09af0e1236b95ff53924b8dfe5af278e\",\"url\":\"https:\/\/secure.gravatar.com\/avatar\/010f811c0933b47aea7e9204117b17c6?s=96&d=mm&r=g\",\"contentUrl\":\"https:\/\/secure.gravatar.com\/avatar\/010f811c0933b47aea7e9204117b17c6?s=96&d=mm&r=g\",\"caption\":\"A Delapalisse\"}}]}<\/script>","yoast_head_json":{"title":"Le fabricant de taxis a\u00e9riens Volocopter en faillite ...","description":"Le d\u00e9veloppeur de taxis a\u00e9riens Volocopter en Allemagne en faillite alors qu'il cherche \u00e0 obtenir une certification.","robots":{"index":"index","follow":"follow","max-snippet":"max-snippet:-1","max-image-preview":"max-image-preview:large","max-video-preview":"max-video-preview:-1"},"canonical":"https:\/\/www.ecinews.fr\/fr\/wp-json\/wp\/v2\/posts\/469085\/","og_locale":"fr_FR","og_type":"article","og_title":"Le fabricant de taxis a\u00e9riens Volocopter en faillite","og_description":"Le d\u00e9veloppeur de taxis a\u00e9riens Volocopter en Allemagne en faillite alors qu'il cherche \u00e0 obtenir une certification.","og_url":"https:\/\/www.ecinews.fr\/fr\/wp-json\/wp\/v2\/posts\/469085\/","og_site_name":"EENewsEurope","article_published_time":"2025-01-02T09:47:05+00:00","og_image":[{"width":1080,"height":948,"url":"https:\/\/www.eenewseurope.com\/wp-content\/uploads\/2024\/12\/Volocopter-scaled.jpg","type":"image\/jpeg"}],"author":"Nick Flaherty, A Delapalisse","twitter_card":"summary_large_image","twitter_misc":{"Written by":"A Delapalisse","Est. reading time":"3 minutes"},"schema":{"@context":"https:\/\/schema.org","@graph":[{"@type":"Article","@id":"https:\/\/www.eenewseurope.com\/fr\/le-fabricant-de-taxis-aeriens-volocopter-en-faillite\/#article","isPartOf":{"@id":"https:\/\/www.eenewseurope.com\/fr\/le-fabricant-de-taxis-aeriens-volocopter-en-faillite\/"},"author":{"name":"A Delapalisse","@id":"https:\/\/www.ecinews.fr\/fr\/#\/schema\/person\/4b3db5ba5c953c5fddeb226df86d8635"},"headline":"Le fabricant de taxis a\u00e9riens Volocopter en faillite","datePublished":"2025-01-02T09:47:05+00:00","dateModified":"2025-01-02T09:47:05+00:00","mainEntityOfPage":{"@id":"https:\/\/www.eenewseurope.com\/fr\/le-fabricant-de-taxis-aeriens-volocopter-en-faillite\/"},"wordCount":642,"publisher":{"@id":"https:\/\/www.ecinews.fr\/fr\/#organization"},"keywords":["Avions \u00e9lectriques","Electromobilit\u00e9"],"articleSection":["Nouvelles"],"inLanguage":"fr-FR"},{"@type":"WebPage","@id":"https:\/\/www.eenewseurope.com\/fr\/le-fabricant-de-taxis-aeriens-volocopter-en-faillite\/","url":"https:\/\/www.eenewseurope.com\/fr\/le-fabricant-de-taxis-aeriens-volocopter-en-faillite\/","name":"Le fabricant de taxis a\u00e9riens Volocopter en faillite -","isPartOf":{"@id":"https:\/\/www.ecinews.fr\/fr\/#website"},"datePublished":"2025-01-02T09:47:05+00:00","dateModified":"2025-01-02T09:47:05+00:00","description":"Le d\u00e9veloppeur de taxis a\u00e9riens Volocopter en Allemagne en faillite alors qu'il cherche \u00e0 obtenir une certification.","breadcrumb":{"@id":"https:\/\/www.eenewseurope.com\/fr\/le-fabricant-de-taxis-aeriens-volocopter-en-faillite\/#breadcrumb"},"inLanguage":"fr-FR","potentialAction":[{"@type":"ReadAction","target":["https:\/\/www.eenewseurope.com\/fr\/le-fabricant-de-taxis-aeriens-volocopter-en-faillite\/"]}]},{"@type":"BreadcrumbList","@id":"https:\/\/www.eenewseurope.com\/fr\/le-fabricant-de-taxis-aeriens-volocopter-en-faillite\/#breadcrumb","itemListElement":[{"@type":"ListItem","position":1,"name":"Home","item":"https:\/\/www.ecinews.fr\/fr\/"},{"@type":"ListItem","position":2,"name":"Le fabricant de taxis a\u00e9riens Volocopter en faillite"}]},{"@type":"WebSite","@id":"https:\/\/www.ecinews.fr\/fr\/#website","url":"https:\/\/www.ecinews.fr\/fr\/","name":"EENewsEurope","description":"Just another WordPress site","publisher":{"@id":"https:\/\/www.ecinews.fr\/fr\/#organization"},"potentialAction":[{"@type":"SearchAction","target":{"@type":"EntryPoint","urlTemplate":"https:\/\/www.ecinews.fr\/fr\/?s={search_term_string}"},"query-input":"required name=search_term_string"}],"inLanguage":"fr-FR"},{"@type":"Organization","@id":"https:\/\/www.ecinews.fr\/fr\/#organization","name":"EENewsEurope","url":"https:\/\/www.ecinews.fr\/fr\/","logo":{"@type":"ImageObject","inLanguage":"fr-FR","@id":"https:\/\/www.ecinews.fr\/fr\/#\/schema\/logo\/image\/","url":"https:\/\/www.ecinews.fr\/wp-content\/uploads\/2022\/02\/logo-1.jpg","contentUrl":"https:\/\/www.ecinews.fr\/wp-content\/uploads\/2022\/02\/logo-1.jpg","width":283,"height":113,"caption":"EENewsEurope"},"image":{"@id":"https:\/\/www.ecinews.fr\/fr\/#\/schema\/logo\/image\/"}},{"@type":"Person","@id":"https:\/\/www.ecinews.fr\/fr\/#\/schema\/person\/4b3db5ba5c953c5fddeb226df86d8635","name":"A Delapalisse","image":{"@type":"ImageObject","inLanguage":"fr-FR","@id":"https:\/\/www.ecinews.fr\/fr\/#\/schema\/person\/image\/09af0e1236b95ff53924b8dfe5af278e","url":"https:\/\/secure.gravatar.com\/avatar\/010f811c0933b47aea7e9204117b17c6?s=96&d=mm&r=g","contentUrl":"https:\/\/secure.gravatar.com\/avatar\/010f811c0933b47aea7e9204117b17c6?s=96&d=mm&r=g","caption":"A Delapalisse"}}]}},"authors":[{"term_id":3640,"user_id":0,"is_guest":1,"slug":"nick-flaherty","display_name":"Nick Flaherty","avatar_url":"https:\/\/secure.gravatar.com\/avatar\/?s=96&d=mm&r=g","0":null,"1":"","2":"","3":"","4":"","5":"","6":"","7":"","8":""},{"term_id":6199,"user_id":40,"is_guest":0,"slug":"andre-rousselotemisys-com","display_name":"A Delapalisse","avatar_url":"https:\/\/secure.gravatar.com\/avatar\/010f811c0933b47aea7e9204117b17c6?s=96&d=mm&r=g","0":null,"1":"","2":"","3":"","4":"","5":"","6":"","7":"","8":""}],"_links":{"self":[{"href":"https:\/\/www.ecinews.fr\/fr\/wp-json\/wp\/v2\/posts\/469085"}],"collection":[{"href":"https:\/\/www.ecinews.fr\/fr\/wp-json\/wp\/v2\/posts"}],"about":[{"href":"https:\/\/www.ecinews.fr\/fr\/wp-json\/wp\/v2\/types\/post"}],"author":[{"embeddable":true,"href":"https:\/\/www.ecinews.fr\/fr\/wp-json\/wp\/v2\/users\/40"}],"replies":[{"embeddable":true,"href":"https:\/\/www.ecinews.fr\/fr\/wp-json\/wp\/v2\/comments?post=469085"}],"version-history":[{"count":0,"href":"https:\/\/www.ecinews.fr\/fr\/wp-json\/wp\/v2\/posts\/469085\/revisions"}],"wp:featuredmedia":[{"embeddable":true,"href":"https:\/\/www.ecinews.fr\/fr\/wp-json\/wp\/v2\/media\/469058"}],"wp:attachment":[{"href":"https:\/\/www.ecinews.fr\/fr\/wp-json\/wp\/v2\/media?parent=469085"}],"wp:term":[{"taxonomy":"category","embeddable":true,"href":"https:\/\/www.ecinews.fr\/fr\/wp-json\/wp\/v2\/categories?post=469085"},{"taxonomy":"post_tag","embeddable":true,"href":"https:\/\/www.ecinews.fr\/fr\/wp-json\/wp\/v2\/tags?post=469085"},{"taxonomy":"domains","embeddable":true,"href":"https:\/\/www.ecinews.fr\/fr\/wp-json\/wp\/v2\/domains?post=469085"},{"taxonomy":"author","embeddable":true,"href":"https:\/\/www.ecinews.fr\/fr\/wp-json\/wp\/v2\/ppma_author?post=469085"}],"curies":[{"name":"wp","href":"https:\/\/api.w.org\/{rel}","templated":true}]}}