{"id":469067,"date":"2025-01-01T18:46:55","date_gmt":"2025-01-01T17:46:55","guid":{"rendered":"https:\/\/www.ecinews.fr\/?p=469067"},"modified":"2025-01-01T18:46:55","modified_gmt":"2025-01-01T17:46:55","slug":"selon-un-rapport-de-lisg-le-conflit-ukrainien-entrave-linformatique-dematerialisee-dans-les-pays-nordiques","status":"publish","type":"post","link":"https:\/\/www.ecinews.fr\/fr\/selon-un-rapport-de-lisg-le-conflit-ukrainien-entrave-linformatique-dematerialisee-dans-les-pays-nordiques\/","title":{"rendered":"Selon un rapport de l&rsquo;ISG, le conflit ukrainien entrave l&rsquo;informatique d\u00e9mat\u00e9rialis\u00e9e dans les pays nordiques"},"content":{"rendered":"<p>Le rapport 2024 ISG Provider Lens\u2122 Multi Public Cloud Services pour les pays nordiques constate que les entreprises de la r\u00e9gion sont aux prises avec une hausse des co\u00fbts informatiques et une p\u00e9nurie de main-d&rsquo;\u0153uvre qualifi\u00e9e, ce qui a un impact direct sur leurs strat\u00e9gies d&rsquo;adoption du cloud. En cons\u00e9quence, de nombreuses organisations concentrent leurs investissements sur des projets qui apportent une valeur commerciale imm\u00e9diate, tout en reportant des initiatives moins critiques.<\/p>\n<p>Selon l&rsquo;ISG, cette tendance souligne la n\u00e9cessit\u00e9 de mettre en \u0153uvre des technologies cloud agiles et efficaces, capables de s&rsquo;adapter \u00e0 l&rsquo;\u00e9volution des conditions du march\u00e9. La demande de technologies hybrides et multiclouds est en hausse, motiv\u00e9e par le besoin d&rsquo;une infrastructure num\u00e9rique robuste et d&rsquo;une \u00e9nergie \u00e0 faible co\u00fbt, ainsi que par la diminution des inqui\u00e9tudes concernant la s\u00e9curit\u00e9 et le verrouillage des fournisseurs.<\/p>\n<p>\u00a0\u00bb Il existe un environnement favorable \u00e0 l&rsquo;adoption du cloud dans les pays nordiques, car les pays de la r\u00e9gion s&rsquo;alignent sur les normes communes de Gaia-X, destin\u00e9es \u00e0 promouvoir le d\u00e9veloppement d&rsquo;un \u00e9cosyst\u00e8me europ\u00e9en du cloud \u00ab\u00a0, a d\u00e9clar\u00e9 le Dr Matthias Paletta, directeur du ISG, Modernisation des technologies, en Europe. \u00ab\u00a0Malgr\u00e9 tout, les entreprises nordiques travaillent de plus en plus avec les principaux hyperscalers mondiaux tels qu&rsquo;AWS, Microsoft Azure et Google Cloud pour renforcer leurs capacit\u00e9s num\u00e9riques, en particulier dans un contexte d&rsquo;int\u00e9r\u00eat croissant pour l&rsquo;IA, et elles se tournent vers les fournisseurs de services pour obtenir de l&rsquo;aide.\u00a0\u00bb<\/p>\n<p>Les fournisseurs nordiques de services en nuage exploitent les microservices, un type d&rsquo;architecture d&rsquo;application qui divise les fonctions en tr\u00e8s petits composants de service pouvant \u00eatre r\u00e9pliqu\u00e9s automatiquement, ce qui permet aux charges de travail d&rsquo;\u00eatre \u00e9volutives \u00e0 la demande. Les fournisseurs les plus efficaces dans ce domaine proposent la modernisation des applications, y compris avec des microservices, dans le cadre de leurs portefeuilles de services, indique le rapport.<\/p>\n<p>\u00a0\u00bb Dans les pays nordiques, les entreprises qui adoptent de nouvelles technologies pr\u00e9f\u00e8rent les d\u00e9ploiements multicloud qui sont agnostiques en termes de fournisseurs \u00ab\u00a0, a d\u00e9clar\u00e9 Jan Erik Aase, partenaire et leader mondial, ISG Provider Lens Research. \u00ab\u00a0Les fournisseurs de services les plus performants dans cette r\u00e9gion sont ceux qui peuvent offrir une surveillance en temps r\u00e9el, une r\u00e9duction des co\u00fbts de maintenance et une am\u00e9lioration globale des d\u00e9penses op\u00e9rationnelles.\u00a0\u00bb<\/p>\n<p>Le d\u00e9veloppement durable est \u00e9galement devenu une priorit\u00e9 pour les entreprises nordiques, qui se pr\u00e9parent \u00e0 la directive europ\u00e9enne sur les rapports de durabilit\u00e9 des entreprises (CSRD), qui entrera en vigueur en 2025 et obligera les entreprises \u00e0 suivre leurs indicateurs de durabilit\u00e9, \u00e0 am\u00e9liorer leurs capacit\u00e9s de protection des donn\u00e9es et \u00e0 g\u00e9rer les risques de mani\u00e8re plus efficace.<\/p>\n<p><a href=\"https:\/\/isg-one.com\/research\/isg-provider-lens\">https:\/\/isg-one.com\/research\/isg-provider-lens<\/a><br \/>\n<a href=\"http:\/\/www.isg-one.com\">www.isg-one.com<\/a><\/p>\n","protected":false},"excerpt":{"rendered":"<p>Les perturbations de la cha\u00eene d&rsquo;approvisionnement et les p\u00e9nuries de main-d&rsquo;\u0153uvre qualifi\u00e9e affectent l&rsquo;adoption de l&rsquo;informatique d\u00e9mat\u00e9rialis\u00e9e, ce qui conduit les entreprises \u00e0 exiger une meilleure valeur commerciale \u00e0 court terme.<\/p>\n","protected":false},"author":11,"featured_media":468403,"comment_status":"closed","ping_status":"closed","sticky":false,"template":"","format":"standard","meta":{"_acf_changed":false,"footnotes":""},"categories":[888],"tags":[3679,8591,2616,8597,8594,5914],"domains":[47],"ppma_author":[3682,1143],"class_list":["post-469067","post","type-post","status-publish","format-standard","has-post-thumbnail","hentry","category-marche","tag-ai-fr","tag-aws-fr","tag-cloud-fr","tag-eig","tag-hyperscalers-fr","tag-it-fr","domains-electronique-eci"],"acf":[],"yoast_head":"<title>Selon un rapport de l&#039;ISG, le conflit ukrainien entrave l&#039;infor...<\/title>\n<meta name=\"description\" content=\"Les perturbations de la cha\u00eene d&#039;approvisionnement et les p\u00e9nuries de main-d&#039;\u0153uvre qualifi\u00e9e affectent l&#039;adoption de l&#039;informatique d\u00e9mat\u00e9rialis\u00e9e, ce...\" \/>\n<meta name=\"robots\" content=\"index, follow, max-snippet:-1, max-image-preview:large, max-video-preview:-1\" \/>\n<link rel=\"canonical\" href=\"https:\/\/www.ecinews.fr\/fr\/wp-json\/wp\/v2\/posts\/469067\/\" \/>\n<meta property=\"og:locale\" content=\"fr_FR\" \/>\n<meta property=\"og:type\" content=\"article\" \/>\n<meta property=\"og:title\" content=\"Selon un rapport de l&#039;ISG, le conflit ukrainien entrave l&#039;informatique d\u00e9mat\u00e9rialis\u00e9e dans les pays nordiques\" \/>\n<meta property=\"og:description\" content=\"Les perturbations de la cha\u00eene d&#039;approvisionnement et les p\u00e9nuries de main-d&#039;\u0153uvre qualifi\u00e9e affectent l&#039;adoption de l&#039;informatique d\u00e9mat\u00e9rialis\u00e9e, ce qui conduit les entreprises \u00e0 exiger une meilleure valeur ajout\u00e9e.\" \/>\n<meta property=\"og:url\" content=\"https:\/\/www.ecinews.fr\/fr\/wp-json\/wp\/v2\/posts\/469067\/\" \/>\n<meta property=\"og:site_name\" content=\"EENewsEurope\" \/>\n<meta property=\"article:published_time\" content=\"2025-01-01T17:46:55+00:00\" \/>\n<meta property=\"og:image\" content=\"https:\/\/www.eenewseurope.com\/wp-content\/uploads\/2024\/12\/Cloud-Data.jpg\" \/>\n\t<meta property=\"og:image:width\" content=\"1000\" \/>\n\t<meta property=\"og:image:height\" content=\"667\" \/>\n\t<meta property=\"og:image:type\" content=\"image\/jpeg\" \/>\n<meta name=\"author\" content=\"Jean-Pierre Joosting, Daniel Cardon\" \/>\n<meta name=\"twitter:card\" content=\"summary_large_image\" \/>\n<meta name=\"twitter:label1\" content=\"Written by\" \/>\n\t<meta name=\"twitter:data1\" content=\"Daniel Cardon\" \/>\n\t<meta name=\"twitter:label2\" content=\"Est. reading time\" \/>\n\t<meta name=\"twitter:data2\" content=\"3 minutes\" \/>\n<script type=\"application\/ld+json\" class=\"yoast-schema-graph\">{\"@context\":\"https:\/\/schema.org\",\"@graph\":[{\"@type\":\"Article\",\"@id\":\"https:\/\/www.eenewseurope.com\/fr\/selon-un-rapport-de-lisg-le-conflit-ukrainien-entrave-linformatique-dematerialisee-dans-les-pays-nordiques\/#article\",\"isPartOf\":{\"@id\":\"https:\/\/www.eenewseurope.com\/fr\/selon-un-rapport-de-lisg-le-conflit-ukrainien-entrave-linformatique-dematerialisee-dans-les-pays-nordiques\/\"},\"author\":{\"name\":\"Daniel Cardon\",\"@id\":\"https:\/\/www.ecinews.fr\/fr\/#\/schema\/person\/93c44cde463762f40a8236eaa44c1c17\"},\"headline\":\"Selon un rapport de l&rsquo;ISG, le conflit ukrainien entrave l&rsquo;informatique d\u00e9mat\u00e9rialis\u00e9e dans les pays nordiques\",\"datePublished\":\"2025-01-01T17:46:55+00:00\",\"dateModified\":\"2025-01-01T17:46:55+00:00\",\"mainEntityOfPage\":{\"@id\":\"https:\/\/www.eenewseurope.com\/fr\/selon-un-rapport-de-lisg-le-conflit-ukrainien-entrave-linformatique-dematerialisee-dans-les-pays-nordiques\/\"},\"wordCount\":512,\"publisher\":{\"@id\":\"https:\/\/www.ecinews.fr\/fr\/#organization\"},\"keywords\":[\"AI\",\"AWS\",\"Cloud\",\"EIG\",\"Hyperscalers\",\"IT\"],\"articleSection\":[\"March\u00e9\"],\"inLanguage\":\"fr-FR\"},{\"@type\":\"WebPage\",\"@id\":\"https:\/\/www.eenewseurope.com\/fr\/selon-un-rapport-de-lisg-le-conflit-ukrainien-entrave-linformatique-dematerialisee-dans-les-pays-nordiques\/\",\"url\":\"https:\/\/www.eenewseurope.com\/fr\/selon-un-rapport-de-lisg-le-conflit-ukrainien-entrave-linformatique-dematerialisee-dans-les-pays-nordiques\/\",\"name\":\"Selon un rapport de l'ISG, le conflit ukrainien entrave l'informatique d\u00e9mat\u00e9rialis\u00e9e dans les pays nordiques -\",\"isPartOf\":{\"@id\":\"https:\/\/www.ecinews.fr\/fr\/#website\"},\"datePublished\":\"2025-01-01T17:46:55+00:00\",\"dateModified\":\"2025-01-01T17:46:55+00:00\",\"description\":\"Les perturbations de la cha\u00eene d'approvisionnement et les p\u00e9nuries de main-d'\u0153uvre qualifi\u00e9e affectent l'adoption de l'informatique d\u00e9mat\u00e9rialis\u00e9e, ce qui conduit les entreprises \u00e0 exiger une meilleure valeur ajout\u00e9e.\",\"breadcrumb\":{\"@id\":\"https:\/\/www.eenewseurope.com\/fr\/selon-un-rapport-de-lisg-le-conflit-ukrainien-entrave-linformatique-dematerialisee-dans-les-pays-nordiques\/#breadcrumb\"},\"inLanguage\":\"fr-FR\",\"potentialAction\":[{\"@type\":\"ReadAction\",\"target\":[\"https:\/\/www.eenewseurope.com\/fr\/selon-un-rapport-de-lisg-le-conflit-ukrainien-entrave-linformatique-dematerialisee-dans-les-pays-nordiques\/\"]}]},{\"@type\":\"BreadcrumbList\",\"@id\":\"https:\/\/www.eenewseurope.com\/fr\/selon-un-rapport-de-lisg-le-conflit-ukrainien-entrave-linformatique-dematerialisee-dans-les-pays-nordiques\/#breadcrumb\",\"itemListElement\":[{\"@type\":\"ListItem\",\"position\":1,\"name\":\"Home\",\"item\":\"https:\/\/www.ecinews.fr\/fr\/\"},{\"@type\":\"ListItem\",\"position\":2,\"name\":\"Selon un rapport de l&rsquo;ISG, le conflit ukrainien entrave l&rsquo;informatique d\u00e9mat\u00e9rialis\u00e9e dans les pays nordiques\"}]},{\"@type\":\"WebSite\",\"@id\":\"https:\/\/www.ecinews.fr\/fr\/#website\",\"url\":\"https:\/\/www.ecinews.fr\/fr\/\",\"name\":\"EENewsEurope\",\"description\":\"Just another WordPress site\",\"publisher\":{\"@id\":\"https:\/\/www.ecinews.fr\/fr\/#organization\"},\"potentialAction\":[{\"@type\":\"SearchAction\",\"target\":{\"@type\":\"EntryPoint\",\"urlTemplate\":\"https:\/\/www.ecinews.fr\/fr\/?s={search_term_string}\"},\"query-input\":\"required name=search_term_string\"}],\"inLanguage\":\"fr-FR\"},{\"@type\":\"Organization\",\"@id\":\"https:\/\/www.ecinews.fr\/fr\/#organization\",\"name\":\"EENewsEurope\",\"url\":\"https:\/\/www.ecinews.fr\/fr\/\",\"logo\":{\"@type\":\"ImageObject\",\"inLanguage\":\"fr-FR\",\"@id\":\"https:\/\/www.ecinews.fr\/fr\/#\/schema\/logo\/image\/\",\"url\":\"https:\/\/www.ecinews.fr\/wp-content\/uploads\/2022\/02\/logo-1.jpg\",\"contentUrl\":\"https:\/\/www.ecinews.fr\/wp-content\/uploads\/2022\/02\/logo-1.jpg\",\"width\":283,\"height\":113,\"caption\":\"EENewsEurope\"},\"image\":{\"@id\":\"https:\/\/www.ecinews.fr\/fr\/#\/schema\/logo\/image\/\"}},{\"@type\":\"Person\",\"@id\":\"https:\/\/www.ecinews.fr\/fr\/#\/schema\/person\/93c44cde463762f40a8236eaa44c1c17\",\"name\":\"Daniel Cardon\",\"image\":{\"@type\":\"ImageObject\",\"inLanguage\":\"fr-FR\",\"@id\":\"https:\/\/www.ecinews.fr\/fr\/#\/schema\/person\/image\/2b243f6bcc1cff7d86aadfb2cd0bd870\",\"url\":\"https:\/\/secure.gravatar.com\/avatar\/de9edc136dfc061ad4778e04635baefa?s=96&d=mm&r=g\",\"contentUrl\":\"https:\/\/secure.gravatar.com\/avatar\/de9edc136dfc061ad4778e04635baefa?s=96&d=mm&r=g\",\"caption\":\"Daniel Cardon\"}}]}<\/script>","yoast_head_json":{"title":"Selon un rapport de l'ISG, le conflit ukrainien entrave l'infor...","description":"Les perturbations de la cha\u00eene d'approvisionnement et les p\u00e9nuries de main-d'\u0153uvre qualifi\u00e9e affectent l'adoption de l'informatique d\u00e9mat\u00e9rialis\u00e9e, ce...","robots":{"index":"index","follow":"follow","max-snippet":"max-snippet:-1","max-image-preview":"max-image-preview:large","max-video-preview":"max-video-preview:-1"},"canonical":"https:\/\/www.ecinews.fr\/fr\/wp-json\/wp\/v2\/posts\/469067\/","og_locale":"fr_FR","og_type":"article","og_title":"Selon un rapport de l'ISG, le conflit ukrainien entrave l'informatique d\u00e9mat\u00e9rialis\u00e9e dans les pays nordiques","og_description":"Les perturbations de la cha\u00eene d'approvisionnement et les p\u00e9nuries de main-d'\u0153uvre qualifi\u00e9e affectent l'adoption de l'informatique d\u00e9mat\u00e9rialis\u00e9e, ce qui conduit les entreprises \u00e0 exiger une meilleure valeur ajout\u00e9e.","og_url":"https:\/\/www.ecinews.fr\/fr\/wp-json\/wp\/v2\/posts\/469067\/","og_site_name":"EENewsEurope","article_published_time":"2025-01-01T17:46:55+00:00","og_image":[{"width":1000,"height":667,"url":"https:\/\/www.eenewseurope.com\/wp-content\/uploads\/2024\/12\/Cloud-Data.jpg","type":"image\/jpeg"}],"author":"Jean-Pierre Joosting, Daniel Cardon","twitter_card":"summary_large_image","twitter_misc":{"Written by":"Daniel Cardon","Est. reading time":"3 minutes"},"schema":{"@context":"https:\/\/schema.org","@graph":[{"@type":"Article","@id":"https:\/\/www.eenewseurope.com\/fr\/selon-un-rapport-de-lisg-le-conflit-ukrainien-entrave-linformatique-dematerialisee-dans-les-pays-nordiques\/#article","isPartOf":{"@id":"https:\/\/www.eenewseurope.com\/fr\/selon-un-rapport-de-lisg-le-conflit-ukrainien-entrave-linformatique-dematerialisee-dans-les-pays-nordiques\/"},"author":{"name":"Daniel Cardon","@id":"https:\/\/www.ecinews.fr\/fr\/#\/schema\/person\/93c44cde463762f40a8236eaa44c1c17"},"headline":"Selon un rapport de l&rsquo;ISG, le conflit ukrainien entrave l&rsquo;informatique d\u00e9mat\u00e9rialis\u00e9e dans les pays nordiques","datePublished":"2025-01-01T17:46:55+00:00","dateModified":"2025-01-01T17:46:55+00:00","mainEntityOfPage":{"@id":"https:\/\/www.eenewseurope.com\/fr\/selon-un-rapport-de-lisg-le-conflit-ukrainien-entrave-linformatique-dematerialisee-dans-les-pays-nordiques\/"},"wordCount":512,"publisher":{"@id":"https:\/\/www.ecinews.fr\/fr\/#organization"},"keywords":["AI","AWS","Cloud","EIG","Hyperscalers","IT"],"articleSection":["March\u00e9"],"inLanguage":"fr-FR"},{"@type":"WebPage","@id":"https:\/\/www.eenewseurope.com\/fr\/selon-un-rapport-de-lisg-le-conflit-ukrainien-entrave-linformatique-dematerialisee-dans-les-pays-nordiques\/","url":"https:\/\/www.eenewseurope.com\/fr\/selon-un-rapport-de-lisg-le-conflit-ukrainien-entrave-linformatique-dematerialisee-dans-les-pays-nordiques\/","name":"Selon un rapport de l'ISG, le conflit ukrainien entrave l'informatique d\u00e9mat\u00e9rialis\u00e9e dans les pays nordiques -","isPartOf":{"@id":"https:\/\/www.ecinews.fr\/fr\/#website"},"datePublished":"2025-01-01T17:46:55+00:00","dateModified":"2025-01-01T17:46:55+00:00","description":"Les perturbations de la cha\u00eene d'approvisionnement et les p\u00e9nuries de main-d'\u0153uvre qualifi\u00e9e affectent l'adoption de l'informatique d\u00e9mat\u00e9rialis\u00e9e, ce qui conduit les entreprises \u00e0 exiger une meilleure valeur ajout\u00e9e.","breadcrumb":{"@id":"https:\/\/www.eenewseurope.com\/fr\/selon-un-rapport-de-lisg-le-conflit-ukrainien-entrave-linformatique-dematerialisee-dans-les-pays-nordiques\/#breadcrumb"},"inLanguage":"fr-FR","potentialAction":[{"@type":"ReadAction","target":["https:\/\/www.eenewseurope.com\/fr\/selon-un-rapport-de-lisg-le-conflit-ukrainien-entrave-linformatique-dematerialisee-dans-les-pays-nordiques\/"]}]},{"@type":"BreadcrumbList","@id":"https:\/\/www.eenewseurope.com\/fr\/selon-un-rapport-de-lisg-le-conflit-ukrainien-entrave-linformatique-dematerialisee-dans-les-pays-nordiques\/#breadcrumb","itemListElement":[{"@type":"ListItem","position":1,"name":"Home","item":"https:\/\/www.ecinews.fr\/fr\/"},{"@type":"ListItem","position":2,"name":"Selon un rapport de l&rsquo;ISG, le conflit ukrainien entrave l&rsquo;informatique d\u00e9mat\u00e9rialis\u00e9e dans les pays nordiques"}]},{"@type":"WebSite","@id":"https:\/\/www.ecinews.fr\/fr\/#website","url":"https:\/\/www.ecinews.fr\/fr\/","name":"EENewsEurope","description":"Just another WordPress site","publisher":{"@id":"https:\/\/www.ecinews.fr\/fr\/#organization"},"potentialAction":[{"@type":"SearchAction","target":{"@type":"EntryPoint","urlTemplate":"https:\/\/www.ecinews.fr\/fr\/?s={search_term_string}"},"query-input":"required name=search_term_string"}],"inLanguage":"fr-FR"},{"@type":"Organization","@id":"https:\/\/www.ecinews.fr\/fr\/#organization","name":"EENewsEurope","url":"https:\/\/www.ecinews.fr\/fr\/","logo":{"@type":"ImageObject","inLanguage":"fr-FR","@id":"https:\/\/www.ecinews.fr\/fr\/#\/schema\/logo\/image\/","url":"https:\/\/www.ecinews.fr\/wp-content\/uploads\/2022\/02\/logo-1.jpg","contentUrl":"https:\/\/www.ecinews.fr\/wp-content\/uploads\/2022\/02\/logo-1.jpg","width":283,"height":113,"caption":"EENewsEurope"},"image":{"@id":"https:\/\/www.ecinews.fr\/fr\/#\/schema\/logo\/image\/"}},{"@type":"Person","@id":"https:\/\/www.ecinews.fr\/fr\/#\/schema\/person\/93c44cde463762f40a8236eaa44c1c17","name":"Daniel Cardon","image":{"@type":"ImageObject","inLanguage":"fr-FR","@id":"https:\/\/www.ecinews.fr\/fr\/#\/schema\/person\/image\/2b243f6bcc1cff7d86aadfb2cd0bd870","url":"https:\/\/secure.gravatar.com\/avatar\/de9edc136dfc061ad4778e04635baefa?s=96&d=mm&r=g","contentUrl":"https:\/\/secure.gravatar.com\/avatar\/de9edc136dfc061ad4778e04635baefa?s=96&d=mm&r=g","caption":"Daniel Cardon"}}]}},"authors":[{"term_id":3682,"user_id":0,"is_guest":1,"slug":"jean-pierre-joosting","display_name":"Jean-Pierre Joosting","avatar_url":"https:\/\/secure.gravatar.com\/avatar\/?s=96&d=mm&r=g","0":null,"1":"","2":"","3":"","4":"","5":"","6":"","7":"","8":""},{"term_id":1143,"user_id":11,"is_guest":0,"slug":"danielcardon","display_name":"Daniel Cardon","avatar_url":"https:\/\/secure.gravatar.com\/avatar\/de9edc136dfc061ad4778e04635baefa?s=96&d=mm&r=g","0":null,"1":"","2":"","3":"","4":"","5":"","6":"","7":"","8":""}],"_links":{"self":[{"href":"https:\/\/www.ecinews.fr\/fr\/wp-json\/wp\/v2\/posts\/469067"}],"collection":[{"href":"https:\/\/www.ecinews.fr\/fr\/wp-json\/wp\/v2\/posts"}],"about":[{"href":"https:\/\/www.ecinews.fr\/fr\/wp-json\/wp\/v2\/types\/post"}],"author":[{"embeddable":true,"href":"https:\/\/www.ecinews.fr\/fr\/wp-json\/wp\/v2\/users\/11"}],"replies":[{"embeddable":true,"href":"https:\/\/www.ecinews.fr\/fr\/wp-json\/wp\/v2\/comments?post=469067"}],"version-history":[{"count":0,"href":"https:\/\/www.ecinews.fr\/fr\/wp-json\/wp\/v2\/posts\/469067\/revisions"}],"wp:featuredmedia":[{"embeddable":true,"href":"https:\/\/www.ecinews.fr\/fr\/wp-json\/wp\/v2\/media\/468403"}],"wp:attachment":[{"href":"https:\/\/www.ecinews.fr\/fr\/wp-json\/wp\/v2\/media?parent=469067"}],"wp:term":[{"taxonomy":"category","embeddable":true,"href":"https:\/\/www.ecinews.fr\/fr\/wp-json\/wp\/v2\/categories?post=469067"},{"taxonomy":"post_tag","embeddable":true,"href":"https:\/\/www.ecinews.fr\/fr\/wp-json\/wp\/v2\/tags?post=469067"},{"taxonomy":"domains","embeddable":true,"href":"https:\/\/www.ecinews.fr\/fr\/wp-json\/wp\/v2\/domains?post=469067"},{"taxonomy":"author","embeddable":true,"href":"https:\/\/www.ecinews.fr\/fr\/wp-json\/wp\/v2\/ppma_author?post=469067"}],"curies":[{"name":"wp","href":"https:\/\/api.w.org\/{rel}","templated":true}]}}