{"id":468730,"date":"2024-12-27T16:59:33","date_gmt":"2024-12-27T15:59:33","guid":{"rendered":"https:\/\/www.ecinews.fr\/?p=468730"},"modified":"2024-12-27T16:59:33","modified_gmt":"2024-12-27T15:59:33","slug":"des-scanners-de-rohde-schwarz-aux-points-de-controle-de-securite-de-laeroport-de-francfort","status":"publish","type":"post","link":"https:\/\/www.ecinews.fr\/fr\/des-scanners-de-rohde-schwarz-aux-points-de-controle-de-securite-de-laeroport-de-francfort\/","title":{"rendered":"Des scanners de Rohde &#038; Schwarz aux points de contr\u00f4le de s\u00e9curit\u00e9 de l&rsquo;a\u00e9roport de Francfort"},"content":{"rendered":"<h3><span style=\"font-family: Open Sans, sans-serif;\">Pour moderniser les points de contr\u00f4le de s\u00e9curit\u00e9 de passagers \u00e0 l&rsquo;a\u00e9roport de Francfort, Fraport s\u2019appuie sur l\u2019expertise de Rohde &amp; Schwarz et pr\u00e9voit l&rsquo;installation de plus de 100 nouveaux scanners de s\u00e9curit\u00e9.<\/span><\/h3>\n<p><span style=\"font-family: Open Sans, sans-serif;\">Ces \u00e9quipements seront utilis\u00e9s \u00e0 la fois dans les couloirs de contr\u00f4le de s\u00e9curit\u00e9 existants et dans les futurs points de contr\u00f4le qui seront ouverts. La livraison des scanners s&rsquo;\u00e9tendra sur une p\u00e9riode de trois ans. <\/span><\/p>\n<p><span style=\"font-family: Open Sans, sans-serif;\"><b>Des scanners performants et intuitifs<\/b><\/span><\/p>\n<p><span style=\"font-family: Open Sans, sans-serif;\">Fraport a choisi Rohde &amp; Schwarz en raison des performances exceptionnelles de son mod\u00e8le de scanner R&amp;S QPS201. Ce scanner combine des capacit\u00e9s de d\u00e9tection de tr\u00e8s haut niveau avec des proc\u00e9dures efficaces et intuitives, au b\u00e9n\u00e9fice des passagers et du personnel. Les scanners de la gamme R&amp;S QPS201, utilisent une technologie novatrice bas\u00e9e sur les ondes millim\u00e9triques et des algorithmes d&rsquo;intelligence artificielle, ce qui lui permet de r\u00e9pondre \u00e0 toutes les exigences r\u00e9glementaires pour la d\u00e9tection des objets interdits, tout en r\u00e9duisant les taux de fausses alertes.<\/span><\/p>\n<p><span style=\"font-family: Open Sans, sans-serif;\">Ce contrat s&rsquo;inscrit dans le cadre de la responsabilit\u00e9 de Fraport en mati\u00e8re d&rsquo;organisation, de gestion et de performance des points de contr\u00f4le de s\u00e9curit\u00e9 a\u00e9rienne \u00e0 l&rsquo;a\u00e9roport de Francfort, responsabilit\u00e9 qui lui a \u00e9t\u00e9 transf\u00e9r\u00e9e par la police f\u00e9d\u00e9rale allemande en 2023. Les t\u00e2ches relevant de ce contrat incluent \u00e9galement l&rsquo;acquisition des \u00e9quipements de s\u00e9curit\u00e9. <\/span><\/p>\n<p><span style=\"font-family: Open Sans, sans-serif;\"><b>Andreas H\u00e4gele<\/b>, responsable des syst\u00e8mes d&rsquo;imagerie micro-ondes chez Rohde &amp; Schwarz, a d\u00e9clar\u00e9 : \u00ab Nous sommes fiers d&rsquo;avoir gagn\u00e9 la confiance de Fraport et de participer ainsi \u00e0 ce nouveau projet mis en oeuvre dans le plus grand a\u00e9roport d&rsquo;Allemagne. Nous poursuivons ainsi notre partenariat strat\u00e9gique \u00e0 long terme qui s\u2019av\u00e8re b\u00e9n\u00e9fique pour les deux parties. \u00bb<\/span><\/p>\n<p><span style=\"font-family: Open Sans, sans-serif;\"><b>Sascha K\u00f6nig<\/b>, Senior Vice President Aviation Passenger Process chez Fraport AG, explique cet investissement : \u00ab Nous sommes ravis d&rsquo;installer des scanners modernes pour passagers de Rohde &amp; Schwarz aux points de contr\u00f4le de s\u00e9curit\u00e9 dans les mois \u00e0 venir. Nous continuons \u00e0 collaborer avec nos partenaires pour d\u00e9ployer notre programme de modernisation des points de contr\u00f4le des passagers au sein de la plus importante plate-forme a\u00e9rienne d&rsquo;Allemagne. En utilisant des technologies de pointe, nous offrons \u00e0 nos clients et passagers des contr\u00f4les de s\u00e9curit\u00e9 plus rapides et plus pratiques, tout en maintenant les m\u00eames normes \u00e9lev\u00e9es de s\u00e9curit\u00e9. \u00bb<\/span><\/p>\n<p><span style=\"font-family: Open Sans, sans-serif;\">Rohde &amp; Schwarz est au service du secteur a\u00e9ronautique dans le monde entier depuis 2015. Ses scanners sont approuv\u00e9s par l\u2019ECAC (European Civil Aviation Conference), l&rsquo;administration am\u00e9ricaine de s\u00e9curit\u00e9 des transports (TSA) et de nombreuses autres agences nationales.<\/span><\/p>\n<p>\u00a0<a href=\"https:\/\/www.rohde-schwarz.com\/\"><span style=\"font-family: Open Sans, sans-serif;\">Rohde &amp; Schwarz<\/span><\/a> <span style=\"font-family: Open Sans, sans-serif;\">| <a href=\"https:\/\/www.fraport.com\/\">Fraport AG and Frankfurt Airport<\/a><\/span><\/p>\n","protected":false},"excerpt":{"rendered":"<p>Pour moderniser les points de contr\u00f4le de s\u00e9curit\u00e9 de passagers \u00e0 l&rsquo;a\u00e9roport de Francfort, Fraport s\u2019appuie sur l\u2019expertise de Rohde &amp; Schwarz et pr\u00e9voit l&rsquo;installation de plus de 100 nouveaux scanners de s\u00e9curit\u00e9. Ces \u00e9quipements seront utilis\u00e9s \u00e0 la fois dans les couloirs de contr\u00f4le de s\u00e9curit\u00e9 existants et dans les futurs points de contr\u00f4le [&hellip;]<\/p>\n","protected":false},"author":39,"featured_media":468733,"comment_status":"closed","ping_status":"closed","sticky":false,"template":"","format":"standard","meta":{"_acf_changed":false,"footnotes":""},"categories":[886],"tags":[8561,8562],"domains":[47],"ppma_author":[6113],"class_list":["post-468730","post","type-post","status-publish","format-standard","has-post-thumbnail","hentry","category-news-fr","tag-aeroport","tag-scanner-fr","domains-electronique-eci"],"acf":[],"yoast_head":"<title>Des scanners de Rohde &amp; Schwarz aux points de contr\u00f4le de s\u00e9c...<\/title>\n<meta name=\"description\" content=\"Pour moderniser les points de contr\u00f4le de s\u00e9curit\u00e9 de passagers \u00e0 l&#039;a\u00e9roport de Francfort, Fraport s\u2019appuie sur l\u2019expertise de Rohde &amp; Schwarz et...\" \/>\n<meta name=\"robots\" content=\"index, follow, max-snippet:-1, max-image-preview:large, max-video-preview:-1\" \/>\n<link rel=\"canonical\" href=\"https:\/\/www.ecinews.fr\/fr\/wp-json\/wp\/v2\/posts\/468730\/\" \/>\n<meta property=\"og:locale\" content=\"fr_FR\" \/>\n<meta property=\"og:type\" content=\"article\" \/>\n<meta property=\"og:title\" content=\"Des scanners de Rohde &amp; Schwarz aux points de contr\u00f4le de s\u00e9curit\u00e9 de l&#039;a\u00e9roport de Francfort\" \/>\n<meta property=\"og:description\" content=\"Pour moderniser les points de contr\u00f4le de s\u00e9curit\u00e9 de passagers \u00e0 l&#039;a\u00e9roport de Francfort, Fraport s\u2019appuie sur l\u2019expertise de Rohde &amp; Schwarz et pr\u00e9voit l&#039;installation de plus de 100 nouveaux scanners de s\u00e9curit\u00e9.\" \/>\n<meta property=\"og:url\" content=\"https:\/\/www.ecinews.fr\/fr\/wp-json\/wp\/v2\/posts\/468730\/\" \/>\n<meta property=\"og:site_name\" content=\"EENewsEurope\" \/>\n<meta property=\"article:published_time\" content=\"2024-12-27T15:59:33+00:00\" \/>\n<meta property=\"og:image\" content=\"https:\/\/www.ecinews.fr\/wp-content\/uploads\/2024\/12\/ECI4663-CFR_ROHDE-SCHWARZ-R-S-SCANNERS-AT-FRANKFURT-AIRPORT-scaled.jpg\" \/>\n\t<meta property=\"og:image:width\" content=\"1080\" \/>\n\t<meta property=\"og:image:height\" content=\"607\" \/>\n\t<meta property=\"og:image:type\" content=\"image\/jpeg\" \/>\n<meta name=\"author\" content=\"NicolasFeste\" \/>\n<meta name=\"twitter:card\" content=\"summary_large_image\" \/>\n<meta name=\"twitter:label1\" content=\"Written by\" \/>\n\t<meta name=\"twitter:data1\" content=\"NicolasFeste\" \/>\n\t<meta name=\"twitter:label2\" content=\"Est. reading time\" \/>\n\t<meta name=\"twitter:data2\" content=\"2 minutes\" \/>\n<script type=\"application\/ld+json\" class=\"yoast-schema-graph\">{\"@context\":\"https:\/\/schema.org\",\"@graph\":[{\"@type\":\"Article\",\"@id\":\"https:\/\/www.ecinews.fr\/fr\/des-scanners-de-rohde-schwarz-aux-points-de-controle-de-securite-de-laeroport-de-francfort\/#article\",\"isPartOf\":{\"@id\":\"https:\/\/www.ecinews.fr\/fr\/des-scanners-de-rohde-schwarz-aux-points-de-controle-de-securite-de-laeroport-de-francfort\/\"},\"author\":{\"name\":\"NicolasFeste\",\"@id\":\"https:\/\/www.eenewseurope.com\/en\/#\/schema\/person\/c7104a72b466a801f257e51481de0c43\"},\"headline\":\"Des scanners de Rohde &#038; Schwarz aux points de contr\u00f4le de s\u00e9curit\u00e9 de l&rsquo;a\u00e9roport de Francfort\",\"datePublished\":\"2024-12-27T15:59:33+00:00\",\"dateModified\":\"2024-12-27T15:59:33+00:00\",\"mainEntityOfPage\":{\"@id\":\"https:\/\/www.ecinews.fr\/fr\/des-scanners-de-rohde-schwarz-aux-points-de-controle-de-securite-de-laeroport-de-francfort\/\"},\"wordCount\":502,\"publisher\":{\"@id\":\"https:\/\/www.eenewseurope.com\/en\/#organization\"},\"keywords\":[\"A\u00e9roport\",\"scanner\"],\"articleSection\":[\"Actualit\u00e9 g\u00e9n\u00e9rale\"],\"inLanguage\":\"fr-FR\"},{\"@type\":\"WebPage\",\"@id\":\"https:\/\/www.ecinews.fr\/fr\/des-scanners-de-rohde-schwarz-aux-points-de-controle-de-securite-de-laeroport-de-francfort\/\",\"url\":\"https:\/\/www.ecinews.fr\/fr\/des-scanners-de-rohde-schwarz-aux-points-de-controle-de-securite-de-laeroport-de-francfort\/\",\"name\":\"Des scanners de Rohde & Schwarz aux points de contr\u00f4le de s\u00e9curit\u00e9 de l'a\u00e9roport de Francfort -\",\"isPartOf\":{\"@id\":\"https:\/\/www.eenewseurope.com\/en\/#website\"},\"datePublished\":\"2024-12-27T15:59:33+00:00\",\"dateModified\":\"2024-12-27T15:59:33+00:00\",\"description\":\"Pour moderniser les points de contr\u00f4le de s\u00e9curit\u00e9 de passagers \u00e0 l'a\u00e9roport de Francfort, Fraport s\u2019appuie sur l\u2019expertise de Rohde & Schwarz et pr\u00e9voit l'installation de plus de 100 nouveaux scanners de s\u00e9curit\u00e9.\",\"breadcrumb\":{\"@id\":\"https:\/\/www.ecinews.fr\/fr\/des-scanners-de-rohde-schwarz-aux-points-de-controle-de-securite-de-laeroport-de-francfort\/#breadcrumb\"},\"inLanguage\":\"fr-FR\",\"potentialAction\":[{\"@type\":\"ReadAction\",\"target\":[\"https:\/\/www.ecinews.fr\/fr\/des-scanners-de-rohde-schwarz-aux-points-de-controle-de-securite-de-laeroport-de-francfort\/\"]}]},{\"@type\":\"BreadcrumbList\",\"@id\":\"https:\/\/www.ecinews.fr\/fr\/des-scanners-de-rohde-schwarz-aux-points-de-controle-de-securite-de-laeroport-de-francfort\/#breadcrumb\",\"itemListElement\":[{\"@type\":\"ListItem\",\"position\":1,\"name\":\"Home\",\"item\":\"https:\/\/www.ecinews.fr\/fr\/\"},{\"@type\":\"ListItem\",\"position\":2,\"name\":\"Des scanners de Rohde &#038; Schwarz aux points de contr\u00f4le de s\u00e9curit\u00e9 de l&rsquo;a\u00e9roport de Francfort\"}]},{\"@type\":\"WebSite\",\"@id\":\"https:\/\/www.eenewseurope.com\/en\/#website\",\"url\":\"https:\/\/www.eenewseurope.com\/en\/\",\"name\":\"EENewsEurope\",\"description\":\"Just another WordPress site\",\"publisher\":{\"@id\":\"https:\/\/www.eenewseurope.com\/en\/#organization\"},\"potentialAction\":[{\"@type\":\"SearchAction\",\"target\":{\"@type\":\"EntryPoint\",\"urlTemplate\":\"https:\/\/www.eenewseurope.com\/en\/?s={search_term_string}\"},\"query-input\":\"required name=search_term_string\"}],\"inLanguage\":\"fr-FR\"},{\"@type\":\"Organization\",\"@id\":\"https:\/\/www.eenewseurope.com\/en\/#organization\",\"name\":\"EENewsEurope\",\"url\":\"https:\/\/www.eenewseurope.com\/en\/\",\"logo\":{\"@type\":\"ImageObject\",\"inLanguage\":\"fr-FR\",\"@id\":\"https:\/\/www.eenewseurope.com\/en\/#\/schema\/logo\/image\/\",\"url\":\"https:\/\/www.ecinews.fr\/wp-content\/uploads\/2022\/02\/logo-1.jpg\",\"contentUrl\":\"https:\/\/www.ecinews.fr\/wp-content\/uploads\/2022\/02\/logo-1.jpg\",\"width\":283,\"height\":113,\"caption\":\"EENewsEurope\"},\"image\":{\"@id\":\"https:\/\/www.eenewseurope.com\/en\/#\/schema\/logo\/image\/\"}},{\"@type\":\"Person\",\"@id\":\"https:\/\/www.eenewseurope.com\/en\/#\/schema\/person\/c7104a72b466a801f257e51481de0c43\",\"name\":\"NicolasFeste\",\"image\":{\"@type\":\"ImageObject\",\"inLanguage\":\"fr-FR\",\"@id\":\"https:\/\/www.eenewseurope.com\/en\/#\/schema\/person\/image\/1ea421e7d03c1e96a9ea2bcf2705734a\",\"url\":\"https:\/\/secure.gravatar.com\/avatar\/2e187f4d96902933ba445ed6c760e11c?s=96&d=mm&r=g\",\"contentUrl\":\"https:\/\/secure.gravatar.com\/avatar\/2e187f4d96902933ba445ed6c760e11c?s=96&d=mm&r=g\",\"caption\":\"NicolasFeste\"}}]}<\/script>","yoast_head_json":{"title":"Des scanners de Rohde & Schwarz aux points de contr\u00f4le de s\u00e9c...","description":"Pour moderniser les points de contr\u00f4le de s\u00e9curit\u00e9 de passagers \u00e0 l'a\u00e9roport de Francfort, Fraport s\u2019appuie sur l\u2019expertise de Rohde & Schwarz et...","robots":{"index":"index","follow":"follow","max-snippet":"max-snippet:-1","max-image-preview":"max-image-preview:large","max-video-preview":"max-video-preview:-1"},"canonical":"https:\/\/www.ecinews.fr\/fr\/wp-json\/wp\/v2\/posts\/468730\/","og_locale":"fr_FR","og_type":"article","og_title":"Des scanners de Rohde & Schwarz aux points de contr\u00f4le de s\u00e9curit\u00e9 de l'a\u00e9roport de Francfort","og_description":"Pour moderniser les points de contr\u00f4le de s\u00e9curit\u00e9 de passagers \u00e0 l'a\u00e9roport de Francfort, Fraport s\u2019appuie sur l\u2019expertise de Rohde & Schwarz et pr\u00e9voit l'installation de plus de 100 nouveaux scanners de s\u00e9curit\u00e9.","og_url":"https:\/\/www.ecinews.fr\/fr\/wp-json\/wp\/v2\/posts\/468730\/","og_site_name":"EENewsEurope","article_published_time":"2024-12-27T15:59:33+00:00","og_image":[{"width":1080,"height":607,"url":"https:\/\/www.ecinews.fr\/wp-content\/uploads\/2024\/12\/ECI4663-CFR_ROHDE-SCHWARZ-R-S-SCANNERS-AT-FRANKFURT-AIRPORT-scaled.jpg","type":"image\/jpeg"}],"author":"NicolasFeste","twitter_card":"summary_large_image","twitter_misc":{"Written by":"NicolasFeste","Est. reading time":"2 minutes"},"schema":{"@context":"https:\/\/schema.org","@graph":[{"@type":"Article","@id":"https:\/\/www.ecinews.fr\/fr\/des-scanners-de-rohde-schwarz-aux-points-de-controle-de-securite-de-laeroport-de-francfort\/#article","isPartOf":{"@id":"https:\/\/www.ecinews.fr\/fr\/des-scanners-de-rohde-schwarz-aux-points-de-controle-de-securite-de-laeroport-de-francfort\/"},"author":{"name":"NicolasFeste","@id":"https:\/\/www.eenewseurope.com\/en\/#\/schema\/person\/c7104a72b466a801f257e51481de0c43"},"headline":"Des scanners de Rohde &#038; Schwarz aux points de contr\u00f4le de s\u00e9curit\u00e9 de l&rsquo;a\u00e9roport de Francfort","datePublished":"2024-12-27T15:59:33+00:00","dateModified":"2024-12-27T15:59:33+00:00","mainEntityOfPage":{"@id":"https:\/\/www.ecinews.fr\/fr\/des-scanners-de-rohde-schwarz-aux-points-de-controle-de-securite-de-laeroport-de-francfort\/"},"wordCount":502,"publisher":{"@id":"https:\/\/www.eenewseurope.com\/en\/#organization"},"keywords":["A\u00e9roport","scanner"],"articleSection":["Actualit\u00e9 g\u00e9n\u00e9rale"],"inLanguage":"fr-FR"},{"@type":"WebPage","@id":"https:\/\/www.ecinews.fr\/fr\/des-scanners-de-rohde-schwarz-aux-points-de-controle-de-securite-de-laeroport-de-francfort\/","url":"https:\/\/www.ecinews.fr\/fr\/des-scanners-de-rohde-schwarz-aux-points-de-controle-de-securite-de-laeroport-de-francfort\/","name":"Des scanners de Rohde & Schwarz aux points de contr\u00f4le de s\u00e9curit\u00e9 de l'a\u00e9roport de Francfort -","isPartOf":{"@id":"https:\/\/www.eenewseurope.com\/en\/#website"},"datePublished":"2024-12-27T15:59:33+00:00","dateModified":"2024-12-27T15:59:33+00:00","description":"Pour moderniser les points de contr\u00f4le de s\u00e9curit\u00e9 de passagers \u00e0 l'a\u00e9roport de Francfort, Fraport s\u2019appuie sur l\u2019expertise de Rohde & Schwarz et pr\u00e9voit l'installation de plus de 100 nouveaux scanners de s\u00e9curit\u00e9.","breadcrumb":{"@id":"https:\/\/www.ecinews.fr\/fr\/des-scanners-de-rohde-schwarz-aux-points-de-controle-de-securite-de-laeroport-de-francfort\/#breadcrumb"},"inLanguage":"fr-FR","potentialAction":[{"@type":"ReadAction","target":["https:\/\/www.ecinews.fr\/fr\/des-scanners-de-rohde-schwarz-aux-points-de-controle-de-securite-de-laeroport-de-francfort\/"]}]},{"@type":"BreadcrumbList","@id":"https:\/\/www.ecinews.fr\/fr\/des-scanners-de-rohde-schwarz-aux-points-de-controle-de-securite-de-laeroport-de-francfort\/#breadcrumb","itemListElement":[{"@type":"ListItem","position":1,"name":"Home","item":"https:\/\/www.ecinews.fr\/fr\/"},{"@type":"ListItem","position":2,"name":"Des scanners de Rohde &#038; Schwarz aux points de contr\u00f4le de s\u00e9curit\u00e9 de l&rsquo;a\u00e9roport de Francfort"}]},{"@type":"WebSite","@id":"https:\/\/www.eenewseurope.com\/en\/#website","url":"https:\/\/www.eenewseurope.com\/en\/","name":"EENewsEurope","description":"Just another WordPress site","publisher":{"@id":"https:\/\/www.eenewseurope.com\/en\/#organization"},"potentialAction":[{"@type":"SearchAction","target":{"@type":"EntryPoint","urlTemplate":"https:\/\/www.eenewseurope.com\/en\/?s={search_term_string}"},"query-input":"required name=search_term_string"}],"inLanguage":"fr-FR"},{"@type":"Organization","@id":"https:\/\/www.eenewseurope.com\/en\/#organization","name":"EENewsEurope","url":"https:\/\/www.eenewseurope.com\/en\/","logo":{"@type":"ImageObject","inLanguage":"fr-FR","@id":"https:\/\/www.eenewseurope.com\/en\/#\/schema\/logo\/image\/","url":"https:\/\/www.ecinews.fr\/wp-content\/uploads\/2022\/02\/logo-1.jpg","contentUrl":"https:\/\/www.ecinews.fr\/wp-content\/uploads\/2022\/02\/logo-1.jpg","width":283,"height":113,"caption":"EENewsEurope"},"image":{"@id":"https:\/\/www.eenewseurope.com\/en\/#\/schema\/logo\/image\/"}},{"@type":"Person","@id":"https:\/\/www.eenewseurope.com\/en\/#\/schema\/person\/c7104a72b466a801f257e51481de0c43","name":"NicolasFeste","image":{"@type":"ImageObject","inLanguage":"fr-FR","@id":"https:\/\/www.eenewseurope.com\/en\/#\/schema\/person\/image\/1ea421e7d03c1e96a9ea2bcf2705734a","url":"https:\/\/secure.gravatar.com\/avatar\/2e187f4d96902933ba445ed6c760e11c?s=96&d=mm&r=g","contentUrl":"https:\/\/secure.gravatar.com\/avatar\/2e187f4d96902933ba445ed6c760e11c?s=96&d=mm&r=g","caption":"NicolasFeste"}}]}},"authors":[{"term_id":6113,"user_id":39,"is_guest":0,"slug":"nicolasfeste","display_name":"NicolasFeste","avatar_url":"https:\/\/secure.gravatar.com\/avatar\/2e187f4d96902933ba445ed6c760e11c?s=96&d=mm&r=g","0":null,"1":"","2":"","3":"","4":"","5":"","6":"","7":"","8":""}],"_links":{"self":[{"href":"https:\/\/www.ecinews.fr\/fr\/wp-json\/wp\/v2\/posts\/468730"}],"collection":[{"href":"https:\/\/www.ecinews.fr\/fr\/wp-json\/wp\/v2\/posts"}],"about":[{"href":"https:\/\/www.ecinews.fr\/fr\/wp-json\/wp\/v2\/types\/post"}],"author":[{"embeddable":true,"href":"https:\/\/www.ecinews.fr\/fr\/wp-json\/wp\/v2\/users\/39"}],"replies":[{"embeddable":true,"href":"https:\/\/www.ecinews.fr\/fr\/wp-json\/wp\/v2\/comments?post=468730"}],"version-history":[{"count":0,"href":"https:\/\/www.ecinews.fr\/fr\/wp-json\/wp\/v2\/posts\/468730\/revisions"}],"wp:featuredmedia":[{"embeddable":true,"href":"https:\/\/www.ecinews.fr\/fr\/wp-json\/wp\/v2\/media\/468733"}],"wp:attachment":[{"href":"https:\/\/www.ecinews.fr\/fr\/wp-json\/wp\/v2\/media?parent=468730"}],"wp:term":[{"taxonomy":"category","embeddable":true,"href":"https:\/\/www.ecinews.fr\/fr\/wp-json\/wp\/v2\/categories?post=468730"},{"taxonomy":"post_tag","embeddable":true,"href":"https:\/\/www.ecinews.fr\/fr\/wp-json\/wp\/v2\/tags?post=468730"},{"taxonomy":"domains","embeddable":true,"href":"https:\/\/www.ecinews.fr\/fr\/wp-json\/wp\/v2\/domains?post=468730"},{"taxonomy":"author","embeddable":true,"href":"https:\/\/www.ecinews.fr\/fr\/wp-json\/wp\/v2\/ppma_author?post=468730"}],"curies":[{"name":"wp","href":"https:\/\/api.w.org\/{rel}","templated":true}]}}