{"id":467908,"date":"2024-12-13T09:13:08","date_gmt":"2024-12-13T08:13:08","guid":{"rendered":"https:\/\/www.ecinews.fr\/?p=467908"},"modified":"2024-12-13T09:34:29","modified_gmt":"2024-12-13T08:34:29","slug":"lia-nest-pas-le-moteur-du-marche-des-pc-selon-idc","status":"publish","type":"post","link":"https:\/\/www.ecinews.fr\/fr\/lia-nest-pas-le-moteur-du-marche-des-pc-selon-idc\/","title":{"rendered":"L&rsquo;IA n&rsquo;est pas le moteur du march\u00e9 des PC, selon IDC"},"content":{"rendered":"<h2>Selon International Data Corp, le march\u00e9 mondial des PC et des tablettes devrait atteindre 403,5 millions d&rsquo;unit\u00e9s en 2024, soit une augmentation de 3,8 % par rapport \u00e0 2023.<\/h2>\n<p>Bien que les fournisseurs d&rsquo;\u00e9quipements et de puces parlent de l&rsquo;AI-PC dans l&rsquo;espoir d&rsquo;une augmentation des ventes et des prix unitaires, le march\u00e9 des PC est stable (0,8 % de croissance en 2024). Ce sont les tablettes \u00e9lectroniques, dont les livraisons devraient augmenter de 9,8 %, qui tirent les chiffres de 2024 vers le haut.<\/p>\n<p>Cependant, 2025 devrait \u00eatre une ann\u00e9e de reprise pour les PC, avec une croissance pr\u00e9vue de 4,3 %, tir\u00e9e par les mises \u00e0 niveau commerciales de Windows 10 \u00e0 Windows 11. Selon IDC, l&rsquo;absence de cas d&rsquo;utilisation clairs pour les PC IA freine les achats de PC par les entreprises et les particuliers.<\/p>\n<div id=\"attachment_467679\" style=\"width: 610px\" class=\"wp-caption alignleft\"><img decoding=\"async\" aria-describedby=\"caption-attachment-467679\" class=\"wp-image-467679 size-full lazyload\" data-src=\"https:\/\/www.eenewseurope.com\/wp-content\/uploads\/2024\/12\/IDCpctablettable600.jpg\" alt=\"\" width=\"600\" height=\"214\" data-srcset=\"https:\/\/www.ecinews.fr\/wp-content\/uploads\/2024\/12\/IDCpctablettable600.jpg 600w, https:\/\/www.ecinews.fr\/wp-content\/uploads\/2024\/12\/IDCpctablettable600-300x107.jpg 300w\" data-sizes=\"(max-width: 600px) 100vw, 600px\" src=\"data:image\/svg+xml;base64,PHN2ZyB3aWR0aD0iMSIgaGVpZ2h0PSIxIiB4bWxucz0iaHR0cDovL3d3dy53My5vcmcvMjAwMC9zdmciPjwvc3ZnPg==\" style=\"--smush-placeholder-width: 600px; --smush-placeholder-aspect-ratio: 600\/214;\" \/><p id=\"caption-attachment-467679\" class=\"wp-caption-text\"><em><strong>Pr\u00e9visions des livraisons mondiales d&rsquo;appareils informatiques personnels et croissance annuelle par segment (livraisons en millions). Source : IDC : IDC.<\/strong> <\/em><\/p><\/div>\n<p>\u00ab\u00a0Il semble qu&rsquo;il y ait une grande d\u00e9connexion entre l&rsquo;offre et la demande, car les fabricants de PC et de plateformes se pr\u00e9parent \u00e0 ce que les PC et tablettes IA soient la prochaine grande nouveaut\u00e9, mais le manque de cas d&rsquo;utilisation clairs et une augmentation des prix de vente moyens font que les acheteurs remettent en question l&rsquo;utilit\u00e9\u00a0\u00bb, a d\u00e9clar\u00e9 Jitesh Ubrani, directeur de recherche chez IDC, dans un communiqu\u00e9. \u00ab\u00a0Il appartient d\u00e9sormais \u00e0 Microsoft, Apple et Google de prouver la n\u00e9cessit\u00e9 d&rsquo;une IA trait\u00e9e localement afin d&rsquo;\u00e9viter un retour de b\u00e2ton de la part des fabricants de mat\u00e9riel et des utilisateurs finaux.\u00a0\u00bb<\/p>\n<div id=\"attachment_467681\" style=\"width: 640px\" class=\"wp-caption alignleft\"><img decoding=\"async\" aria-describedby=\"caption-attachment-467681\" class=\"wp-image-467681 size-full lazyload\" data-src=\"https:\/\/www.eenewseurope.com\/wp-content\/uploads\/2024\/12\/IDCpctabletChart600.jpg\" alt=\"\" width=\"630\" height=\"292\" data-srcset=\"https:\/\/www.ecinews.fr\/wp-content\/uploads\/2024\/12\/IDCpctabletChart600.jpg 630w, https:\/\/www.ecinews.fr\/wp-content\/uploads\/2024\/12\/IDCpctabletChart600-300x139.jpg 300w\" data-sizes=\"(max-width: 630px) 100vw, 630px\" src=\"data:image\/svg+xml;base64,PHN2ZyB3aWR0aD0iMSIgaGVpZ2h0PSIxIiB4bWxucz0iaHR0cDovL3d3dy53My5vcmcvMjAwMC9zdmciPjwvc3ZnPg==\" style=\"--smush-placeholder-width: 630px; --smush-placeholder-aspect-ratio: 630\/292;\" \/><p id=\"caption-attachment-467681\" class=\"wp-caption-text\"><em><strong>Pr\u00e9visions de croissance des appareils informatiques personnels dans le monde, par segment, de 2024 \u00e0 2028. Source : IDC : IDC.<\/strong><\/em><\/p><\/div>\n<p>Cela dit, les march\u00e9s des PC et des tablettes b\u00e9n\u00e9ficient de la fin du support du syst\u00e8me d&rsquo;exploitation Windows 10. Ce facteur, combin\u00e9 \u00e0 l&rsquo;am\u00e9lioration de l&rsquo;\u00e9conomie mondiale, permet au segment commercial d&rsquo;\u00eatre un point positif dans les cat\u00e9gories d&rsquo;appareils informatiques personnels, avec une croissance pr\u00e9vue de 5,1 % en 2025.<\/p>\n<p>Le remplacement des PC Windows est important au Japon et l&rsquo;introduction de tablettes \u00e9lectroniques \u00e0 moins de 300 dollars US par les vendeurs de t\u00e9l\u00e9phones chinois favorise les ventes en Chine et dans de nombreuses r\u00e9gions d&rsquo;Asie, affirme IDC.<\/p>\n<h4>Liens et articles connexes :<\/h4>\n<p><a href=\"http:\/\/www.idc.com\">www.idc.com<\/a><\/p>\n<h4>Articles de presse :<\/h4>\n<p><a href=\"https:\/\/www.eenewseurope.com\/en\/hailo-raises-us120-million-aims-accelerator-at-ai-pcs\/\">L&rsquo;IA fera grimper les prix des PC, mais pas les livraisons, selon IDC <\/a><\/p>\n<p><u><a href=\"https:\/\/www.eenewseurope.com\/en\/hailo-raises-us120-million-aims-accelerator-at-ai-pcs\/\">Hailo l\u00e8ve 120 millions de dollars et propose un acc\u00e9l\u00e9rateur pour les PC d&rsquo;IA <\/a><\/u><\/p>\n","protected":false},"excerpt":{"rendered":"<p>Selon International Data Corp, le march\u00e9 mondial des PC et des tablettes devrait atteindre 403,5 millions d&rsquo;unit\u00e9s en 2024, soit une augmentation de 3,8 % par rapport \u00e0 2023. Bien que les fournisseurs d&rsquo;\u00e9quipements et de puces parlent de l&rsquo;AI-PC dans l&rsquo;espoir d&rsquo;une augmentation des ventes et des prix unitaires, le march\u00e9 des PC est [&hellip;]<\/p>\n","protected":false},"author":40,"featured_media":467684,"comment_status":"closed","ping_status":"closed","sticky":false,"template":"","format":"standard","meta":{"_acf_changed":false,"footnotes":""},"categories":[888],"tags":[8439,2327,906],"domains":[47],"ppma_author":[3631,6199],"class_list":["post-467908","post","type-post","status-publish","format-standard","has-post-thumbnail","hentry","category-marche","tag-ai-pc-fr","tag-marche","tag-mpus-mcus-fr","domains-electronique-eci"],"acf":[],"yoast_head":"<title>L&#039;IA n&#039;est pas le moteur du march\u00e9 des PC, selon IDC ...<\/title>\n<meta name=\"description\" content=\"Selon IDC, le march\u00e9 mondial des PC et des tablettes devrait atteindre 403,5 millions d&#039;unit\u00e9s en 2024, soit une hausse de 3,8 %.\" \/>\n<meta name=\"robots\" content=\"index, follow, max-snippet:-1, max-image-preview:large, max-video-preview:-1\" \/>\n<link rel=\"canonical\" href=\"https:\/\/www.ecinews.fr\/fr\/wp-json\/wp\/v2\/posts\/467908\/\" \/>\n<meta property=\"og:locale\" content=\"fr_FR\" \/>\n<meta property=\"og:type\" content=\"article\" \/>\n<meta property=\"og:title\" content=\"L&#039;IA n&#039;est pas le moteur du march\u00e9 des PC, selon IDC\" \/>\n<meta property=\"og:description\" content=\"Selon IDC, le march\u00e9 mondial des PC et des tablettes devrait atteindre 403,5 millions d&#039;unit\u00e9s en 2024, soit une hausse de 3,8 %.\" \/>\n<meta property=\"og:url\" content=\"https:\/\/www.ecinews.fr\/fr\/wp-json\/wp\/v2\/posts\/467908\/\" \/>\n<meta property=\"og:site_name\" content=\"EENewsEurope\" \/>\n<meta property=\"article:published_time\" content=\"2024-12-13T08:13:08+00:00\" \/>\n<meta property=\"article:modified_time\" content=\"2024-12-13T08:34:29+00:00\" \/>\n<meta property=\"og:image\" content=\"https:\/\/www.ecinews.fr\/wp-content\/uploads\/2024\/12\/PersonalComputer630.jpg\" \/>\n\t<meta property=\"og:image:width\" content=\"630\" \/>\n\t<meta property=\"og:image:height\" content=\"390\" \/>\n\t<meta property=\"og:image:type\" content=\"image\/jpeg\" \/>\n<meta name=\"author\" content=\"Peter Clarke, A Delapalisse\" \/>\n<meta name=\"twitter:card\" content=\"summary_large_image\" \/>\n<meta name=\"twitter:label1\" content=\"Written by\" \/>\n\t<meta name=\"twitter:data1\" content=\"A Delapalisse\" \/>\n\t<meta name=\"twitter:label2\" content=\"Est. reading time\" \/>\n\t<meta name=\"twitter:data2\" content=\"3 minutes\" \/>\n<script type=\"application\/ld+json\" class=\"yoast-schema-graph\">{\"@context\":\"https:\/\/schema.org\",\"@graph\":[{\"@type\":\"Article\",\"@id\":\"https:\/\/www.ecinews.fr\/fr\/lia-nest-pas-le-moteur-du-marche-des-pc-selon-idc\/#article\",\"isPartOf\":{\"@id\":\"https:\/\/www.ecinews.fr\/fr\/lia-nest-pas-le-moteur-du-marche-des-pc-selon-idc\/\"},\"author\":{\"name\":\"A Delapalisse\",\"@id\":\"https:\/\/www.ecinews.fr\/fr\/#\/schema\/person\/4b3db5ba5c953c5fddeb226df86d8635\"},\"headline\":\"L&rsquo;IA n&rsquo;est pas le moteur du march\u00e9 des PC, selon IDC\",\"datePublished\":\"2024-12-13T08:13:08+00:00\",\"dateModified\":\"2024-12-13T08:34:29+00:00\",\"mainEntityOfPage\":{\"@id\":\"https:\/\/www.ecinews.fr\/fr\/lia-nest-pas-le-moteur-du-marche-des-pc-selon-idc\/\"},\"wordCount\":450,\"publisher\":{\"@id\":\"https:\/\/www.ecinews.fr\/fr\/#organization\"},\"keywords\":[\"AI-PC\",\"March\u00e9\",\"MPUs\/MCUs\"],\"articleSection\":[\"March\u00e9\"],\"inLanguage\":\"fr-FR\"},{\"@type\":\"WebPage\",\"@id\":\"https:\/\/www.ecinews.fr\/fr\/lia-nest-pas-le-moteur-du-marche-des-pc-selon-idc\/\",\"url\":\"https:\/\/www.ecinews.fr\/fr\/lia-nest-pas-le-moteur-du-marche-des-pc-selon-idc\/\",\"name\":\"L'IA n'est pas le moteur du march\u00e9 des PC, selon IDC\",\"isPartOf\":{\"@id\":\"https:\/\/www.ecinews.fr\/fr\/#website\"},\"datePublished\":\"2024-12-13T08:13:08+00:00\",\"dateModified\":\"2024-12-13T08:34:29+00:00\",\"description\":\"Selon IDC, le march\u00e9 mondial des PC et des tablettes devrait atteindre 403,5 millions d'unit\u00e9s en 2024, soit une hausse de 3,8 %.\",\"breadcrumb\":{\"@id\":\"https:\/\/www.ecinews.fr\/fr\/lia-nest-pas-le-moteur-du-marche-des-pc-selon-idc\/#breadcrumb\"},\"inLanguage\":\"fr-FR\",\"potentialAction\":[{\"@type\":\"ReadAction\",\"target\":[\"https:\/\/www.ecinews.fr\/fr\/lia-nest-pas-le-moteur-du-marche-des-pc-selon-idc\/\"]}]},{\"@type\":\"BreadcrumbList\",\"@id\":\"https:\/\/www.ecinews.fr\/fr\/lia-nest-pas-le-moteur-du-marche-des-pc-selon-idc\/#breadcrumb\",\"itemListElement\":[{\"@type\":\"ListItem\",\"position\":1,\"name\":\"Home\",\"item\":\"https:\/\/www.ecinews.fr\/fr\/\"},{\"@type\":\"ListItem\",\"position\":2,\"name\":\"L&rsquo;IA n&rsquo;est pas le moteur du march\u00e9 des PC, selon IDC\"}]},{\"@type\":\"WebSite\",\"@id\":\"https:\/\/www.ecinews.fr\/fr\/#website\",\"url\":\"https:\/\/www.ecinews.fr\/fr\/\",\"name\":\"EENewsEurope\",\"description\":\"Just another WordPress site\",\"publisher\":{\"@id\":\"https:\/\/www.ecinews.fr\/fr\/#organization\"},\"potentialAction\":[{\"@type\":\"SearchAction\",\"target\":{\"@type\":\"EntryPoint\",\"urlTemplate\":\"https:\/\/www.ecinews.fr\/fr\/?s={search_term_string}\"},\"query-input\":\"required name=search_term_string\"}],\"inLanguage\":\"fr-FR\"},{\"@type\":\"Organization\",\"@id\":\"https:\/\/www.ecinews.fr\/fr\/#organization\",\"name\":\"EENewsEurope\",\"url\":\"https:\/\/www.ecinews.fr\/fr\/\",\"logo\":{\"@type\":\"ImageObject\",\"inLanguage\":\"fr-FR\",\"@id\":\"https:\/\/www.ecinews.fr\/fr\/#\/schema\/logo\/image\/\",\"url\":\"https:\/\/www.ecinews.fr\/wp-content\/uploads\/2022\/02\/logo-1.jpg\",\"contentUrl\":\"https:\/\/www.ecinews.fr\/wp-content\/uploads\/2022\/02\/logo-1.jpg\",\"width\":283,\"height\":113,\"caption\":\"EENewsEurope\"},\"image\":{\"@id\":\"https:\/\/www.ecinews.fr\/fr\/#\/schema\/logo\/image\/\"}},{\"@type\":\"Person\",\"@id\":\"https:\/\/www.ecinews.fr\/fr\/#\/schema\/person\/4b3db5ba5c953c5fddeb226df86d8635\",\"name\":\"A Delapalisse\",\"image\":{\"@type\":\"ImageObject\",\"inLanguage\":\"fr-FR\",\"@id\":\"https:\/\/www.ecinews.fr\/fr\/#\/schema\/person\/image\/09af0e1236b95ff53924b8dfe5af278e\",\"url\":\"https:\/\/secure.gravatar.com\/avatar\/010f811c0933b47aea7e9204117b17c6?s=96&d=mm&r=g\",\"contentUrl\":\"https:\/\/secure.gravatar.com\/avatar\/010f811c0933b47aea7e9204117b17c6?s=96&d=mm&r=g\",\"caption\":\"A Delapalisse\"}}]}<\/script>","yoast_head_json":{"title":"L'IA n'est pas le moteur du march\u00e9 des PC, selon IDC ...","description":"Selon IDC, le march\u00e9 mondial des PC et des tablettes devrait atteindre 403,5 millions d'unit\u00e9s en 2024, soit une hausse de 3,8 %.","robots":{"index":"index","follow":"follow","max-snippet":"max-snippet:-1","max-image-preview":"max-image-preview:large","max-video-preview":"max-video-preview:-1"},"canonical":"https:\/\/www.ecinews.fr\/fr\/wp-json\/wp\/v2\/posts\/467908\/","og_locale":"fr_FR","og_type":"article","og_title":"L'IA n'est pas le moteur du march\u00e9 des PC, selon IDC","og_description":"Selon IDC, le march\u00e9 mondial des PC et des tablettes devrait atteindre 403,5 millions d'unit\u00e9s en 2024, soit une hausse de 3,8 %.","og_url":"https:\/\/www.ecinews.fr\/fr\/wp-json\/wp\/v2\/posts\/467908\/","og_site_name":"EENewsEurope","article_published_time":"2024-12-13T08:13:08+00:00","article_modified_time":"2024-12-13T08:34:29+00:00","og_image":[{"width":630,"height":390,"url":"https:\/\/www.ecinews.fr\/wp-content\/uploads\/2024\/12\/PersonalComputer630.jpg","type":"image\/jpeg"}],"author":"Peter Clarke, A Delapalisse","twitter_card":"summary_large_image","twitter_misc":{"Written by":"A Delapalisse","Est. reading time":"3 minutes"},"schema":{"@context":"https:\/\/schema.org","@graph":[{"@type":"Article","@id":"https:\/\/www.ecinews.fr\/fr\/lia-nest-pas-le-moteur-du-marche-des-pc-selon-idc\/#article","isPartOf":{"@id":"https:\/\/www.ecinews.fr\/fr\/lia-nest-pas-le-moteur-du-marche-des-pc-selon-idc\/"},"author":{"name":"A Delapalisse","@id":"https:\/\/www.ecinews.fr\/fr\/#\/schema\/person\/4b3db5ba5c953c5fddeb226df86d8635"},"headline":"L&rsquo;IA n&rsquo;est pas le moteur du march\u00e9 des PC, selon IDC","datePublished":"2024-12-13T08:13:08+00:00","dateModified":"2024-12-13T08:34:29+00:00","mainEntityOfPage":{"@id":"https:\/\/www.ecinews.fr\/fr\/lia-nest-pas-le-moteur-du-marche-des-pc-selon-idc\/"},"wordCount":450,"publisher":{"@id":"https:\/\/www.ecinews.fr\/fr\/#organization"},"keywords":["AI-PC","March\u00e9","MPUs\/MCUs"],"articleSection":["March\u00e9"],"inLanguage":"fr-FR"},{"@type":"WebPage","@id":"https:\/\/www.ecinews.fr\/fr\/lia-nest-pas-le-moteur-du-marche-des-pc-selon-idc\/","url":"https:\/\/www.ecinews.fr\/fr\/lia-nest-pas-le-moteur-du-marche-des-pc-selon-idc\/","name":"L'IA n'est pas le moteur du march\u00e9 des PC, selon IDC","isPartOf":{"@id":"https:\/\/www.ecinews.fr\/fr\/#website"},"datePublished":"2024-12-13T08:13:08+00:00","dateModified":"2024-12-13T08:34:29+00:00","description":"Selon IDC, le march\u00e9 mondial des PC et des tablettes devrait atteindre 403,5 millions d'unit\u00e9s en 2024, soit une hausse de 3,8 %.","breadcrumb":{"@id":"https:\/\/www.ecinews.fr\/fr\/lia-nest-pas-le-moteur-du-marche-des-pc-selon-idc\/#breadcrumb"},"inLanguage":"fr-FR","potentialAction":[{"@type":"ReadAction","target":["https:\/\/www.ecinews.fr\/fr\/lia-nest-pas-le-moteur-du-marche-des-pc-selon-idc\/"]}]},{"@type":"BreadcrumbList","@id":"https:\/\/www.ecinews.fr\/fr\/lia-nest-pas-le-moteur-du-marche-des-pc-selon-idc\/#breadcrumb","itemListElement":[{"@type":"ListItem","position":1,"name":"Home","item":"https:\/\/www.ecinews.fr\/fr\/"},{"@type":"ListItem","position":2,"name":"L&rsquo;IA n&rsquo;est pas le moteur du march\u00e9 des PC, selon IDC"}]},{"@type":"WebSite","@id":"https:\/\/www.ecinews.fr\/fr\/#website","url":"https:\/\/www.ecinews.fr\/fr\/","name":"EENewsEurope","description":"Just another WordPress site","publisher":{"@id":"https:\/\/www.ecinews.fr\/fr\/#organization"},"potentialAction":[{"@type":"SearchAction","target":{"@type":"EntryPoint","urlTemplate":"https:\/\/www.ecinews.fr\/fr\/?s={search_term_string}"},"query-input":"required name=search_term_string"}],"inLanguage":"fr-FR"},{"@type":"Organization","@id":"https:\/\/www.ecinews.fr\/fr\/#organization","name":"EENewsEurope","url":"https:\/\/www.ecinews.fr\/fr\/","logo":{"@type":"ImageObject","inLanguage":"fr-FR","@id":"https:\/\/www.ecinews.fr\/fr\/#\/schema\/logo\/image\/","url":"https:\/\/www.ecinews.fr\/wp-content\/uploads\/2022\/02\/logo-1.jpg","contentUrl":"https:\/\/www.ecinews.fr\/wp-content\/uploads\/2022\/02\/logo-1.jpg","width":283,"height":113,"caption":"EENewsEurope"},"image":{"@id":"https:\/\/www.ecinews.fr\/fr\/#\/schema\/logo\/image\/"}},{"@type":"Person","@id":"https:\/\/www.ecinews.fr\/fr\/#\/schema\/person\/4b3db5ba5c953c5fddeb226df86d8635","name":"A Delapalisse","image":{"@type":"ImageObject","inLanguage":"fr-FR","@id":"https:\/\/www.ecinews.fr\/fr\/#\/schema\/person\/image\/09af0e1236b95ff53924b8dfe5af278e","url":"https:\/\/secure.gravatar.com\/avatar\/010f811c0933b47aea7e9204117b17c6?s=96&d=mm&r=g","contentUrl":"https:\/\/secure.gravatar.com\/avatar\/010f811c0933b47aea7e9204117b17c6?s=96&d=mm&r=g","caption":"A Delapalisse"}}]}},"authors":[{"term_id":3631,"user_id":0,"is_guest":1,"slug":"peter-clarke","display_name":"Peter Clarke","avatar_url":"https:\/\/secure.gravatar.com\/avatar\/?s=96&d=mm&r=g","0":null,"1":"","2":"","3":"","4":"","5":"","6":"","7":"","8":""},{"term_id":6199,"user_id":40,"is_guest":0,"slug":"andre-rousselotemisys-com","display_name":"A Delapalisse","avatar_url":"https:\/\/secure.gravatar.com\/avatar\/010f811c0933b47aea7e9204117b17c6?s=96&d=mm&r=g","0":null,"1":"","2":"","3":"","4":"","5":"","6":"","7":"","8":""}],"_links":{"self":[{"href":"https:\/\/www.ecinews.fr\/fr\/wp-json\/wp\/v2\/posts\/467908"}],"collection":[{"href":"https:\/\/www.ecinews.fr\/fr\/wp-json\/wp\/v2\/posts"}],"about":[{"href":"https:\/\/www.ecinews.fr\/fr\/wp-json\/wp\/v2\/types\/post"}],"author":[{"embeddable":true,"href":"https:\/\/www.ecinews.fr\/fr\/wp-json\/wp\/v2\/users\/40"}],"replies":[{"embeddable":true,"href":"https:\/\/www.ecinews.fr\/fr\/wp-json\/wp\/v2\/comments?post=467908"}],"version-history":[{"count":0,"href":"https:\/\/www.ecinews.fr\/fr\/wp-json\/wp\/v2\/posts\/467908\/revisions"}],"wp:featuredmedia":[{"embeddable":true,"href":"https:\/\/www.ecinews.fr\/fr\/wp-json\/wp\/v2\/media\/467684"}],"wp:attachment":[{"href":"https:\/\/www.ecinews.fr\/fr\/wp-json\/wp\/v2\/media?parent=467908"}],"wp:term":[{"taxonomy":"category","embeddable":true,"href":"https:\/\/www.ecinews.fr\/fr\/wp-json\/wp\/v2\/categories?post=467908"},{"taxonomy":"post_tag","embeddable":true,"href":"https:\/\/www.ecinews.fr\/fr\/wp-json\/wp\/v2\/tags?post=467908"},{"taxonomy":"domains","embeddable":true,"href":"https:\/\/www.ecinews.fr\/fr\/wp-json\/wp\/v2\/domains?post=467908"},{"taxonomy":"author","embeddable":true,"href":"https:\/\/www.ecinews.fr\/fr\/wp-json\/wp\/v2\/ppma_author?post=467908"}],"curies":[{"name":"wp","href":"https:\/\/api.w.org\/{rel}","templated":true}]}}